{"id":1725,"date":"2025-10-31T10:03:00","date_gmt":"2025-10-31T09:03:00","guid":{"rendered":"https:\/\/www.solidaridadenfermera.org\/sevilla\/?post_type=news&#038;p=1725"},"modified":"2026-01-20T10:58:52","modified_gmt":"2026-01-20T09:58:52","slug":"icoes-solidaridad-asi-fue-jornada-voluntariado","status":"publish","type":"news","link":"https:\/\/www.solidaridadenfermera.org\/sevilla\/sala-prensa\/icoes-solidaridad-asi-fue-jornada-voluntariado\/","title":{"rendered":"As\u00ed fue la II Jornada de Voluntariado en Acci\u00f3n Social y Cooperaci\u00f3n Internacional del ICOES y Solidaridad Enfermera"},"content":{"rendered":"\n<div class=\"wp-block-group container\"><div class=\"wp-block-group__inner-container is-layout-flow wp-block-group-is-layout-flow\">\n<p>SEVILLA. 30 de octubre de 2025.- Solidaridad Enfermera Sevilla, en colaboraci\u00f3n con el Ilustre Colegio Oficial de Enfermer\u00eda de Sevilla (ICOES), ha organizado las\u00a0<strong>II Jornadas de Voluntariado en Acci\u00f3n Social y Cooperaci\u00f3n Internacional<\/strong>, un espacio destinado a compartir experiencias, aprendizajes y buenas pr\u00e1cticas entre entidades y profesionales sanitarios que trabajan con colectivos vulnerables o en riesgo de exclusi\u00f3n social, tanto a nivel local como en proyectos internacionales.<\/p>\n\n\n\n<figure class=\"wp-block-embed is-type-video is-provider-youtube wp-block-embed-youtube wp-embed-aspect-16-9 wp-has-aspect-ratio\"><div class=\"wp-block-embed__wrapper\">\n<iframe loading=\"lazy\" title=\"El ICOES celebra las II Jornadas de Voluntariado en Acci\u00f3n Social y Cooperaci\u00f3n Internacional\" width=\"1170\" height=\"658\" src=\"https:\/\/www.youtube.com\/embed\/8RhX4KzhwiY?feature=oembed\" frameborder=\"0\" allow=\"accelerometer; autoplay; clipboard-write; encrypted-media; gyroscope; picture-in-picture; web-share\" referrerpolicy=\"strict-origin-when-cross-origin\" allowfullscreen><\/iframe>\n<\/div><\/figure>\n\n\n\n<figure class=\"wp-block-gallery has-nested-images columns-default is-cropped wp-block-gallery-1 is-layout-flex wp-block-gallery-is-layout-flex\">\n<figure class=\"wp-block-image size-large\"><img decoding=\"async\" data-id=\"4978\" src=\"https:\/\/www.solidaridadenfermera.org\/wp-content\/uploads\/2026\/01\/1-1024x912.jpeg\" alt=\"\" class=\"wp-image-4978\" \/><\/figure>\n\n\n\n<figure class=\"wp-block-image size-large\"><img decoding=\"async\" data-id=\"4979\" src=\"https:\/\/www.solidaridadenfermera.org\/wp-content\/uploads\/2026\/01\/2-1024x992.jpeg\" alt=\"\" class=\"wp-image-4979\" \/><\/figure>\n\n\n\n<figure class=\"wp-block-image size-large\"><img decoding=\"async\" data-id=\"4980\" src=\"https:\/\/www.solidaridadenfermera.org\/wp-content\/uploads\/2026\/01\/3-1024x683.jpeg\" alt=\"\" class=\"wp-image-4980\" \/><\/figure>\n\n\n\n<figure class=\"wp-block-image size-large\"><img decoding=\"async\" data-id=\"4981\" src=\"https:\/\/www.solidaridadenfermera.org\/wp-content\/uploads\/2026\/01\/4-1024x683.jpeg\" alt=\"\" class=\"wp-image-4981\" \/><\/figure>\n\n\n\n<figure class=\"wp-block-image size-large\"><img decoding=\"async\" data-id=\"4982\" src=\"https:\/\/www.solidaridadenfermera.org\/wp-content\/uploads\/2026\/01\/5-1024x683.jpeg\" alt=\"\" class=\"wp-image-4982\" \/><\/figure>\n\n\n\n<figure class=\"wp-block-image size-large\"><img decoding=\"async\" data-id=\"4983\" src=\"https:\/\/www.solidaridadenfermera.org\/wp-content\/uploads\/2026\/01\/6-1024x683.jpeg\" alt=\"\" class=\"wp-image-4983\" \/><\/figure>\n\n\n\n<figure class=\"wp-block-image size-large\"><img decoding=\"async\" data-id=\"4984\" src=\"https:\/\/www.solidaridadenfermera.org\/wp-content\/uploads\/2026\/01\/7-1024x683.jpeg\" alt=\"\" class=\"wp-image-4984\" \/><\/figure>\n\n\n\n<figure class=\"wp-block-image size-large\"><img decoding=\"async\" data-id=\"4985\" src=\"https:\/\/www.solidaridadenfermera.org\/wp-content\/uploads\/2026\/01\/8-1024x683.jpeg\" alt=\"\" class=\"wp-image-4985\" \/><\/figure>\n\n\n\n<figure class=\"wp-block-image size-large\"><img decoding=\"async\" data-id=\"4986\" src=\"https:\/\/www.solidaridadenfermera.org\/wp-content\/uploads\/2026\/01\/9-1024x683.jpeg\" alt=\"\" class=\"wp-image-4986\" \/><\/figure>\n\n\n\n<figure class=\"wp-block-image size-large\"><img decoding=\"async\" data-id=\"4987\" src=\"https:\/\/www.solidaridadenfermera.org\/wp-content\/uploads\/2026\/01\/10-1024x683.jpeg\" alt=\"\" class=\"wp-image-4987\" \/><\/figure>\n\n\n\n<figure class=\"wp-block-image size-large\"><img decoding=\"async\" data-id=\"4988\" src=\"https:\/\/www.solidaridadenfermera.org\/wp-content\/uploads\/2026\/01\/11-1024x683.jpeg\" alt=\"\" class=\"wp-image-4988\" \/><\/figure>\n\n\n\n<figure class=\"wp-block-image size-large\"><img decoding=\"async\" data-id=\"4989\" src=\"https:\/\/www.solidaridadenfermera.org\/wp-content\/uploads\/2026\/01\/12-1024x683.jpeg\" alt=\"\" class=\"wp-image-4989\" \/><\/figure>\n\n\n\n<figure class=\"wp-block-image size-large\"><img decoding=\"async\" data-id=\"4990\" src=\"https:\/\/www.solidaridadenfermera.org\/wp-content\/uploads\/2026\/01\/13-1024x683.jpeg\" alt=\"\" class=\"wp-image-4990\" \/><\/figure>\n\n\n\n<figure class=\"wp-block-image size-large\"><img decoding=\"async\" data-id=\"4991\" src=\"https:\/\/www.solidaridadenfermera.org\/wp-content\/uploads\/2026\/01\/14-1024x683.jpeg\" alt=\"\" class=\"wp-image-4991\" \/><\/figure>\n\n\n\n<figure class=\"wp-block-image size-large\"><img decoding=\"async\" data-id=\"4992\" src=\"https:\/\/www.solidaridadenfermera.org\/wp-content\/uploads\/2026\/01\/15-1024x683.jpeg\" alt=\"\" class=\"wp-image-4992\" \/><\/figure>\n\n\n\n<figure class=\"wp-block-image size-large\"><img decoding=\"async\" data-id=\"4993\" src=\"https:\/\/www.solidaridadenfermera.org\/wp-content\/uploads\/2026\/01\/16-1024x724.jpeg\" alt=\"\" class=\"wp-image-4993\" \/><\/figure>\n\n\n\n<figure class=\"wp-block-image size-large\"><img decoding=\"async\" data-id=\"4994\" src=\"https:\/\/www.solidaridadenfermera.org\/wp-content\/uploads\/2026\/01\/17-1024x702.jpeg\" alt=\"\" class=\"wp-image-4994\" \/><\/figure>\n\n\n\n<figure class=\"wp-block-image size-large\"><img decoding=\"async\" data-id=\"4995\" src=\"https:\/\/www.solidaridadenfermera.org\/wp-content\/uploads\/2026\/01\/18-1024x838.jpeg\" alt=\"\" class=\"wp-image-4995\" \/><\/figure>\n\n\n\n<figure class=\"wp-block-image size-large\"><img decoding=\"async\" data-id=\"4996\" src=\"https:\/\/www.solidaridadenfermera.org\/wp-content\/uploads\/2026\/01\/19-1024x657.jpeg\" alt=\"\" class=\"wp-image-4996\" \/><\/figure>\n\n\n\n<figure class=\"wp-block-image size-large\"><img decoding=\"async\" data-id=\"4997\" src=\"https:\/\/www.solidaridadenfermera.org\/wp-content\/uploads\/2026\/01\/20-1024x650.jpeg\" alt=\"\" class=\"wp-image-4997\" \/><\/figure>\n\n\n\n<figure class=\"wp-block-image size-large\"><img decoding=\"async\" data-id=\"4998\" src=\"https:\/\/www.solidaridadenfermera.org\/wp-content\/uploads\/2026\/01\/21-1024x910.jpeg\" alt=\"\" class=\"wp-image-4998\" \/><\/figure>\n\n\n\n<figure class=\"wp-block-image size-large\"><img decoding=\"async\" data-id=\"4999\" src=\"https:\/\/www.solidaridadenfermera.org\/wp-content\/uploads\/2026\/01\/22-1024x810.jpeg\" alt=\"\" class=\"wp-image-4999\" \/><\/figure>\n\n\n\n<figure class=\"wp-block-image size-large\"><img decoding=\"async\" data-id=\"5000\" src=\"https:\/\/www.solidaridadenfermera.org\/wp-content\/uploads\/2026\/01\/23-1024x883.jpeg\" alt=\"\" class=\"wp-image-5000\" \/><\/figure>\n\n\n\n<figure class=\"wp-block-image size-large\"><img decoding=\"async\" data-id=\"5001\" src=\"https:\/\/www.solidaridadenfermera.org\/wp-content\/uploads\/2026\/01\/24-1024x660.jpeg\" alt=\"\" class=\"wp-image-5001\" \/><\/figure>\n\n\n\n<figure class=\"wp-block-image size-large\"><img decoding=\"async\" data-id=\"5002\" src=\"https:\/\/www.solidaridadenfermera.org\/wp-content\/uploads\/2026\/01\/25-1024x560.jpeg\" alt=\"\" class=\"wp-image-5002\" \/><\/figure>\n\n\n\n<figure class=\"wp-block-image size-large\"><img decoding=\"async\" data-id=\"5003\" src=\"https:\/\/www.solidaridadenfermera.org\/wp-content\/uploads\/2026\/01\/26-1024x768.jpeg\" alt=\"\" class=\"wp-image-5003\" \/><\/figure>\n\n\n\n<figure class=\"wp-block-image size-large\"><img decoding=\"async\" data-id=\"5004\" src=\"https:\/\/www.solidaridadenfermera.org\/wp-content\/uploads\/2026\/01\/27-1024x681.jpeg\" alt=\"\" class=\"wp-image-5004\" \/><\/figure>\n\n\n\n<figure class=\"wp-block-image size-large\"><img decoding=\"async\" data-id=\"5005\" src=\"https:\/\/www.solidaridadenfermera.org\/wp-content\/uploads\/2026\/01\/28-1024x768.jpeg\" alt=\"\" class=\"wp-image-5005\" \/><\/figure>\n\n\n\n<figure class=\"wp-block-image size-large\"><img decoding=\"async\" data-id=\"5006\" src=\"https:\/\/www.solidaridadenfermera.org\/wp-content\/uploads\/2026\/01\/29-1024x768.jpeg\" alt=\"\" class=\"wp-image-5006\" \/><\/figure>\n\n\n\n<figure class=\"wp-block-image size-large\"><img decoding=\"async\" data-id=\"5007\" src=\"https:\/\/www.solidaridadenfermera.org\/wp-content\/uploads\/2026\/01\/30-1024x768.jpeg\" alt=\"\" class=\"wp-image-5007\" \/><\/figure>\n\n\n\n<figure class=\"wp-block-image size-large\"><img decoding=\"async\" data-id=\"5008\" src=\"https:\/\/www.solidaridadenfermera.org\/wp-content\/uploads\/2026\/01\/31-1024x768.jpeg\" alt=\"\" class=\"wp-image-5008\" \/><\/figure>\n\n\n\n<figure class=\"wp-block-image size-large\"><img decoding=\"async\" data-id=\"5009\" src=\"https:\/\/www.solidaridadenfermera.org\/wp-content\/uploads\/2026\/01\/32-1024x768.jpeg\" alt=\"\" class=\"wp-image-5009\" \/><\/figure>\n\n\n\n<figure class=\"wp-block-image size-large\"><img decoding=\"async\" data-id=\"5010\" src=\"https:\/\/www.solidaridadenfermera.org\/wp-content\/uploads\/2026\/01\/33-1024x768.jpeg\" alt=\"\" class=\"wp-image-5010\" \/><\/figure>\n\n\n\n<figure class=\"wp-block-image size-large\"><img decoding=\"async\" data-id=\"5011\" src=\"https:\/\/www.solidaridadenfermera.org\/wp-content\/uploads\/2026\/01\/34-1024x768.jpeg\" alt=\"\" class=\"wp-image-5011\" \/><\/figure>\n\n\n\n<figure class=\"wp-block-image size-large\"><img decoding=\"async\" data-id=\"5012\" src=\"https:\/\/www.solidaridadenfermera.org\/wp-content\/uploads\/2026\/01\/35-1024x768.jpeg\" alt=\"\" class=\"wp-image-5012\" \/><\/figure>\n\n\n\n<figure class=\"wp-block-image size-large\"><img decoding=\"async\" data-id=\"5013\" src=\"https:\/\/www.solidaridadenfermera.org\/wp-content\/uploads\/2026\/01\/36-1024x768.jpeg\" alt=\"\" class=\"wp-image-5013\" \/><\/figure>\n\n\n\n<figure class=\"wp-block-image size-large\"><img decoding=\"async\" data-id=\"5014\" src=\"https:\/\/www.solidaridadenfermera.org\/wp-content\/uploads\/2026\/01\/37-1024x768.jpeg\" alt=\"\" class=\"wp-image-5014\" \/><\/figure>\n\n\n\n<figure class=\"wp-block-image size-large\"><img decoding=\"async\" data-id=\"5015\" src=\"https:\/\/www.solidaridadenfermera.org\/wp-content\/uploads\/2026\/01\/38-1024x768.jpeg\" alt=\"\" class=\"wp-image-5015\" \/><\/figure>\n\n\n\n<figure class=\"wp-block-image size-large\"><img decoding=\"async\" data-id=\"5016\" src=\"https:\/\/www.solidaridadenfermera.org\/wp-content\/uploads\/2026\/01\/39-1024x768.jpeg\" alt=\"\" class=\"wp-image-5016\" \/><\/figure>\n\n\n\n<figure class=\"wp-block-image size-large\"><img decoding=\"async\" data-id=\"5017\" src=\"https:\/\/www.solidaridadenfermera.org\/wp-content\/uploads\/2026\/01\/40-1024x768.jpeg\" alt=\"\" class=\"wp-image-5017\" \/><\/figure>\n\n\n\n<figure class=\"wp-block-image size-large\"><img decoding=\"async\" data-id=\"5018\" src=\"https:\/\/www.solidaridadenfermera.org\/wp-content\/uploads\/2026\/01\/41-1024x768.jpg\" alt=\"\" class=\"wp-image-5018\" \/><\/figure>\n\n\n\n<figure class=\"wp-block-image size-large\"><img decoding=\"async\" data-id=\"5019\" src=\"https:\/\/www.solidaridadenfermera.org\/wp-content\/uploads\/2026\/01\/42-1024x768.jpg\" alt=\"\" class=\"wp-image-5019\" \/><\/figure>\n\n\n\n<figure class=\"wp-block-image size-large\"><img decoding=\"async\" data-id=\"5020\" src=\"https:\/\/www.solidaridadenfermera.org\/wp-content\/uploads\/2026\/01\/43-1024x768.jpg\" alt=\"\" class=\"wp-image-5020\" \/><\/figure>\n\n\n\n<figure class=\"wp-block-image size-large\"><img decoding=\"async\" data-id=\"5021\" src=\"https:\/\/www.solidaridadenfermera.org\/wp-content\/uploads\/2026\/01\/44-1024x768.jpg\" alt=\"\" class=\"wp-image-5021\" \/><\/figure>\n\n\n\n<figure class=\"wp-block-image size-large\"><img decoding=\"async\" data-id=\"5022\" src=\"https:\/\/www.solidaridadenfermera.org\/wp-content\/uploads\/2026\/01\/45-1024x768.jpg\" alt=\"\" class=\"wp-image-5022\" \/><\/figure>\n\n\n\n<figure class=\"wp-block-image size-large\"><img decoding=\"async\" data-id=\"5023\" src=\"https:\/\/www.solidaridadenfermera.org\/wp-content\/uploads\/2026\/01\/46-1024x768.jpg\" alt=\"\" class=\"wp-image-5023\" \/><\/figure>\n<\/figure>\n<\/div><\/div>\n","protected":false},"excerpt":{"rendered":"<p>SEVILLA. 30 de octubre de 2025.- Solidaridad Enfermera Sevilla, en colaboraci\u00f3n con el Ilustre Colegio Oficial de Enfermer\u00eda de Sevilla (ICOES), ha organizado las\u00a0II Jornadas de Voluntariado en Acci\u00f3n Social y Cooperaci\u00f3n Internacional, un espacio destinado a compartir experiencias, aprendizajes y buenas pr\u00e1cticas entre entidades y profesionales sanitarios que trabajan con colectivos vulnerables o en [&hellip;]<\/p>\n","protected":false},"featured_media":1734,"template":"","news_category":[11],"news_tag":[16,129,139,138],"class_list":["post-1725","news","type-news","status-publish","has-post-thumbnail","hentry","news_category-noticias","news_tag-enfermeria","news_tag-icoes","news_tag-ii-jornadas-de-voluntariado-en-accion-social-y-cooperacion-internacional","news_tag-solidaridad-enfermera"],"yoast_head":"<!-- This site is optimized with the Yoast SEO plugin v27.0 - https:\/\/yoast.com\/product\/yoast-seo-wordpress\/ -->\n<title>El ICOES y Solidaridad Enfermera celebran las II Jornadas de Voluntariado en Acci\u00f3n Social y Cooperaci\u00f3n Internacional<\/title>\n<meta name=\"description\" content=\"Solidaridad Enfermera Sevilla, en colaboraci\u00f3n con el Ilustre Colegio Oficial de Enfermer\u00eda de Sevilla (ICOES), organiza las\u00a0II Jornadas de Voluntariado en Acci\u00f3n Social y Cooperaci\u00f3n Internacional\" \/>\n<meta name=\"robots\" content=\"index, follow, max-snippet:-1, max-image-preview:large, max-video-preview:-1\" \/>\n<link rel=\"canonical\" href=\"https:\/\/www.solidaridadenfermera.org\/sevilla\/sala-prensa\/el-icoes-y-solidaridad-enfermera-celebran-las-ii-jornadas-de-voluntariado-en-accion-social-y-cooperacion-internacional\/\" \/>\n<meta property=\"og:locale\" content=\"es_ES\" \/>\n<meta property=\"og:type\" content=\"article\" \/>\n<meta property=\"og:title\" content=\"El ICOES y Solidaridad Enfermera celebran las II Jornadas de Voluntariado en Acci\u00f3n Social y Cooperaci\u00f3n Internacional\" \/>\n<meta property=\"og:description\" content=\"Solidaridad Enfermera Sevilla, en colaboraci\u00f3n con el Ilustre Colegio Oficial de Enfermer\u00eda de Sevilla (ICOES), organiza las\u00a0II Jornadas de Voluntariado en Acci\u00f3n Social y Cooperaci\u00f3n Internacional\" \/>\n<meta property=\"og:url\" content=\"https:\/\/www.solidaridadenfermera.org\/sevilla\/sala-prensa\/el-icoes-y-solidaridad-enfermera-celebran-las-ii-jornadas-de-voluntariado-en-accion-social-y-cooperacion-internacional\/\" \/>\n<meta property=\"og:site_name\" content=\"Delegaci\u00f3n de Sevilla\" \/>\n<meta property=\"article:modified_time\" content=\"2026-01-20T09:58:52+00:00\" \/>\n<meta property=\"og:image\" content=\"https:\/\/www.solidaridadenfermera.org\/sevilla\/wp-content\/uploads\/sites\/78\/2025\/10\/solidaridadicoes.jpg\" \/>\n\t<meta property=\"og:image:width\" content=\"698\" \/>\n\t<meta property=\"og:image:height\" content=\"548\" \/>\n\t<meta property=\"og:image:type\" content=\"image\/jpeg\" \/>\n<meta name=\"twitter:card\" content=\"summary_large_image\" \/>\n<meta name=\"twitter:label1\" content=\"Tiempo de lectura\" \/>\n\t<meta name=\"twitter:data1\" content=\"2 minutos\" \/>\n<script type=\"application\/ld+json\" class=\"yoast-schema-graph\">{\"@context\":\"https:\/\/schema.org\",\"@graph\":[{\"@type\":\"WebPage\",\"@id\":\"https:\/\/www.solidaridadenfermera.org\/sevilla\/sala-prensa\/el-icoes-y-solidaridad-enfermera-celebran-las-ii-jornadas-de-voluntariado-en-accion-social-y-cooperacion-internacional\/\",\"url\":\"https:\/\/www.solidaridadenfermera.org\/sevilla\/sala-prensa\/el-icoes-y-solidaridad-enfermera-celebran-las-ii-jornadas-de-voluntariado-en-accion-social-y-cooperacion-internacional\/\",\"name\":\"El ICOES y Solidaridad Enfermera celebran las II Jornadas de Voluntariado en Acci\u00f3n Social y Cooperaci\u00f3n Internacional\",\"isPartOf\":{\"@id\":\"https:\/\/www.solidaridadenfermera.org\/sevilla\/#website\"},\"primaryImageOfPage\":{\"@id\":\"https:\/\/www.solidaridadenfermera.org\/sevilla\/sala-prensa\/el-icoes-y-solidaridad-enfermera-celebran-las-ii-jornadas-de-voluntariado-en-accion-social-y-cooperacion-internacional\/#primaryimage\"},\"image\":{\"@id\":\"https:\/\/www.solidaridadenfermera.org\/sevilla\/sala-prensa\/el-icoes-y-solidaridad-enfermera-celebran-las-ii-jornadas-de-voluntariado-en-accion-social-y-cooperacion-internacional\/#primaryimage\"},\"thumbnailUrl\":\"https:\/\/www.solidaridadenfermera.org\/sevilla\/wp-content\/uploads\/sites\/78\/2026\/01\/28.jpeg\",\"datePublished\":\"2025-10-31T09:03:00+00:00\",\"dateModified\":\"2026-01-20T09:58:52+00:00\",\"description\":\"Solidaridad Enfermera Sevilla, en colaboraci\u00f3n con el Ilustre Colegio Oficial de Enfermer\u00eda de Sevilla (ICOES), organiza las\u00a0II Jornadas de Voluntariado en Acci\u00f3n Social y Cooperaci\u00f3n Internacional\",\"breadcrumb\":{\"@id\":\"https:\/\/www.solidaridadenfermera.org\/sevilla\/sala-prensa\/el-icoes-y-solidaridad-enfermera-celebran-las-ii-jornadas-de-voluntariado-en-accion-social-y-cooperacion-internacional\/#breadcrumb\"},\"inLanguage\":\"es\",\"potentialAction\":[{\"@type\":\"ReadAction\",\"target\":[\"https:\/\/www.solidaridadenfermera.org\/sevilla\/sala-prensa\/el-icoes-y-solidaridad-enfermera-celebran-las-ii-jornadas-de-voluntariado-en-accion-social-y-cooperacion-internacional\/\"]}]},{\"@type\":\"ImageObject\",\"inLanguage\":\"es\",\"@id\":\"https:\/\/www.solidaridadenfermera.org\/sevilla\/sala-prensa\/el-icoes-y-solidaridad-enfermera-celebran-las-ii-jornadas-de-voluntariado-en-accion-social-y-cooperacion-internacional\/#primaryimage\",\"url\":\"https:\/\/www.solidaridadenfermera.org\/sevilla\/wp-content\/uploads\/sites\/78\/2026\/01\/28.jpeg\",\"contentUrl\":\"https:\/\/www.solidaridadenfermera.org\/sevilla\/wp-content\/uploads\/sites\/78\/2026\/01\/28.jpeg\",\"width\":1600,\"height\":1200},{\"@type\":\"BreadcrumbList\",\"@id\":\"https:\/\/www.solidaridadenfermera.org\/sevilla\/sala-prensa\/el-icoes-y-solidaridad-enfermera-celebran-las-ii-jornadas-de-voluntariado-en-accion-social-y-cooperacion-internacional\/#breadcrumb\",\"itemListElement\":[{\"@type\":\"ListItem\",\"position\":1,\"name\":\"Inicio\",\"item\":\"https:\/\/www.solidaridadenfermera.org\/sevilla\/\"},{\"@type\":\"ListItem\",\"position\":2,\"name\":\"Sala De Prensa\",\"item\":\"https:\/\/www.solidaridadenfermera.org\/sevilla\/sala-prensa\/\"},{\"@type\":\"ListItem\",\"position\":3,\"name\":\"El ICOES y Solidaridad Enfermera celebran las II Jornadas de Voluntariado en Acci\u00f3n Social y Cooperaci\u00f3n Internacional\"}]},{\"@type\":\"WebSite\",\"@id\":\"https:\/\/www.solidaridadenfermera.org\/sevilla\/#website\",\"url\":\"https:\/\/www.solidaridadenfermera.org\/sevilla\/\",\"name\":\"Delegaci\u00f3n de Sevilla\",\"description\":\"Consejo General de Enfermer\u00eda (CGE) es una organizaci\u00f3n profesional con m\u00e1s 100 a\u00f1os de historia, que en base a los fines y funciones que le atribuye su Estatuto Aprobado por Real Decreto 1231, de 8 de noviembre de 2001, se constituye como el referente para la profesi\u00f3n de enfermer\u00eda, representando a un colectivo de doscientos mil colegiados.\",\"publisher\":{\"@id\":\"https:\/\/www.solidaridadenfermera.org\/sevilla\/#organization\"},\"potentialAction\":[{\"@type\":\"SearchAction\",\"target\":{\"@type\":\"EntryPoint\",\"urlTemplate\":\"https:\/\/www.solidaridadenfermera.org\/sevilla\/?s={search_term_string}\"},\"query-input\":{\"@type\":\"PropertyValueSpecification\",\"valueRequired\":true,\"valueName\":\"search_term_string\"}}],\"inLanguage\":\"es\"},{\"@type\":\"Organization\",\"@id\":\"https:\/\/www.solidaridadenfermera.org\/sevilla\/#organization\",\"name\":\"Delegaci\u00f3n de Sevilla\",\"url\":\"https:\/\/www.solidaridadenfermera.org\/sevilla\/\",\"logo\":{\"@type\":\"ImageObject\",\"inLanguage\":\"es\",\"@id\":\"https:\/\/www.solidaridadenfermera.org\/sevilla\/#\/schema\/logo\/image\/\",\"url\":\"https:\/\/www.solidaridadenfermera.org\/sevilla\/wp-content\/uploads\/sites\/78\/2023\/09\/solidaridadenfermerasevilla.png\",\"contentUrl\":\"https:\/\/www.solidaridadenfermera.org\/sevilla\/wp-content\/uploads\/sites\/78\/2023\/09\/solidaridadenfermerasevilla.png\",\"width\":315,\"height\":458,\"caption\":\"Delegaci\u00f3n de Sevilla\"},\"image\":{\"@id\":\"https:\/\/www.solidaridadenfermera.org\/sevilla\/#\/schema\/logo\/image\/\"}}]}<\/script>\n<!-- \/ Yoast SEO plugin. -->","yoast_head_json":{"title":"El ICOES y Solidaridad Enfermera celebran las II Jornadas de Voluntariado en Acci\u00f3n Social y Cooperaci\u00f3n Internacional","description":"Solidaridad Enfermera Sevilla, en colaboraci\u00f3n con el Ilustre Colegio Oficial de Enfermer\u00eda de Sevilla (ICOES), organiza las\u00a0II Jornadas de Voluntariado en Acci\u00f3n Social y Cooperaci\u00f3n Internacional","robots":{"index":"index","follow":"follow","max-snippet":"max-snippet:-1","max-image-preview":"max-image-preview:large","max-video-preview":"max-video-preview:-1"},"canonical":"https:\/\/www.solidaridadenfermera.org\/sevilla\/sala-prensa\/el-icoes-y-solidaridad-enfermera-celebran-las-ii-jornadas-de-voluntariado-en-accion-social-y-cooperacion-internacional\/","og_locale":"es_ES","og_type":"article","og_title":"El ICOES y Solidaridad Enfermera celebran las II Jornadas de Voluntariado en Acci\u00f3n Social y Cooperaci\u00f3n Internacional","og_description":"Solidaridad Enfermera Sevilla, en colaboraci\u00f3n con el Ilustre Colegio Oficial de Enfermer\u00eda de Sevilla (ICOES), organiza las\u00a0II Jornadas de Voluntariado en Acci\u00f3n Social y Cooperaci\u00f3n Internacional","og_url":"https:\/\/www.solidaridadenfermera.org\/sevilla\/sala-prensa\/el-icoes-y-solidaridad-enfermera-celebran-las-ii-jornadas-de-voluntariado-en-accion-social-y-cooperacion-internacional\/","og_site_name":"Delegaci\u00f3n de Sevilla","article_modified_time":"2026-01-20T09:58:52+00:00","og_image":[{"width":698,"height":548,"url":"https:\/\/www.solidaridadenfermera.org\/sevilla\/wp-content\/uploads\/sites\/78\/2025\/10\/solidaridadicoes.jpg","type":"image\/jpeg"}],"twitter_card":"summary_large_image","twitter_misc":{"Tiempo de lectura":"2 minutos"},"schema":{"@context":"https:\/\/schema.org","@graph":[{"@type":"WebPage","@id":"https:\/\/www.solidaridadenfermera.org\/sevilla\/sala-prensa\/el-icoes-y-solidaridad-enfermera-celebran-las-ii-jornadas-de-voluntariado-en-accion-social-y-cooperacion-internacional\/","url":"https:\/\/www.solidaridadenfermera.org\/sevilla\/sala-prensa\/el-icoes-y-solidaridad-enfermera-celebran-las-ii-jornadas-de-voluntariado-en-accion-social-y-cooperacion-internacional\/","name":"El ICOES y Solidaridad Enfermera celebran las II Jornadas de Voluntariado en Acci\u00f3n Social y Cooperaci\u00f3n Internacional","isPartOf":{"@id":"https:\/\/www.solidaridadenfermera.org\/sevilla\/#website"},"primaryImageOfPage":{"@id":"https:\/\/www.solidaridadenfermera.org\/sevilla\/sala-prensa\/el-icoes-y-solidaridad-enfermera-celebran-las-ii-jornadas-de-voluntariado-en-accion-social-y-cooperacion-internacional\/#primaryimage"},"image":{"@id":"https:\/\/www.solidaridadenfermera.org\/sevilla\/sala-prensa\/el-icoes-y-solidaridad-enfermera-celebran-las-ii-jornadas-de-voluntariado-en-accion-social-y-cooperacion-internacional\/#primaryimage"},"thumbnailUrl":"https:\/\/www.solidaridadenfermera.org\/sevilla\/wp-content\/uploads\/sites\/78\/2026\/01\/28.jpeg","datePublished":"2025-10-31T09:03:00+00:00","dateModified":"2026-01-20T09:58:52+00:00","description":"Solidaridad Enfermera Sevilla, en colaboraci\u00f3n con el Ilustre Colegio Oficial de Enfermer\u00eda de Sevilla (ICOES), organiza las\u00a0II Jornadas de Voluntariado en Acci\u00f3n Social y Cooperaci\u00f3n Internacional","breadcrumb":{"@id":"https:\/\/www.solidaridadenfermera.org\/sevilla\/sala-prensa\/el-icoes-y-solidaridad-enfermera-celebran-las-ii-jornadas-de-voluntariado-en-accion-social-y-cooperacion-internacional\/#breadcrumb"},"inLanguage":"es","potentialAction":[{"@type":"ReadAction","target":["https:\/\/www.solidaridadenfermera.org\/sevilla\/sala-prensa\/el-icoes-y-solidaridad-enfermera-celebran-las-ii-jornadas-de-voluntariado-en-accion-social-y-cooperacion-internacional\/"]}]},{"@type":"ImageObject","inLanguage":"es","@id":"https:\/\/www.solidaridadenfermera.org\/sevilla\/sala-prensa\/el-icoes-y-solidaridad-enfermera-celebran-las-ii-jornadas-de-voluntariado-en-accion-social-y-cooperacion-internacional\/#primaryimage","url":"https:\/\/www.solidaridadenfermera.org\/sevilla\/wp-content\/uploads\/sites\/78\/2026\/01\/28.jpeg","contentUrl":"https:\/\/www.solidaridadenfermera.org\/sevilla\/wp-content\/uploads\/sites\/78\/2026\/01\/28.jpeg","width":1600,"height":1200},{"@type":"BreadcrumbList","@id":"https:\/\/www.solidaridadenfermera.org\/sevilla\/sala-prensa\/el-icoes-y-solidaridad-enfermera-celebran-las-ii-jornadas-de-voluntariado-en-accion-social-y-cooperacion-internacional\/#breadcrumb","itemListElement":[{"@type":"ListItem","position":1,"name":"Inicio","item":"https:\/\/www.solidaridadenfermera.org\/sevilla\/"},{"@type":"ListItem","position":2,"name":"Sala De Prensa","item":"https:\/\/www.solidaridadenfermera.org\/sevilla\/sala-prensa\/"},{"@type":"ListItem","position":3,"name":"El ICOES y Solidaridad Enfermera celebran las II Jornadas de Voluntariado en Acci\u00f3n Social y Cooperaci\u00f3n Internacional"}]},{"@type":"WebSite","@id":"https:\/\/www.solidaridadenfermera.org\/sevilla\/#website","url":"https:\/\/www.solidaridadenfermera.org\/sevilla\/","name":"Delegaci\u00f3n de Sevilla","description":"Consejo General de Enfermer\u00eda (CGE) es una organizaci\u00f3n profesional con m\u00e1s 100 a\u00f1os de historia, que en base a los fines y funciones que le atribuye su Estatuto Aprobado por Real Decreto 1231, de 8 de noviembre de 2001, se constituye como el referente para la profesi\u00f3n de enfermer\u00eda, representando a un colectivo de doscientos mil colegiados.","publisher":{"@id":"https:\/\/www.solidaridadenfermera.org\/sevilla\/#organization"},"potentialAction":[{"@type":"SearchAction","target":{"@type":"EntryPoint","urlTemplate":"https:\/\/www.solidaridadenfermera.org\/sevilla\/?s={search_term_string}"},"query-input":{"@type":"PropertyValueSpecification","valueRequired":true,"valueName":"search_term_string"}}],"inLanguage":"es"},{"@type":"Organization","@id":"https:\/\/www.solidaridadenfermera.org\/sevilla\/#organization","name":"Delegaci\u00f3n de Sevilla","url":"https:\/\/www.solidaridadenfermera.org\/sevilla\/","logo":{"@type":"ImageObject","inLanguage":"es","@id":"https:\/\/www.solidaridadenfermera.org\/sevilla\/#\/schema\/logo\/image\/","url":"https:\/\/www.solidaridadenfermera.org\/sevilla\/wp-content\/uploads\/sites\/78\/2023\/09\/solidaridadenfermerasevilla.png","contentUrl":"https:\/\/www.solidaridadenfermera.org\/sevilla\/wp-content\/uploads\/sites\/78\/2023\/09\/solidaridadenfermerasevilla.png","width":315,"height":458,"caption":"Delegaci\u00f3n de Sevilla"},"image":{"@id":"https:\/\/www.solidaridadenfermera.org\/sevilla\/#\/schema\/logo\/image\/"}}]}},"_links":{"self":[{"href":"https:\/\/www.solidaridadenfermera.org\/sevilla\/wp-json\/wp\/v2\/news\/1725","targetHints":{"allow":["GET"]}}],"collection":[{"href":"https:\/\/www.solidaridadenfermera.org\/sevilla\/wp-json\/wp\/v2\/news"}],"about":[{"href":"https:\/\/www.solidaridadenfermera.org\/sevilla\/wp-json\/wp\/v2\/types\/news"}],"wp:featuredmedia":[{"embeddable":true,"href":"https:\/\/www.solidaridadenfermera.org\/sevilla\/wp-json\/wp\/v2\/media\/1734"}],"wp:attachment":[{"href":"https:\/\/www.solidaridadenfermera.org\/sevilla\/wp-json\/wp\/v2\/media?parent=1725"}],"wp:term":[{"taxonomy":"news_category","embeddable":true,"href":"https:\/\/www.solidaridadenfermera.org\/sevilla\/wp-json\/wp\/v2\/news_category?post=1725"},{"taxonomy":"news_tag","embeddable":true,"href":"https:\/\/www.solidaridadenfermera.org\/sevilla\/wp-json\/wp\/v2\/news_tag?post=1725"}],"curies":[{"name":"wp","href":"https:\/\/api.w.org\/{rel}","templated":true}]}}