{"id":1715,"date":"2025-06-17T13:23:18","date_gmt":"2025-06-17T11:23:18","guid":{"rendered":"https:\/\/www.solidaridadenfermera.org\/sevilla\/?post_type=news&#038;p=1715"},"modified":"2025-06-17T13:40:37","modified_gmt":"2025-06-17T11:40:37","slug":"medicus-mundi-y-farmamundi-estrenan-en-sevilla-la-exposicion-saludemia-en-el-icoes","status":"publish","type":"news","link":"https:\/\/www.solidaridadenfermera.org\/sevilla\/sala-prensa\/medicus-mundi-y-farmamundi-estrenan-en-sevilla-la-exposicion-saludemia-en-el-icoes\/","title":{"rendered":"Medicus Mundi y Farmamundi estrenan en Sevilla la exposici\u00f3n \u2018Saludemia\u2019, en el ICOES"},"content":{"rendered":"\n<div class=\"wp-block-group container\"><div class=\"wp-block-group__inner-container is-layout-flow wp-block-group-is-layout-flow\">\n<figure class=\"wp-block-image size-large\"><img loading=\"lazy\" decoding=\"async\" width=\"1024\" height=\"693\" src=\"https:\/\/www.solidaridadenfermera.org\/sevilla\/wp-content\/uploads\/sites\/78\/2025\/06\/medicusmundi-1-1024x693.jpeg\" alt=\"\" class=\"wp-image-1717\" srcset=\"https:\/\/www.solidaridadenfermera.org\/sevilla\/wp-content\/uploads\/sites\/78\/2025\/06\/medicusmundi-1-1024x693.jpeg 1024w, https:\/\/www.solidaridadenfermera.org\/sevilla\/wp-content\/uploads\/sites\/78\/2025\/06\/medicusmundi-1-300x203.jpeg 300w, https:\/\/www.solidaridadenfermera.org\/sevilla\/wp-content\/uploads\/sites\/78\/2025\/06\/medicusmundi-1-768x520.jpeg 768w, https:\/\/www.solidaridadenfermera.org\/sevilla\/wp-content\/uploads\/sites\/78\/2025\/06\/medicusmundi-1-1536x1039.jpeg 1536w, https:\/\/www.solidaridadenfermera.org\/sevilla\/wp-content\/uploads\/sites\/78\/2025\/06\/medicusmundi-1.jpeg 1587w\" sizes=\"auto, (max-width: 1024px) 100vw, 1024px\" \/><\/figure>\n\n\n\n<p>Sevilla. 11 de junio de 2025.- <strong>Medicus Mundi<\/strong>&nbsp;y&nbsp;<strong>Farmamundi<\/strong>&nbsp;estrenan en Sevilla la exposici\u00f3n itinerante&nbsp;<strong>Saludemia<\/strong>. \u00abLa muestra es una recopilaci\u00f3n de diez buenas pr\u00e1cticas de Cooperaci\u00f3n Internacional y Acci\u00f3n Humanitaria en Salud\u00bb, explica&nbsp;<strong>Ana Garc\u00eda Novoa<\/strong>, t\u00e9cnica de proyectos de Educaci\u00f3n para el Desarrollo y Formaci\u00f3n en Medicus Mundi.<\/p>\n\n\n\n<p>A trav\u00e9s de diez infograf\u00edas, el espectador puede descubrir c\u00f3mo se trabaja en los servicios p\u00fablicos en Mahuritania la atenci\u00f3n a la mujer frente a la violencia machista; o c\u00f3mo funcionan los grupos de apoyo de afectados por el VIH en Piura (Per\u00fa), entre otras buenas pr\u00e1cticas.<\/p>\n\n\n\n<p>La exposici\u00f3n permanecer\u00e1 en la&nbsp;<strong>Sala de Exposiciones del Ilustre Colegio Oficial de Enfermer\u00eda de Sevilla (ICOES<\/strong>), sito en la Avenida Ram\u00f3n y Cajal n\u00famero 20,&nbsp;<strong>desde este jueves 12 hasta el 20 de junio<\/strong>, en horario de ma\u00f1ana (<strong>9:00 a 14:00<\/strong>).<\/p>\n\n\n\n<h3 class=\"wp-block-heading\"><strong>\u00bfQu\u00e9 es saludemia?<\/strong><\/h3>\n\n\n\n<p><a href=\"https:\/\/salud-emia.org\/\">Saludemia&nbsp;<\/a>es una iniciativa formativa que pretende contribuir a la&nbsp;<strong>construcci\u00f3n de un sector sociosanitario andaluz m\u00e1s resiliente y preparado para responder adecuadamente a crisis de salud global y pandemias<\/strong>, en el marco de los ODS (Objetivos de Desarrollo Sostenible).<\/p>\n\n\n\n<p>Tras Sevilla,&nbsp;<strong>Saludemia&nbsp;<\/strong>se expondr\u00e1 en Granada (Colegio Oficial de Farmac\u00e9uticos y Parque de las Ciencias) y en M\u00e1laga (Colegio Oficial de M\u00e9dicos), entre otras ubicaciones.<\/p>\n\n\n\n<p><strong>El consorcio formado por Medicus Mundi y Farmamundi atesora un lustro dedicado a proyectos<\/strong>&nbsp;de formaci\u00f3n en Cooperaci\u00f3n y Acci\u00f3n Humanitaria, que cuentan con el apoyo de la&nbsp;<a href=\"https:\/\/www.juntadeandalucia.es\/organismos\/aacid.html\">Agencia Andaluza de Cooperaci\u00f3n Internacional al Desarrollo<\/a>.<\/p>\n\n\n\n<h3 class=\"wp-block-heading\">Formaci\u00f3n acreditada por ACSA<\/h3>\n\n\n\n<p><strong>F<\/strong><\/p>\n\n\n\n<p>Otro de los pilares de Saludemia es la Formaci\u00f3n:&nbsp;<strong>Cursos semipresenciales<\/strong>&nbsp;dirigidos a personal de la salud centrados en facilitar capacidades y herramientas en Cooperaci\u00f3n Internacional y Acci\u00f3n Humanitaria en Salud, que cuentan con la acreditaci\u00f3n de la&nbsp;<strong>Agencia de Calidad Sanitaria de Andaluc\u00eda (ACSA)<\/strong><\/p>\n<\/div><\/div>\n","protected":false},"excerpt":{"rendered":"<p>Sevilla. 11 de junio de 2025.- Medicus Mundi&nbsp;y&nbsp;Farmamundi&nbsp;estrenan en Sevilla la exposici\u00f3n itinerante&nbsp;Saludemia. \u00abLa muestra es una recopilaci\u00f3n de diez buenas pr\u00e1cticas de Cooperaci\u00f3n Internacional y Acci\u00f3n Humanitaria en Salud\u00bb, explica&nbsp;Ana Garc\u00eda Novoa, t\u00e9cnica de proyectos de Educaci\u00f3n para el Desarrollo y Formaci\u00f3n en Medicus Mundi. A trav\u00e9s de diez infograf\u00edas, el espectador puede descubrir [&hellip;]<\/p>\n","protected":false},"featured_media":1716,"template":"","news_category":[11],"news_tag":[16,129,137],"class_list":["post-1715","news","type-news","status-publish","has-post-thumbnail","hentry","news_category-noticias","news_tag-enfermeria","news_tag-icoes","news_tag-medicus-mundi"],"yoast_head":"<!-- This site is optimized with the Yoast SEO plugin v27.0 - https:\/\/yoast.com\/product\/yoast-seo-wordpress\/ -->\n<title>Medicus Mundi y Farmamundi estrenan en Sevilla la exposici\u00f3n \u2018Saludemia\u2019<\/title>\n<meta name=\"description\" content=\"Medicus Mundi\u00a0y\u00a0Farmamundi\u00a0estrenan en Sevilla la exposici\u00f3n itinerante\u00a0Saludemia. La muestra es una recopilaci\u00f3n de diez buenas pr\u00e1cticas de Cooperaci\u00f3n Internacional y Acci\u00f3n Humanitaria en Salud\" \/>\n<meta name=\"robots\" content=\"index, follow, max-snippet:-1, max-image-preview:large, max-video-preview:-1\" \/>\n<link rel=\"canonical\" href=\"https:\/\/www.solidaridadenfermera.org\/sevilla\/sala-prensa\/medicus-mundi-y-farmamundi-estrenan-en-sevilla-la-exposicion-saludemia-en-el-icoes\/\" \/>\n<meta property=\"og:locale\" content=\"es_ES\" \/>\n<meta property=\"og:type\" content=\"article\" \/>\n<meta property=\"og:title\" content=\"Medicus Mundi y Farmamundi estrenan en Sevilla la exposici\u00f3n \u2018Saludemia\u2019\" \/>\n<meta property=\"og:description\" content=\"Medicus Mundi\u00a0y\u00a0Farmamundi\u00a0estrenan en Sevilla la exposici\u00f3n itinerante\u00a0Saludemia. La muestra es una recopilaci\u00f3n de diez buenas pr\u00e1cticas de Cooperaci\u00f3n Internacional y Acci\u00f3n Humanitaria en Salud\" \/>\n<meta property=\"og:url\" content=\"https:\/\/www.solidaridadenfermera.org\/sevilla\/sala-prensa\/medicus-mundi-y-farmamundi-estrenan-en-sevilla-la-exposicion-saludemia-en-el-icoes\/\" \/>\n<meta property=\"og:site_name\" content=\"Delegaci\u00f3n de Sevilla\" \/>\n<meta property=\"article:modified_time\" content=\"2025-06-17T11:40:37+00:00\" \/>\n<meta property=\"og:image\" content=\"https:\/\/www.solidaridadenfermera.org\/sevilla\/wp-content\/uploads\/sites\/78\/2025\/06\/medicusmundi.jpeg\" \/>\n\t<meta property=\"og:image:width\" content=\"1587\" \/>\n\t<meta property=\"og:image:height\" content=\"1074\" \/>\n\t<meta property=\"og:image:type\" content=\"image\/jpeg\" \/>\n<meta name=\"twitter:card\" content=\"summary_large_image\" \/>\n<meta name=\"twitter:label1\" content=\"Tiempo de lectura\" \/>\n\t<meta name=\"twitter:data1\" content=\"2 minutos\" \/>\n<script type=\"application\/ld+json\" class=\"yoast-schema-graph\">{\"@context\":\"https:\/\/schema.org\",\"@graph\":[{\"@type\":\"WebPage\",\"@id\":\"https:\/\/www.solidaridadenfermera.org\/sevilla\/sala-prensa\/medicus-mundi-y-farmamundi-estrenan-en-sevilla-la-exposicion-saludemia-en-el-icoes\/\",\"url\":\"https:\/\/www.solidaridadenfermera.org\/sevilla\/sala-prensa\/medicus-mundi-y-farmamundi-estrenan-en-sevilla-la-exposicion-saludemia-en-el-icoes\/\",\"name\":\"Medicus Mundi y Farmamundi estrenan en Sevilla la exposici\u00f3n \u2018Saludemia\u2019\",\"isPartOf\":{\"@id\":\"https:\/\/www.solidaridadenfermera.org\/sevilla\/#website\"},\"primaryImageOfPage\":{\"@id\":\"https:\/\/www.solidaridadenfermera.org\/sevilla\/sala-prensa\/medicus-mundi-y-farmamundi-estrenan-en-sevilla-la-exposicion-saludemia-en-el-icoes\/#primaryimage\"},\"image\":{\"@id\":\"https:\/\/www.solidaridadenfermera.org\/sevilla\/sala-prensa\/medicus-mundi-y-farmamundi-estrenan-en-sevilla-la-exposicion-saludemia-en-el-icoes\/#primaryimage\"},\"thumbnailUrl\":\"https:\/\/www.solidaridadenfermera.org\/sevilla\/wp-content\/uploads\/sites\/78\/2025\/06\/medicusmundi.jpeg\",\"datePublished\":\"2025-06-17T11:23:18+00:00\",\"dateModified\":\"2025-06-17T11:40:37+00:00\",\"description\":\"Medicus Mundi\u00a0y\u00a0Farmamundi\u00a0estrenan en Sevilla la exposici\u00f3n itinerante\u00a0Saludemia. La muestra es una recopilaci\u00f3n de diez buenas pr\u00e1cticas de Cooperaci\u00f3n Internacional y Acci\u00f3n Humanitaria en Salud\",\"breadcrumb\":{\"@id\":\"https:\/\/www.solidaridadenfermera.org\/sevilla\/sala-prensa\/medicus-mundi-y-farmamundi-estrenan-en-sevilla-la-exposicion-saludemia-en-el-icoes\/#breadcrumb\"},\"inLanguage\":\"es\",\"potentialAction\":[{\"@type\":\"ReadAction\",\"target\":[\"https:\/\/www.solidaridadenfermera.org\/sevilla\/sala-prensa\/medicus-mundi-y-farmamundi-estrenan-en-sevilla-la-exposicion-saludemia-en-el-icoes\/\"]}]},{\"@type\":\"ImageObject\",\"inLanguage\":\"es\",\"@id\":\"https:\/\/www.solidaridadenfermera.org\/sevilla\/sala-prensa\/medicus-mundi-y-farmamundi-estrenan-en-sevilla-la-exposicion-saludemia-en-el-icoes\/#primaryimage\",\"url\":\"https:\/\/www.solidaridadenfermera.org\/sevilla\/wp-content\/uploads\/sites\/78\/2025\/06\/medicusmundi.jpeg\",\"contentUrl\":\"https:\/\/www.solidaridadenfermera.org\/sevilla\/wp-content\/uploads\/sites\/78\/2025\/06\/medicusmundi.jpeg\",\"width\":1587,\"height\":1074},{\"@type\":\"BreadcrumbList\",\"@id\":\"https:\/\/www.solidaridadenfermera.org\/sevilla\/sala-prensa\/medicus-mundi-y-farmamundi-estrenan-en-sevilla-la-exposicion-saludemia-en-el-icoes\/#breadcrumb\",\"itemListElement\":[{\"@type\":\"ListItem\",\"position\":1,\"name\":\"Inicio\",\"item\":\"https:\/\/www.solidaridadenfermera.org\/sevilla\/\"},{\"@type\":\"ListItem\",\"position\":2,\"name\":\"Sala De Prensa\",\"item\":\"https:\/\/www.solidaridadenfermera.org\/sevilla\/sala-prensa\/\"},{\"@type\":\"ListItem\",\"position\":3,\"name\":\"Medicus Mundi y Farmamundi estrenan en Sevilla la exposici\u00f3n \u2018Saludemia\u2019, en el ICOES\"}]},{\"@type\":\"WebSite\",\"@id\":\"https:\/\/www.solidaridadenfermera.org\/sevilla\/#website\",\"url\":\"https:\/\/www.solidaridadenfermera.org\/sevilla\/\",\"name\":\"Delegaci\u00f3n de Sevilla\",\"description\":\"Consejo General de Enfermer\u00eda (CGE) es una organizaci\u00f3n profesional con m\u00e1s 100 a\u00f1os de historia, que en base a los fines y funciones que le atribuye su Estatuto Aprobado por Real Decreto 1231, de 8 de noviembre de 2001, se constituye como el referente para la profesi\u00f3n de enfermer\u00eda, representando a un colectivo de doscientos mil colegiados.\",\"publisher\":{\"@id\":\"https:\/\/www.solidaridadenfermera.org\/sevilla\/#organization\"},\"potentialAction\":[{\"@type\":\"SearchAction\",\"target\":{\"@type\":\"EntryPoint\",\"urlTemplate\":\"https:\/\/www.solidaridadenfermera.org\/sevilla\/?s={search_term_string}\"},\"query-input\":{\"@type\":\"PropertyValueSpecification\",\"valueRequired\":true,\"valueName\":\"search_term_string\"}}],\"inLanguage\":\"es\"},{\"@type\":\"Organization\",\"@id\":\"https:\/\/www.solidaridadenfermera.org\/sevilla\/#organization\",\"name\":\"Delegaci\u00f3n de Sevilla\",\"url\":\"https:\/\/www.solidaridadenfermera.org\/sevilla\/\",\"logo\":{\"@type\":\"ImageObject\",\"inLanguage\":\"es\",\"@id\":\"https:\/\/www.solidaridadenfermera.org\/sevilla\/#\/schema\/logo\/image\/\",\"url\":\"https:\/\/www.solidaridadenfermera.org\/sevilla\/wp-content\/uploads\/sites\/78\/2023\/09\/solidaridadenfermerasevilla.png\",\"contentUrl\":\"https:\/\/www.solidaridadenfermera.org\/sevilla\/wp-content\/uploads\/sites\/78\/2023\/09\/solidaridadenfermerasevilla.png\",\"width\":315,\"height\":458,\"caption\":\"Delegaci\u00f3n de Sevilla\"},\"image\":{\"@id\":\"https:\/\/www.solidaridadenfermera.org\/sevilla\/#\/schema\/logo\/image\/\"}}]}<\/script>\n<!-- \/ Yoast SEO plugin. -->","yoast_head_json":{"title":"Medicus Mundi y Farmamundi estrenan en Sevilla la exposici\u00f3n \u2018Saludemia\u2019","description":"Medicus Mundi\u00a0y\u00a0Farmamundi\u00a0estrenan en Sevilla la exposici\u00f3n itinerante\u00a0Saludemia. La muestra es una recopilaci\u00f3n de diez buenas pr\u00e1cticas de Cooperaci\u00f3n Internacional y Acci\u00f3n Humanitaria en Salud","robots":{"index":"index","follow":"follow","max-snippet":"max-snippet:-1","max-image-preview":"max-image-preview:large","max-video-preview":"max-video-preview:-1"},"canonical":"https:\/\/www.solidaridadenfermera.org\/sevilla\/sala-prensa\/medicus-mundi-y-farmamundi-estrenan-en-sevilla-la-exposicion-saludemia-en-el-icoes\/","og_locale":"es_ES","og_type":"article","og_title":"Medicus Mundi y Farmamundi estrenan en Sevilla la exposici\u00f3n \u2018Saludemia\u2019","og_description":"Medicus Mundi\u00a0y\u00a0Farmamundi\u00a0estrenan en Sevilla la exposici\u00f3n itinerante\u00a0Saludemia. La muestra es una recopilaci\u00f3n de diez buenas pr\u00e1cticas de Cooperaci\u00f3n Internacional y Acci\u00f3n Humanitaria en Salud","og_url":"https:\/\/www.solidaridadenfermera.org\/sevilla\/sala-prensa\/medicus-mundi-y-farmamundi-estrenan-en-sevilla-la-exposicion-saludemia-en-el-icoes\/","og_site_name":"Delegaci\u00f3n de Sevilla","article_modified_time":"2025-06-17T11:40:37+00:00","og_image":[{"width":1587,"height":1074,"url":"https:\/\/www.solidaridadenfermera.org\/sevilla\/wp-content\/uploads\/sites\/78\/2025\/06\/medicusmundi.jpeg","type":"image\/jpeg"}],"twitter_card":"summary_large_image","twitter_misc":{"Tiempo de lectura":"2 minutos"},"schema":{"@context":"https:\/\/schema.org","@graph":[{"@type":"WebPage","@id":"https:\/\/www.solidaridadenfermera.org\/sevilla\/sala-prensa\/medicus-mundi-y-farmamundi-estrenan-en-sevilla-la-exposicion-saludemia-en-el-icoes\/","url":"https:\/\/www.solidaridadenfermera.org\/sevilla\/sala-prensa\/medicus-mundi-y-farmamundi-estrenan-en-sevilla-la-exposicion-saludemia-en-el-icoes\/","name":"Medicus Mundi y Farmamundi estrenan en Sevilla la exposici\u00f3n \u2018Saludemia\u2019","isPartOf":{"@id":"https:\/\/www.solidaridadenfermera.org\/sevilla\/#website"},"primaryImageOfPage":{"@id":"https:\/\/www.solidaridadenfermera.org\/sevilla\/sala-prensa\/medicus-mundi-y-farmamundi-estrenan-en-sevilla-la-exposicion-saludemia-en-el-icoes\/#primaryimage"},"image":{"@id":"https:\/\/www.solidaridadenfermera.org\/sevilla\/sala-prensa\/medicus-mundi-y-farmamundi-estrenan-en-sevilla-la-exposicion-saludemia-en-el-icoes\/#primaryimage"},"thumbnailUrl":"https:\/\/www.solidaridadenfermera.org\/sevilla\/wp-content\/uploads\/sites\/78\/2025\/06\/medicusmundi.jpeg","datePublished":"2025-06-17T11:23:18+00:00","dateModified":"2025-06-17T11:40:37+00:00","description":"Medicus Mundi\u00a0y\u00a0Farmamundi\u00a0estrenan en Sevilla la exposici\u00f3n itinerante\u00a0Saludemia. La muestra es una recopilaci\u00f3n de diez buenas pr\u00e1cticas de Cooperaci\u00f3n Internacional y Acci\u00f3n Humanitaria en Salud","breadcrumb":{"@id":"https:\/\/www.solidaridadenfermera.org\/sevilla\/sala-prensa\/medicus-mundi-y-farmamundi-estrenan-en-sevilla-la-exposicion-saludemia-en-el-icoes\/#breadcrumb"},"inLanguage":"es","potentialAction":[{"@type":"ReadAction","target":["https:\/\/www.solidaridadenfermera.org\/sevilla\/sala-prensa\/medicus-mundi-y-farmamundi-estrenan-en-sevilla-la-exposicion-saludemia-en-el-icoes\/"]}]},{"@type":"ImageObject","inLanguage":"es","@id":"https:\/\/www.solidaridadenfermera.org\/sevilla\/sala-prensa\/medicus-mundi-y-farmamundi-estrenan-en-sevilla-la-exposicion-saludemia-en-el-icoes\/#primaryimage","url":"https:\/\/www.solidaridadenfermera.org\/sevilla\/wp-content\/uploads\/sites\/78\/2025\/06\/medicusmundi.jpeg","contentUrl":"https:\/\/www.solidaridadenfermera.org\/sevilla\/wp-content\/uploads\/sites\/78\/2025\/06\/medicusmundi.jpeg","width":1587,"height":1074},{"@type":"BreadcrumbList","@id":"https:\/\/www.solidaridadenfermera.org\/sevilla\/sala-prensa\/medicus-mundi-y-farmamundi-estrenan-en-sevilla-la-exposicion-saludemia-en-el-icoes\/#breadcrumb","itemListElement":[{"@type":"ListItem","position":1,"name":"Inicio","item":"https:\/\/www.solidaridadenfermera.org\/sevilla\/"},{"@type":"ListItem","position":2,"name":"Sala De Prensa","item":"https:\/\/www.solidaridadenfermera.org\/sevilla\/sala-prensa\/"},{"@type":"ListItem","position":3,"name":"Medicus Mundi y Farmamundi estrenan en Sevilla la exposici\u00f3n \u2018Saludemia\u2019, en el ICOES"}]},{"@type":"WebSite","@id":"https:\/\/www.solidaridadenfermera.org\/sevilla\/#website","url":"https:\/\/www.solidaridadenfermera.org\/sevilla\/","name":"Delegaci\u00f3n de Sevilla","description":"Consejo General de Enfermer\u00eda (CGE) es una organizaci\u00f3n profesional con m\u00e1s 100 a\u00f1os de historia, que en base a los fines y funciones que le atribuye su Estatuto Aprobado por Real Decreto 1231, de 8 de noviembre de 2001, se constituye como el referente para la profesi\u00f3n de enfermer\u00eda, representando a un colectivo de doscientos mil colegiados.","publisher":{"@id":"https:\/\/www.solidaridadenfermera.org\/sevilla\/#organization"},"potentialAction":[{"@type":"SearchAction","target":{"@type":"EntryPoint","urlTemplate":"https:\/\/www.solidaridadenfermera.org\/sevilla\/?s={search_term_string}"},"query-input":{"@type":"PropertyValueSpecification","valueRequired":true,"valueName":"search_term_string"}}],"inLanguage":"es"},{"@type":"Organization","@id":"https:\/\/www.solidaridadenfermera.org\/sevilla\/#organization","name":"Delegaci\u00f3n de Sevilla","url":"https:\/\/www.solidaridadenfermera.org\/sevilla\/","logo":{"@type":"ImageObject","inLanguage":"es","@id":"https:\/\/www.solidaridadenfermera.org\/sevilla\/#\/schema\/logo\/image\/","url":"https:\/\/www.solidaridadenfermera.org\/sevilla\/wp-content\/uploads\/sites\/78\/2023\/09\/solidaridadenfermerasevilla.png","contentUrl":"https:\/\/www.solidaridadenfermera.org\/sevilla\/wp-content\/uploads\/sites\/78\/2023\/09\/solidaridadenfermerasevilla.png","width":315,"height":458,"caption":"Delegaci\u00f3n de Sevilla"},"image":{"@id":"https:\/\/www.solidaridadenfermera.org\/sevilla\/#\/schema\/logo\/image\/"}}]}},"_links":{"self":[{"href":"https:\/\/www.solidaridadenfermera.org\/sevilla\/wp-json\/wp\/v2\/news\/1715","targetHints":{"allow":["GET"]}}],"collection":[{"href":"https:\/\/www.solidaridadenfermera.org\/sevilla\/wp-json\/wp\/v2\/news"}],"about":[{"href":"https:\/\/www.solidaridadenfermera.org\/sevilla\/wp-json\/wp\/v2\/types\/news"}],"wp:featuredmedia":[{"embeddable":true,"href":"https:\/\/www.solidaridadenfermera.org\/sevilla\/wp-json\/wp\/v2\/media\/1716"}],"wp:attachment":[{"href":"https:\/\/www.solidaridadenfermera.org\/sevilla\/wp-json\/wp\/v2\/media?parent=1715"}],"wp:term":[{"taxonomy":"news_category","embeddable":true,"href":"https:\/\/www.solidaridadenfermera.org\/sevilla\/wp-json\/wp\/v2\/news_category?post=1715"},{"taxonomy":"news_tag","embeddable":true,"href":"https:\/\/www.solidaridadenfermera.org\/sevilla\/wp-json\/wp\/v2\/news_tag?post=1715"}],"curies":[{"name":"wp","href":"https:\/\/api.w.org\/{rel}","templated":true}]}}