{"id":1702,"date":"2025-04-07T16:25:36","date_gmt":"2025-04-07T14:25:36","guid":{"rendered":"https:\/\/www.solidaridadenfermera.org\/sevilla\/?post_type=news&#038;p=1702"},"modified":"2025-04-07T16:28:34","modified_gmt":"2025-04-07T14:28:34","slug":"solidaridad-enfermera-sevilla-activa-el-voluntariado-en-el-hospital-de-valme-con-residentes-de-matrona-de-sevilla","status":"publish","type":"news","link":"https:\/\/www.solidaridadenfermera.org\/sevilla\/sala-prensa\/solidaridad-enfermera-sevilla-activa-el-voluntariado-en-el-hospital-de-valme-con-residentes-de-matrona-de-sevilla\/","title":{"rendered":"Solidaridad Enfermera Sevilla activa el voluntariado en el Hospital de Valme con residentes de Matrona de Sevilla"},"content":{"rendered":"\n<div class=\"wp-block-group container\"><div class=\"wp-block-group__inner-container is-layout-flow wp-block-group-is-layout-flow\">\n<p><\/p>\n<\/div><\/div>\n\n\n\n<p><strong>Vanessa Mata, coordinadora de Solidaridad Enfermera Sevilla,<\/strong>\u00a0activa el voluntariado con una sesi\u00f3n informativa a residentes de Matrona de la provincia de Sevilla en el Hospital Virgen de Valme.<\/p>\n\n\n\n<figure class=\"wp-block-image size-full\"><img loading=\"lazy\" decoding=\"async\" width=\"819\" height=\"1024\" src=\"https:\/\/www.solidaridadenfermera.org\/sevilla\/wp-content\/uploads\/sites\/78\/2025\/04\/Solidaridad-Enfermera-Valme-819x1024-1.png\" alt=\"\" class=\"wp-image-1703\" srcset=\"https:\/\/www.solidaridadenfermera.org\/sevilla\/wp-content\/uploads\/sites\/78\/2025\/04\/Solidaridad-Enfermera-Valme-819x1024-1.png 819w, https:\/\/www.solidaridadenfermera.org\/sevilla\/wp-content\/uploads\/sites\/78\/2025\/04\/Solidaridad-Enfermera-Valme-819x1024-1-240x300.png 240w, https:\/\/www.solidaridadenfermera.org\/sevilla\/wp-content\/uploads\/sites\/78\/2025\/04\/Solidaridad-Enfermera-Valme-819x1024-1-768x960.png 768w\" sizes=\"auto, (max-width: 819px) 100vw, 819px\" \/><\/figure>\n","protected":false},"excerpt":{"rendered":"<p>Vanessa Mata, coordinadora de Solidaridad Enfermera Sevilla,\u00a0activa el voluntariado con una sesi\u00f3n informativa a residentes de Matrona de la provincia de Sevilla en el Hospital Virgen de Valme.<\/p>\n","protected":false},"featured_media":1703,"template":"","news_category":[11],"news_tag":[131,127,132],"class_list":["post-1702","news","type-news","status-publish","has-post-thumbnail","hentry","news_category-noticias","news_tag-matronas","news_tag-sevilla","news_tag-voluntariado"],"yoast_head":"<!-- This site is optimized with the Yoast SEO plugin v27.0 - https:\/\/yoast.com\/product\/yoast-seo-wordpress\/ -->\n<title>Sevilla activa el voluntariado en el Hospital de Valme con residentes de Matrona<\/title>\n<meta name=\"description\" content=\"Vanessa Mata, coordinadora de Solidaridad Enfermera Sevilla,\u00a0activa el voluntariado con una sesi\u00f3n informativa a residentes de Matrona\" \/>\n<meta name=\"robots\" content=\"index, follow, max-snippet:-1, max-image-preview:large, max-video-preview:-1\" \/>\n<link rel=\"canonical\" href=\"https:\/\/www.solidaridadenfermera.org\/sevilla\/sala-prensa\/solidaridad-enfermera-sevilla-activa-el-voluntariado-en-el-hospital-de-valme-con-residentes-de-matrona-de-sevilla\/\" \/>\n<meta property=\"og:locale\" content=\"es_ES\" \/>\n<meta property=\"og:type\" content=\"article\" \/>\n<meta property=\"og:title\" content=\"Sevilla activa el voluntariado en el Hospital de Valme con residentes de Matrona\" \/>\n<meta property=\"og:description\" content=\"Vanessa Mata, coordinadora de Solidaridad Enfermera Sevilla,\u00a0activa el voluntariado con una sesi\u00f3n informativa a residentes de Matrona\" \/>\n<meta property=\"og:url\" content=\"https:\/\/www.solidaridadenfermera.org\/sevilla\/sala-prensa\/solidaridad-enfermera-sevilla-activa-el-voluntariado-en-el-hospital-de-valme-con-residentes-de-matrona-de-sevilla\/\" \/>\n<meta property=\"og:site_name\" content=\"Delegaci\u00f3n de Sevilla\" \/>\n<meta property=\"article:modified_time\" content=\"2025-04-07T14:28:34+00:00\" \/>\n<meta property=\"og:image\" content=\"https:\/\/www.solidaridadenfermera.org\/sevilla\/wp-content\/uploads\/sites\/78\/2025\/04\/Solidaridad-Enfermera-Valme-819x1024-1.png\" \/>\n\t<meta property=\"og:image:width\" content=\"819\" \/>\n\t<meta property=\"og:image:height\" content=\"1024\" \/>\n\t<meta property=\"og:image:type\" content=\"image\/png\" \/>\n<meta name=\"twitter:card\" content=\"summary_large_image\" \/>\n<meta name=\"twitter:label1\" content=\"Tiempo de lectura\" \/>\n\t<meta name=\"twitter:data1\" content=\"1 minuto\" \/>\n<script type=\"application\/ld+json\" class=\"yoast-schema-graph\">{\"@context\":\"https:\/\/schema.org\",\"@graph\":[{\"@type\":\"WebPage\",\"@id\":\"https:\/\/www.solidaridadenfermera.org\/sevilla\/sala-prensa\/solidaridad-enfermera-sevilla-activa-el-voluntariado-en-el-hospital-de-valme-con-residentes-de-matrona-de-sevilla\/\",\"url\":\"https:\/\/www.solidaridadenfermera.org\/sevilla\/sala-prensa\/solidaridad-enfermera-sevilla-activa-el-voluntariado-en-el-hospital-de-valme-con-residentes-de-matrona-de-sevilla\/\",\"name\":\"Sevilla activa el voluntariado en el Hospital de Valme con residentes de Matrona\",\"isPartOf\":{\"@id\":\"https:\/\/www.solidaridadenfermera.org\/sevilla\/#website\"},\"primaryImageOfPage\":{\"@id\":\"https:\/\/www.solidaridadenfermera.org\/sevilla\/sala-prensa\/solidaridad-enfermera-sevilla-activa-el-voluntariado-en-el-hospital-de-valme-con-residentes-de-matrona-de-sevilla\/#primaryimage\"},\"image\":{\"@id\":\"https:\/\/www.solidaridadenfermera.org\/sevilla\/sala-prensa\/solidaridad-enfermera-sevilla-activa-el-voluntariado-en-el-hospital-de-valme-con-residentes-de-matrona-de-sevilla\/#primaryimage\"},\"thumbnailUrl\":\"https:\/\/www.solidaridadenfermera.org\/sevilla\/wp-content\/uploads\/sites\/78\/2025\/04\/Solidaridad-Enfermera-Valme-819x1024-1.png\",\"datePublished\":\"2025-04-07T14:25:36+00:00\",\"dateModified\":\"2025-04-07T14:28:34+00:00\",\"description\":\"Vanessa Mata, coordinadora de Solidaridad Enfermera Sevilla,\u00a0activa el voluntariado con una sesi\u00f3n informativa a residentes de Matrona\",\"breadcrumb\":{\"@id\":\"https:\/\/www.solidaridadenfermera.org\/sevilla\/sala-prensa\/solidaridad-enfermera-sevilla-activa-el-voluntariado-en-el-hospital-de-valme-con-residentes-de-matrona-de-sevilla\/#breadcrumb\"},\"inLanguage\":\"es\",\"potentialAction\":[{\"@type\":\"ReadAction\",\"target\":[\"https:\/\/www.solidaridadenfermera.org\/sevilla\/sala-prensa\/solidaridad-enfermera-sevilla-activa-el-voluntariado-en-el-hospital-de-valme-con-residentes-de-matrona-de-sevilla\/\"]}]},{\"@type\":\"ImageObject\",\"inLanguage\":\"es\",\"@id\":\"https:\/\/www.solidaridadenfermera.org\/sevilla\/sala-prensa\/solidaridad-enfermera-sevilla-activa-el-voluntariado-en-el-hospital-de-valme-con-residentes-de-matrona-de-sevilla\/#primaryimage\",\"url\":\"https:\/\/www.solidaridadenfermera.org\/sevilla\/wp-content\/uploads\/sites\/78\/2025\/04\/Solidaridad-Enfermera-Valme-819x1024-1.png\",\"contentUrl\":\"https:\/\/www.solidaridadenfermera.org\/sevilla\/wp-content\/uploads\/sites\/78\/2025\/04\/Solidaridad-Enfermera-Valme-819x1024-1.png\",\"width\":819,\"height\":1024},{\"@type\":\"BreadcrumbList\",\"@id\":\"https:\/\/www.solidaridadenfermera.org\/sevilla\/sala-prensa\/solidaridad-enfermera-sevilla-activa-el-voluntariado-en-el-hospital-de-valme-con-residentes-de-matrona-de-sevilla\/#breadcrumb\",\"itemListElement\":[{\"@type\":\"ListItem\",\"position\":1,\"name\":\"Inicio\",\"item\":\"https:\/\/www.solidaridadenfermera.org\/sevilla\/\"},{\"@type\":\"ListItem\",\"position\":2,\"name\":\"Sala De Prensa\",\"item\":\"https:\/\/www.solidaridadenfermera.org\/sevilla\/sala-prensa\/\"},{\"@type\":\"ListItem\",\"position\":3,\"name\":\"Solidaridad Enfermera Sevilla activa el voluntariado en el Hospital de Valme con residentes de Matrona de Sevilla\"}]},{\"@type\":\"WebSite\",\"@id\":\"https:\/\/www.solidaridadenfermera.org\/sevilla\/#website\",\"url\":\"https:\/\/www.solidaridadenfermera.org\/sevilla\/\",\"name\":\"Delegaci\u00f3n de Sevilla\",\"description\":\"Consejo General de Enfermer\u00eda (CGE) es una organizaci\u00f3n profesional con m\u00e1s 100 a\u00f1os de historia, que en base a los fines y funciones que le atribuye su Estatuto Aprobado por Real Decreto 1231, de 8 de noviembre de 2001, se constituye como el referente para la profesi\u00f3n de enfermer\u00eda, representando a un colectivo de doscientos mil colegiados.\",\"publisher\":{\"@id\":\"https:\/\/www.solidaridadenfermera.org\/sevilla\/#organization\"},\"potentialAction\":[{\"@type\":\"SearchAction\",\"target\":{\"@type\":\"EntryPoint\",\"urlTemplate\":\"https:\/\/www.solidaridadenfermera.org\/sevilla\/?s={search_term_string}\"},\"query-input\":{\"@type\":\"PropertyValueSpecification\",\"valueRequired\":true,\"valueName\":\"search_term_string\"}}],\"inLanguage\":\"es\"},{\"@type\":\"Organization\",\"@id\":\"https:\/\/www.solidaridadenfermera.org\/sevilla\/#organization\",\"name\":\"Delegaci\u00f3n de Sevilla\",\"url\":\"https:\/\/www.solidaridadenfermera.org\/sevilla\/\",\"logo\":{\"@type\":\"ImageObject\",\"inLanguage\":\"es\",\"@id\":\"https:\/\/www.solidaridadenfermera.org\/sevilla\/#\/schema\/logo\/image\/\",\"url\":\"https:\/\/www.solidaridadenfermera.org\/sevilla\/wp-content\/uploads\/sites\/78\/2023\/09\/solidaridadenfermerasevilla.png\",\"contentUrl\":\"https:\/\/www.solidaridadenfermera.org\/sevilla\/wp-content\/uploads\/sites\/78\/2023\/09\/solidaridadenfermerasevilla.png\",\"width\":315,\"height\":458,\"caption\":\"Delegaci\u00f3n de Sevilla\"},\"image\":{\"@id\":\"https:\/\/www.solidaridadenfermera.org\/sevilla\/#\/schema\/logo\/image\/\"}}]}<\/script>\n<!-- \/ Yoast SEO plugin. -->","yoast_head_json":{"title":"Sevilla activa el voluntariado en el Hospital de Valme con residentes de Matrona","description":"Vanessa Mata, coordinadora de Solidaridad Enfermera Sevilla,\u00a0activa el voluntariado con una sesi\u00f3n informativa a residentes de Matrona","robots":{"index":"index","follow":"follow","max-snippet":"max-snippet:-1","max-image-preview":"max-image-preview:large","max-video-preview":"max-video-preview:-1"},"canonical":"https:\/\/www.solidaridadenfermera.org\/sevilla\/sala-prensa\/solidaridad-enfermera-sevilla-activa-el-voluntariado-en-el-hospital-de-valme-con-residentes-de-matrona-de-sevilla\/","og_locale":"es_ES","og_type":"article","og_title":"Sevilla activa el voluntariado en el Hospital de Valme con residentes de Matrona","og_description":"Vanessa Mata, coordinadora de Solidaridad Enfermera Sevilla,\u00a0activa el voluntariado con una sesi\u00f3n informativa a residentes de Matrona","og_url":"https:\/\/www.solidaridadenfermera.org\/sevilla\/sala-prensa\/solidaridad-enfermera-sevilla-activa-el-voluntariado-en-el-hospital-de-valme-con-residentes-de-matrona-de-sevilla\/","og_site_name":"Delegaci\u00f3n de Sevilla","article_modified_time":"2025-04-07T14:28:34+00:00","og_image":[{"width":819,"height":1024,"url":"https:\/\/www.solidaridadenfermera.org\/sevilla\/wp-content\/uploads\/sites\/78\/2025\/04\/Solidaridad-Enfermera-Valme-819x1024-1.png","type":"image\/png"}],"twitter_card":"summary_large_image","twitter_misc":{"Tiempo de lectura":"1 minuto"},"schema":{"@context":"https:\/\/schema.org","@graph":[{"@type":"WebPage","@id":"https:\/\/www.solidaridadenfermera.org\/sevilla\/sala-prensa\/solidaridad-enfermera-sevilla-activa-el-voluntariado-en-el-hospital-de-valme-con-residentes-de-matrona-de-sevilla\/","url":"https:\/\/www.solidaridadenfermera.org\/sevilla\/sala-prensa\/solidaridad-enfermera-sevilla-activa-el-voluntariado-en-el-hospital-de-valme-con-residentes-de-matrona-de-sevilla\/","name":"Sevilla activa el voluntariado en el Hospital de Valme con residentes de Matrona","isPartOf":{"@id":"https:\/\/www.solidaridadenfermera.org\/sevilla\/#website"},"primaryImageOfPage":{"@id":"https:\/\/www.solidaridadenfermera.org\/sevilla\/sala-prensa\/solidaridad-enfermera-sevilla-activa-el-voluntariado-en-el-hospital-de-valme-con-residentes-de-matrona-de-sevilla\/#primaryimage"},"image":{"@id":"https:\/\/www.solidaridadenfermera.org\/sevilla\/sala-prensa\/solidaridad-enfermera-sevilla-activa-el-voluntariado-en-el-hospital-de-valme-con-residentes-de-matrona-de-sevilla\/#primaryimage"},"thumbnailUrl":"https:\/\/www.solidaridadenfermera.org\/sevilla\/wp-content\/uploads\/sites\/78\/2025\/04\/Solidaridad-Enfermera-Valme-819x1024-1.png","datePublished":"2025-04-07T14:25:36+00:00","dateModified":"2025-04-07T14:28:34+00:00","description":"Vanessa Mata, coordinadora de Solidaridad Enfermera Sevilla,\u00a0activa el voluntariado con una sesi\u00f3n informativa a residentes de Matrona","breadcrumb":{"@id":"https:\/\/www.solidaridadenfermera.org\/sevilla\/sala-prensa\/solidaridad-enfermera-sevilla-activa-el-voluntariado-en-el-hospital-de-valme-con-residentes-de-matrona-de-sevilla\/#breadcrumb"},"inLanguage":"es","potentialAction":[{"@type":"ReadAction","target":["https:\/\/www.solidaridadenfermera.org\/sevilla\/sala-prensa\/solidaridad-enfermera-sevilla-activa-el-voluntariado-en-el-hospital-de-valme-con-residentes-de-matrona-de-sevilla\/"]}]},{"@type":"ImageObject","inLanguage":"es","@id":"https:\/\/www.solidaridadenfermera.org\/sevilla\/sala-prensa\/solidaridad-enfermera-sevilla-activa-el-voluntariado-en-el-hospital-de-valme-con-residentes-de-matrona-de-sevilla\/#primaryimage","url":"https:\/\/www.solidaridadenfermera.org\/sevilla\/wp-content\/uploads\/sites\/78\/2025\/04\/Solidaridad-Enfermera-Valme-819x1024-1.png","contentUrl":"https:\/\/www.solidaridadenfermera.org\/sevilla\/wp-content\/uploads\/sites\/78\/2025\/04\/Solidaridad-Enfermera-Valme-819x1024-1.png","width":819,"height":1024},{"@type":"BreadcrumbList","@id":"https:\/\/www.solidaridadenfermera.org\/sevilla\/sala-prensa\/solidaridad-enfermera-sevilla-activa-el-voluntariado-en-el-hospital-de-valme-con-residentes-de-matrona-de-sevilla\/#breadcrumb","itemListElement":[{"@type":"ListItem","position":1,"name":"Inicio","item":"https:\/\/www.solidaridadenfermera.org\/sevilla\/"},{"@type":"ListItem","position":2,"name":"Sala De Prensa","item":"https:\/\/www.solidaridadenfermera.org\/sevilla\/sala-prensa\/"},{"@type":"ListItem","position":3,"name":"Solidaridad Enfermera Sevilla activa el voluntariado en el Hospital de Valme con residentes de Matrona de Sevilla"}]},{"@type":"WebSite","@id":"https:\/\/www.solidaridadenfermera.org\/sevilla\/#website","url":"https:\/\/www.solidaridadenfermera.org\/sevilla\/","name":"Delegaci\u00f3n de Sevilla","description":"Consejo General de Enfermer\u00eda (CGE) es una organizaci\u00f3n profesional con m\u00e1s 100 a\u00f1os de historia, que en base a los fines y funciones que le atribuye su Estatuto Aprobado por Real Decreto 1231, de 8 de noviembre de 2001, se constituye como el referente para la profesi\u00f3n de enfermer\u00eda, representando a un colectivo de doscientos mil colegiados.","publisher":{"@id":"https:\/\/www.solidaridadenfermera.org\/sevilla\/#organization"},"potentialAction":[{"@type":"SearchAction","target":{"@type":"EntryPoint","urlTemplate":"https:\/\/www.solidaridadenfermera.org\/sevilla\/?s={search_term_string}"},"query-input":{"@type":"PropertyValueSpecification","valueRequired":true,"valueName":"search_term_string"}}],"inLanguage":"es"},{"@type":"Organization","@id":"https:\/\/www.solidaridadenfermera.org\/sevilla\/#organization","name":"Delegaci\u00f3n de Sevilla","url":"https:\/\/www.solidaridadenfermera.org\/sevilla\/","logo":{"@type":"ImageObject","inLanguage":"es","@id":"https:\/\/www.solidaridadenfermera.org\/sevilla\/#\/schema\/logo\/image\/","url":"https:\/\/www.solidaridadenfermera.org\/sevilla\/wp-content\/uploads\/sites\/78\/2023\/09\/solidaridadenfermerasevilla.png","contentUrl":"https:\/\/www.solidaridadenfermera.org\/sevilla\/wp-content\/uploads\/sites\/78\/2023\/09\/solidaridadenfermerasevilla.png","width":315,"height":458,"caption":"Delegaci\u00f3n de Sevilla"},"image":{"@id":"https:\/\/www.solidaridadenfermera.org\/sevilla\/#\/schema\/logo\/image\/"}}]}},"_links":{"self":[{"href":"https:\/\/www.solidaridadenfermera.org\/sevilla\/wp-json\/wp\/v2\/news\/1702","targetHints":{"allow":["GET"]}}],"collection":[{"href":"https:\/\/www.solidaridadenfermera.org\/sevilla\/wp-json\/wp\/v2\/news"}],"about":[{"href":"https:\/\/www.solidaridadenfermera.org\/sevilla\/wp-json\/wp\/v2\/types\/news"}],"wp:featuredmedia":[{"embeddable":true,"href":"https:\/\/www.solidaridadenfermera.org\/sevilla\/wp-json\/wp\/v2\/media\/1703"}],"wp:attachment":[{"href":"https:\/\/www.solidaridadenfermera.org\/sevilla\/wp-json\/wp\/v2\/media?parent=1702"}],"wp:term":[{"taxonomy":"news_category","embeddable":true,"href":"https:\/\/www.solidaridadenfermera.org\/sevilla\/wp-json\/wp\/v2\/news_category?post=1702"},{"taxonomy":"news_tag","embeddable":true,"href":"https:\/\/www.solidaridadenfermera.org\/sevilla\/wp-json\/wp\/v2\/news_tag?post=1702"}],"curies":[{"name":"wp","href":"https:\/\/api.w.org\/{rel}","templated":true}]}}