{"id":1685,"date":"2025-02-04T08:02:31","date_gmt":"2025-02-04T07:02:31","guid":{"rendered":"https:\/\/www.solidaridadenfermera.org\/sevilla\/?post_type=news&#038;p=1685"},"modified":"2025-02-06T12:18:11","modified_gmt":"2025-02-06T11:18:11","slug":"el-colegio-de-enfermeria-de-sevilla-celebran-las-ii-jornadas-para-concienciar-sobre-la-mutilacion-genital-femenina","status":"publish","type":"news","link":"https:\/\/www.solidaridadenfermera.org\/sevilla\/sala-prensa\/el-colegio-de-enfermeria-de-sevilla-celebran-las-ii-jornadas-para-concienciar-sobre-la-mutilacion-genital-femenina\/","title":{"rendered":"El Colegio de Enfermer\u00eda de Sevilla celebra las II Jornadas para concienciar sobre la Mutilaci\u00f3n Genital Femenina"},"content":{"rendered":"\n<div class=\"wp-block-cge-blocks-news-content-nested-related container\">\n<div style=\"height:50px\" aria-hidden=\"true\" class=\"wp-block-spacer\"><\/div>\n\n\n\n<h1 class=\"wp-block-heading has-text-align-center\">El Colegio de Enfermer\u00eda de Sevilla celebran las II Jornadas para concienciar sobre la mutilaci\u00f3n genital femenina<\/h1>\n\n\n\n<div style=\"height:50px\" aria-hidden=\"true\" class=\"wp-block-spacer\"><\/div>\n\n\n\n<p>Sevilla. 4 de febrero de 2025.<\/p>\n\n\n\n<p>REDACCI\u00d3N.- Con motivo del<strong> D\u00eda Internacional de de Tolerancia CERO hacia la Mutilaci\u00f3n Genital Femenina<\/strong>, desde el Colegio de Enfermer\u00eda de Sevilla (ICOES), buscan sensibilizar y formar a los profesionales sanitarios para poder detectar casos de mutilaci\u00f3n genital femenina y poder acompa\u00f1ar a estas mujeres de la forma m\u00e1s humana y profesional posible, as\u00ed como activar los sistemas de derivaci\u00f3n necesarios con otras entidades que trabajan con mujeres que has sufrido esta pr\u00e1ctica.<\/p>\n\n\n\n<p>De esta manera, el 6 de febrero se celebra la II Jornada Tolerancia CERO con la Mutilaci\u00f3n Genital Femenina, que contar\u00e1 con diferentes ponencias y mesas redondas para abordar esta problem\u00e1tica desde el punto de vista de la enfermer\u00eda.<\/p>\n\n\n\n<ul class=\"wp-block-list\">\n<li><a href=\"https:\/\/colegioenfermeriasevilla.es\/wp-content\/uploads\/2025\/01\/PROGRAMA_IIJornadaMGF-1.pdf\">Consulta aqu\u00ed el programa completo de las jornadas<\/a><\/li>\n<\/ul>\n\n\n\n<p>M\u00e1s de <strong>230 millones de ni\u00f1as y mujeres vivas actualmente han sufrido mutilaci\u00f3n genital femenina<\/strong>. Las estimaciones actualizadas a nivel mundial revelan un aumento del 15% en el n\u00famero total de supervivientes \u2013esto es, 30 millones de ni\u00f1as y mujeres m\u00e1s\u2013 en comparaci\u00f3n con los datos publicados hace ocho a\u00f1os, seg\u00fan datos de Unicef del a\u00f1o 2024.<\/p>\n\n\n\n<p><\/p>\n\n\n\n<h3 class=\"wp-block-heading\">M\u00e1s de 200 millones de mujeres afectadas<\/h3>\n\n\n\n<p>As\u00ed se reconoce la Mutilaci\u00f3n Genital Femenina (MGF) en la esfera internacional, con graves implicaciones sanitarias y psicosociales: viola los derechos de mujeres y ni\u00f1as a la integridad f\u00edsica y psicol\u00f3gica, <strong>afectando directamente a su salud sexual <\/strong>y reproductiva, perpetuando las desigualdades de g\u00e9nero. Con los movimientos migratorios, lo que un d\u00eda fue local, hoy es global, y la pr\u00e1ctica est\u00e1 en di\u00e1spora a nivel mundial (Europa, Estados Unidos de Am\u00e9rica, Australia, entre otros)<\/p>\n\n\n\n<p>A nivel oficial en Espa\u00f1a, la <strong>violencia de g\u00e9nero <\/strong>es definida como \u201ctodo acto de violencia f\u00edsica y psicol\u00f3gica, incluidas las agresiones a la libertad sexual, las amenazas, las coacciones o la privaci\u00f3n arbitraria de la libertad\u201d (Ley Org\u00e1nica 1\/2004). La ley tambi\u00e9n especifica que este tipo de violencia es una manifestaci\u00f3n de la desigualdad y las relaciones de poder.<\/p>\n\n\n\n<p>El informe&nbsp;<em>Female Genital Mutilation: A Global Concern (\u201cLa mutilaci\u00f3n genital femenina: una preocupaci\u00f3n mundial\u201d)<\/em>&nbsp;es una recopilaci\u00f3n de las estad\u00edsticas m\u00e1s recientes sobre esta pr\u00e1ctica, que viola los derechos humanos de las ni\u00f1as y las mujeres y <strong>puede dejar secuelas f\u00edsicas, psicol\u00f3gicas y sociales de por vida<\/strong>. Seg\u00fan el informe, el mayor n\u00famero de casos se da en los pa\u00edses africanos (144 millones), seguidos de Asia (80 millones) y Oriente Medio (seis millones). Adem\u00e1s, se calcula que hay m\u00e1s casos en peque\u00f1as comunidades que la practican y en pa\u00edses destinatarios de poblaci\u00f3n migrante en otras regiones del mundo.<\/p>\n<\/div>\n\n\n\n<div class=\"wp-block-cge-blocks-nested-related undefined row-nested-news\"><div class=\"container\">\n<h2 class=\"wp-block-heading\">Noticias relacionadas<\/h2>\n\n\n<div class=\"row\">\n\n\t\n\t\t\n            <div class=\"col-lg-3 view-cards\">\n                <a href=\"https:\/\/www.solidaridadenfermera.org\/sevilla\/sala-prensa\/solidaridad-enfermera-sevilla-organiza-la-iii-jornada-tolerancia-cero-con-la-mutilacion-genital-femenina-este-18-de-febrero\/\">\n                    <div class=\"card h-100\">\n                        <div class=\"image\">\n                            <div class=\"inner\">\n                                                                    <div class=\"card-image\"\n                                         style=\"background-image:url(https:\/\/www.solidaridadenfermera.org\/sevilla\/wp-content\/uploads\/sites\/78\/2026\/01\/III-Jornada-MGF-1.png);background-repeat: no-repeat;background-position: center;border-radius:18px\">\n                                        &nbsp;\n                                    <\/div>\n                                                            <\/div>\n                        <\/div>\n\n                        <div class=\"content\">\n                            <div class=\"date\">\n                                <p><i class=\"far fa-calendar\" style=\"color: var(--color-primary);\"><\/i>20 de enero de 2026<\/p>\n                            <\/div>\n                            <div class=\"news-title\">\n                                <h3 class=\"title\">Solidaridad Enfermera Sevilla organiza la III Jornada \u2018Tolerancia CERO con la Mutilaci\u00f3n Genital Femenina\u2019, este&hellip;<\/h3>\n                            <\/div>\n                            <p class=\"news-p\" style=\"\">SEVILLA. 20 de enero de 2026.- La ONG del ICOES,&nbsp;Solidaridad Enfermera Sevilla, celebra ese 18 de febrero la&nbsp;III Jornada Tolerancia Cero con la Mutilaci\u00f3n Genital Femenina&nbsp;dedicada a dar visibilidad a&hellip;<\/p>\n                        <\/div>\n                    <\/div>\n                <\/a>\n            <\/div>\n\n    \t    \n\t\t\n            <div class=\"col-lg-3 view-cards\">\n                <a href=\"https:\/\/www.solidaridadenfermera.org\/sevilla\/sala-prensa\/icoes-solidaridad-asi-fue-jornada-voluntariado\/\">\n                    <div class=\"card h-100\">\n                        <div class=\"image\">\n                            <div class=\"inner\">\n                                                                    <div class=\"card-image\"\n                                         style=\"background-image:url(https:\/\/www.solidaridadenfermera.org\/sevilla\/wp-content\/uploads\/sites\/78\/2026\/01\/28.jpeg);background-repeat: no-repeat;background-position: center;border-radius:18px\">\n                                        &nbsp;\n                                    <\/div>\n                                                            <\/div>\n                        <\/div>\n\n                        <div class=\"content\">\n                            <div class=\"date\">\n                                <p><i class=\"far fa-calendar\" style=\"color: var(--color-primary);\"><\/i>31 de octubre de 2025<\/p>\n                            <\/div>\n                            <div class=\"news-title\">\n                                <h3 class=\"title\">As\u00ed fue la II Jornada de Voluntariado en Acci\u00f3n Social y Cooperaci\u00f3n Internacional del ICOES&hellip;<\/h3>\n                            <\/div>\n                            <p class=\"news-p\" style=\"\">SEVILLA. 30 de octubre de 2025.- Solidaridad Enfermera Sevilla, en colaboraci\u00f3n con el Ilustre Colegio Oficial de Enfermer\u00eda de Sevilla (ICOES), ha organizado las\u00a0II Jornadas de Voluntariado en Acci\u00f3n Social&hellip;<\/p>\n                        <\/div>\n                    <\/div>\n                <\/a>\n            <\/div>\n\n    \t    \n\t\t\n            <div class=\"col-lg-3 view-cards\">\n                <a href=\"https:\/\/www.solidaridadenfermera.org\/sevilla\/sala-prensa\/el-icoes-y-solidaridad-enfermera-celebran-las-ii-jornadas-de-voluntariado-en-accion-social-y-cooperacion-internacional-2\/\">\n                    <div class=\"card h-100\">\n                        <div class=\"image\">\n                            <div class=\"inner\">\n                                                                    <div class=\"card-image\"\n                                         style=\"background-image:url(https:\/\/www.solidaridadenfermera.org\/sevilla\/wp-content\/uploads\/sites\/78\/2025\/10\/solidaridadicoes.jpg);background-repeat: no-repeat;background-position: center;border-radius:18px\">\n                                        &nbsp;\n                                    <\/div>\n                                                            <\/div>\n                        <\/div>\n\n                        <div class=\"content\">\n                            <div class=\"date\">\n                                <p><i class=\"far fa-calendar\" style=\"color: var(--color-primary);\"><\/i>10 de octubre de 2025<\/p>\n                            <\/div>\n                            <div class=\"news-title\">\n                                <h3 class=\"title\">El ICOES y Solidaridad Enfermera celebran las II Jornadas de Voluntariado en Acci\u00f3n Social y&hellip;<\/h3>\n                            <\/div>\n                            <p class=\"news-p\" style=\"\">SEVILLA. 3 de octubre de 2025.- Solidaridad Enfermera Sevilla, en colaboraci\u00f3n con el Ilustre Colegio Oficial de Enfermer\u00eda de Sevilla (ICOES), organiza las\u00a0II Jornadas de Voluntariado en Acci\u00f3n Social y&hellip;<\/p>\n                        <\/div>\n                    <\/div>\n                <\/a>\n            <\/div>\n\n    \t    \n\t\t\n            <div class=\"col-lg-3 view-cards\">\n                <a href=\"https:\/\/www.solidaridadenfermera.org\/sevilla\/sala-prensa\/medicus-mundi-y-farmamundi-estrenan-en-sevilla-la-exposicion-saludemia-en-el-icoes\/\">\n                    <div class=\"card h-100\">\n                        <div class=\"image\">\n                            <div class=\"inner\">\n                                                                    <div class=\"card-image\"\n                                         style=\"background-image:url(https:\/\/www.solidaridadenfermera.org\/sevilla\/wp-content\/uploads\/sites\/78\/2025\/06\/medicusmundi.jpeg);background-repeat: no-repeat;background-position: center;border-radius:18px\">\n                                        &nbsp;\n                                    <\/div>\n                                                            <\/div>\n                        <\/div>\n\n                        <div class=\"content\">\n                            <div class=\"date\">\n                                <p><i class=\"far fa-calendar\" style=\"color: var(--color-primary);\"><\/i>17 de junio de 2025<\/p>\n                            <\/div>\n                            <div class=\"news-title\">\n                                <h3 class=\"title\">Medicus Mundi y Farmamundi estrenan en Sevilla la exposici\u00f3n \u2018Saludemia\u2019, en el ICOES<\/h3>\n                            <\/div>\n                            <p class=\"news-p\" style=\"\">Sevilla. 11 de junio de 2025.- Medicus Mundi&nbsp;y&nbsp;Farmamundi&nbsp;estrenan en Sevilla la exposici\u00f3n itinerante&nbsp;Saludemia. \u00abLa muestra es una recopilaci\u00f3n de diez buenas pr\u00e1cticas de Cooperaci\u00f3n Internacional y Acci\u00f3n Humanitaria en Salud\u00bb,&hellip;<\/p>\n                        <\/div>\n                    <\/div>\n                <\/a>\n            <\/div>\n\n    \t        <div class=\"see-more\">\n        <a href=\"https:\/\/www.solidaridadenfermera.org\/sevilla\/sala-prensa\/\">Ver todas las noticias<\/a>\n        <\/div>\n<\/div> <!-- Close row -->\n\n<!--<div class=\"related-content-parent related-posts-content\" itemscope itemtype=\"http:\/\/schema.org\/NewsArticle\">-->\n<!--\t<div class=\"related-row related-news\">-->\n<!--\t\t--><!--\t\t\t<div class=\"item\" itemscope itemtype=\"http:\/\/schema.org\/Article\">-->\n<!---->\n<!--\t\t\t\t--><!--\t\t\t\t<div class=\"image --><!--\">-->\n<!--\t\t\t\t\t--><!--\t\t\t\t<\/div>-->\n<!--\t\t\t\t<div class=\"content\">-->\n<!--\t\t\t\t\t<h3>-->\n<!--\t\t\t\t\t\t<a href=\"--><!--\" title=\"--><!--\" itemprop=\"alternativeHeadline\">-->\n<!--\t\t\t\t\t\t--><!--<\/h3>-->\n<!--\t\t\t\t\t<\/a>-->\n<!--\t\t\t\t\t--><!--\t\t\t\t\t\t<p itemprop=\"backstory\">-->\n<!--\t\t\t\t\t\t\t--><!--\t\t\t\t\t\t<\/p>-->\n<!--\t\t\t\t\t--><!---->\n<!--\t\t\t\t\t<a href=\"--><!--\" title=\"--><!--\" class=\"arrow\">-->\n<!--\t\t\t\t\t\t<i class=\"icon-arrow-pointing-to-right\"><\/i>-->\n<!--\t\t\t\t\t<\/a>-->\n<!--\t\t\t\t<\/div>-->\n<!---->\n<!--\t\t\t<\/div>-->\n<!--\t\t--><!---->\n<!--\t\t--><!--\t<\/div>-->\n<!--\t<div class=\"see-more\">-->\n<!--\t\t<a href=\"--><!--\">--><!--<\/a>-->\n<!--\t<\/div>-->\n<!--<\/div>-->\n<\/div><\/div>\n","protected":false},"excerpt":{"rendered":"","protected":false},"featured_media":1686,"template":"","news_category":[11,57],"news_tag":[16,129,130],"class_list":["post-1685","news","type-news","status-publish","has-post-thumbnail","hentry","news_category-noticias","news_category-noticias-en","news_tag-enfermeria","news_tag-icoes","news_tag-mutilacion-genital-femenina"],"yoast_head":"<!-- This site is optimized with the Yoast SEO plugin v27.0 - https:\/\/yoast.com\/product\/yoast-seo-wordpress\/ -->\n<title>El Colegio de Enfermer\u00eda de Sevilla celebra las II Jornadas para concienciar sobre la Mutilaci\u00f3n Genital Femenina - Delegaci\u00f3n de Sevilla<\/title>\n<meta name=\"robots\" content=\"index, follow, max-snippet:-1, max-image-preview:large, max-video-preview:-1\" \/>\n<link rel=\"canonical\" href=\"https:\/\/www.solidaridadenfermera.org\/sevilla\/sala-prensa\/el-colegio-de-enfermeria-de-sevilla-celebran-las-ii-jornadas-para-concienciar-sobre-la-mutilacion-genital-femenina\/\" \/>\n<meta property=\"og:locale\" content=\"es_ES\" \/>\n<meta property=\"og:type\" content=\"article\" \/>\n<meta property=\"og:title\" content=\"El Colegio de Enfermer\u00eda de Sevilla celebra las II Jornadas para concienciar sobre la Mutilaci\u00f3n Genital Femenina - Delegaci\u00f3n de Sevilla\" \/>\n<meta property=\"og:url\" content=\"https:\/\/www.solidaridadenfermera.org\/sevilla\/sala-prensa\/el-colegio-de-enfermeria-de-sevilla-celebran-las-ii-jornadas-para-concienciar-sobre-la-mutilacion-genital-femenina\/\" \/>\n<meta property=\"og:site_name\" content=\"Delegaci\u00f3n de Sevilla\" \/>\n<meta property=\"article:modified_time\" content=\"2025-02-06T11:18:11+00:00\" \/>\n<meta property=\"og:image\" content=\"https:\/\/www.solidaridadenfermera.org\/sevilla\/wp-content\/uploads\/sites\/78\/2025\/02\/Captura.jpg\" \/>\n\t<meta property=\"og:image:width\" content=\"1338\" \/>\n\t<meta property=\"og:image:height\" content=\"639\" \/>\n\t<meta property=\"og:image:type\" content=\"image\/jpeg\" \/>\n<meta name=\"twitter:card\" content=\"summary_large_image\" \/>\n<meta name=\"twitter:label1\" content=\"Tiempo de lectura\" \/>\n\t<meta name=\"twitter:data1\" content=\"3 minutos\" \/>\n<script type=\"application\/ld+json\" class=\"yoast-schema-graph\">{\"@context\":\"https:\/\/schema.org\",\"@graph\":[{\"@type\":\"WebPage\",\"@id\":\"https:\/\/www.solidaridadenfermera.org\/sevilla\/sala-prensa\/el-colegio-de-enfermeria-de-sevilla-celebran-las-ii-jornadas-para-concienciar-sobre-la-mutilacion-genital-femenina\/\",\"url\":\"https:\/\/www.solidaridadenfermera.org\/sevilla\/sala-prensa\/el-colegio-de-enfermeria-de-sevilla-celebran-las-ii-jornadas-para-concienciar-sobre-la-mutilacion-genital-femenina\/\",\"name\":\"El Colegio de Enfermer\u00eda de Sevilla celebra las II Jornadas para concienciar sobre la Mutilaci\u00f3n Genital Femenina - Delegaci\u00f3n de Sevilla\",\"isPartOf\":{\"@id\":\"https:\/\/www.solidaridadenfermera.org\/sevilla\/#website\"},\"primaryImageOfPage\":{\"@id\":\"https:\/\/www.solidaridadenfermera.org\/sevilla\/sala-prensa\/el-colegio-de-enfermeria-de-sevilla-celebran-las-ii-jornadas-para-concienciar-sobre-la-mutilacion-genital-femenina\/#primaryimage\"},\"image\":{\"@id\":\"https:\/\/www.solidaridadenfermera.org\/sevilla\/sala-prensa\/el-colegio-de-enfermeria-de-sevilla-celebran-las-ii-jornadas-para-concienciar-sobre-la-mutilacion-genital-femenina\/#primaryimage\"},\"thumbnailUrl\":\"https:\/\/www.solidaridadenfermera.org\/sevilla\/wp-content\/uploads\/sites\/78\/2025\/02\/Captura.jpg\",\"datePublished\":\"2025-02-04T07:02:31+00:00\",\"dateModified\":\"2025-02-06T11:18:11+00:00\",\"breadcrumb\":{\"@id\":\"https:\/\/www.solidaridadenfermera.org\/sevilla\/sala-prensa\/el-colegio-de-enfermeria-de-sevilla-celebran-las-ii-jornadas-para-concienciar-sobre-la-mutilacion-genital-femenina\/#breadcrumb\"},\"inLanguage\":\"es\",\"potentialAction\":[{\"@type\":\"ReadAction\",\"target\":[\"https:\/\/www.solidaridadenfermera.org\/sevilla\/sala-prensa\/el-colegio-de-enfermeria-de-sevilla-celebran-las-ii-jornadas-para-concienciar-sobre-la-mutilacion-genital-femenina\/\"]}]},{\"@type\":\"ImageObject\",\"inLanguage\":\"es\",\"@id\":\"https:\/\/www.solidaridadenfermera.org\/sevilla\/sala-prensa\/el-colegio-de-enfermeria-de-sevilla-celebran-las-ii-jornadas-para-concienciar-sobre-la-mutilacion-genital-femenina\/#primaryimage\",\"url\":\"https:\/\/www.solidaridadenfermera.org\/sevilla\/wp-content\/uploads\/sites\/78\/2025\/02\/Captura.jpg\",\"contentUrl\":\"https:\/\/www.solidaridadenfermera.org\/sevilla\/wp-content\/uploads\/sites\/78\/2025\/02\/Captura.jpg\",\"width\":1338,\"height\":639},{\"@type\":\"BreadcrumbList\",\"@id\":\"https:\/\/www.solidaridadenfermera.org\/sevilla\/sala-prensa\/el-colegio-de-enfermeria-de-sevilla-celebran-las-ii-jornadas-para-concienciar-sobre-la-mutilacion-genital-femenina\/#breadcrumb\",\"itemListElement\":[{\"@type\":\"ListItem\",\"position\":1,\"name\":\"Inicio\",\"item\":\"https:\/\/www.solidaridadenfermera.org\/sevilla\/\"},{\"@type\":\"ListItem\",\"position\":2,\"name\":\"Sala De Prensa\",\"item\":\"https:\/\/www.solidaridadenfermera.org\/sevilla\/sala-prensa\/\"},{\"@type\":\"ListItem\",\"position\":3,\"name\":\"El Colegio de Enfermer\u00eda de Sevilla celebra las II Jornadas para concienciar sobre la Mutilaci\u00f3n Genital Femenina\"}]},{\"@type\":\"WebSite\",\"@id\":\"https:\/\/www.solidaridadenfermera.org\/sevilla\/#website\",\"url\":\"https:\/\/www.solidaridadenfermera.org\/sevilla\/\",\"name\":\"Delegaci\u00f3n de Sevilla\",\"description\":\"Consejo General de Enfermer\u00eda (CGE) es una organizaci\u00f3n profesional con m\u00e1s 100 a\u00f1os de historia, que en base a los fines y funciones que le atribuye su Estatuto Aprobado por Real Decreto 1231, de 8 de noviembre de 2001, se constituye como el referente para la profesi\u00f3n de enfermer\u00eda, representando a un colectivo de doscientos mil colegiados.\",\"publisher\":{\"@id\":\"https:\/\/www.solidaridadenfermera.org\/sevilla\/#organization\"},\"potentialAction\":[{\"@type\":\"SearchAction\",\"target\":{\"@type\":\"EntryPoint\",\"urlTemplate\":\"https:\/\/www.solidaridadenfermera.org\/sevilla\/?s={search_term_string}\"},\"query-input\":{\"@type\":\"PropertyValueSpecification\",\"valueRequired\":true,\"valueName\":\"search_term_string\"}}],\"inLanguage\":\"es\"},{\"@type\":\"Organization\",\"@id\":\"https:\/\/www.solidaridadenfermera.org\/sevilla\/#organization\",\"name\":\"Delegaci\u00f3n de Sevilla\",\"url\":\"https:\/\/www.solidaridadenfermera.org\/sevilla\/\",\"logo\":{\"@type\":\"ImageObject\",\"inLanguage\":\"es\",\"@id\":\"https:\/\/www.solidaridadenfermera.org\/sevilla\/#\/schema\/logo\/image\/\",\"url\":\"https:\/\/www.solidaridadenfermera.org\/sevilla\/wp-content\/uploads\/sites\/78\/2023\/09\/solidaridadenfermerasevilla.png\",\"contentUrl\":\"https:\/\/www.solidaridadenfermera.org\/sevilla\/wp-content\/uploads\/sites\/78\/2023\/09\/solidaridadenfermerasevilla.png\",\"width\":315,\"height\":458,\"caption\":\"Delegaci\u00f3n de Sevilla\"},\"image\":{\"@id\":\"https:\/\/www.solidaridadenfermera.org\/sevilla\/#\/schema\/logo\/image\/\"}}]}<\/script>\n<!-- \/ Yoast SEO plugin. -->","yoast_head_json":{"title":"El Colegio de Enfermer\u00eda de Sevilla celebra las II Jornadas para concienciar sobre la Mutilaci\u00f3n Genital Femenina - Delegaci\u00f3n de Sevilla","robots":{"index":"index","follow":"follow","max-snippet":"max-snippet:-1","max-image-preview":"max-image-preview:large","max-video-preview":"max-video-preview:-1"},"canonical":"https:\/\/www.solidaridadenfermera.org\/sevilla\/sala-prensa\/el-colegio-de-enfermeria-de-sevilla-celebran-las-ii-jornadas-para-concienciar-sobre-la-mutilacion-genital-femenina\/","og_locale":"es_ES","og_type":"article","og_title":"El Colegio de Enfermer\u00eda de Sevilla celebra las II Jornadas para concienciar sobre la Mutilaci\u00f3n Genital Femenina - Delegaci\u00f3n de Sevilla","og_url":"https:\/\/www.solidaridadenfermera.org\/sevilla\/sala-prensa\/el-colegio-de-enfermeria-de-sevilla-celebran-las-ii-jornadas-para-concienciar-sobre-la-mutilacion-genital-femenina\/","og_site_name":"Delegaci\u00f3n de Sevilla","article_modified_time":"2025-02-06T11:18:11+00:00","og_image":[{"width":1338,"height":639,"url":"https:\/\/www.solidaridadenfermera.org\/sevilla\/wp-content\/uploads\/sites\/78\/2025\/02\/Captura.jpg","type":"image\/jpeg"}],"twitter_card":"summary_large_image","twitter_misc":{"Tiempo de lectura":"3 minutos"},"schema":{"@context":"https:\/\/schema.org","@graph":[{"@type":"WebPage","@id":"https:\/\/www.solidaridadenfermera.org\/sevilla\/sala-prensa\/el-colegio-de-enfermeria-de-sevilla-celebran-las-ii-jornadas-para-concienciar-sobre-la-mutilacion-genital-femenina\/","url":"https:\/\/www.solidaridadenfermera.org\/sevilla\/sala-prensa\/el-colegio-de-enfermeria-de-sevilla-celebran-las-ii-jornadas-para-concienciar-sobre-la-mutilacion-genital-femenina\/","name":"El Colegio de Enfermer\u00eda de Sevilla celebra las II Jornadas para concienciar sobre la Mutilaci\u00f3n Genital Femenina - Delegaci\u00f3n de Sevilla","isPartOf":{"@id":"https:\/\/www.solidaridadenfermera.org\/sevilla\/#website"},"primaryImageOfPage":{"@id":"https:\/\/www.solidaridadenfermera.org\/sevilla\/sala-prensa\/el-colegio-de-enfermeria-de-sevilla-celebran-las-ii-jornadas-para-concienciar-sobre-la-mutilacion-genital-femenina\/#primaryimage"},"image":{"@id":"https:\/\/www.solidaridadenfermera.org\/sevilla\/sala-prensa\/el-colegio-de-enfermeria-de-sevilla-celebran-las-ii-jornadas-para-concienciar-sobre-la-mutilacion-genital-femenina\/#primaryimage"},"thumbnailUrl":"https:\/\/www.solidaridadenfermera.org\/sevilla\/wp-content\/uploads\/sites\/78\/2025\/02\/Captura.jpg","datePublished":"2025-02-04T07:02:31+00:00","dateModified":"2025-02-06T11:18:11+00:00","breadcrumb":{"@id":"https:\/\/www.solidaridadenfermera.org\/sevilla\/sala-prensa\/el-colegio-de-enfermeria-de-sevilla-celebran-las-ii-jornadas-para-concienciar-sobre-la-mutilacion-genital-femenina\/#breadcrumb"},"inLanguage":"es","potentialAction":[{"@type":"ReadAction","target":["https:\/\/www.solidaridadenfermera.org\/sevilla\/sala-prensa\/el-colegio-de-enfermeria-de-sevilla-celebran-las-ii-jornadas-para-concienciar-sobre-la-mutilacion-genital-femenina\/"]}]},{"@type":"ImageObject","inLanguage":"es","@id":"https:\/\/www.solidaridadenfermera.org\/sevilla\/sala-prensa\/el-colegio-de-enfermeria-de-sevilla-celebran-las-ii-jornadas-para-concienciar-sobre-la-mutilacion-genital-femenina\/#primaryimage","url":"https:\/\/www.solidaridadenfermera.org\/sevilla\/wp-content\/uploads\/sites\/78\/2025\/02\/Captura.jpg","contentUrl":"https:\/\/www.solidaridadenfermera.org\/sevilla\/wp-content\/uploads\/sites\/78\/2025\/02\/Captura.jpg","width":1338,"height":639},{"@type":"BreadcrumbList","@id":"https:\/\/www.solidaridadenfermera.org\/sevilla\/sala-prensa\/el-colegio-de-enfermeria-de-sevilla-celebran-las-ii-jornadas-para-concienciar-sobre-la-mutilacion-genital-femenina\/#breadcrumb","itemListElement":[{"@type":"ListItem","position":1,"name":"Inicio","item":"https:\/\/www.solidaridadenfermera.org\/sevilla\/"},{"@type":"ListItem","position":2,"name":"Sala De Prensa","item":"https:\/\/www.solidaridadenfermera.org\/sevilla\/sala-prensa\/"},{"@type":"ListItem","position":3,"name":"El Colegio de Enfermer\u00eda de Sevilla celebra las II Jornadas para concienciar sobre la Mutilaci\u00f3n Genital Femenina"}]},{"@type":"WebSite","@id":"https:\/\/www.solidaridadenfermera.org\/sevilla\/#website","url":"https:\/\/www.solidaridadenfermera.org\/sevilla\/","name":"Delegaci\u00f3n de Sevilla","description":"Consejo General de Enfermer\u00eda (CGE) es una organizaci\u00f3n profesional con m\u00e1s 100 a\u00f1os de historia, que en base a los fines y funciones que le atribuye su Estatuto Aprobado por Real Decreto 1231, de 8 de noviembre de 2001, se constituye como el referente para la profesi\u00f3n de enfermer\u00eda, representando a un colectivo de doscientos mil colegiados.","publisher":{"@id":"https:\/\/www.solidaridadenfermera.org\/sevilla\/#organization"},"potentialAction":[{"@type":"SearchAction","target":{"@type":"EntryPoint","urlTemplate":"https:\/\/www.solidaridadenfermera.org\/sevilla\/?s={search_term_string}"},"query-input":{"@type":"PropertyValueSpecification","valueRequired":true,"valueName":"search_term_string"}}],"inLanguage":"es"},{"@type":"Organization","@id":"https:\/\/www.solidaridadenfermera.org\/sevilla\/#organization","name":"Delegaci\u00f3n de Sevilla","url":"https:\/\/www.solidaridadenfermera.org\/sevilla\/","logo":{"@type":"ImageObject","inLanguage":"es","@id":"https:\/\/www.solidaridadenfermera.org\/sevilla\/#\/schema\/logo\/image\/","url":"https:\/\/www.solidaridadenfermera.org\/sevilla\/wp-content\/uploads\/sites\/78\/2023\/09\/solidaridadenfermerasevilla.png","contentUrl":"https:\/\/www.solidaridadenfermera.org\/sevilla\/wp-content\/uploads\/sites\/78\/2023\/09\/solidaridadenfermerasevilla.png","width":315,"height":458,"caption":"Delegaci\u00f3n de Sevilla"},"image":{"@id":"https:\/\/www.solidaridadenfermera.org\/sevilla\/#\/schema\/logo\/image\/"}}]}},"_links":{"self":[{"href":"https:\/\/www.solidaridadenfermera.org\/sevilla\/wp-json\/wp\/v2\/news\/1685","targetHints":{"allow":["GET"]}}],"collection":[{"href":"https:\/\/www.solidaridadenfermera.org\/sevilla\/wp-json\/wp\/v2\/news"}],"about":[{"href":"https:\/\/www.solidaridadenfermera.org\/sevilla\/wp-json\/wp\/v2\/types\/news"}],"wp:featuredmedia":[{"embeddable":true,"href":"https:\/\/www.solidaridadenfermera.org\/sevilla\/wp-json\/wp\/v2\/media\/1686"}],"wp:attachment":[{"href":"https:\/\/www.solidaridadenfermera.org\/sevilla\/wp-json\/wp\/v2\/media?parent=1685"}],"wp:term":[{"taxonomy":"news_category","embeddable":true,"href":"https:\/\/www.solidaridadenfermera.org\/sevilla\/wp-json\/wp\/v2\/news_category?post=1685"},{"taxonomy":"news_tag","embeddable":true,"href":"https:\/\/www.solidaridadenfermera.org\/sevilla\/wp-json\/wp\/v2\/news_tag?post=1685"}],"curies":[{"name":"wp","href":"https:\/\/api.w.org\/{rel}","templated":true}]}}