{"id":1664,"date":"2024-11-11T15:37:58","date_gmt":"2024-11-11T14:37:58","guid":{"rendered":"https:\/\/www.solidaridadenfermera.org\/sevilla\/?post_type=news&#038;p=1664"},"modified":"2024-11-11T15:56:13","modified_gmt":"2024-11-11T14:56:13","slug":"el-ilustre-colegio-oficial-de-enfermeria-de-sevilla-icoes-ofrece-las-i-jornadas-del-voluntariado-en-accion-social-y-cooperacion-internacional-este-4-de-diciembre","status":"publish","type":"news","link":"https:\/\/www.solidaridadenfermera.org\/sevilla\/sala-prensa\/el-ilustre-colegio-oficial-de-enfermeria-de-sevilla-icoes-ofrece-las-i-jornadas-del-voluntariado-en-accion-social-y-cooperacion-internacional-este-4-de-diciembre\/","title":{"rendered":"El Ilustre Colegio Oficial de Enfermer\u00eda de Sevilla (ICOES) ofrece las I Jornadas del Voluntariado en Acci\u00f3n Social y Cooperaci\u00f3n Internacional, este 4 de diciembre."},"content":{"rendered":"\n<div class=\"wp-block-cge-blocks-news-content container\">\n<h3 class=\"wp-block-heading\">Pincha aqu\u00ed para mas informaci\u00f3n:&nbsp;<a href=\"https:\/\/colegioenfermeriasevilla.es\/sala-prensa\/enfermer-quieres-ser-voluntari-en-proyectos-de-accion-social-en-sevilla\/\"><strong>I&nbsp; JORNADAS DEL VOLUNTARIADO EN ACCI\u00d3N SOCIAL Y COOPERACI\u00d3N INTERNACIONAL<\/strong><\/a><\/h3>\n\n\n\n<p><\/p>\n\n\n\n<p><\/p>\n\n\n\n<figure class=\"wp-block-gallery has-nested-images columns-default is-cropped wp-block-gallery-1 is-layout-flex wp-block-gallery-is-layout-flex\">\n<figure class=\"wp-block-image size-large\"><img loading=\"lazy\" decoding=\"async\" width=\"1024\" height=\"1024\" data-id=\"1665\" src=\"https:\/\/www.solidaridadenfermera.org\/sevilla\/wp-content\/uploads\/sites\/78\/2024\/11\/RRSS_JornadasVoluntariado-1-1-1024x1024.png\" alt=\"\" class=\"wp-image-1665\" srcset=\"https:\/\/www.solidaridadenfermera.org\/sevilla\/wp-content\/uploads\/sites\/78\/2024\/11\/RRSS_JornadasVoluntariado-1-1-1024x1024.png 1024w, https:\/\/www.solidaridadenfermera.org\/sevilla\/wp-content\/uploads\/sites\/78\/2024\/11\/RRSS_JornadasVoluntariado-1-1-300x300.png 300w, https:\/\/www.solidaridadenfermera.org\/sevilla\/wp-content\/uploads\/sites\/78\/2024\/11\/RRSS_JornadasVoluntariado-1-1-150x150.png 150w, https:\/\/www.solidaridadenfermera.org\/sevilla\/wp-content\/uploads\/sites\/78\/2024\/11\/RRSS_JornadasVoluntariado-1-1-768x768.png 768w, https:\/\/www.solidaridadenfermera.org\/sevilla\/wp-content\/uploads\/sites\/78\/2024\/11\/RRSS_JornadasVoluntariado-1-1.png 1080w\" sizes=\"auto, (max-width: 1024px) 100vw, 1024px\" \/><\/figure>\n<\/figure>\n\n\n\n<p><\/p>\n\n\n<\/div>\n\n\n\n<div class=\"wp-block-columns row-sections-home is-layout-flex wp-container-core-columns-is-layout-9d6595d7 wp-block-columns-is-layout-flex\">\n<div class=\"wp-block-column is-layout-flow wp-block-column-is-layout-flow\">\n<div class=\"wp-block-cover has-background-dim\" style=\"background-image:url(https:\/\/www.solidaridadenfermera.org\/delegacion-de-tenerife\/wp-content\/uploads\/sites\/78\/2020\/03\/imagenes-resol-10.png)\"><div class=\"wp-block-cover__inner-container is-layout-flow wp-block-cover-is-layout-flow\">\n<h3 class=\"small-title wp-block-heading\">Job<\/h3>\n\n\n\n<p>Lorem ipsum dolor sit amet, consectetur adipiscing elit. Integer malesuada fermentum ante<\/p>\n\n\n\n<div class=\"wp-block-buttons aligncenter is-layout-flex wp-block-buttons-is-layout-flex\">\n<div class=\"wp-block-button\"><a class=\"wp-block-button__link\">Lorem ipsum<\/a><\/div>\n<\/div>\n\n\n\n<p\/>\n<\/div><\/div>\n\n\n\n<p\/>\n<\/div>\n\n\n\n<div class=\"wp-block-column is-layout-flow wp-block-column-is-layout-flow\">\n<div class=\"wp-block-cover has-background-dim\" style=\"background-image:url(https:\/\/www.solidaridadenfermera.org\/delegacion-de-tenerife\/wp-content\/uploads\/sites\/78\/2020\/03\/imagenes-resol-11.png)\"><div class=\"wp-block-cover__inner-container is-layout-flow wp-block-cover-is-layout-flow\">\n<h3 class=\"small-title wp-block-heading\">Training<\/h3>\n\n\n\n<p>Lorem ipsum dolor sit amet, consectetur adipiscing elit. Integer malesuada fermentum ante<\/p>\n\n\n\n<div class=\"wp-block-buttons aligncenter is-layout-flex wp-block-buttons-is-layout-flex\">\n<div class=\"wp-block-button\"><a class=\"wp-block-button__link\">Lorem ipsum<\/a><\/div>\n<\/div>\n\n\n\n<p\/>\n<\/div><\/div>\n<\/div>\n\n\n\n<div class=\"wp-block-column is-layout-flow wp-block-column-is-layout-flow\">\n<div class=\"wp-block-cover has-background-dim\" style=\"background-image:url(https:\/\/www.solidaridadenfermera.org\/delegacion-de-tenerife\/wp-content\/uploads\/sites\/78\/2020\/03\/imagenes-resol-12.png)\"><div class=\"wp-block-cover__inner-container is-layout-flow wp-block-cover-is-layout-flow\">\n<h3 class=\"small-title wp-block-heading\">Scholarships<\/h3>\n\n\n\n<p>Lorem ipsum dolor sit amet, consectetur adipiscing elit. Integer malesuada fermentum ante<\/p>\n\n\n\n<div class=\"wp-block-buttons aligncenter is-layout-flex wp-block-buttons-is-layout-flex\">\n<div class=\"wp-block-button\"><a class=\"wp-block-button__link\">Lorem ipsum<\/a><\/div>\n<\/div>\n\n\n\n<p\/>\n<\/div><\/div>\n<\/div>\n\n\n\n<div class=\"wp-block-column is-layout-flow wp-block-column-is-layout-flow\">\n<div class=\"wp-block-cover has-background-dim\" style=\"background-image:url(https:\/\/www.solidaridadenfermera.org\/delegacion-de-tenerife\/wp-content\/uploads\/sites\/78\/2020\/03\/imagenes-resol-13.png)\"><div class=\"wp-block-cover__inner-container is-layout-flow wp-block-cover-is-layout-flow\">\n<h3 class=\"small-title wp-block-heading\">Calendar<\/h3>\n\n\n\n<p>Lorem ipsum dolor sit amet, consectetur adipiscing elit. Integer malesuada fermentum ante<\/p>\n\n\n\n<div class=\"wp-block-buttons is-layout-flex wp-block-buttons-is-layout-flex\">\n<div class=\"wp-block-button\"><a class=\"wp-block-button__link\">Lorem ipsum<\/a><\/div>\n<\/div>\n\n\n\n<p\/>\n<\/div><\/div>\n<\/div>\n<\/div>\n\n<p\/>\n","protected":false},"excerpt":{"rendered":"","protected":false},"featured_media":1665,"template":"","news_category":[11,57],"news_tag":[],"class_list":["post-1664","news","type-news","status-publish","has-post-thumbnail","hentry","news_category-noticias","news_category-noticias-en"],"yoast_head":"<!-- This site is optimized with the Yoast SEO plugin v27.0 - https:\/\/yoast.com\/product\/yoast-seo-wordpress\/ -->\n<title>El Ilustre Colegio Oficial de Enfermer\u00eda de Sevilla (ICOES) ofrece las I Jornadas del Voluntariado en Acci\u00f3n Social y Cooperaci\u00f3n Internacional, este 4 de diciembre. - Delegaci\u00f3n de Sevilla<\/title>\n<meta name=\"robots\" content=\"index, follow, max-snippet:-1, max-image-preview:large, max-video-preview:-1\" \/>\n<link rel=\"canonical\" href=\"https:\/\/www.solidaridadenfermera.org\/sevilla\/sala-prensa\/el-ilustre-colegio-oficial-de-enfermeria-de-sevilla-icoes-ofrece-las-i-jornadas-del-voluntariado-en-accion-social-y-cooperacion-internacional-este-4-de-diciembre\/\" \/>\n<meta property=\"og:locale\" content=\"es_ES\" \/>\n<meta property=\"og:type\" content=\"article\" \/>\n<meta property=\"og:title\" content=\"El Ilustre Colegio Oficial de Enfermer\u00eda de Sevilla (ICOES) ofrece las I Jornadas del Voluntariado en Acci\u00f3n Social y Cooperaci\u00f3n Internacional, este 4 de diciembre. - Delegaci\u00f3n de Sevilla\" \/>\n<meta property=\"og:url\" content=\"https:\/\/www.solidaridadenfermera.org\/sevilla\/sala-prensa\/el-ilustre-colegio-oficial-de-enfermeria-de-sevilla-icoes-ofrece-las-i-jornadas-del-voluntariado-en-accion-social-y-cooperacion-internacional-este-4-de-diciembre\/\" \/>\n<meta property=\"og:site_name\" content=\"Delegaci\u00f3n de Sevilla\" \/>\n<meta property=\"article:modified_time\" content=\"2024-11-11T14:56:13+00:00\" \/>\n<meta property=\"og:image\" content=\"https:\/\/www.solidaridadenfermera.org\/sevilla\/wp-content\/uploads\/sites\/78\/2024\/11\/RRSS_JornadasVoluntariado-1-1.png\" \/>\n\t<meta property=\"og:image:width\" content=\"1080\" \/>\n\t<meta property=\"og:image:height\" content=\"1080\" \/>\n\t<meta property=\"og:image:type\" content=\"image\/png\" \/>\n<meta name=\"twitter:card\" content=\"summary_large_image\" \/>\n<meta name=\"twitter:label1\" content=\"Tiempo de lectura\" \/>\n\t<meta name=\"twitter:data1\" content=\"1 minuto\" \/>\n<script type=\"application\/ld+json\" class=\"yoast-schema-graph\">{\"@context\":\"https:\/\/schema.org\",\"@graph\":[{\"@type\":\"WebPage\",\"@id\":\"https:\/\/www.solidaridadenfermera.org\/sevilla\/sala-prensa\/el-ilustre-colegio-oficial-de-enfermeria-de-sevilla-icoes-ofrece-las-i-jornadas-del-voluntariado-en-accion-social-y-cooperacion-internacional-este-4-de-diciembre\/\",\"url\":\"https:\/\/www.solidaridadenfermera.org\/sevilla\/sala-prensa\/el-ilustre-colegio-oficial-de-enfermeria-de-sevilla-icoes-ofrece-las-i-jornadas-del-voluntariado-en-accion-social-y-cooperacion-internacional-este-4-de-diciembre\/\",\"name\":\"El Ilustre Colegio Oficial de Enfermer\u00eda de Sevilla (ICOES) ofrece las I Jornadas del Voluntariado en Acci\u00f3n Social y Cooperaci\u00f3n Internacional, este 4 de diciembre. - Delegaci\u00f3n de Sevilla\",\"isPartOf\":{\"@id\":\"https:\/\/www.solidaridadenfermera.org\/sevilla\/#website\"},\"primaryImageOfPage\":{\"@id\":\"https:\/\/www.solidaridadenfermera.org\/sevilla\/sala-prensa\/el-ilustre-colegio-oficial-de-enfermeria-de-sevilla-icoes-ofrece-las-i-jornadas-del-voluntariado-en-accion-social-y-cooperacion-internacional-este-4-de-diciembre\/#primaryimage\"},\"image\":{\"@id\":\"https:\/\/www.solidaridadenfermera.org\/sevilla\/sala-prensa\/el-ilustre-colegio-oficial-de-enfermeria-de-sevilla-icoes-ofrece-las-i-jornadas-del-voluntariado-en-accion-social-y-cooperacion-internacional-este-4-de-diciembre\/#primaryimage\"},\"thumbnailUrl\":\"https:\/\/www.solidaridadenfermera.org\/sevilla\/wp-content\/uploads\/sites\/78\/2024\/11\/RRSS_JornadasVoluntariado-1-1.png\",\"datePublished\":\"2024-11-11T14:37:58+00:00\",\"dateModified\":\"2024-11-11T14:56:13+00:00\",\"breadcrumb\":{\"@id\":\"https:\/\/www.solidaridadenfermera.org\/sevilla\/sala-prensa\/el-ilustre-colegio-oficial-de-enfermeria-de-sevilla-icoes-ofrece-las-i-jornadas-del-voluntariado-en-accion-social-y-cooperacion-internacional-este-4-de-diciembre\/#breadcrumb\"},\"inLanguage\":\"es\",\"potentialAction\":[{\"@type\":\"ReadAction\",\"target\":[\"https:\/\/www.solidaridadenfermera.org\/sevilla\/sala-prensa\/el-ilustre-colegio-oficial-de-enfermeria-de-sevilla-icoes-ofrece-las-i-jornadas-del-voluntariado-en-accion-social-y-cooperacion-internacional-este-4-de-diciembre\/\"]}]},{\"@type\":\"ImageObject\",\"inLanguage\":\"es\",\"@id\":\"https:\/\/www.solidaridadenfermera.org\/sevilla\/sala-prensa\/el-ilustre-colegio-oficial-de-enfermeria-de-sevilla-icoes-ofrece-las-i-jornadas-del-voluntariado-en-accion-social-y-cooperacion-internacional-este-4-de-diciembre\/#primaryimage\",\"url\":\"https:\/\/www.solidaridadenfermera.org\/sevilla\/wp-content\/uploads\/sites\/78\/2024\/11\/RRSS_JornadasVoluntariado-1-1.png\",\"contentUrl\":\"https:\/\/www.solidaridadenfermera.org\/sevilla\/wp-content\/uploads\/sites\/78\/2024\/11\/RRSS_JornadasVoluntariado-1-1.png\",\"width\":1080,\"height\":1080},{\"@type\":\"BreadcrumbList\",\"@id\":\"https:\/\/www.solidaridadenfermera.org\/sevilla\/sala-prensa\/el-ilustre-colegio-oficial-de-enfermeria-de-sevilla-icoes-ofrece-las-i-jornadas-del-voluntariado-en-accion-social-y-cooperacion-internacional-este-4-de-diciembre\/#breadcrumb\",\"itemListElement\":[{\"@type\":\"ListItem\",\"position\":1,\"name\":\"Inicio\",\"item\":\"https:\/\/www.solidaridadenfermera.org\/sevilla\/\"},{\"@type\":\"ListItem\",\"position\":2,\"name\":\"Sala De Prensa\",\"item\":\"https:\/\/www.solidaridadenfermera.org\/sevilla\/sala-prensa\/\"},{\"@type\":\"ListItem\",\"position\":3,\"name\":\"El Ilustre Colegio Oficial de Enfermer\u00eda de Sevilla (ICOES) ofrece las I Jornadas del Voluntariado en Acci\u00f3n Social y Cooperaci\u00f3n Internacional, este 4 de diciembre.\"}]},{\"@type\":\"WebSite\",\"@id\":\"https:\/\/www.solidaridadenfermera.org\/sevilla\/#website\",\"url\":\"https:\/\/www.solidaridadenfermera.org\/sevilla\/\",\"name\":\"Delegaci\u00f3n de Sevilla\",\"description\":\"Consejo General de Enfermer\u00eda (CGE) es una organizaci\u00f3n profesional con m\u00e1s 100 a\u00f1os de historia, que en base a los fines y funciones que le atribuye su Estatuto Aprobado por Real Decreto 1231, de 8 de noviembre de 2001, se constituye como el referente para la profesi\u00f3n de enfermer\u00eda, representando a un colectivo de doscientos mil colegiados.\",\"publisher\":{\"@id\":\"https:\/\/www.solidaridadenfermera.org\/sevilla\/#organization\"},\"potentialAction\":[{\"@type\":\"SearchAction\",\"target\":{\"@type\":\"EntryPoint\",\"urlTemplate\":\"https:\/\/www.solidaridadenfermera.org\/sevilla\/?s={search_term_string}\"},\"query-input\":{\"@type\":\"PropertyValueSpecification\",\"valueRequired\":true,\"valueName\":\"search_term_string\"}}],\"inLanguage\":\"es\"},{\"@type\":\"Organization\",\"@id\":\"https:\/\/www.solidaridadenfermera.org\/sevilla\/#organization\",\"name\":\"Delegaci\u00f3n de Sevilla\",\"url\":\"https:\/\/www.solidaridadenfermera.org\/sevilla\/\",\"logo\":{\"@type\":\"ImageObject\",\"inLanguage\":\"es\",\"@id\":\"https:\/\/www.solidaridadenfermera.org\/sevilla\/#\/schema\/logo\/image\/\",\"url\":\"https:\/\/www.solidaridadenfermera.org\/sevilla\/wp-content\/uploads\/sites\/78\/2023\/09\/solidaridadenfermerasevilla.png\",\"contentUrl\":\"https:\/\/www.solidaridadenfermera.org\/sevilla\/wp-content\/uploads\/sites\/78\/2023\/09\/solidaridadenfermerasevilla.png\",\"width\":315,\"height\":458,\"caption\":\"Delegaci\u00f3n de Sevilla\"},\"image\":{\"@id\":\"https:\/\/www.solidaridadenfermera.org\/sevilla\/#\/schema\/logo\/image\/\"}}]}<\/script>\n<!-- \/ Yoast SEO plugin. -->","yoast_head_json":{"title":"El Ilustre Colegio Oficial de Enfermer\u00eda de Sevilla (ICOES) ofrece las I Jornadas del Voluntariado en Acci\u00f3n Social y Cooperaci\u00f3n Internacional, este 4 de diciembre. - Delegaci\u00f3n de Sevilla","robots":{"index":"index","follow":"follow","max-snippet":"max-snippet:-1","max-image-preview":"max-image-preview:large","max-video-preview":"max-video-preview:-1"},"canonical":"https:\/\/www.solidaridadenfermera.org\/sevilla\/sala-prensa\/el-ilustre-colegio-oficial-de-enfermeria-de-sevilla-icoes-ofrece-las-i-jornadas-del-voluntariado-en-accion-social-y-cooperacion-internacional-este-4-de-diciembre\/","og_locale":"es_ES","og_type":"article","og_title":"El Ilustre Colegio Oficial de Enfermer\u00eda de Sevilla (ICOES) ofrece las I Jornadas del Voluntariado en Acci\u00f3n Social y Cooperaci\u00f3n Internacional, este 4 de diciembre. - Delegaci\u00f3n de Sevilla","og_url":"https:\/\/www.solidaridadenfermera.org\/sevilla\/sala-prensa\/el-ilustre-colegio-oficial-de-enfermeria-de-sevilla-icoes-ofrece-las-i-jornadas-del-voluntariado-en-accion-social-y-cooperacion-internacional-este-4-de-diciembre\/","og_site_name":"Delegaci\u00f3n de Sevilla","article_modified_time":"2024-11-11T14:56:13+00:00","og_image":[{"width":1080,"height":1080,"url":"https:\/\/www.solidaridadenfermera.org\/sevilla\/wp-content\/uploads\/sites\/78\/2024\/11\/RRSS_JornadasVoluntariado-1-1.png","type":"image\/png"}],"twitter_card":"summary_large_image","twitter_misc":{"Tiempo de lectura":"1 minuto"},"schema":{"@context":"https:\/\/schema.org","@graph":[{"@type":"WebPage","@id":"https:\/\/www.solidaridadenfermera.org\/sevilla\/sala-prensa\/el-ilustre-colegio-oficial-de-enfermeria-de-sevilla-icoes-ofrece-las-i-jornadas-del-voluntariado-en-accion-social-y-cooperacion-internacional-este-4-de-diciembre\/","url":"https:\/\/www.solidaridadenfermera.org\/sevilla\/sala-prensa\/el-ilustre-colegio-oficial-de-enfermeria-de-sevilla-icoes-ofrece-las-i-jornadas-del-voluntariado-en-accion-social-y-cooperacion-internacional-este-4-de-diciembre\/","name":"El Ilustre Colegio Oficial de Enfermer\u00eda de Sevilla (ICOES) ofrece las I Jornadas del Voluntariado en Acci\u00f3n Social y Cooperaci\u00f3n Internacional, este 4 de diciembre. - Delegaci\u00f3n de Sevilla","isPartOf":{"@id":"https:\/\/www.solidaridadenfermera.org\/sevilla\/#website"},"primaryImageOfPage":{"@id":"https:\/\/www.solidaridadenfermera.org\/sevilla\/sala-prensa\/el-ilustre-colegio-oficial-de-enfermeria-de-sevilla-icoes-ofrece-las-i-jornadas-del-voluntariado-en-accion-social-y-cooperacion-internacional-este-4-de-diciembre\/#primaryimage"},"image":{"@id":"https:\/\/www.solidaridadenfermera.org\/sevilla\/sala-prensa\/el-ilustre-colegio-oficial-de-enfermeria-de-sevilla-icoes-ofrece-las-i-jornadas-del-voluntariado-en-accion-social-y-cooperacion-internacional-este-4-de-diciembre\/#primaryimage"},"thumbnailUrl":"https:\/\/www.solidaridadenfermera.org\/sevilla\/wp-content\/uploads\/sites\/78\/2024\/11\/RRSS_JornadasVoluntariado-1-1.png","datePublished":"2024-11-11T14:37:58+00:00","dateModified":"2024-11-11T14:56:13+00:00","breadcrumb":{"@id":"https:\/\/www.solidaridadenfermera.org\/sevilla\/sala-prensa\/el-ilustre-colegio-oficial-de-enfermeria-de-sevilla-icoes-ofrece-las-i-jornadas-del-voluntariado-en-accion-social-y-cooperacion-internacional-este-4-de-diciembre\/#breadcrumb"},"inLanguage":"es","potentialAction":[{"@type":"ReadAction","target":["https:\/\/www.solidaridadenfermera.org\/sevilla\/sala-prensa\/el-ilustre-colegio-oficial-de-enfermeria-de-sevilla-icoes-ofrece-las-i-jornadas-del-voluntariado-en-accion-social-y-cooperacion-internacional-este-4-de-diciembre\/"]}]},{"@type":"ImageObject","inLanguage":"es","@id":"https:\/\/www.solidaridadenfermera.org\/sevilla\/sala-prensa\/el-ilustre-colegio-oficial-de-enfermeria-de-sevilla-icoes-ofrece-las-i-jornadas-del-voluntariado-en-accion-social-y-cooperacion-internacional-este-4-de-diciembre\/#primaryimage","url":"https:\/\/www.solidaridadenfermera.org\/sevilla\/wp-content\/uploads\/sites\/78\/2024\/11\/RRSS_JornadasVoluntariado-1-1.png","contentUrl":"https:\/\/www.solidaridadenfermera.org\/sevilla\/wp-content\/uploads\/sites\/78\/2024\/11\/RRSS_JornadasVoluntariado-1-1.png","width":1080,"height":1080},{"@type":"BreadcrumbList","@id":"https:\/\/www.solidaridadenfermera.org\/sevilla\/sala-prensa\/el-ilustre-colegio-oficial-de-enfermeria-de-sevilla-icoes-ofrece-las-i-jornadas-del-voluntariado-en-accion-social-y-cooperacion-internacional-este-4-de-diciembre\/#breadcrumb","itemListElement":[{"@type":"ListItem","position":1,"name":"Inicio","item":"https:\/\/www.solidaridadenfermera.org\/sevilla\/"},{"@type":"ListItem","position":2,"name":"Sala De Prensa","item":"https:\/\/www.solidaridadenfermera.org\/sevilla\/sala-prensa\/"},{"@type":"ListItem","position":3,"name":"El Ilustre Colegio Oficial de Enfermer\u00eda de Sevilla (ICOES) ofrece las I Jornadas del Voluntariado en Acci\u00f3n Social y Cooperaci\u00f3n Internacional, este 4 de diciembre."}]},{"@type":"WebSite","@id":"https:\/\/www.solidaridadenfermera.org\/sevilla\/#website","url":"https:\/\/www.solidaridadenfermera.org\/sevilla\/","name":"Delegaci\u00f3n de Sevilla","description":"Consejo General de Enfermer\u00eda (CGE) es una organizaci\u00f3n profesional con m\u00e1s 100 a\u00f1os de historia, que en base a los fines y funciones que le atribuye su Estatuto Aprobado por Real Decreto 1231, de 8 de noviembre de 2001, se constituye como el referente para la profesi\u00f3n de enfermer\u00eda, representando a un colectivo de doscientos mil colegiados.","publisher":{"@id":"https:\/\/www.solidaridadenfermera.org\/sevilla\/#organization"},"potentialAction":[{"@type":"SearchAction","target":{"@type":"EntryPoint","urlTemplate":"https:\/\/www.solidaridadenfermera.org\/sevilla\/?s={search_term_string}"},"query-input":{"@type":"PropertyValueSpecification","valueRequired":true,"valueName":"search_term_string"}}],"inLanguage":"es"},{"@type":"Organization","@id":"https:\/\/www.solidaridadenfermera.org\/sevilla\/#organization","name":"Delegaci\u00f3n de Sevilla","url":"https:\/\/www.solidaridadenfermera.org\/sevilla\/","logo":{"@type":"ImageObject","inLanguage":"es","@id":"https:\/\/www.solidaridadenfermera.org\/sevilla\/#\/schema\/logo\/image\/","url":"https:\/\/www.solidaridadenfermera.org\/sevilla\/wp-content\/uploads\/sites\/78\/2023\/09\/solidaridadenfermerasevilla.png","contentUrl":"https:\/\/www.solidaridadenfermera.org\/sevilla\/wp-content\/uploads\/sites\/78\/2023\/09\/solidaridadenfermerasevilla.png","width":315,"height":458,"caption":"Delegaci\u00f3n de Sevilla"},"image":{"@id":"https:\/\/www.solidaridadenfermera.org\/sevilla\/#\/schema\/logo\/image\/"}}]}},"_links":{"self":[{"href":"https:\/\/www.solidaridadenfermera.org\/sevilla\/wp-json\/wp\/v2\/news\/1664","targetHints":{"allow":["GET"]}}],"collection":[{"href":"https:\/\/www.solidaridadenfermera.org\/sevilla\/wp-json\/wp\/v2\/news"}],"about":[{"href":"https:\/\/www.solidaridadenfermera.org\/sevilla\/wp-json\/wp\/v2\/types\/news"}],"wp:featuredmedia":[{"embeddable":true,"href":"https:\/\/www.solidaridadenfermera.org\/sevilla\/wp-json\/wp\/v2\/media\/1665"}],"wp:attachment":[{"href":"https:\/\/www.solidaridadenfermera.org\/sevilla\/wp-json\/wp\/v2\/media?parent=1664"}],"wp:term":[{"taxonomy":"news_category","embeddable":true,"href":"https:\/\/www.solidaridadenfermera.org\/sevilla\/wp-json\/wp\/v2\/news_category?post=1664"},{"taxonomy":"news_tag","embeddable":true,"href":"https:\/\/www.solidaridadenfermera.org\/sevilla\/wp-json\/wp\/v2\/news_tag?post=1664"}],"curies":[{"name":"wp","href":"https:\/\/api.w.org\/{rel}","templated":true}]}}