{"id":1659,"date":"2024-10-17T12:08:14","date_gmt":"2024-10-17T10:08:14","guid":{"rendered":"https:\/\/www.solidaridadenfermera.org\/sevilla\/?post_type=news&#038;p=1659"},"modified":"2024-11-14T15:01:29","modified_gmt":"2024-11-14T14:01:29","slug":"siham-amar-tecnico-en-intercultural-y-desarrollo-comunitario-en-la-fundacion-cepaim-expone-en-el-icoes-la-realidad-de-la-poblacion-migrante","status":"publish","type":"news","link":"https:\/\/www.solidaridadenfermera.org\/sevilla\/sala-prensa\/siham-amar-tecnico-en-intercultural-y-desarrollo-comunitario-en-la-fundacion-cepaim-expone-en-el-icoes-la-realidad-de-la-poblacion-migrante\/","title":{"rendered":"Siham Amar, t\u00e9cnico en Intercultural y Desarrollo Comunitario en la Fundaci\u00f3n Cepaim, expone en el ICOES la realidad de la poblaci\u00f3n migrante."},"content":{"rendered":"\n<div class=\"wp-block-cge-blocks-news-content container\">\n<h2>Siham Amar Abdelkader: \u00abLas personas migran en busca de oportunidades y en ese viaje se crean situaciones de vulnerabilidad porque se despojan de todo\u00bb<\/h2>\n\n\n\n<p>Sevilla.- 16 de octubre, 2024. <strong>Las personas migran en busca de oportunidades<\/strong>, y en ese viaje se generan situaciones de vulnerabilidad porque\u00a0<strong>se despojan de todo<\/strong>\u00a0lo cercano\u00bb, explica\u00a0<strong>Siham Amar Abdelkader<\/strong>\u00a0t\u00e9cnica del \u00c1rea de Interculturalidad y Desarrollo Comunitario,\u00a0<strong>Fundaci\u00f3n Cepaim<\/strong>.<\/p>\n\n\n\n<p><strong>\u00ab\u00bfCu\u00e1ndo una persona deja de ser extranjera?\u00bb<\/strong>&nbsp;Con este interrogante,<strong>&nbsp;Siham Amar<\/strong>&nbsp;se dirige al p\u00fablico reunido en la sede del ICOES, para mostrar que, en cualquier barrio de la ciudad podemos encontrar a personas que, pese a residir durante d\u00e9cadas, siguen sinti\u00e9ndose migrantes. \u00abEncontramos vecinos procedentes de otros lugares, por ejemplo de Almer\u00eda, que pese a residir durante a\u00f1os en un barrio de Sevilla como El Cerro no participan en la comunidad. Esto sucede porque en<strong>&nbsp;la comunidad le siguen tratando como extranjero<\/strong>, por una parte; y por otra, porque quiz\u00e1s la persona no se esfuerza por dejar de ser considerado como un extra\u00f1o\u00bb. Para lograrlo, los propios profesionales en la comunidad requieren de<strong>&nbsp;herramientas de manera que puedan afrontar las nuevas realidades, complejas y distintas<\/strong>&nbsp;a lo que est\u00e1n habituados a tratar.<\/p>\n\n\n\n<p><strong>Siham Amar Abdelkader<\/strong>&nbsp;participa como ponente en la<a href=\"https:\/\/colegioenfermeriasevilla.es\/sala-prensa\/olga-leralta-coordinadora-red-isir-la-enfermera-es-clave-por-su-cercania-y-su-capacidad-de-empatia-para-facilitar-salud-a-la-poblacion-general-y-migrante\/\">&nbsp;I Jornada de Mediaci\u00f3n Intercultural<\/a>&nbsp;organizada por la matrona<a href=\"https:\/\/colegioenfermeriasevilla.es\/sala-prensa\/vanessa-mata-es-clave-disponer-de-recursos-para-facilitar-la-comunicacion-efectiva-y-la-comprension-mutua-entre-profesionales-y-pacientes-de-origen-cultural-diverso\/\">&nbsp;Vanessa Mata<\/a>, coordinadora de Solidaridad Enfermera, en el Ilustre Colegio Oficial de Enfermer\u00eda de Sevilla (ICOES). Su ponencia lleva por t\u00edtulo:&nbsp;<strong>\u00abP\u00edldora formativa: Intervenci\u00f3n sociosanitaria sobre sexualidad y salud reproductiva en clave cultural\u201d.<\/strong><\/p>\n\n\n\n<p>Al mostrar la realidad de la poblaci\u00f3n migrante, la experta incide en la necesidad de cuestionar nuestra manera de mirar a las personas procedentes de otros lugares. \u00abMuchas mujeres migrantes se sienten infantilizadas cuando acceden al sistema sanitario, y otras ni siquiera acceden\u00bb. Seg\u00fan datos de Naciones Unidas,&nbsp;<strong>s<\/strong>\u00f3lo el 56% de esta poblaci\u00f3n puede tomar decisiones sobre su salud; y apenas&nbsp;<strong>una de cada diez mujeres migrantes reciben atenci\u00f3n en salud sexual y reproductiva en Espa\u00f1a.<\/strong>&nbsp;Datos para el an\u00e1lisis.<\/p>\n\n\n\n<p><\/p>\n\n\n\n<p><\/p>\n\n\n\n<figure class=\"wp-block-gallery has-nested-images columns-default is-cropped wp-block-gallery-1 is-layout-flex wp-block-gallery-is-layout-flex\">\n<figure class=\"wp-block-image size-large\"><img loading=\"lazy\" decoding=\"async\" width=\"1024\" height=\"768\" data-id=\"1660\" src=\"https:\/\/www.solidaridadenfermera.org\/sevilla\/wp-content\/uploads\/sites\/78\/2024\/10\/Curso-sevilla-16_10_24-1024x768.jpeg\" alt=\"\" class=\"wp-image-1660\" srcset=\"https:\/\/www.solidaridadenfermera.org\/sevilla\/wp-content\/uploads\/sites\/78\/2024\/10\/Curso-sevilla-16_10_24-1024x768.jpeg 1024w, https:\/\/www.solidaridadenfermera.org\/sevilla\/wp-content\/uploads\/sites\/78\/2024\/10\/Curso-sevilla-16_10_24-300x225.jpeg 300w, https:\/\/www.solidaridadenfermera.org\/sevilla\/wp-content\/uploads\/sites\/78\/2024\/10\/Curso-sevilla-16_10_24-768x576.jpeg 768w, https:\/\/www.solidaridadenfermera.org\/sevilla\/wp-content\/uploads\/sites\/78\/2024\/10\/Curso-sevilla-16_10_24-1536x1152.jpeg 1536w, https:\/\/www.solidaridadenfermera.org\/sevilla\/wp-content\/uploads\/sites\/78\/2024\/10\/Curso-sevilla-16_10_24.jpeg 1600w\" sizes=\"auto, (max-width: 1024px) 100vw, 1024px\" \/><\/figure>\n<\/figure>\n\n\n\n<p><\/p>\n\n\n<\/div>\n\n\n\n<div class=\"wp-block-columns row-sections-home is-layout-flex wp-container-core-columns-is-layout-9d6595d7 wp-block-columns-is-layout-flex\">\n<div class=\"wp-block-column is-layout-flow wp-block-column-is-layout-flow\">\n<div class=\"wp-block-cover has-background-dim\" style=\"background-image:url(https:\/\/www.solidaridadenfermera.org\/delegacion-de-tenerife\/wp-content\/uploads\/sites\/78\/2020\/03\/imagenes-resol-10.png)\"><div class=\"wp-block-cover__inner-container is-layout-flow wp-block-cover-is-layout-flow\">\n<h3 class=\"small-title wp-block-heading\">Job<\/h3>\n\n\n\n<p>Lorem ipsum dolor sit amet, consectetur adipiscing elit. Integer malesuada fermentum ante<\/p>\n\n\n\n<div class=\"wp-block-buttons aligncenter is-layout-flex wp-block-buttons-is-layout-flex\">\n<div class=\"wp-block-button\"><a class=\"wp-block-button__link\">Lorem ipsum<\/a><\/div>\n<\/div>\n\n\n\n<p\/>\n<\/div><\/div>\n\n\n\n<p\/>\n<\/div>\n\n\n\n<div class=\"wp-block-column is-layout-flow wp-block-column-is-layout-flow\">\n<div class=\"wp-block-cover has-background-dim\" style=\"background-image:url(https:\/\/www.solidaridadenfermera.org\/delegacion-de-tenerife\/wp-content\/uploads\/sites\/78\/2020\/03\/imagenes-resol-11.png)\"><div class=\"wp-block-cover__inner-container is-layout-flow wp-block-cover-is-layout-flow\">\n<h3 class=\"small-title wp-block-heading\">Training<\/h3>\n\n\n\n<p>Lorem ipsum dolor sit amet, consectetur adipiscing elit. Integer malesuada fermentum ante<\/p>\n\n\n\n<div class=\"wp-block-buttons aligncenter is-layout-flex wp-block-buttons-is-layout-flex\">\n<div class=\"wp-block-button\"><a class=\"wp-block-button__link\">Lorem ipsum<\/a><\/div>\n<\/div>\n\n\n\n<p\/>\n<\/div><\/div>\n<\/div>\n\n\n\n<div class=\"wp-block-column is-layout-flow wp-block-column-is-layout-flow\">\n<div class=\"wp-block-cover has-background-dim\" style=\"background-image:url(https:\/\/www.solidaridadenfermera.org\/delegacion-de-tenerife\/wp-content\/uploads\/sites\/78\/2020\/03\/imagenes-resol-12.png)\"><div class=\"wp-block-cover__inner-container is-layout-flow wp-block-cover-is-layout-flow\">\n<h3 class=\"small-title wp-block-heading\">Scholarships<\/h3>\n\n\n\n<p>Lorem ipsum dolor sit amet, consectetur adipiscing elit. Integer malesuada fermentum ante<\/p>\n\n\n\n<div class=\"wp-block-buttons aligncenter is-layout-flex wp-block-buttons-is-layout-flex\">\n<div class=\"wp-block-button\"><a class=\"wp-block-button__link\">Lorem ipsum<\/a><\/div>\n<\/div>\n\n\n\n<p\/>\n<\/div><\/div>\n<\/div>\n\n\n\n<div class=\"wp-block-column is-layout-flow wp-block-column-is-layout-flow\">\n<div class=\"wp-block-cover has-background-dim\" style=\"background-image:url(https:\/\/www.solidaridadenfermera.org\/delegacion-de-tenerife\/wp-content\/uploads\/sites\/78\/2020\/03\/imagenes-resol-13.png)\"><div class=\"wp-block-cover__inner-container is-layout-flow wp-block-cover-is-layout-flow\">\n<h3 class=\"small-title wp-block-heading\">Calendar<\/h3>\n\n\n\n<p>Lorem ipsum dolor sit amet, consectetur adipiscing elit. Integer malesuada fermentum ante<\/p>\n\n\n\n<div class=\"wp-block-buttons is-layout-flex wp-block-buttons-is-layout-flex\">\n<div class=\"wp-block-button\"><a class=\"wp-block-button__link\">Lorem ipsum<\/a><\/div>\n<\/div>\n\n\n\n<p\/>\n<\/div><\/div>\n<\/div>\n<\/div>\n\n<p\/>\n","protected":false},"excerpt":{"rendered":"","protected":false},"featured_media":1660,"template":"","news_category":[11,57],"news_tag":[],"class_list":["post-1659","news","type-news","status-publish","has-post-thumbnail","hentry","news_category-noticias","news_category-noticias-en"],"yoast_head":"<!-- This site is optimized with the Yoast SEO plugin v27.0 - https:\/\/yoast.com\/product\/yoast-seo-wordpress\/ -->\n<title>Siham Amar, t\u00e9cnico en Intercultural y Desarrollo Comunitario en la Fundaci\u00f3n Cepaim, expone en el ICOES la realidad de la poblaci\u00f3n migrante. - Delegaci\u00f3n de Sevilla<\/title>\n<meta name=\"robots\" content=\"index, follow, max-snippet:-1, max-image-preview:large, max-video-preview:-1\" \/>\n<link rel=\"canonical\" href=\"https:\/\/www.solidaridadenfermera.org\/sevilla\/sala-prensa\/siham-amar-tecnico-en-intercultural-y-desarrollo-comunitario-en-la-fundacion-cepaim-expone-en-el-icoes-la-realidad-de-la-poblacion-migrante\/\" \/>\n<meta property=\"og:locale\" content=\"es_ES\" \/>\n<meta property=\"og:type\" content=\"article\" \/>\n<meta property=\"og:title\" content=\"Siham Amar, t\u00e9cnico en Intercultural y Desarrollo Comunitario en la Fundaci\u00f3n Cepaim, expone en el ICOES la realidad de la poblaci\u00f3n migrante. - Delegaci\u00f3n de Sevilla\" \/>\n<meta property=\"og:url\" content=\"https:\/\/www.solidaridadenfermera.org\/sevilla\/sala-prensa\/siham-amar-tecnico-en-intercultural-y-desarrollo-comunitario-en-la-fundacion-cepaim-expone-en-el-icoes-la-realidad-de-la-poblacion-migrante\/\" \/>\n<meta property=\"og:site_name\" content=\"Delegaci\u00f3n de Sevilla\" \/>\n<meta property=\"article:modified_time\" content=\"2024-11-14T14:01:29+00:00\" \/>\n<meta property=\"og:image\" content=\"https:\/\/www.solidaridadenfermera.org\/sevilla\/wp-content\/uploads\/sites\/78\/2024\/10\/Curso-sevilla-16_10_24.jpeg\" \/>\n\t<meta property=\"og:image:width\" content=\"1600\" \/>\n\t<meta property=\"og:image:height\" content=\"1200\" \/>\n\t<meta property=\"og:image:type\" content=\"image\/jpeg\" \/>\n<meta name=\"twitter:card\" content=\"summary_large_image\" \/>\n<meta name=\"twitter:label1\" content=\"Tiempo de lectura\" \/>\n\t<meta name=\"twitter:data1\" content=\"1 minuto\" \/>\n<script type=\"application\/ld+json\" class=\"yoast-schema-graph\">{\"@context\":\"https:\/\/schema.org\",\"@graph\":[{\"@type\":\"WebPage\",\"@id\":\"https:\/\/www.solidaridadenfermera.org\/sevilla\/sala-prensa\/siham-amar-tecnico-en-intercultural-y-desarrollo-comunitario-en-la-fundacion-cepaim-expone-en-el-icoes-la-realidad-de-la-poblacion-migrante\/\",\"url\":\"https:\/\/www.solidaridadenfermera.org\/sevilla\/sala-prensa\/siham-amar-tecnico-en-intercultural-y-desarrollo-comunitario-en-la-fundacion-cepaim-expone-en-el-icoes-la-realidad-de-la-poblacion-migrante\/\",\"name\":\"Siham Amar, t\u00e9cnico en Intercultural y Desarrollo Comunitario en la Fundaci\u00f3n Cepaim, expone en el ICOES la realidad de la poblaci\u00f3n migrante. - Delegaci\u00f3n de Sevilla\",\"isPartOf\":{\"@id\":\"https:\/\/www.solidaridadenfermera.org\/sevilla\/#website\"},\"primaryImageOfPage\":{\"@id\":\"https:\/\/www.solidaridadenfermera.org\/sevilla\/sala-prensa\/siham-amar-tecnico-en-intercultural-y-desarrollo-comunitario-en-la-fundacion-cepaim-expone-en-el-icoes-la-realidad-de-la-poblacion-migrante\/#primaryimage\"},\"image\":{\"@id\":\"https:\/\/www.solidaridadenfermera.org\/sevilla\/sala-prensa\/siham-amar-tecnico-en-intercultural-y-desarrollo-comunitario-en-la-fundacion-cepaim-expone-en-el-icoes-la-realidad-de-la-poblacion-migrante\/#primaryimage\"},\"thumbnailUrl\":\"https:\/\/www.solidaridadenfermera.org\/sevilla\/wp-content\/uploads\/sites\/78\/2024\/10\/Curso-sevilla-16_10_24.jpeg\",\"datePublished\":\"2024-10-17T10:08:14+00:00\",\"dateModified\":\"2024-11-14T14:01:29+00:00\",\"breadcrumb\":{\"@id\":\"https:\/\/www.solidaridadenfermera.org\/sevilla\/sala-prensa\/siham-amar-tecnico-en-intercultural-y-desarrollo-comunitario-en-la-fundacion-cepaim-expone-en-el-icoes-la-realidad-de-la-poblacion-migrante\/#breadcrumb\"},\"inLanguage\":\"es\",\"potentialAction\":[{\"@type\":\"ReadAction\",\"target\":[\"https:\/\/www.solidaridadenfermera.org\/sevilla\/sala-prensa\/siham-amar-tecnico-en-intercultural-y-desarrollo-comunitario-en-la-fundacion-cepaim-expone-en-el-icoes-la-realidad-de-la-poblacion-migrante\/\"]}]},{\"@type\":\"ImageObject\",\"inLanguage\":\"es\",\"@id\":\"https:\/\/www.solidaridadenfermera.org\/sevilla\/sala-prensa\/siham-amar-tecnico-en-intercultural-y-desarrollo-comunitario-en-la-fundacion-cepaim-expone-en-el-icoes-la-realidad-de-la-poblacion-migrante\/#primaryimage\",\"url\":\"https:\/\/www.solidaridadenfermera.org\/sevilla\/wp-content\/uploads\/sites\/78\/2024\/10\/Curso-sevilla-16_10_24.jpeg\",\"contentUrl\":\"https:\/\/www.solidaridadenfermera.org\/sevilla\/wp-content\/uploads\/sites\/78\/2024\/10\/Curso-sevilla-16_10_24.jpeg\",\"width\":1600,\"height\":1200},{\"@type\":\"BreadcrumbList\",\"@id\":\"https:\/\/www.solidaridadenfermera.org\/sevilla\/sala-prensa\/siham-amar-tecnico-en-intercultural-y-desarrollo-comunitario-en-la-fundacion-cepaim-expone-en-el-icoes-la-realidad-de-la-poblacion-migrante\/#breadcrumb\",\"itemListElement\":[{\"@type\":\"ListItem\",\"position\":1,\"name\":\"Inicio\",\"item\":\"https:\/\/www.solidaridadenfermera.org\/sevilla\/\"},{\"@type\":\"ListItem\",\"position\":2,\"name\":\"Sala De Prensa\",\"item\":\"https:\/\/www.solidaridadenfermera.org\/sevilla\/sala-prensa\/\"},{\"@type\":\"ListItem\",\"position\":3,\"name\":\"Siham Amar, t\u00e9cnico en Intercultural y Desarrollo Comunitario en la Fundaci\u00f3n Cepaim, expone en el ICOES la realidad de la poblaci\u00f3n migrante.\"}]},{\"@type\":\"WebSite\",\"@id\":\"https:\/\/www.solidaridadenfermera.org\/sevilla\/#website\",\"url\":\"https:\/\/www.solidaridadenfermera.org\/sevilla\/\",\"name\":\"Delegaci\u00f3n de Sevilla\",\"description\":\"Consejo General de Enfermer\u00eda (CGE) es una organizaci\u00f3n profesional con m\u00e1s 100 a\u00f1os de historia, que en base a los fines y funciones que le atribuye su Estatuto Aprobado por Real Decreto 1231, de 8 de noviembre de 2001, se constituye como el referente para la profesi\u00f3n de enfermer\u00eda, representando a un colectivo de doscientos mil colegiados.\",\"publisher\":{\"@id\":\"https:\/\/www.solidaridadenfermera.org\/sevilla\/#organization\"},\"potentialAction\":[{\"@type\":\"SearchAction\",\"target\":{\"@type\":\"EntryPoint\",\"urlTemplate\":\"https:\/\/www.solidaridadenfermera.org\/sevilla\/?s={search_term_string}\"},\"query-input\":{\"@type\":\"PropertyValueSpecification\",\"valueRequired\":true,\"valueName\":\"search_term_string\"}}],\"inLanguage\":\"es\"},{\"@type\":\"Organization\",\"@id\":\"https:\/\/www.solidaridadenfermera.org\/sevilla\/#organization\",\"name\":\"Delegaci\u00f3n de Sevilla\",\"url\":\"https:\/\/www.solidaridadenfermera.org\/sevilla\/\",\"logo\":{\"@type\":\"ImageObject\",\"inLanguage\":\"es\",\"@id\":\"https:\/\/www.solidaridadenfermera.org\/sevilla\/#\/schema\/logo\/image\/\",\"url\":\"https:\/\/www.solidaridadenfermera.org\/sevilla\/wp-content\/uploads\/sites\/78\/2023\/09\/solidaridadenfermerasevilla.png\",\"contentUrl\":\"https:\/\/www.solidaridadenfermera.org\/sevilla\/wp-content\/uploads\/sites\/78\/2023\/09\/solidaridadenfermerasevilla.png\",\"width\":315,\"height\":458,\"caption\":\"Delegaci\u00f3n de Sevilla\"},\"image\":{\"@id\":\"https:\/\/www.solidaridadenfermera.org\/sevilla\/#\/schema\/logo\/image\/\"}}]}<\/script>\n<!-- \/ Yoast SEO plugin. -->","yoast_head_json":{"title":"Siham Amar, t\u00e9cnico en Intercultural y Desarrollo Comunitario en la Fundaci\u00f3n Cepaim, expone en el ICOES la realidad de la poblaci\u00f3n migrante. - Delegaci\u00f3n de Sevilla","robots":{"index":"index","follow":"follow","max-snippet":"max-snippet:-1","max-image-preview":"max-image-preview:large","max-video-preview":"max-video-preview:-1"},"canonical":"https:\/\/www.solidaridadenfermera.org\/sevilla\/sala-prensa\/siham-amar-tecnico-en-intercultural-y-desarrollo-comunitario-en-la-fundacion-cepaim-expone-en-el-icoes-la-realidad-de-la-poblacion-migrante\/","og_locale":"es_ES","og_type":"article","og_title":"Siham Amar, t\u00e9cnico en Intercultural y Desarrollo Comunitario en la Fundaci\u00f3n Cepaim, expone en el ICOES la realidad de la poblaci\u00f3n migrante. - Delegaci\u00f3n de Sevilla","og_url":"https:\/\/www.solidaridadenfermera.org\/sevilla\/sala-prensa\/siham-amar-tecnico-en-intercultural-y-desarrollo-comunitario-en-la-fundacion-cepaim-expone-en-el-icoes-la-realidad-de-la-poblacion-migrante\/","og_site_name":"Delegaci\u00f3n de Sevilla","article_modified_time":"2024-11-14T14:01:29+00:00","og_image":[{"width":1600,"height":1200,"url":"https:\/\/www.solidaridadenfermera.org\/sevilla\/wp-content\/uploads\/sites\/78\/2024\/10\/Curso-sevilla-16_10_24.jpeg","type":"image\/jpeg"}],"twitter_card":"summary_large_image","twitter_misc":{"Tiempo de lectura":"1 minuto"},"schema":{"@context":"https:\/\/schema.org","@graph":[{"@type":"WebPage","@id":"https:\/\/www.solidaridadenfermera.org\/sevilla\/sala-prensa\/siham-amar-tecnico-en-intercultural-y-desarrollo-comunitario-en-la-fundacion-cepaim-expone-en-el-icoes-la-realidad-de-la-poblacion-migrante\/","url":"https:\/\/www.solidaridadenfermera.org\/sevilla\/sala-prensa\/siham-amar-tecnico-en-intercultural-y-desarrollo-comunitario-en-la-fundacion-cepaim-expone-en-el-icoes-la-realidad-de-la-poblacion-migrante\/","name":"Siham Amar, t\u00e9cnico en Intercultural y Desarrollo Comunitario en la Fundaci\u00f3n Cepaim, expone en el ICOES la realidad de la poblaci\u00f3n migrante. - Delegaci\u00f3n de Sevilla","isPartOf":{"@id":"https:\/\/www.solidaridadenfermera.org\/sevilla\/#website"},"primaryImageOfPage":{"@id":"https:\/\/www.solidaridadenfermera.org\/sevilla\/sala-prensa\/siham-amar-tecnico-en-intercultural-y-desarrollo-comunitario-en-la-fundacion-cepaim-expone-en-el-icoes-la-realidad-de-la-poblacion-migrante\/#primaryimage"},"image":{"@id":"https:\/\/www.solidaridadenfermera.org\/sevilla\/sala-prensa\/siham-amar-tecnico-en-intercultural-y-desarrollo-comunitario-en-la-fundacion-cepaim-expone-en-el-icoes-la-realidad-de-la-poblacion-migrante\/#primaryimage"},"thumbnailUrl":"https:\/\/www.solidaridadenfermera.org\/sevilla\/wp-content\/uploads\/sites\/78\/2024\/10\/Curso-sevilla-16_10_24.jpeg","datePublished":"2024-10-17T10:08:14+00:00","dateModified":"2024-11-14T14:01:29+00:00","breadcrumb":{"@id":"https:\/\/www.solidaridadenfermera.org\/sevilla\/sala-prensa\/siham-amar-tecnico-en-intercultural-y-desarrollo-comunitario-en-la-fundacion-cepaim-expone-en-el-icoes-la-realidad-de-la-poblacion-migrante\/#breadcrumb"},"inLanguage":"es","potentialAction":[{"@type":"ReadAction","target":["https:\/\/www.solidaridadenfermera.org\/sevilla\/sala-prensa\/siham-amar-tecnico-en-intercultural-y-desarrollo-comunitario-en-la-fundacion-cepaim-expone-en-el-icoes-la-realidad-de-la-poblacion-migrante\/"]}]},{"@type":"ImageObject","inLanguage":"es","@id":"https:\/\/www.solidaridadenfermera.org\/sevilla\/sala-prensa\/siham-amar-tecnico-en-intercultural-y-desarrollo-comunitario-en-la-fundacion-cepaim-expone-en-el-icoes-la-realidad-de-la-poblacion-migrante\/#primaryimage","url":"https:\/\/www.solidaridadenfermera.org\/sevilla\/wp-content\/uploads\/sites\/78\/2024\/10\/Curso-sevilla-16_10_24.jpeg","contentUrl":"https:\/\/www.solidaridadenfermera.org\/sevilla\/wp-content\/uploads\/sites\/78\/2024\/10\/Curso-sevilla-16_10_24.jpeg","width":1600,"height":1200},{"@type":"BreadcrumbList","@id":"https:\/\/www.solidaridadenfermera.org\/sevilla\/sala-prensa\/siham-amar-tecnico-en-intercultural-y-desarrollo-comunitario-en-la-fundacion-cepaim-expone-en-el-icoes-la-realidad-de-la-poblacion-migrante\/#breadcrumb","itemListElement":[{"@type":"ListItem","position":1,"name":"Inicio","item":"https:\/\/www.solidaridadenfermera.org\/sevilla\/"},{"@type":"ListItem","position":2,"name":"Sala De Prensa","item":"https:\/\/www.solidaridadenfermera.org\/sevilla\/sala-prensa\/"},{"@type":"ListItem","position":3,"name":"Siham Amar, t\u00e9cnico en Intercultural y Desarrollo Comunitario en la Fundaci\u00f3n Cepaim, expone en el ICOES la realidad de la poblaci\u00f3n migrante."}]},{"@type":"WebSite","@id":"https:\/\/www.solidaridadenfermera.org\/sevilla\/#website","url":"https:\/\/www.solidaridadenfermera.org\/sevilla\/","name":"Delegaci\u00f3n de Sevilla","description":"Consejo General de Enfermer\u00eda (CGE) es una organizaci\u00f3n profesional con m\u00e1s 100 a\u00f1os de historia, que en base a los fines y funciones que le atribuye su Estatuto Aprobado por Real Decreto 1231, de 8 de noviembre de 2001, se constituye como el referente para la profesi\u00f3n de enfermer\u00eda, representando a un colectivo de doscientos mil colegiados.","publisher":{"@id":"https:\/\/www.solidaridadenfermera.org\/sevilla\/#organization"},"potentialAction":[{"@type":"SearchAction","target":{"@type":"EntryPoint","urlTemplate":"https:\/\/www.solidaridadenfermera.org\/sevilla\/?s={search_term_string}"},"query-input":{"@type":"PropertyValueSpecification","valueRequired":true,"valueName":"search_term_string"}}],"inLanguage":"es"},{"@type":"Organization","@id":"https:\/\/www.solidaridadenfermera.org\/sevilla\/#organization","name":"Delegaci\u00f3n de Sevilla","url":"https:\/\/www.solidaridadenfermera.org\/sevilla\/","logo":{"@type":"ImageObject","inLanguage":"es","@id":"https:\/\/www.solidaridadenfermera.org\/sevilla\/#\/schema\/logo\/image\/","url":"https:\/\/www.solidaridadenfermera.org\/sevilla\/wp-content\/uploads\/sites\/78\/2023\/09\/solidaridadenfermerasevilla.png","contentUrl":"https:\/\/www.solidaridadenfermera.org\/sevilla\/wp-content\/uploads\/sites\/78\/2023\/09\/solidaridadenfermerasevilla.png","width":315,"height":458,"caption":"Delegaci\u00f3n de Sevilla"},"image":{"@id":"https:\/\/www.solidaridadenfermera.org\/sevilla\/#\/schema\/logo\/image\/"}}]}},"_links":{"self":[{"href":"https:\/\/www.solidaridadenfermera.org\/sevilla\/wp-json\/wp\/v2\/news\/1659","targetHints":{"allow":["GET"]}}],"collection":[{"href":"https:\/\/www.solidaridadenfermera.org\/sevilla\/wp-json\/wp\/v2\/news"}],"about":[{"href":"https:\/\/www.solidaridadenfermera.org\/sevilla\/wp-json\/wp\/v2\/types\/news"}],"wp:featuredmedia":[{"embeddable":true,"href":"https:\/\/www.solidaridadenfermera.org\/sevilla\/wp-json\/wp\/v2\/media\/1660"}],"wp:attachment":[{"href":"https:\/\/www.solidaridadenfermera.org\/sevilla\/wp-json\/wp\/v2\/media?parent=1659"}],"wp:term":[{"taxonomy":"news_category","embeddable":true,"href":"https:\/\/www.solidaridadenfermera.org\/sevilla\/wp-json\/wp\/v2\/news_category?post=1659"},{"taxonomy":"news_tag","embeddable":true,"href":"https:\/\/www.solidaridadenfermera.org\/sevilla\/wp-json\/wp\/v2\/news_tag?post=1659"}],"curies":[{"name":"wp","href":"https:\/\/api.w.org\/{rel}","templated":true}]}}