{"id":1656,"date":"2024-10-17T12:03:43","date_gmt":"2024-10-17T10:03:43","guid":{"rendered":"https:\/\/www.solidaridadenfermera.org\/sevilla\/?post_type=news&#038;p=1656"},"modified":"2024-11-18T08:25:37","modified_gmt":"2024-11-18T07:25:37","slug":"olga-leralta-coordinadora-de-la-red-isir-en-la-escuela-andaluza-de-salud-publica-ofrece-en-la-sede-del-icoes-las-claves-para-romper-barreras-y-facilitar-la-mediacion-intercultural-en-el-ambito-sanit","status":"publish","type":"news","link":"https:\/\/www.solidaridadenfermera.org\/sevilla\/sala-prensa\/olga-leralta-coordinadora-de-la-red-isir-en-la-escuela-andaluza-de-salud-publica-ofrece-en-la-sede-del-icoes-las-claves-para-romper-barreras-y-facilitar-la-mediacion-intercultural-en-el-ambito-sanit\/","title":{"rendered":"Olga Leralta, coordinadora de la Red Isir en la Escuela Andaluza de Salud P\u00fablica, ofrece en la sede del ICOES las claves para romper barreras y facilitar la mediaci\u00f3n intercultural en el \u00e1mbito sanitario"},"content":{"rendered":"\n<div class=\"wp-block-cge-blocks-news-content container\">\n<h2>Olga Leralta, coordinadora Red Isir: \u00abLa enfermera es clave, por su cercan\u00eda y su capacidad de empat\u00eda, para facilitar salud a la poblaci\u00f3n general y migrante\u00bb<\/h2>\n\n\n\n<p>Sevilla, 16 de octubre, 2024 .- Noelia M\u00e1rquez.<\/p>\n\n\n\n<p>\u00abMuchos estudios&nbsp;<strong>consideran a la enfermera como una figura clave en la mediaci\u00f3n intercultural por su cercan\u00eda con los pacientes y por su capacidad de empat\u00eda.<\/strong>&nbsp;Se identifica, de este modo, a la profesional de Enfermer\u00eda como figura fundamental por su&nbsp;<strong>predisposici\u00f3n a la formaci\u00f3n&nbsp;<\/strong>y su facilidad para entender procesos diferentes, for\u00e1neos; es decir, por su mentalidad abierta, entre otras cualidades\u00bb, explica la soci\u00f3loga&nbsp;<strong>Olga Leralta, coordinadora de la Red Isir<\/strong>.<\/p>\n\n\n\n<p>La experta incide que en el seno de&nbsp;<a href=\"https:\/\/www.redisir.net\/\">la Red Isir<\/a>&nbsp;se trabaja desde&nbsp;<strong>equipos multidisciplinares enfocados en la salud<\/strong>, al ofrecer&nbsp;<strong>las claves para romper barreras&nbsp;<\/strong>y facilitar la mediaci\u00f3n intercultural en el \u00e1mbito sanitario. Bajo el t\u00edtulo&nbsp;<em>P\u00edldora formativa: la pr\u00e1ctica profesional sanitaria en contextos de diversidad cultural: herramientas para mejorar la interlocuci\u00f3n comunicativa en la interacci\u00f3n con pacientes migrantes y sus familiares,<\/em>&nbsp;Leralta arranca este 16 de octubre la Jornada de Mediaci\u00f3n Intercultural organizada por&nbsp;<a href=\"https:\/\/colegioenfermeriasevilla.es\/sala-prensa\/vanessa-mata-es-clave-disponer-de-recursos-para-facilitar-la-comunicacion-efectiva-y-la-comprension-mutua-entre-profesionales-y-pacientes-de-origen-cultural-diverso\/\">Vanessa Mata, coordinadora de Solidaridad Enfermera.<\/a><\/p>\n\n\n\n<p>\u00abRed Isir comenz\u00f3 en 2008 como una iniciativa de la Consejer\u00eda de Salud que pretende, en sus or\u00edgenes, crear un&nbsp;<strong>espacio de encuentro entre los profesionales que trabajan en el sistema sociosanitario y en asociaciones implicadas en la poblaci\u00f3n migrante&nbsp;<\/strong>para conocer necesidades y divulgar conocimientos (a trav\u00e9s de gu\u00edas, formaci\u00f3n, divulgaci\u00f3n, etc etc)\u00bb, explica Leralta, minutos antes de comenzar una jornada enfocada en arrojar luz sobre una creciente realidad: los retos de salud ante el permanente movimiento de la poblaci\u00f3n.<\/p>\n\n\n\n<p>Las barreras de acceso al sistema comienzan en el lenguaje, y profundizan debido a los estereotipos, los prejuicios y el desconocimiento, entre otras dificultades de comunicaci\u00f3n y\/o adaptaci\u00f3n que se transforman en determinantes sociales de la salud; es decir, en factores sociales que afectan a la salud de las personas migrantes.<\/p>\n\n\n\n<p><strong>Red Isir, cuya gesti\u00f3n depende de la Escuela de Salud P\u00fablica,<\/strong>&nbsp;tiene entre sus metas facilitara \u00abherramientas que facilitan la comunicaci\u00f3n efectiva y la comprensi\u00f3n mutua entre profesionales y pacientes de origen cultural diverso, para superar barreras ling\u00fc\u00edsticas y culturales, fomentar la confianza y la empat\u00eda, y garantizar que se proporciona una atenci\u00f3n sanitaria adecuada y culturalmente sensible\u00bb. Durante su ponencia, Olga Leralta destaca el papel de la primera enfermera antrop\u00f3loga,&nbsp;<strong>Madeleine Leininger,<\/strong>&nbsp;precursora de la&nbsp;<strong>Enfermer\u00eda Transcultural<\/strong>, quien incidi\u00f3&nbsp;<strong>ya en los a\u00f1os 50&nbsp;<\/strong>en la necesidad de que las profesionales tengan en cuenta la cultura, los conceptos de salud y enfermedad, los valores y las pr\u00e1cticas de las personas para ayudarlas a mantener y recuperar su salud, hacer frente a sus discapacidades o a su muerte.<\/p>\n\n\n\n<figure class=\"wp-block-image size-large\"><img loading=\"lazy\" decoding=\"async\" width=\"1024\" height=\"574\" src=\"https:\/\/www.solidaridadenfermera.org\/sevilla\/wp-content\/uploads\/sites\/78\/2024\/10\/olaga-1024x574.png\" alt=\"\" class=\"wp-image-1657\" srcset=\"https:\/\/www.solidaridadenfermera.org\/sevilla\/wp-content\/uploads\/sites\/78\/2024\/10\/olaga-1024x574.png 1024w, https:\/\/www.solidaridadenfermera.org\/sevilla\/wp-content\/uploads\/sites\/78\/2024\/10\/olaga-300x168.png 300w, https:\/\/www.solidaridadenfermera.org\/sevilla\/wp-content\/uploads\/sites\/78\/2024\/10\/olaga-768x431.png 768w, https:\/\/www.solidaridadenfermera.org\/sevilla\/wp-content\/uploads\/sites\/78\/2024\/10\/olaga.png 1213w\" sizes=\"auto, (max-width: 1024px) 100vw, 1024px\" \/><\/figure>\n\n\n\n<p>M\u00e1s all\u00e1 de los datos (<strong>de 152.250 peticiones de asilo, el 37% son de personas procedentes de Venezuela, 33% de Colombia; 8,8% de Per\u00fa)<\/strong>, Leralta visualiza realidades personales para hacer ver qu\u00e9 est\u00e1 fallando. Es el caso, por ejemplo de&nbsp;<em>ALMA, una joven paquistan\u00ed, llega a la consulta en una etapa avanzada de c\u00e1ncer y tiene que someterse a un tratamiento agresivo.<strong>&nbsp;El personal sanitario no es capaz de trasladarle a ella ni su familia informaci\u00f3n adecuada sobre la enfermedad, el pron\u00f3stico, las opciones de tratamiento y los efectos secundarios<\/strong>. Al no lograr que la paciente comprenda los graves efectos secundarios del tratamiento, Salma lo interrumpe al empezar a sentirse muy enferma.&nbsp;<strong>Cuando fallece, el personal sanitario atribuye el fracaso de la adherencia al tratamiento a factores culturales.<\/strong><\/em><\/p>\n\n\n\n<p>Este caso muestra c\u00f3mo no s\u00f3lo esa paciente, un caso real, no ha recibido informaci\u00f3n y tratamientos adecuados, sino que adem\u00e1s, el personal sanitario achaca a la propia paciente el nefasto desenlace. \u00bfQu\u00e9 esta ocurriendo?<\/p>\n\n\n\n<p>Otro caso, que suele darse dram\u00e1ticamente cada vez m\u00e1s es el de una ni\u00f1a:&nbsp;<em>SARA, de 8 a\u00f1os, lleg\u00f3 desde Colombia con su familia huyendo de las amenazas que recib\u00eda su padre, un pol\u00edtico local.&nbsp;Son solicitantes de&nbsp;<strong>protecci\u00f3n internacional,<\/strong>&nbsp;aunque saben que tienen escasas posibilidades de que se les reconozca el asilo en Espa\u00f1a.&nbsp;Sara recibe atenci\u00f3n psicol\u00f3gica desde hace unos meses por problemas de adaptaci\u00f3n.&nbsp;En solo un a\u00f1o ha tenido que cambiar tres veces de colegio por los cambios de residencia dentro del programa de acogida.&nbsp;<\/em>\u00abCon tan s\u00f3lo ocho a\u00f1os, es necesario pensar en la trayectoria vital y la mochila de esta peque\u00f1a, una situaci\u00f3n que afecta a millones de ni\u00f1os en todo el mundo\u00bb, asevera Leralta, al interrogar al p\u00fablico \u00bfC\u00f3mo se puede abordar?\u2026.. el interrogante deja espacio al silencio\u2026.&nbsp;<strong>con mediadores y con profesionales concienciados.<\/strong><\/p>\n\n\n\n<p><\/p>\n\n\n\n<figure class=\"wp-block-gallery has-nested-images columns-default is-cropped wp-block-gallery-1 is-layout-flex wp-block-gallery-is-layout-flex\">\n<figure class=\"wp-block-image size-large\"><img loading=\"lazy\" decoding=\"async\" width=\"1024\" height=\"768\" data-id=\"1658\" src=\"https:\/\/www.solidaridadenfermera.org\/sevilla\/wp-content\/uploads\/sites\/78\/2024\/10\/oLGA-1024x768.jpeg\" alt=\"\" class=\"wp-image-1658\" srcset=\"https:\/\/www.solidaridadenfermera.org\/sevilla\/wp-content\/uploads\/sites\/78\/2024\/10\/oLGA-1024x768.jpeg 1024w, https:\/\/www.solidaridadenfermera.org\/sevilla\/wp-content\/uploads\/sites\/78\/2024\/10\/oLGA-300x225.jpeg 300w, https:\/\/www.solidaridadenfermera.org\/sevilla\/wp-content\/uploads\/sites\/78\/2024\/10\/oLGA-768x576.jpeg 768w, https:\/\/www.solidaridadenfermera.org\/sevilla\/wp-content\/uploads\/sites\/78\/2024\/10\/oLGA-1536x1152.jpeg 1536w, https:\/\/www.solidaridadenfermera.org\/sevilla\/wp-content\/uploads\/sites\/78\/2024\/10\/oLGA.jpeg 2000w\" sizes=\"auto, (max-width: 1024px) 100vw, 1024px\" \/><\/figure>\n<\/figure>\n\n\n\n<p><\/p>\n\n\n<\/div>\n\n\n\n<div class=\"wp-block-columns row-sections-home is-layout-flex wp-container-core-columns-is-layout-9d6595d7 wp-block-columns-is-layout-flex\">\n<div class=\"wp-block-column is-layout-flow wp-block-column-is-layout-flow\">\n<div class=\"wp-block-cover has-background-dim\" style=\"background-image:url(https:\/\/www.solidaridadenfermera.org\/delegacion-de-tenerife\/wp-content\/uploads\/sites\/78\/2020\/03\/imagenes-resol-10.png)\"><div class=\"wp-block-cover__inner-container is-layout-flow wp-block-cover-is-layout-flow\">\n<h3 class=\"small-title wp-block-heading\">Job<\/h3>\n\n\n\n<p>Lorem ipsum dolor sit amet, consectetur adipiscing elit. Integer malesuada fermentum ante<\/p>\n\n\n\n<div class=\"wp-block-buttons aligncenter is-layout-flex wp-block-buttons-is-layout-flex\">\n<div class=\"wp-block-button\"><a class=\"wp-block-button__link\">Lorem ipsum<\/a><\/div>\n<\/div>\n\n\n\n<p\/>\n<\/div><\/div>\n\n\n\n<p\/>\n<\/div>\n\n\n\n<div class=\"wp-block-column is-layout-flow wp-block-column-is-layout-flow\">\n<div class=\"wp-block-cover has-background-dim\" style=\"background-image:url(https:\/\/www.solidaridadenfermera.org\/delegacion-de-tenerife\/wp-content\/uploads\/sites\/78\/2020\/03\/imagenes-resol-11.png)\"><div class=\"wp-block-cover__inner-container is-layout-flow wp-block-cover-is-layout-flow\">\n<h3 class=\"small-title wp-block-heading\">Training<\/h3>\n\n\n\n<p>Lorem ipsum dolor sit amet, consectetur adipiscing elit. Integer malesuada fermentum ante<\/p>\n\n\n\n<div class=\"wp-block-buttons aligncenter is-layout-flex wp-block-buttons-is-layout-flex\">\n<div class=\"wp-block-button\"><a class=\"wp-block-button__link\">Lorem ipsum<\/a><\/div>\n<\/div>\n\n\n\n<p\/>\n<\/div><\/div>\n<\/div>\n\n\n\n<div class=\"wp-block-column is-layout-flow wp-block-column-is-layout-flow\">\n<div class=\"wp-block-cover has-background-dim\" style=\"background-image:url(https:\/\/www.solidaridadenfermera.org\/delegacion-de-tenerife\/wp-content\/uploads\/sites\/78\/2020\/03\/imagenes-resol-12.png)\"><div class=\"wp-block-cover__inner-container is-layout-flow wp-block-cover-is-layout-flow\">\n<h3 class=\"small-title wp-block-heading\">Scholarships<\/h3>\n\n\n\n<p>Lorem ipsum dolor sit amet, consectetur adipiscing elit. Integer malesuada fermentum ante<\/p>\n\n\n\n<div class=\"wp-block-buttons aligncenter is-layout-flex wp-block-buttons-is-layout-flex\">\n<div class=\"wp-block-button\"><a class=\"wp-block-button__link\">Lorem ipsum<\/a><\/div>\n<\/div>\n\n\n\n<p\/>\n<\/div><\/div>\n<\/div>\n\n\n\n<div class=\"wp-block-column is-layout-flow wp-block-column-is-layout-flow\">\n<div class=\"wp-block-cover has-background-dim\" style=\"background-image:url(https:\/\/www.solidaridadenfermera.org\/delegacion-de-tenerife\/wp-content\/uploads\/sites\/78\/2020\/03\/imagenes-resol-13.png)\"><div class=\"wp-block-cover__inner-container is-layout-flow wp-block-cover-is-layout-flow\">\n<h3 class=\"small-title wp-block-heading\">Calendar<\/h3>\n\n\n\n<p>Lorem ipsum dolor sit amet, consectetur adipiscing elit. Integer malesuada fermentum ante<\/p>\n\n\n\n<div class=\"wp-block-buttons is-layout-flex wp-block-buttons-is-layout-flex\">\n<div class=\"wp-block-button\"><a class=\"wp-block-button__link\">Lorem ipsum<\/a><\/div>\n<\/div>\n\n\n\n<p\/>\n<\/div><\/div>\n<\/div>\n<\/div>\n\n<p\/>\n","protected":false},"excerpt":{"rendered":"","protected":false},"featured_media":1658,"template":"","news_category":[11,57],"news_tag":[],"class_list":["post-1656","news","type-news","status-publish","has-post-thumbnail","hentry","news_category-noticias","news_category-noticias-en"],"yoast_head":"<!-- This site is optimized with the Yoast SEO plugin v27.0 - https:\/\/yoast.com\/product\/yoast-seo-wordpress\/ -->\n<title>Olga Leralta, coordinadora de la Red Isir en la Escuela Andaluza de Salud P\u00fablica, ofrece en la sede del ICOES las claves para romper barreras y facilitar la mediaci\u00f3n intercultural en el \u00e1mbito sanitario - Delegaci\u00f3n de Sevilla<\/title>\n<meta name=\"robots\" content=\"index, follow, max-snippet:-1, max-image-preview:large, max-video-preview:-1\" \/>\n<link rel=\"canonical\" href=\"https:\/\/www.solidaridadenfermera.org\/sevilla\/sala-prensa\/olga-leralta-coordinadora-de-la-red-isir-en-la-escuela-andaluza-de-salud-publica-ofrece-en-la-sede-del-icoes-las-claves-para-romper-barreras-y-facilitar-la-mediacion-intercultural-en-el-ambito-sanit\/\" \/>\n<meta property=\"og:locale\" content=\"es_ES\" \/>\n<meta property=\"og:type\" content=\"article\" \/>\n<meta property=\"og:title\" content=\"Olga Leralta, coordinadora de la Red Isir en la Escuela Andaluza de Salud P\u00fablica, ofrece en la sede del ICOES las claves para romper barreras y facilitar la mediaci\u00f3n intercultural en el \u00e1mbito sanitario - Delegaci\u00f3n de Sevilla\" \/>\n<meta property=\"og:url\" content=\"https:\/\/www.solidaridadenfermera.org\/sevilla\/sala-prensa\/olga-leralta-coordinadora-de-la-red-isir-en-la-escuela-andaluza-de-salud-publica-ofrece-en-la-sede-del-icoes-las-claves-para-romper-barreras-y-facilitar-la-mediacion-intercultural-en-el-ambito-sanit\/\" \/>\n<meta property=\"og:site_name\" content=\"Delegaci\u00f3n de Sevilla\" \/>\n<meta property=\"article:modified_time\" content=\"2024-11-18T07:25:37+00:00\" \/>\n<meta property=\"og:image\" content=\"https:\/\/www.solidaridadenfermera.org\/sevilla\/wp-content\/uploads\/sites\/78\/2024\/10\/oLGA.jpeg\" \/>\n\t<meta property=\"og:image:width\" content=\"2000\" \/>\n\t<meta property=\"og:image:height\" content=\"1500\" \/>\n\t<meta property=\"og:image:type\" content=\"image\/jpeg\" \/>\n<meta name=\"twitter:card\" content=\"summary_large_image\" \/>\n<meta name=\"twitter:label1\" content=\"Tiempo de lectura\" \/>\n\t<meta name=\"twitter:data1\" content=\"5 minutos\" \/>\n<script type=\"application\/ld+json\" class=\"yoast-schema-graph\">{\"@context\":\"https:\/\/schema.org\",\"@graph\":[{\"@type\":\"WebPage\",\"@id\":\"https:\/\/www.solidaridadenfermera.org\/sevilla\/sala-prensa\/olga-leralta-coordinadora-de-la-red-isir-en-la-escuela-andaluza-de-salud-publica-ofrece-en-la-sede-del-icoes-las-claves-para-romper-barreras-y-facilitar-la-mediacion-intercultural-en-el-ambito-sanit\/\",\"url\":\"https:\/\/www.solidaridadenfermera.org\/sevilla\/sala-prensa\/olga-leralta-coordinadora-de-la-red-isir-en-la-escuela-andaluza-de-salud-publica-ofrece-en-la-sede-del-icoes-las-claves-para-romper-barreras-y-facilitar-la-mediacion-intercultural-en-el-ambito-sanit\/\",\"name\":\"Olga Leralta, coordinadora de la Red Isir en la Escuela Andaluza de Salud P\u00fablica, ofrece en la sede del ICOES las claves para romper barreras y facilitar la mediaci\u00f3n intercultural en el \u00e1mbito sanitario - Delegaci\u00f3n de Sevilla\",\"isPartOf\":{\"@id\":\"https:\/\/www.solidaridadenfermera.org\/sevilla\/#website\"},\"primaryImageOfPage\":{\"@id\":\"https:\/\/www.solidaridadenfermera.org\/sevilla\/sala-prensa\/olga-leralta-coordinadora-de-la-red-isir-en-la-escuela-andaluza-de-salud-publica-ofrece-en-la-sede-del-icoes-las-claves-para-romper-barreras-y-facilitar-la-mediacion-intercultural-en-el-ambito-sanit\/#primaryimage\"},\"image\":{\"@id\":\"https:\/\/www.solidaridadenfermera.org\/sevilla\/sala-prensa\/olga-leralta-coordinadora-de-la-red-isir-en-la-escuela-andaluza-de-salud-publica-ofrece-en-la-sede-del-icoes-las-claves-para-romper-barreras-y-facilitar-la-mediacion-intercultural-en-el-ambito-sanit\/#primaryimage\"},\"thumbnailUrl\":\"https:\/\/www.solidaridadenfermera.org\/sevilla\/wp-content\/uploads\/sites\/78\/2024\/10\/oLGA.jpeg\",\"datePublished\":\"2024-10-17T10:03:43+00:00\",\"dateModified\":\"2024-11-18T07:25:37+00:00\",\"breadcrumb\":{\"@id\":\"https:\/\/www.solidaridadenfermera.org\/sevilla\/sala-prensa\/olga-leralta-coordinadora-de-la-red-isir-en-la-escuela-andaluza-de-salud-publica-ofrece-en-la-sede-del-icoes-las-claves-para-romper-barreras-y-facilitar-la-mediacion-intercultural-en-el-ambito-sanit\/#breadcrumb\"},\"inLanguage\":\"es\",\"potentialAction\":[{\"@type\":\"ReadAction\",\"target\":[\"https:\/\/www.solidaridadenfermera.org\/sevilla\/sala-prensa\/olga-leralta-coordinadora-de-la-red-isir-en-la-escuela-andaluza-de-salud-publica-ofrece-en-la-sede-del-icoes-las-claves-para-romper-barreras-y-facilitar-la-mediacion-intercultural-en-el-ambito-sanit\/\"]}]},{\"@type\":\"ImageObject\",\"inLanguage\":\"es\",\"@id\":\"https:\/\/www.solidaridadenfermera.org\/sevilla\/sala-prensa\/olga-leralta-coordinadora-de-la-red-isir-en-la-escuela-andaluza-de-salud-publica-ofrece-en-la-sede-del-icoes-las-claves-para-romper-barreras-y-facilitar-la-mediacion-intercultural-en-el-ambito-sanit\/#primaryimage\",\"url\":\"https:\/\/www.solidaridadenfermera.org\/sevilla\/wp-content\/uploads\/sites\/78\/2024\/10\/oLGA.jpeg\",\"contentUrl\":\"https:\/\/www.solidaridadenfermera.org\/sevilla\/wp-content\/uploads\/sites\/78\/2024\/10\/oLGA.jpeg\",\"width\":2000,\"height\":1500},{\"@type\":\"BreadcrumbList\",\"@id\":\"https:\/\/www.solidaridadenfermera.org\/sevilla\/sala-prensa\/olga-leralta-coordinadora-de-la-red-isir-en-la-escuela-andaluza-de-salud-publica-ofrece-en-la-sede-del-icoes-las-claves-para-romper-barreras-y-facilitar-la-mediacion-intercultural-en-el-ambito-sanit\/#breadcrumb\",\"itemListElement\":[{\"@type\":\"ListItem\",\"position\":1,\"name\":\"Inicio\",\"item\":\"https:\/\/www.solidaridadenfermera.org\/sevilla\/\"},{\"@type\":\"ListItem\",\"position\":2,\"name\":\"Sala De Prensa\",\"item\":\"https:\/\/www.solidaridadenfermera.org\/sevilla\/sala-prensa\/\"},{\"@type\":\"ListItem\",\"position\":3,\"name\":\"Olga Leralta, coordinadora de la Red Isir en la Escuela Andaluza de Salud P\u00fablica, ofrece en la sede del ICOES las claves para romper barreras y facilitar la mediaci\u00f3n intercultural en el \u00e1mbito sanitario\"}]},{\"@type\":\"WebSite\",\"@id\":\"https:\/\/www.solidaridadenfermera.org\/sevilla\/#website\",\"url\":\"https:\/\/www.solidaridadenfermera.org\/sevilla\/\",\"name\":\"Delegaci\u00f3n de Sevilla\",\"description\":\"Consejo General de Enfermer\u00eda (CGE) es una organizaci\u00f3n profesional con m\u00e1s 100 a\u00f1os de historia, que en base a los fines y funciones que le atribuye su Estatuto Aprobado por Real Decreto 1231, de 8 de noviembre de 2001, se constituye como el referente para la profesi\u00f3n de enfermer\u00eda, representando a un colectivo de doscientos mil colegiados.\",\"publisher\":{\"@id\":\"https:\/\/www.solidaridadenfermera.org\/sevilla\/#organization\"},\"potentialAction\":[{\"@type\":\"SearchAction\",\"target\":{\"@type\":\"EntryPoint\",\"urlTemplate\":\"https:\/\/www.solidaridadenfermera.org\/sevilla\/?s={search_term_string}\"},\"query-input\":{\"@type\":\"PropertyValueSpecification\",\"valueRequired\":true,\"valueName\":\"search_term_string\"}}],\"inLanguage\":\"es\"},{\"@type\":\"Organization\",\"@id\":\"https:\/\/www.solidaridadenfermera.org\/sevilla\/#organization\",\"name\":\"Delegaci\u00f3n de Sevilla\",\"url\":\"https:\/\/www.solidaridadenfermera.org\/sevilla\/\",\"logo\":{\"@type\":\"ImageObject\",\"inLanguage\":\"es\",\"@id\":\"https:\/\/www.solidaridadenfermera.org\/sevilla\/#\/schema\/logo\/image\/\",\"url\":\"https:\/\/www.solidaridadenfermera.org\/sevilla\/wp-content\/uploads\/sites\/78\/2023\/09\/solidaridadenfermerasevilla.png\",\"contentUrl\":\"https:\/\/www.solidaridadenfermera.org\/sevilla\/wp-content\/uploads\/sites\/78\/2023\/09\/solidaridadenfermerasevilla.png\",\"width\":315,\"height\":458,\"caption\":\"Delegaci\u00f3n de Sevilla\"},\"image\":{\"@id\":\"https:\/\/www.solidaridadenfermera.org\/sevilla\/#\/schema\/logo\/image\/\"}}]}<\/script>\n<!-- \/ Yoast SEO plugin. -->","yoast_head_json":{"title":"Olga Leralta, coordinadora de la Red Isir en la Escuela Andaluza de Salud P\u00fablica, ofrece en la sede del ICOES las claves para romper barreras y facilitar la mediaci\u00f3n intercultural en el \u00e1mbito sanitario - Delegaci\u00f3n de Sevilla","robots":{"index":"index","follow":"follow","max-snippet":"max-snippet:-1","max-image-preview":"max-image-preview:large","max-video-preview":"max-video-preview:-1"},"canonical":"https:\/\/www.solidaridadenfermera.org\/sevilla\/sala-prensa\/olga-leralta-coordinadora-de-la-red-isir-en-la-escuela-andaluza-de-salud-publica-ofrece-en-la-sede-del-icoes-las-claves-para-romper-barreras-y-facilitar-la-mediacion-intercultural-en-el-ambito-sanit\/","og_locale":"es_ES","og_type":"article","og_title":"Olga Leralta, coordinadora de la Red Isir en la Escuela Andaluza de Salud P\u00fablica, ofrece en la sede del ICOES las claves para romper barreras y facilitar la mediaci\u00f3n intercultural en el \u00e1mbito sanitario - Delegaci\u00f3n de Sevilla","og_url":"https:\/\/www.solidaridadenfermera.org\/sevilla\/sala-prensa\/olga-leralta-coordinadora-de-la-red-isir-en-la-escuela-andaluza-de-salud-publica-ofrece-en-la-sede-del-icoes-las-claves-para-romper-barreras-y-facilitar-la-mediacion-intercultural-en-el-ambito-sanit\/","og_site_name":"Delegaci\u00f3n de Sevilla","article_modified_time":"2024-11-18T07:25:37+00:00","og_image":[{"width":2000,"height":1500,"url":"https:\/\/www.solidaridadenfermera.org\/sevilla\/wp-content\/uploads\/sites\/78\/2024\/10\/oLGA.jpeg","type":"image\/jpeg"}],"twitter_card":"summary_large_image","twitter_misc":{"Tiempo de lectura":"5 minutos"},"schema":{"@context":"https:\/\/schema.org","@graph":[{"@type":"WebPage","@id":"https:\/\/www.solidaridadenfermera.org\/sevilla\/sala-prensa\/olga-leralta-coordinadora-de-la-red-isir-en-la-escuela-andaluza-de-salud-publica-ofrece-en-la-sede-del-icoes-las-claves-para-romper-barreras-y-facilitar-la-mediacion-intercultural-en-el-ambito-sanit\/","url":"https:\/\/www.solidaridadenfermera.org\/sevilla\/sala-prensa\/olga-leralta-coordinadora-de-la-red-isir-en-la-escuela-andaluza-de-salud-publica-ofrece-en-la-sede-del-icoes-las-claves-para-romper-barreras-y-facilitar-la-mediacion-intercultural-en-el-ambito-sanit\/","name":"Olga Leralta, coordinadora de la Red Isir en la Escuela Andaluza de Salud P\u00fablica, ofrece en la sede del ICOES las claves para romper barreras y facilitar la mediaci\u00f3n intercultural en el \u00e1mbito sanitario - Delegaci\u00f3n de Sevilla","isPartOf":{"@id":"https:\/\/www.solidaridadenfermera.org\/sevilla\/#website"},"primaryImageOfPage":{"@id":"https:\/\/www.solidaridadenfermera.org\/sevilla\/sala-prensa\/olga-leralta-coordinadora-de-la-red-isir-en-la-escuela-andaluza-de-salud-publica-ofrece-en-la-sede-del-icoes-las-claves-para-romper-barreras-y-facilitar-la-mediacion-intercultural-en-el-ambito-sanit\/#primaryimage"},"image":{"@id":"https:\/\/www.solidaridadenfermera.org\/sevilla\/sala-prensa\/olga-leralta-coordinadora-de-la-red-isir-en-la-escuela-andaluza-de-salud-publica-ofrece-en-la-sede-del-icoes-las-claves-para-romper-barreras-y-facilitar-la-mediacion-intercultural-en-el-ambito-sanit\/#primaryimage"},"thumbnailUrl":"https:\/\/www.solidaridadenfermera.org\/sevilla\/wp-content\/uploads\/sites\/78\/2024\/10\/oLGA.jpeg","datePublished":"2024-10-17T10:03:43+00:00","dateModified":"2024-11-18T07:25:37+00:00","breadcrumb":{"@id":"https:\/\/www.solidaridadenfermera.org\/sevilla\/sala-prensa\/olga-leralta-coordinadora-de-la-red-isir-en-la-escuela-andaluza-de-salud-publica-ofrece-en-la-sede-del-icoes-las-claves-para-romper-barreras-y-facilitar-la-mediacion-intercultural-en-el-ambito-sanit\/#breadcrumb"},"inLanguage":"es","potentialAction":[{"@type":"ReadAction","target":["https:\/\/www.solidaridadenfermera.org\/sevilla\/sala-prensa\/olga-leralta-coordinadora-de-la-red-isir-en-la-escuela-andaluza-de-salud-publica-ofrece-en-la-sede-del-icoes-las-claves-para-romper-barreras-y-facilitar-la-mediacion-intercultural-en-el-ambito-sanit\/"]}]},{"@type":"ImageObject","inLanguage":"es","@id":"https:\/\/www.solidaridadenfermera.org\/sevilla\/sala-prensa\/olga-leralta-coordinadora-de-la-red-isir-en-la-escuela-andaluza-de-salud-publica-ofrece-en-la-sede-del-icoes-las-claves-para-romper-barreras-y-facilitar-la-mediacion-intercultural-en-el-ambito-sanit\/#primaryimage","url":"https:\/\/www.solidaridadenfermera.org\/sevilla\/wp-content\/uploads\/sites\/78\/2024\/10\/oLGA.jpeg","contentUrl":"https:\/\/www.solidaridadenfermera.org\/sevilla\/wp-content\/uploads\/sites\/78\/2024\/10\/oLGA.jpeg","width":2000,"height":1500},{"@type":"BreadcrumbList","@id":"https:\/\/www.solidaridadenfermera.org\/sevilla\/sala-prensa\/olga-leralta-coordinadora-de-la-red-isir-en-la-escuela-andaluza-de-salud-publica-ofrece-en-la-sede-del-icoes-las-claves-para-romper-barreras-y-facilitar-la-mediacion-intercultural-en-el-ambito-sanit\/#breadcrumb","itemListElement":[{"@type":"ListItem","position":1,"name":"Inicio","item":"https:\/\/www.solidaridadenfermera.org\/sevilla\/"},{"@type":"ListItem","position":2,"name":"Sala De Prensa","item":"https:\/\/www.solidaridadenfermera.org\/sevilla\/sala-prensa\/"},{"@type":"ListItem","position":3,"name":"Olga Leralta, coordinadora de la Red Isir en la Escuela Andaluza de Salud P\u00fablica, ofrece en la sede del ICOES las claves para romper barreras y facilitar la mediaci\u00f3n intercultural en el \u00e1mbito sanitario"}]},{"@type":"WebSite","@id":"https:\/\/www.solidaridadenfermera.org\/sevilla\/#website","url":"https:\/\/www.solidaridadenfermera.org\/sevilla\/","name":"Delegaci\u00f3n de Sevilla","description":"Consejo General de Enfermer\u00eda (CGE) es una organizaci\u00f3n profesional con m\u00e1s 100 a\u00f1os de historia, que en base a los fines y funciones que le atribuye su Estatuto Aprobado por Real Decreto 1231, de 8 de noviembre de 2001, se constituye como el referente para la profesi\u00f3n de enfermer\u00eda, representando a un colectivo de doscientos mil colegiados.","publisher":{"@id":"https:\/\/www.solidaridadenfermera.org\/sevilla\/#organization"},"potentialAction":[{"@type":"SearchAction","target":{"@type":"EntryPoint","urlTemplate":"https:\/\/www.solidaridadenfermera.org\/sevilla\/?s={search_term_string}"},"query-input":{"@type":"PropertyValueSpecification","valueRequired":true,"valueName":"search_term_string"}}],"inLanguage":"es"},{"@type":"Organization","@id":"https:\/\/www.solidaridadenfermera.org\/sevilla\/#organization","name":"Delegaci\u00f3n de Sevilla","url":"https:\/\/www.solidaridadenfermera.org\/sevilla\/","logo":{"@type":"ImageObject","inLanguage":"es","@id":"https:\/\/www.solidaridadenfermera.org\/sevilla\/#\/schema\/logo\/image\/","url":"https:\/\/www.solidaridadenfermera.org\/sevilla\/wp-content\/uploads\/sites\/78\/2023\/09\/solidaridadenfermerasevilla.png","contentUrl":"https:\/\/www.solidaridadenfermera.org\/sevilla\/wp-content\/uploads\/sites\/78\/2023\/09\/solidaridadenfermerasevilla.png","width":315,"height":458,"caption":"Delegaci\u00f3n de Sevilla"},"image":{"@id":"https:\/\/www.solidaridadenfermera.org\/sevilla\/#\/schema\/logo\/image\/"}}]}},"_links":{"self":[{"href":"https:\/\/www.solidaridadenfermera.org\/sevilla\/wp-json\/wp\/v2\/news\/1656","targetHints":{"allow":["GET"]}}],"collection":[{"href":"https:\/\/www.solidaridadenfermera.org\/sevilla\/wp-json\/wp\/v2\/news"}],"about":[{"href":"https:\/\/www.solidaridadenfermera.org\/sevilla\/wp-json\/wp\/v2\/types\/news"}],"wp:featuredmedia":[{"embeddable":true,"href":"https:\/\/www.solidaridadenfermera.org\/sevilla\/wp-json\/wp\/v2\/media\/1658"}],"wp:attachment":[{"href":"https:\/\/www.solidaridadenfermera.org\/sevilla\/wp-json\/wp\/v2\/media?parent=1656"}],"wp:term":[{"taxonomy":"news_category","embeddable":true,"href":"https:\/\/www.solidaridadenfermera.org\/sevilla\/wp-json\/wp\/v2\/news_category?post=1656"},{"taxonomy":"news_tag","embeddable":true,"href":"https:\/\/www.solidaridadenfermera.org\/sevilla\/wp-json\/wp\/v2\/news_tag?post=1656"}],"curies":[{"name":"wp","href":"https:\/\/api.w.org\/{rel}","templated":true}]}}