{"id":1653,"date":"2024-10-14T11:51:34","date_gmt":"2024-10-14T09:51:34","guid":{"rendered":"https:\/\/www.solidaridadenfermera.org\/sevilla\/?post_type=news&#038;p=1653"},"modified":"2024-11-14T13:21:10","modified_gmt":"2024-11-14T12:21:10","slug":"vanessa-mata-matrona-y-coordinadora-de-solidaridad-enfermera-sevilla-ha-organizado-un-curso-jornada-sobre-mediacion-intercultural-en-salud-que-se-celebra-este-16-de-octubre-en-la-sede-del-icoes","status":"publish","type":"news","link":"https:\/\/www.solidaridadenfermera.org\/sevilla\/sala-prensa\/vanessa-mata-matrona-y-coordinadora-de-solidaridad-enfermera-sevilla-ha-organizado-un-curso-jornada-sobre-mediacion-intercultural-en-salud-que-se-celebra-este-16-de-octubre-en-la-sede-del-icoes\/","title":{"rendered":"Vanessa Mata, matrona y coordinadora de Solidaridad Enfermera Sevilla, ha organizado un curso-jornada sobre mediaci\u00f3n intercultural en salud, que se celebra este 16 de octubre, en la sede del ICOES"},"content":{"rendered":"\n<div class=\"wp-block-cge-blocks-news-content container\">\n<p><strong>Vanessa Mata: \u00abEs clave disponer de recursos para facilitar la comunicaci\u00f3n efectiva y la comprensi\u00f3n mutua entre profesionales y pacientes de origen cultural diverso\u00bb<\/strong><\/p>\n\n\n\n<div style=\"height:50px\" aria-hidden=\"true\" class=\"wp-block-spacer\"><\/div>\n\n\n\n<p class=\"has-text-align-left\">Sevilla.- 16 de octubre, 2024. Espa\u00f1a registra en 2023 la cifra m\u00e1s alta de solicitudes de\u00a0<strong>protecci\u00f3n internacional\u00a0<\/strong>de su historia, un\u00a0<strong>incremento del 37,3 %<\/strong>. Desplazamientos forzados como consecuencia de la\u00a0<strong>vulneraci\u00f3n de los derechos humanos<\/strong>, los desastres medioambientales, las<strong>\u00a0crisis\u00a0<\/strong>econ\u00f3micas, conflictos y la violencia que amenazan a gran parte de la poblaci\u00f3n global. Estas cifras vuelven a situar a<strong>\u00a0Espa\u00f1a como el tercer pa\u00eds receptor de solicitudes de protecci\u00f3n internacional en la Uni\u00f3n Europea\u00a0<\/strong>, siendo\u00a0<strong>Andaluc\u00eda, la segunda comunidad receptora del total de solicitudes presentadas, dentro del territorio espa\u00f1ol.\u00a0<\/strong><em>(Cear Informe 2024*).<\/em><\/p>\n\n\n\n<p>La inmigraci\u00f3n en relaci\u00f3n con la salud es una dimensi\u00f3n de la<strong>&nbsp;diversidad cultural<\/strong>&nbsp;que&nbsp;puede influir en la comunicaci\u00f3n, la comprensi\u00f3n de s\u00edntomas, la&nbsp;<strong>adherencia a tratamientos&nbsp;<\/strong>y los resultados en salud.&nbsp;<\/p>\n\n\n\n<p>\u00abEn este contexto, es fundamental disponer de recursos para facilitar la comunicaci\u00f3n efectiva y la comprensi\u00f3n mutua entre profesionales y pacientes de origen cultural diverso\u00bb, asevera&nbsp;<strong>Vanessa Mata<\/strong>, matrona y&nbsp;<strong>coordinadora de la ONG del ICOES, Solidaridad Enfermera<\/strong>. Se trata de<strong>&nbsp;superar barreras ling\u00fc\u00edsticas y culturales, fomentar la confianza y la empat\u00eda,&nbsp;<\/strong>y garantizar que se proporciona una atenci\u00f3n sanitaria adecuada y culturalmente sensible.<\/p>\n\n\n\n<figure class=\"wp-block-gallery has-nested-images columns-default is-cropped wp-block-gallery-1 is-layout-flex wp-block-gallery-is-layout-flex\">\n<figure class=\"wp-block-image size-large\"><img loading=\"lazy\" decoding=\"async\" width=\"1024\" height=\"768\" data-id=\"1654\" src=\"https:\/\/www.solidaridadenfermera.org\/sevilla\/wp-content\/uploads\/sites\/78\/2024\/10\/Vanessa-16_10_24-1024x768.jpeg\" alt=\"\" class=\"wp-image-1654\" srcset=\"https:\/\/www.solidaridadenfermera.org\/sevilla\/wp-content\/uploads\/sites\/78\/2024\/10\/Vanessa-16_10_24-1024x768.jpeg 1024w, https:\/\/www.solidaridadenfermera.org\/sevilla\/wp-content\/uploads\/sites\/78\/2024\/10\/Vanessa-16_10_24-300x225.jpeg 300w, https:\/\/www.solidaridadenfermera.org\/sevilla\/wp-content\/uploads\/sites\/78\/2024\/10\/Vanessa-16_10_24-768x576.jpeg 768w, https:\/\/www.solidaridadenfermera.org\/sevilla\/wp-content\/uploads\/sites\/78\/2024\/10\/Vanessa-16_10_24-1536x1152.jpeg 1536w, https:\/\/www.solidaridadenfermera.org\/sevilla\/wp-content\/uploads\/sites\/78\/2024\/10\/Vanessa-16_10_24.jpeg 1600w\" sizes=\"auto, (max-width: 1024px) 100vw, 1024px\" \/><\/figure>\n<\/figure>\n\n\n\n<p><\/p>\n\n\n<\/div>\n\n\n\n<div class=\"wp-block-columns row-sections-home is-layout-flex wp-container-core-columns-is-layout-9d6595d7 wp-block-columns-is-layout-flex\">\n<div class=\"wp-block-column is-layout-flow wp-block-column-is-layout-flow\">\n<div class=\"wp-block-cover has-background-dim\" style=\"background-image:url(https:\/\/www.solidaridadenfermera.org\/delegacion-de-tenerife\/wp-content\/uploads\/sites\/78\/2020\/03\/imagenes-resol-10.png)\"><div class=\"wp-block-cover__inner-container is-layout-flow wp-block-cover-is-layout-flow\">\n<h3 class=\"small-title wp-block-heading\">Job<\/h3>\n\n\n\n<p>Lorem ipsum dolor sit amet, consectetur adipiscing elit. Integer malesuada fermentum ante<\/p>\n\n\n\n<div class=\"wp-block-buttons aligncenter is-layout-flex wp-block-buttons-is-layout-flex\">\n<div class=\"wp-block-button\"><a class=\"wp-block-button__link\">Lorem ipsum<\/a><\/div>\n<\/div>\n\n\n\n<p\/>\n<\/div><\/div>\n\n\n\n<p\/>\n<\/div>\n\n\n\n<div class=\"wp-block-column is-layout-flow wp-block-column-is-layout-flow\">\n<div class=\"wp-block-cover has-background-dim\" style=\"background-image:url(https:\/\/www.solidaridadenfermera.org\/delegacion-de-tenerife\/wp-content\/uploads\/sites\/78\/2020\/03\/imagenes-resol-11.png)\"><div class=\"wp-block-cover__inner-container is-layout-flow wp-block-cover-is-layout-flow\">\n<h3 class=\"small-title wp-block-heading\">Training<\/h3>\n\n\n\n<p>Lorem ipsum dolor sit amet, consectetur adipiscing elit. Integer malesuada fermentum ante<\/p>\n\n\n\n<div class=\"wp-block-buttons aligncenter is-layout-flex wp-block-buttons-is-layout-flex\">\n<div class=\"wp-block-button\"><a class=\"wp-block-button__link\">Lorem ipsum<\/a><\/div>\n<\/div>\n\n\n\n<p\/>\n<\/div><\/div>\n<\/div>\n\n\n\n<div class=\"wp-block-column is-layout-flow wp-block-column-is-layout-flow\">\n<div class=\"wp-block-cover has-background-dim\" style=\"background-image:url(https:\/\/www.solidaridadenfermera.org\/delegacion-de-tenerife\/wp-content\/uploads\/sites\/78\/2020\/03\/imagenes-resol-12.png)\"><div class=\"wp-block-cover__inner-container is-layout-flow wp-block-cover-is-layout-flow\">\n<h3 class=\"small-title wp-block-heading\">Scholarships<\/h3>\n\n\n\n<p>Lorem ipsum dolor sit amet, consectetur adipiscing elit. Integer malesuada fermentum ante<\/p>\n\n\n\n<div class=\"wp-block-buttons aligncenter is-layout-flex wp-block-buttons-is-layout-flex\">\n<div class=\"wp-block-button\"><a class=\"wp-block-button__link\">Lorem ipsum<\/a><\/div>\n<\/div>\n\n\n\n<p\/>\n<\/div><\/div>\n<\/div>\n\n\n\n<div class=\"wp-block-column is-layout-flow wp-block-column-is-layout-flow\">\n<div class=\"wp-block-cover has-background-dim\" style=\"background-image:url(https:\/\/www.solidaridadenfermera.org\/delegacion-de-tenerife\/wp-content\/uploads\/sites\/78\/2020\/03\/imagenes-resol-13.png)\"><div class=\"wp-block-cover__inner-container is-layout-flow wp-block-cover-is-layout-flow\">\n<h3 class=\"small-title wp-block-heading\">Calendar<\/h3>\n\n\n\n<p>Lorem ipsum dolor sit amet, consectetur adipiscing elit. Integer malesuada fermentum ante<\/p>\n\n\n\n<div class=\"wp-block-buttons is-layout-flex wp-block-buttons-is-layout-flex\">\n<div class=\"wp-block-button\"><a class=\"wp-block-button__link\">Lorem ipsum<\/a><\/div>\n<\/div>\n\n\n\n<p\/>\n<\/div><\/div>\n<\/div>\n<\/div>\n\n<p\/>\n","protected":false},"excerpt":{"rendered":"","protected":false},"featured_media":1654,"template":"","news_category":[11,57],"news_tag":[],"class_list":["post-1653","news","type-news","status-publish","has-post-thumbnail","hentry","news_category-noticias","news_category-noticias-en"],"yoast_head":"<!-- This site is optimized with the Yoast SEO plugin v27.0 - https:\/\/yoast.com\/product\/yoast-seo-wordpress\/ -->\n<title>Vanessa Mata, matrona y coordinadora de Solidaridad Enfermera Sevilla, ha organizado un curso-jornada sobre mediaci\u00f3n intercultural en salud, que se celebra este 16 de octubre, en la sede del ICOES - Delegaci\u00f3n de Sevilla<\/title>\n<meta name=\"robots\" content=\"index, follow, max-snippet:-1, max-image-preview:large, max-video-preview:-1\" \/>\n<link rel=\"canonical\" href=\"https:\/\/www.solidaridadenfermera.org\/sevilla\/sala-prensa\/vanessa-mata-matrona-y-coordinadora-de-solidaridad-enfermera-sevilla-ha-organizado-un-curso-jornada-sobre-mediacion-intercultural-en-salud-que-se-celebra-este-16-de-octubre-en-la-sede-del-icoes\/\" \/>\n<meta property=\"og:locale\" content=\"es_ES\" \/>\n<meta property=\"og:type\" content=\"article\" \/>\n<meta property=\"og:title\" content=\"Vanessa Mata, matrona y coordinadora de Solidaridad Enfermera Sevilla, ha organizado un curso-jornada sobre mediaci\u00f3n intercultural en salud, que se celebra este 16 de octubre, en la sede del ICOES - Delegaci\u00f3n de Sevilla\" \/>\n<meta property=\"og:url\" content=\"https:\/\/www.solidaridadenfermera.org\/sevilla\/sala-prensa\/vanessa-mata-matrona-y-coordinadora-de-solidaridad-enfermera-sevilla-ha-organizado-un-curso-jornada-sobre-mediacion-intercultural-en-salud-que-se-celebra-este-16-de-octubre-en-la-sede-del-icoes\/\" \/>\n<meta property=\"og:site_name\" content=\"Delegaci\u00f3n de Sevilla\" \/>\n<meta property=\"article:modified_time\" content=\"2024-11-14T12:21:10+00:00\" \/>\n<meta property=\"og:image\" content=\"https:\/\/www.solidaridadenfermera.org\/sevilla\/wp-content\/uploads\/sites\/78\/2024\/10\/Vanessa-16_10_24.jpeg\" \/>\n\t<meta property=\"og:image:width\" content=\"1600\" \/>\n\t<meta property=\"og:image:height\" content=\"1200\" \/>\n\t<meta property=\"og:image:type\" content=\"image\/jpeg\" \/>\n<meta name=\"twitter:card\" content=\"summary_large_image\" \/>\n<meta name=\"twitter:label1\" content=\"Tiempo de lectura\" \/>\n\t<meta name=\"twitter:data1\" content=\"2 minutos\" \/>\n<script type=\"application\/ld+json\" class=\"yoast-schema-graph\">{\"@context\":\"https:\/\/schema.org\",\"@graph\":[{\"@type\":\"WebPage\",\"@id\":\"https:\/\/www.solidaridadenfermera.org\/sevilla\/sala-prensa\/vanessa-mata-matrona-y-coordinadora-de-solidaridad-enfermera-sevilla-ha-organizado-un-curso-jornada-sobre-mediacion-intercultural-en-salud-que-se-celebra-este-16-de-octubre-en-la-sede-del-icoes\/\",\"url\":\"https:\/\/www.solidaridadenfermera.org\/sevilla\/sala-prensa\/vanessa-mata-matrona-y-coordinadora-de-solidaridad-enfermera-sevilla-ha-organizado-un-curso-jornada-sobre-mediacion-intercultural-en-salud-que-se-celebra-este-16-de-octubre-en-la-sede-del-icoes\/\",\"name\":\"Vanessa Mata, matrona y coordinadora de Solidaridad Enfermera Sevilla, ha organizado un curso-jornada sobre mediaci\u00f3n intercultural en salud, que se celebra este 16 de octubre, en la sede del ICOES - Delegaci\u00f3n de Sevilla\",\"isPartOf\":{\"@id\":\"https:\/\/www.solidaridadenfermera.org\/sevilla\/#website\"},\"primaryImageOfPage\":{\"@id\":\"https:\/\/www.solidaridadenfermera.org\/sevilla\/sala-prensa\/vanessa-mata-matrona-y-coordinadora-de-solidaridad-enfermera-sevilla-ha-organizado-un-curso-jornada-sobre-mediacion-intercultural-en-salud-que-se-celebra-este-16-de-octubre-en-la-sede-del-icoes\/#primaryimage\"},\"image\":{\"@id\":\"https:\/\/www.solidaridadenfermera.org\/sevilla\/sala-prensa\/vanessa-mata-matrona-y-coordinadora-de-solidaridad-enfermera-sevilla-ha-organizado-un-curso-jornada-sobre-mediacion-intercultural-en-salud-que-se-celebra-este-16-de-octubre-en-la-sede-del-icoes\/#primaryimage\"},\"thumbnailUrl\":\"https:\/\/www.solidaridadenfermera.org\/sevilla\/wp-content\/uploads\/sites\/78\/2024\/10\/Vanessa-16_10_24.jpeg\",\"datePublished\":\"2024-10-14T09:51:34+00:00\",\"dateModified\":\"2024-11-14T12:21:10+00:00\",\"breadcrumb\":{\"@id\":\"https:\/\/www.solidaridadenfermera.org\/sevilla\/sala-prensa\/vanessa-mata-matrona-y-coordinadora-de-solidaridad-enfermera-sevilla-ha-organizado-un-curso-jornada-sobre-mediacion-intercultural-en-salud-que-se-celebra-este-16-de-octubre-en-la-sede-del-icoes\/#breadcrumb\"},\"inLanguage\":\"es\",\"potentialAction\":[{\"@type\":\"ReadAction\",\"target\":[\"https:\/\/www.solidaridadenfermera.org\/sevilla\/sala-prensa\/vanessa-mata-matrona-y-coordinadora-de-solidaridad-enfermera-sevilla-ha-organizado-un-curso-jornada-sobre-mediacion-intercultural-en-salud-que-se-celebra-este-16-de-octubre-en-la-sede-del-icoes\/\"]}]},{\"@type\":\"ImageObject\",\"inLanguage\":\"es\",\"@id\":\"https:\/\/www.solidaridadenfermera.org\/sevilla\/sala-prensa\/vanessa-mata-matrona-y-coordinadora-de-solidaridad-enfermera-sevilla-ha-organizado-un-curso-jornada-sobre-mediacion-intercultural-en-salud-que-se-celebra-este-16-de-octubre-en-la-sede-del-icoes\/#primaryimage\",\"url\":\"https:\/\/www.solidaridadenfermera.org\/sevilla\/wp-content\/uploads\/sites\/78\/2024\/10\/Vanessa-16_10_24.jpeg\",\"contentUrl\":\"https:\/\/www.solidaridadenfermera.org\/sevilla\/wp-content\/uploads\/sites\/78\/2024\/10\/Vanessa-16_10_24.jpeg\",\"width\":1600,\"height\":1200},{\"@type\":\"BreadcrumbList\",\"@id\":\"https:\/\/www.solidaridadenfermera.org\/sevilla\/sala-prensa\/vanessa-mata-matrona-y-coordinadora-de-solidaridad-enfermera-sevilla-ha-organizado-un-curso-jornada-sobre-mediacion-intercultural-en-salud-que-se-celebra-este-16-de-octubre-en-la-sede-del-icoes\/#breadcrumb\",\"itemListElement\":[{\"@type\":\"ListItem\",\"position\":1,\"name\":\"Inicio\",\"item\":\"https:\/\/www.solidaridadenfermera.org\/sevilla\/\"},{\"@type\":\"ListItem\",\"position\":2,\"name\":\"Sala De Prensa\",\"item\":\"https:\/\/www.solidaridadenfermera.org\/sevilla\/sala-prensa\/\"},{\"@type\":\"ListItem\",\"position\":3,\"name\":\"Vanessa Mata, matrona y coordinadora de Solidaridad Enfermera Sevilla, ha organizado un curso-jornada sobre mediaci\u00f3n intercultural en salud, que se celebra este 16 de octubre, en la sede del ICOES\"}]},{\"@type\":\"WebSite\",\"@id\":\"https:\/\/www.solidaridadenfermera.org\/sevilla\/#website\",\"url\":\"https:\/\/www.solidaridadenfermera.org\/sevilla\/\",\"name\":\"Delegaci\u00f3n de Sevilla\",\"description\":\"Consejo General de Enfermer\u00eda (CGE) es una organizaci\u00f3n profesional con m\u00e1s 100 a\u00f1os de historia, que en base a los fines y funciones que le atribuye su Estatuto Aprobado por Real Decreto 1231, de 8 de noviembre de 2001, se constituye como el referente para la profesi\u00f3n de enfermer\u00eda, representando a un colectivo de doscientos mil colegiados.\",\"publisher\":{\"@id\":\"https:\/\/www.solidaridadenfermera.org\/sevilla\/#organization\"},\"potentialAction\":[{\"@type\":\"SearchAction\",\"target\":{\"@type\":\"EntryPoint\",\"urlTemplate\":\"https:\/\/www.solidaridadenfermera.org\/sevilla\/?s={search_term_string}\"},\"query-input\":{\"@type\":\"PropertyValueSpecification\",\"valueRequired\":true,\"valueName\":\"search_term_string\"}}],\"inLanguage\":\"es\"},{\"@type\":\"Organization\",\"@id\":\"https:\/\/www.solidaridadenfermera.org\/sevilla\/#organization\",\"name\":\"Delegaci\u00f3n de Sevilla\",\"url\":\"https:\/\/www.solidaridadenfermera.org\/sevilla\/\",\"logo\":{\"@type\":\"ImageObject\",\"inLanguage\":\"es\",\"@id\":\"https:\/\/www.solidaridadenfermera.org\/sevilla\/#\/schema\/logo\/image\/\",\"url\":\"https:\/\/www.solidaridadenfermera.org\/sevilla\/wp-content\/uploads\/sites\/78\/2023\/09\/solidaridadenfermerasevilla.png\",\"contentUrl\":\"https:\/\/www.solidaridadenfermera.org\/sevilla\/wp-content\/uploads\/sites\/78\/2023\/09\/solidaridadenfermerasevilla.png\",\"width\":315,\"height\":458,\"caption\":\"Delegaci\u00f3n de Sevilla\"},\"image\":{\"@id\":\"https:\/\/www.solidaridadenfermera.org\/sevilla\/#\/schema\/logo\/image\/\"}}]}<\/script>\n<!-- \/ Yoast SEO plugin. -->","yoast_head_json":{"title":"Vanessa Mata, matrona y coordinadora de Solidaridad Enfermera Sevilla, ha organizado un curso-jornada sobre mediaci\u00f3n intercultural en salud, que se celebra este 16 de octubre, en la sede del ICOES - Delegaci\u00f3n de Sevilla","robots":{"index":"index","follow":"follow","max-snippet":"max-snippet:-1","max-image-preview":"max-image-preview:large","max-video-preview":"max-video-preview:-1"},"canonical":"https:\/\/www.solidaridadenfermera.org\/sevilla\/sala-prensa\/vanessa-mata-matrona-y-coordinadora-de-solidaridad-enfermera-sevilla-ha-organizado-un-curso-jornada-sobre-mediacion-intercultural-en-salud-que-se-celebra-este-16-de-octubre-en-la-sede-del-icoes\/","og_locale":"es_ES","og_type":"article","og_title":"Vanessa Mata, matrona y coordinadora de Solidaridad Enfermera Sevilla, ha organizado un curso-jornada sobre mediaci\u00f3n intercultural en salud, que se celebra este 16 de octubre, en la sede del ICOES - Delegaci\u00f3n de Sevilla","og_url":"https:\/\/www.solidaridadenfermera.org\/sevilla\/sala-prensa\/vanessa-mata-matrona-y-coordinadora-de-solidaridad-enfermera-sevilla-ha-organizado-un-curso-jornada-sobre-mediacion-intercultural-en-salud-que-se-celebra-este-16-de-octubre-en-la-sede-del-icoes\/","og_site_name":"Delegaci\u00f3n de Sevilla","article_modified_time":"2024-11-14T12:21:10+00:00","og_image":[{"width":1600,"height":1200,"url":"https:\/\/www.solidaridadenfermera.org\/sevilla\/wp-content\/uploads\/sites\/78\/2024\/10\/Vanessa-16_10_24.jpeg","type":"image\/jpeg"}],"twitter_card":"summary_large_image","twitter_misc":{"Tiempo de lectura":"2 minutos"},"schema":{"@context":"https:\/\/schema.org","@graph":[{"@type":"WebPage","@id":"https:\/\/www.solidaridadenfermera.org\/sevilla\/sala-prensa\/vanessa-mata-matrona-y-coordinadora-de-solidaridad-enfermera-sevilla-ha-organizado-un-curso-jornada-sobre-mediacion-intercultural-en-salud-que-se-celebra-este-16-de-octubre-en-la-sede-del-icoes\/","url":"https:\/\/www.solidaridadenfermera.org\/sevilla\/sala-prensa\/vanessa-mata-matrona-y-coordinadora-de-solidaridad-enfermera-sevilla-ha-organizado-un-curso-jornada-sobre-mediacion-intercultural-en-salud-que-se-celebra-este-16-de-octubre-en-la-sede-del-icoes\/","name":"Vanessa Mata, matrona y coordinadora de Solidaridad Enfermera Sevilla, ha organizado un curso-jornada sobre mediaci\u00f3n intercultural en salud, que se celebra este 16 de octubre, en la sede del ICOES - Delegaci\u00f3n de Sevilla","isPartOf":{"@id":"https:\/\/www.solidaridadenfermera.org\/sevilla\/#website"},"primaryImageOfPage":{"@id":"https:\/\/www.solidaridadenfermera.org\/sevilla\/sala-prensa\/vanessa-mata-matrona-y-coordinadora-de-solidaridad-enfermera-sevilla-ha-organizado-un-curso-jornada-sobre-mediacion-intercultural-en-salud-que-se-celebra-este-16-de-octubre-en-la-sede-del-icoes\/#primaryimage"},"image":{"@id":"https:\/\/www.solidaridadenfermera.org\/sevilla\/sala-prensa\/vanessa-mata-matrona-y-coordinadora-de-solidaridad-enfermera-sevilla-ha-organizado-un-curso-jornada-sobre-mediacion-intercultural-en-salud-que-se-celebra-este-16-de-octubre-en-la-sede-del-icoes\/#primaryimage"},"thumbnailUrl":"https:\/\/www.solidaridadenfermera.org\/sevilla\/wp-content\/uploads\/sites\/78\/2024\/10\/Vanessa-16_10_24.jpeg","datePublished":"2024-10-14T09:51:34+00:00","dateModified":"2024-11-14T12:21:10+00:00","breadcrumb":{"@id":"https:\/\/www.solidaridadenfermera.org\/sevilla\/sala-prensa\/vanessa-mata-matrona-y-coordinadora-de-solidaridad-enfermera-sevilla-ha-organizado-un-curso-jornada-sobre-mediacion-intercultural-en-salud-que-se-celebra-este-16-de-octubre-en-la-sede-del-icoes\/#breadcrumb"},"inLanguage":"es","potentialAction":[{"@type":"ReadAction","target":["https:\/\/www.solidaridadenfermera.org\/sevilla\/sala-prensa\/vanessa-mata-matrona-y-coordinadora-de-solidaridad-enfermera-sevilla-ha-organizado-un-curso-jornada-sobre-mediacion-intercultural-en-salud-que-se-celebra-este-16-de-octubre-en-la-sede-del-icoes\/"]}]},{"@type":"ImageObject","inLanguage":"es","@id":"https:\/\/www.solidaridadenfermera.org\/sevilla\/sala-prensa\/vanessa-mata-matrona-y-coordinadora-de-solidaridad-enfermera-sevilla-ha-organizado-un-curso-jornada-sobre-mediacion-intercultural-en-salud-que-se-celebra-este-16-de-octubre-en-la-sede-del-icoes\/#primaryimage","url":"https:\/\/www.solidaridadenfermera.org\/sevilla\/wp-content\/uploads\/sites\/78\/2024\/10\/Vanessa-16_10_24.jpeg","contentUrl":"https:\/\/www.solidaridadenfermera.org\/sevilla\/wp-content\/uploads\/sites\/78\/2024\/10\/Vanessa-16_10_24.jpeg","width":1600,"height":1200},{"@type":"BreadcrumbList","@id":"https:\/\/www.solidaridadenfermera.org\/sevilla\/sala-prensa\/vanessa-mata-matrona-y-coordinadora-de-solidaridad-enfermera-sevilla-ha-organizado-un-curso-jornada-sobre-mediacion-intercultural-en-salud-que-se-celebra-este-16-de-octubre-en-la-sede-del-icoes\/#breadcrumb","itemListElement":[{"@type":"ListItem","position":1,"name":"Inicio","item":"https:\/\/www.solidaridadenfermera.org\/sevilla\/"},{"@type":"ListItem","position":2,"name":"Sala De Prensa","item":"https:\/\/www.solidaridadenfermera.org\/sevilla\/sala-prensa\/"},{"@type":"ListItem","position":3,"name":"Vanessa Mata, matrona y coordinadora de Solidaridad Enfermera Sevilla, ha organizado un curso-jornada sobre mediaci\u00f3n intercultural en salud, que se celebra este 16 de octubre, en la sede del ICOES"}]},{"@type":"WebSite","@id":"https:\/\/www.solidaridadenfermera.org\/sevilla\/#website","url":"https:\/\/www.solidaridadenfermera.org\/sevilla\/","name":"Delegaci\u00f3n de Sevilla","description":"Consejo General de Enfermer\u00eda (CGE) es una organizaci\u00f3n profesional con m\u00e1s 100 a\u00f1os de historia, que en base a los fines y funciones que le atribuye su Estatuto Aprobado por Real Decreto 1231, de 8 de noviembre de 2001, se constituye como el referente para la profesi\u00f3n de enfermer\u00eda, representando a un colectivo de doscientos mil colegiados.","publisher":{"@id":"https:\/\/www.solidaridadenfermera.org\/sevilla\/#organization"},"potentialAction":[{"@type":"SearchAction","target":{"@type":"EntryPoint","urlTemplate":"https:\/\/www.solidaridadenfermera.org\/sevilla\/?s={search_term_string}"},"query-input":{"@type":"PropertyValueSpecification","valueRequired":true,"valueName":"search_term_string"}}],"inLanguage":"es"},{"@type":"Organization","@id":"https:\/\/www.solidaridadenfermera.org\/sevilla\/#organization","name":"Delegaci\u00f3n de Sevilla","url":"https:\/\/www.solidaridadenfermera.org\/sevilla\/","logo":{"@type":"ImageObject","inLanguage":"es","@id":"https:\/\/www.solidaridadenfermera.org\/sevilla\/#\/schema\/logo\/image\/","url":"https:\/\/www.solidaridadenfermera.org\/sevilla\/wp-content\/uploads\/sites\/78\/2023\/09\/solidaridadenfermerasevilla.png","contentUrl":"https:\/\/www.solidaridadenfermera.org\/sevilla\/wp-content\/uploads\/sites\/78\/2023\/09\/solidaridadenfermerasevilla.png","width":315,"height":458,"caption":"Delegaci\u00f3n de Sevilla"},"image":{"@id":"https:\/\/www.solidaridadenfermera.org\/sevilla\/#\/schema\/logo\/image\/"}}]}},"_links":{"self":[{"href":"https:\/\/www.solidaridadenfermera.org\/sevilla\/wp-json\/wp\/v2\/news\/1653","targetHints":{"allow":["GET"]}}],"collection":[{"href":"https:\/\/www.solidaridadenfermera.org\/sevilla\/wp-json\/wp\/v2\/news"}],"about":[{"href":"https:\/\/www.solidaridadenfermera.org\/sevilla\/wp-json\/wp\/v2\/types\/news"}],"wp:featuredmedia":[{"embeddable":true,"href":"https:\/\/www.solidaridadenfermera.org\/sevilla\/wp-json\/wp\/v2\/media\/1654"}],"wp:attachment":[{"href":"https:\/\/www.solidaridadenfermera.org\/sevilla\/wp-json\/wp\/v2\/media?parent=1653"}],"wp:term":[{"taxonomy":"news_category","embeddable":true,"href":"https:\/\/www.solidaridadenfermera.org\/sevilla\/wp-json\/wp\/v2\/news_category?post=1653"},{"taxonomy":"news_tag","embeddable":true,"href":"https:\/\/www.solidaridadenfermera.org\/sevilla\/wp-json\/wp\/v2\/news_tag?post=1653"}],"curies":[{"name":"wp","href":"https:\/\/api.w.org\/{rel}","templated":true}]}}