{"id":1640,"date":"2024-10-03T16:27:42","date_gmt":"2024-10-03T14:27:42","guid":{"rendered":"https:\/\/www.solidaridadenfermera.org\/sevilla\/?post_type=news&#038;p=1640"},"modified":"2024-11-18T08:26:05","modified_gmt":"2024-11-18T07:26:05","slug":"emotiva-y-entranable-edicion-de-enmascarado-por-un-futuro-sin-cancer-en-memoria-de-marco-luna","status":"publish","type":"news","link":"https:\/\/www.solidaridadenfermera.org\/sevilla\/sala-prensa\/emotiva-y-entranable-edicion-de-enmascarado-por-un-futuro-sin-cancer-en-memoria-de-marco-luna\/","title":{"rendered":"Emotiva y entra\u00f1able edici\u00f3n de ENMASCARADO por un futuro sin c\u00e1ncer, en memoria de Marco Luna."},"content":{"rendered":"\n<div class=\"wp-block-cge-blocks-news-content container\">\n<p class=\"has-text-align-center news-subtitle\"><strong>La edici\u00f3n 2024 de ENMASCARADO, el festival solidario de m\u00e1scaras que organiza la Asociaci\u00f3n Marco Luna, discurri\u00f3 cargado de emociones en el Casino de la Exposici\u00f3n<\/strong>.<\/p>\n\n\n\n<p class=\"has-text-align-center news-subtitle\"><a href=\"https:\/\/colegioenfermeriasevilla.es\/sala-prensa\/la-v-edicion-de-enmascarado-2024-se-celebrara-con-un-nuevo-formato-este-28-de-septiembre\/\"><strong>Vanessa Mata, coordinadora de Solidaridad Enfermera, y Bienvenida Gala, vicesecretaria en el ICOES, han colaborado en este evento ben\u00e9fico en apoyo a la investigaci\u00f3n frente al c\u00e1ncer<\/strong><\/a>.<\/p>\n\n\n\n<div style=\"height:50px\" aria-hidden=\"true\" class=\"wp-block-spacer\"><\/div>\n\n\n\n<div class=\"wp-block-columns is-layout-flex wp-container-core-columns-is-layout-9d6595d7 wp-block-columns-is-layout-flex\">\n<div class=\"wp-block-column is-layout-flow wp-block-column-is-layout-flow\" style=\"flex-basis:100%\">\n<p><\/p>\n\n\n\n<p>Sevilla, 30 de septiembre, 2024.- Noelia M\u00e1rquez.<\/p>\n\n\n\n<p>Son las doce del mediod\u00eda de una jornada t\u00edmidamente oto\u00f1al en el Prado de San Sebasti\u00e1n. La espl\u00e9ndida ma\u00f1ana transcurre en Sevilla s\u00f3lo interrumpida por el sonido vibrante de unos tambores que hacen presagiar una jornada de fiesta. Es la Batucada que ha preparado la<a href=\"https:\/\/asociacionmarcoluna.org\/\">&nbsp;Asociaci\u00f3n Marco Luna&nbsp;<\/a>para arrancar&nbsp;<a href=\"https:\/\/colegioenfermeriasevilla.es\/sala-prensa\/eva-luna-la-enfermeria-es-un-eslabon-indispensable-en-el-dia-a-dia-del-paciente-onco-hematologico-y-su-familia\/\">ENMASCARADO.<\/a>&nbsp;Los pasos atra\u00eddos por el ritmo conducen a los viandantes hasta el&nbsp;<strong>Casino de la Exposici\u00f3n<\/strong>, en el coraz\u00f3n del Parque Mar\u00eda Luisa donde Eva Luna, que apenas puede detenerse un momento para saludar, tiene todo a punto para un gran espect\u00e1culo. Comienza la funci\u00f3n. M\u00e1s de 150 participantes, 70 voluntarios, 30 empresas colaboradoras, entidades p\u00fablicas y 12 asociaciones se citan por la noble causa frente al c\u00e1ncer, en memoria de Marco Luna.<\/p>\n\n\n\n<p>\u00ab<a href=\"https:\/\/colegioenfermeriasevilla.es\/sala-prensa\/la-v-edicion-de-enmascarado-2024-se-celebrara-con-un-nuevo-formato-este-28-de-septiembre\/\">ENMASCARADO<\/a>&nbsp;es un gran evento que este a\u00f1o ha crecido en calidad\u00bb, explica la anfitriona de este espect\u00e1culo solidario que aspira a convertirse en un punto de referencia para todas las asociaciones de pacientes frente al c\u00e1ncer, entidades culturales, instituciones profesionales y empresas implicadas.&nbsp;<strong>\u00abMi objetivo es ofrecer el evento cultural de la m\u00e1s alta calidad para los enfermos de c\u00e1ncer\u00bb, asevera Eva Luna<\/strong>, al lanzar este interrogante: \u00ab\u00bfPor qu\u00e9 los enfermos con c\u00e1ncer no van a poder disfrutar de un espect\u00e1culo de la m\u00e1xima calidad?\u00bb.<\/p>\n\n\n\n<p>La&nbsp;<strong>Asociaci\u00f3n Marco Luna&nbsp;<\/strong>organiza este evento ben\u00e9fico inspirado en el carnaval veneciano para apoyar la investigaci\u00f3n de terapias CAR-T frente leucemias, que se desarrolla en el Instituto de Biomedicina de Sevilla (IBIS), un tratamiento prometedor frente al c\u00e1ncer. El esperado evento ha contado, en esta edici\u00f3n 2024, con la colaboraci\u00f3n del Ilustre&nbsp;<strong>Colegio Oficial e Enfermer\u00eda de Sevilla (ICOES)<\/strong>, y con la participaci\u00f3n de su ONG&nbsp;<strong>Solidaridad Enfermera<\/strong>, entre otras entidades.<\/p>\n\n\n\n<p><strong>Vanessa Mata<\/strong>, coordinadora de Solidaridad Enfermera, explica que \u00abENMASCARADO ha sido una experiencia muy enriquecedora que nos ha permitido estrechar lazos, como miembros del colegio profesional de las enfermeras sevillanas, con las asociaciones de pacientes oncol\u00f3gicos\u00bb.<\/p>\n\n\n\n<p>Como coordinadora de la ONG, Vanessa Mata, acudi\u00f3 a la cita junto a&nbsp;<strong>Bienvenida Gala<\/strong>, vicesecretaria de ICOES, para participar activamente en este evento a trav\u00e9s de un concurrido&nbsp;<strong>curso de RCP y primeros auxilios<\/strong>. A trav\u00e9s de un stand, las enfermeras voluntarias han divulgado las funciones de los cuidados enfermeros a la poblaci\u00f3n general, y en particular, a pacientes oncol\u00f3gicos.<\/p>\n\n\n\n<p>Una jornada entra\u00f1able de teatro, cuentacuentos, m\u00e1scaras y m\u00fasica, sin parang\u00f3n en la ciudad, que quiere superarse a\u00f1o tras a\u00f1o, de la mano de Eva Luna, y sus 70 voluntarios. \u00abMe quedo con el esfuerzo y la dedicaci\u00f3n de todas mis voluntarias, que me han acompa\u00f1ado en este evento arriesgado por un ma\u00f1ana sin c\u00e1ncer\u00bb, concluye la presidenta de la Asociaci\u00f3n Marco Luna.<\/p>\n\n\n\n<div class=\"wp-block-columns is-layout-flex wp-container-core-columns-is-layout-9d6595d7 wp-block-columns-is-layout-flex\">\n<div class=\"wp-block-column is-layout-flow wp-block-column-is-layout-flow\"><\/div>\n\n\n\n<div class=\"wp-block-column is-layout-flow wp-block-column-is-layout-flow\">\n<figure class=\"wp-block-image size-large\"><img loading=\"lazy\" decoding=\"async\" width=\"1024\" height=\"919\" src=\"https:\/\/www.solidaridadenfermera.org\/sevilla\/wp-content\/uploads\/sites\/78\/2024\/10\/vanessa-2048x1838-1-1024x919.jpeg\" alt=\"\" class=\"wp-image-1641\" srcset=\"https:\/\/www.solidaridadenfermera.org\/sevilla\/wp-content\/uploads\/sites\/78\/2024\/10\/vanessa-2048x1838-1-1024x919.jpeg 1024w, https:\/\/www.solidaridadenfermera.org\/sevilla\/wp-content\/uploads\/sites\/78\/2024\/10\/vanessa-2048x1838-1-300x269.jpeg 300w, https:\/\/www.solidaridadenfermera.org\/sevilla\/wp-content\/uploads\/sites\/78\/2024\/10\/vanessa-2048x1838-1-768x689.jpeg 768w, https:\/\/www.solidaridadenfermera.org\/sevilla\/wp-content\/uploads\/sites\/78\/2024\/10\/vanessa-2048x1838-1-1536x1379.jpeg 1536w, https:\/\/www.solidaridadenfermera.org\/sevilla\/wp-content\/uploads\/sites\/78\/2024\/10\/vanessa-2048x1838-1.jpeg 2048w\" sizes=\"auto, (max-width: 1024px) 100vw, 1024px\" \/><\/figure>\n<\/div>\n\n\n\n<div class=\"wp-block-column is-layout-flow wp-block-column-is-layout-flow\"><\/div>\n<\/div>\n<\/div>\n<\/div>\n\n\n\n<figure class=\"wp-block-gallery has-nested-images columns-default is-cropped wp-block-gallery-1 is-layout-flex wp-block-gallery-is-layout-flex\"><\/figure>\n\n\n\n<p><\/p>\n\n\n<\/div>\n\n\n\n<div class=\"wp-block-columns row-sections-home is-layout-flex wp-container-core-columns-is-layout-9d6595d7 wp-block-columns-is-layout-flex\">\n<div class=\"wp-block-column is-layout-flow wp-block-column-is-layout-flow\">\n<div class=\"wp-block-cover has-background-dim\" style=\"background-image:url(https:\/\/www.solidaridadenfermera.org\/delegacion-de-tenerife\/wp-content\/uploads\/sites\/78\/2020\/03\/imagenes-resol-10.png)\"><div class=\"wp-block-cover__inner-container is-layout-flow wp-block-cover-is-layout-flow\">\n<h3 class=\"small-title wp-block-heading\">Job<\/h3>\n\n\n\n<p>Lorem ipsum dolor sit amet, consectetur adipiscing elit. Integer malesuada fermentum ante<\/p>\n\n\n\n<div class=\"wp-block-buttons aligncenter is-layout-flex wp-block-buttons-is-layout-flex\">\n<div class=\"wp-block-button\"><a class=\"wp-block-button__link\">Lorem ipsum<\/a><\/div>\n<\/div>\n\n\n\n<p\/>\n<\/div><\/div>\n\n\n\n<p\/>\n<\/div>\n\n\n\n<div class=\"wp-block-column is-layout-flow wp-block-column-is-layout-flow\">\n<div class=\"wp-block-cover has-background-dim\" style=\"background-image:url(https:\/\/www.solidaridadenfermera.org\/delegacion-de-tenerife\/wp-content\/uploads\/sites\/78\/2020\/03\/imagenes-resol-11.png)\"><div class=\"wp-block-cover__inner-container is-layout-flow wp-block-cover-is-layout-flow\">\n<h3 class=\"small-title wp-block-heading\">Training<\/h3>\n\n\n\n<p>Lorem ipsum dolor sit amet, consectetur adipiscing elit. Integer malesuada fermentum ante<\/p>\n\n\n\n<div class=\"wp-block-buttons aligncenter is-layout-flex wp-block-buttons-is-layout-flex\">\n<div class=\"wp-block-button\"><a class=\"wp-block-button__link\">Lorem ipsum<\/a><\/div>\n<\/div>\n\n\n\n<p\/>\n<\/div><\/div>\n<\/div>\n\n\n\n<div class=\"wp-block-column is-layout-flow wp-block-column-is-layout-flow\">\n<div class=\"wp-block-cover has-background-dim\" style=\"background-image:url(https:\/\/www.solidaridadenfermera.org\/delegacion-de-tenerife\/wp-content\/uploads\/sites\/78\/2020\/03\/imagenes-resol-12.png)\"><div class=\"wp-block-cover__inner-container is-layout-flow wp-block-cover-is-layout-flow\">\n<h3 class=\"small-title wp-block-heading\">Scholarships<\/h3>\n\n\n\n<p>Lorem ipsum dolor sit amet, consectetur adipiscing elit. Integer malesuada fermentum ante<\/p>\n\n\n\n<div class=\"wp-block-buttons aligncenter is-layout-flex wp-block-buttons-is-layout-flex\">\n<div class=\"wp-block-button\"><a class=\"wp-block-button__link\">Lorem ipsum<\/a><\/div>\n<\/div>\n\n\n\n<p\/>\n<\/div><\/div>\n<\/div>\n\n\n\n<div class=\"wp-block-column is-layout-flow wp-block-column-is-layout-flow\">\n<div class=\"wp-block-cover has-background-dim\" style=\"background-image:url(https:\/\/www.solidaridadenfermera.org\/delegacion-de-tenerife\/wp-content\/uploads\/sites\/78\/2020\/03\/imagenes-resol-13.png)\"><div class=\"wp-block-cover__inner-container is-layout-flow wp-block-cover-is-layout-flow\">\n<h3 class=\"small-title wp-block-heading\">Calendar<\/h3>\n\n\n\n<p>Lorem ipsum dolor sit amet, consectetur adipiscing elit. Integer malesuada fermentum ante<\/p>\n\n\n\n<div class=\"wp-block-buttons is-layout-flex wp-block-buttons-is-layout-flex\">\n<div class=\"wp-block-button\"><a class=\"wp-block-button__link\">Lorem ipsum<\/a><\/div>\n<\/div>\n\n\n\n<p\/>\n<\/div><\/div>\n<\/div>\n<\/div>\n\n<p\/>\n","protected":false},"excerpt":{"rendered":"","protected":false},"featured_media":1641,"template":"","news_category":[11,57],"news_tag":[],"class_list":["post-1640","news","type-news","status-publish","has-post-thumbnail","hentry","news_category-noticias","news_category-noticias-en"],"yoast_head":"<!-- This site is optimized with the Yoast SEO plugin v27.0 - https:\/\/yoast.com\/product\/yoast-seo-wordpress\/ -->\n<title>Emotiva y entra\u00f1able edici\u00f3n de ENMASCARADO por un futuro sin c\u00e1ncer, en memoria de Marco Luna. - Delegaci\u00f3n de Sevilla<\/title>\n<meta name=\"robots\" content=\"index, follow, max-snippet:-1, max-image-preview:large, max-video-preview:-1\" \/>\n<link rel=\"canonical\" href=\"https:\/\/www.solidaridadenfermera.org\/sevilla\/sala-prensa\/emotiva-y-entranable-edicion-de-enmascarado-por-un-futuro-sin-cancer-en-memoria-de-marco-luna\/\" \/>\n<meta property=\"og:locale\" content=\"es_ES\" \/>\n<meta property=\"og:type\" content=\"article\" \/>\n<meta property=\"og:title\" content=\"Emotiva y entra\u00f1able edici\u00f3n de ENMASCARADO por un futuro sin c\u00e1ncer, en memoria de Marco Luna. - Delegaci\u00f3n de Sevilla\" \/>\n<meta property=\"og:url\" content=\"https:\/\/www.solidaridadenfermera.org\/sevilla\/sala-prensa\/emotiva-y-entranable-edicion-de-enmascarado-por-un-futuro-sin-cancer-en-memoria-de-marco-luna\/\" \/>\n<meta property=\"og:site_name\" content=\"Delegaci\u00f3n de Sevilla\" \/>\n<meta property=\"article:modified_time\" content=\"2024-11-18T07:26:05+00:00\" \/>\n<meta property=\"og:image\" content=\"https:\/\/www.solidaridadenfermera.org\/sevilla\/wp-content\/uploads\/sites\/78\/2024\/10\/vanessa-2048x1838-1.jpeg\" \/>\n\t<meta property=\"og:image:width\" content=\"2048\" \/>\n\t<meta property=\"og:image:height\" content=\"1838\" \/>\n\t<meta property=\"og:image:type\" content=\"image\/jpeg\" \/>\n<meta name=\"twitter:card\" content=\"summary_large_image\" \/>\n<meta name=\"twitter:label1\" content=\"Tiempo de lectura\" \/>\n\t<meta name=\"twitter:data1\" content=\"3 minutos\" \/>\n<script type=\"application\/ld+json\" class=\"yoast-schema-graph\">{\"@context\":\"https:\/\/schema.org\",\"@graph\":[{\"@type\":\"WebPage\",\"@id\":\"https:\/\/www.solidaridadenfermera.org\/sevilla\/sala-prensa\/emotiva-y-entranable-edicion-de-enmascarado-por-un-futuro-sin-cancer-en-memoria-de-marco-luna\/\",\"url\":\"https:\/\/www.solidaridadenfermera.org\/sevilla\/sala-prensa\/emotiva-y-entranable-edicion-de-enmascarado-por-un-futuro-sin-cancer-en-memoria-de-marco-luna\/\",\"name\":\"Emotiva y entra\u00f1able edici\u00f3n de ENMASCARADO por un futuro sin c\u00e1ncer, en memoria de Marco Luna. - Delegaci\u00f3n de Sevilla\",\"isPartOf\":{\"@id\":\"https:\/\/www.solidaridadenfermera.org\/sevilla\/#website\"},\"primaryImageOfPage\":{\"@id\":\"https:\/\/www.solidaridadenfermera.org\/sevilla\/sala-prensa\/emotiva-y-entranable-edicion-de-enmascarado-por-un-futuro-sin-cancer-en-memoria-de-marco-luna\/#primaryimage\"},\"image\":{\"@id\":\"https:\/\/www.solidaridadenfermera.org\/sevilla\/sala-prensa\/emotiva-y-entranable-edicion-de-enmascarado-por-un-futuro-sin-cancer-en-memoria-de-marco-luna\/#primaryimage\"},\"thumbnailUrl\":\"https:\/\/www.solidaridadenfermera.org\/sevilla\/wp-content\/uploads\/sites\/78\/2024\/10\/vanessa-2048x1838-1.jpeg\",\"datePublished\":\"2024-10-03T14:27:42+00:00\",\"dateModified\":\"2024-11-18T07:26:05+00:00\",\"breadcrumb\":{\"@id\":\"https:\/\/www.solidaridadenfermera.org\/sevilla\/sala-prensa\/emotiva-y-entranable-edicion-de-enmascarado-por-un-futuro-sin-cancer-en-memoria-de-marco-luna\/#breadcrumb\"},\"inLanguage\":\"es\",\"potentialAction\":[{\"@type\":\"ReadAction\",\"target\":[\"https:\/\/www.solidaridadenfermera.org\/sevilla\/sala-prensa\/emotiva-y-entranable-edicion-de-enmascarado-por-un-futuro-sin-cancer-en-memoria-de-marco-luna\/\"]}]},{\"@type\":\"ImageObject\",\"inLanguage\":\"es\",\"@id\":\"https:\/\/www.solidaridadenfermera.org\/sevilla\/sala-prensa\/emotiva-y-entranable-edicion-de-enmascarado-por-un-futuro-sin-cancer-en-memoria-de-marco-luna\/#primaryimage\",\"url\":\"https:\/\/www.solidaridadenfermera.org\/sevilla\/wp-content\/uploads\/sites\/78\/2024\/10\/vanessa-2048x1838-1.jpeg\",\"contentUrl\":\"https:\/\/www.solidaridadenfermera.org\/sevilla\/wp-content\/uploads\/sites\/78\/2024\/10\/vanessa-2048x1838-1.jpeg\",\"width\":2048,\"height\":1838},{\"@type\":\"BreadcrumbList\",\"@id\":\"https:\/\/www.solidaridadenfermera.org\/sevilla\/sala-prensa\/emotiva-y-entranable-edicion-de-enmascarado-por-un-futuro-sin-cancer-en-memoria-de-marco-luna\/#breadcrumb\",\"itemListElement\":[{\"@type\":\"ListItem\",\"position\":1,\"name\":\"Inicio\",\"item\":\"https:\/\/www.solidaridadenfermera.org\/sevilla\/\"},{\"@type\":\"ListItem\",\"position\":2,\"name\":\"Sala De Prensa\",\"item\":\"https:\/\/www.solidaridadenfermera.org\/sevilla\/sala-prensa\/\"},{\"@type\":\"ListItem\",\"position\":3,\"name\":\"Emotiva y entra\u00f1able edici\u00f3n de ENMASCARADO por un futuro sin c\u00e1ncer, en memoria de Marco Luna.\"}]},{\"@type\":\"WebSite\",\"@id\":\"https:\/\/www.solidaridadenfermera.org\/sevilla\/#website\",\"url\":\"https:\/\/www.solidaridadenfermera.org\/sevilla\/\",\"name\":\"Delegaci\u00f3n de Sevilla\",\"description\":\"Consejo General de Enfermer\u00eda (CGE) es una organizaci\u00f3n profesional con m\u00e1s 100 a\u00f1os de historia, que en base a los fines y funciones que le atribuye su Estatuto Aprobado por Real Decreto 1231, de 8 de noviembre de 2001, se constituye como el referente para la profesi\u00f3n de enfermer\u00eda, representando a un colectivo de doscientos mil colegiados.\",\"publisher\":{\"@id\":\"https:\/\/www.solidaridadenfermera.org\/sevilla\/#organization\"},\"potentialAction\":[{\"@type\":\"SearchAction\",\"target\":{\"@type\":\"EntryPoint\",\"urlTemplate\":\"https:\/\/www.solidaridadenfermera.org\/sevilla\/?s={search_term_string}\"},\"query-input\":{\"@type\":\"PropertyValueSpecification\",\"valueRequired\":true,\"valueName\":\"search_term_string\"}}],\"inLanguage\":\"es\"},{\"@type\":\"Organization\",\"@id\":\"https:\/\/www.solidaridadenfermera.org\/sevilla\/#organization\",\"name\":\"Delegaci\u00f3n de Sevilla\",\"url\":\"https:\/\/www.solidaridadenfermera.org\/sevilla\/\",\"logo\":{\"@type\":\"ImageObject\",\"inLanguage\":\"es\",\"@id\":\"https:\/\/www.solidaridadenfermera.org\/sevilla\/#\/schema\/logo\/image\/\",\"url\":\"https:\/\/www.solidaridadenfermera.org\/sevilla\/wp-content\/uploads\/sites\/78\/2023\/09\/solidaridadenfermerasevilla.png\",\"contentUrl\":\"https:\/\/www.solidaridadenfermera.org\/sevilla\/wp-content\/uploads\/sites\/78\/2023\/09\/solidaridadenfermerasevilla.png\",\"width\":315,\"height\":458,\"caption\":\"Delegaci\u00f3n de Sevilla\"},\"image\":{\"@id\":\"https:\/\/www.solidaridadenfermera.org\/sevilla\/#\/schema\/logo\/image\/\"}}]}<\/script>\n<!-- \/ Yoast SEO plugin. -->","yoast_head_json":{"title":"Emotiva y entra\u00f1able edici\u00f3n de ENMASCARADO por un futuro sin c\u00e1ncer, en memoria de Marco Luna. - Delegaci\u00f3n de Sevilla","robots":{"index":"index","follow":"follow","max-snippet":"max-snippet:-1","max-image-preview":"max-image-preview:large","max-video-preview":"max-video-preview:-1"},"canonical":"https:\/\/www.solidaridadenfermera.org\/sevilla\/sala-prensa\/emotiva-y-entranable-edicion-de-enmascarado-por-un-futuro-sin-cancer-en-memoria-de-marco-luna\/","og_locale":"es_ES","og_type":"article","og_title":"Emotiva y entra\u00f1able edici\u00f3n de ENMASCARADO por un futuro sin c\u00e1ncer, en memoria de Marco Luna. - Delegaci\u00f3n de Sevilla","og_url":"https:\/\/www.solidaridadenfermera.org\/sevilla\/sala-prensa\/emotiva-y-entranable-edicion-de-enmascarado-por-un-futuro-sin-cancer-en-memoria-de-marco-luna\/","og_site_name":"Delegaci\u00f3n de Sevilla","article_modified_time":"2024-11-18T07:26:05+00:00","og_image":[{"width":2048,"height":1838,"url":"https:\/\/www.solidaridadenfermera.org\/sevilla\/wp-content\/uploads\/sites\/78\/2024\/10\/vanessa-2048x1838-1.jpeg","type":"image\/jpeg"}],"twitter_card":"summary_large_image","twitter_misc":{"Tiempo de lectura":"3 minutos"},"schema":{"@context":"https:\/\/schema.org","@graph":[{"@type":"WebPage","@id":"https:\/\/www.solidaridadenfermera.org\/sevilla\/sala-prensa\/emotiva-y-entranable-edicion-de-enmascarado-por-un-futuro-sin-cancer-en-memoria-de-marco-luna\/","url":"https:\/\/www.solidaridadenfermera.org\/sevilla\/sala-prensa\/emotiva-y-entranable-edicion-de-enmascarado-por-un-futuro-sin-cancer-en-memoria-de-marco-luna\/","name":"Emotiva y entra\u00f1able edici\u00f3n de ENMASCARADO por un futuro sin c\u00e1ncer, en memoria de Marco Luna. - Delegaci\u00f3n de Sevilla","isPartOf":{"@id":"https:\/\/www.solidaridadenfermera.org\/sevilla\/#website"},"primaryImageOfPage":{"@id":"https:\/\/www.solidaridadenfermera.org\/sevilla\/sala-prensa\/emotiva-y-entranable-edicion-de-enmascarado-por-un-futuro-sin-cancer-en-memoria-de-marco-luna\/#primaryimage"},"image":{"@id":"https:\/\/www.solidaridadenfermera.org\/sevilla\/sala-prensa\/emotiva-y-entranable-edicion-de-enmascarado-por-un-futuro-sin-cancer-en-memoria-de-marco-luna\/#primaryimage"},"thumbnailUrl":"https:\/\/www.solidaridadenfermera.org\/sevilla\/wp-content\/uploads\/sites\/78\/2024\/10\/vanessa-2048x1838-1.jpeg","datePublished":"2024-10-03T14:27:42+00:00","dateModified":"2024-11-18T07:26:05+00:00","breadcrumb":{"@id":"https:\/\/www.solidaridadenfermera.org\/sevilla\/sala-prensa\/emotiva-y-entranable-edicion-de-enmascarado-por-un-futuro-sin-cancer-en-memoria-de-marco-luna\/#breadcrumb"},"inLanguage":"es","potentialAction":[{"@type":"ReadAction","target":["https:\/\/www.solidaridadenfermera.org\/sevilla\/sala-prensa\/emotiva-y-entranable-edicion-de-enmascarado-por-un-futuro-sin-cancer-en-memoria-de-marco-luna\/"]}]},{"@type":"ImageObject","inLanguage":"es","@id":"https:\/\/www.solidaridadenfermera.org\/sevilla\/sala-prensa\/emotiva-y-entranable-edicion-de-enmascarado-por-un-futuro-sin-cancer-en-memoria-de-marco-luna\/#primaryimage","url":"https:\/\/www.solidaridadenfermera.org\/sevilla\/wp-content\/uploads\/sites\/78\/2024\/10\/vanessa-2048x1838-1.jpeg","contentUrl":"https:\/\/www.solidaridadenfermera.org\/sevilla\/wp-content\/uploads\/sites\/78\/2024\/10\/vanessa-2048x1838-1.jpeg","width":2048,"height":1838},{"@type":"BreadcrumbList","@id":"https:\/\/www.solidaridadenfermera.org\/sevilla\/sala-prensa\/emotiva-y-entranable-edicion-de-enmascarado-por-un-futuro-sin-cancer-en-memoria-de-marco-luna\/#breadcrumb","itemListElement":[{"@type":"ListItem","position":1,"name":"Inicio","item":"https:\/\/www.solidaridadenfermera.org\/sevilla\/"},{"@type":"ListItem","position":2,"name":"Sala De Prensa","item":"https:\/\/www.solidaridadenfermera.org\/sevilla\/sala-prensa\/"},{"@type":"ListItem","position":3,"name":"Emotiva y entra\u00f1able edici\u00f3n de ENMASCARADO por un futuro sin c\u00e1ncer, en memoria de Marco Luna."}]},{"@type":"WebSite","@id":"https:\/\/www.solidaridadenfermera.org\/sevilla\/#website","url":"https:\/\/www.solidaridadenfermera.org\/sevilla\/","name":"Delegaci\u00f3n de Sevilla","description":"Consejo General de Enfermer\u00eda (CGE) es una organizaci\u00f3n profesional con m\u00e1s 100 a\u00f1os de historia, que en base a los fines y funciones que le atribuye su Estatuto Aprobado por Real Decreto 1231, de 8 de noviembre de 2001, se constituye como el referente para la profesi\u00f3n de enfermer\u00eda, representando a un colectivo de doscientos mil colegiados.","publisher":{"@id":"https:\/\/www.solidaridadenfermera.org\/sevilla\/#organization"},"potentialAction":[{"@type":"SearchAction","target":{"@type":"EntryPoint","urlTemplate":"https:\/\/www.solidaridadenfermera.org\/sevilla\/?s={search_term_string}"},"query-input":{"@type":"PropertyValueSpecification","valueRequired":true,"valueName":"search_term_string"}}],"inLanguage":"es"},{"@type":"Organization","@id":"https:\/\/www.solidaridadenfermera.org\/sevilla\/#organization","name":"Delegaci\u00f3n de Sevilla","url":"https:\/\/www.solidaridadenfermera.org\/sevilla\/","logo":{"@type":"ImageObject","inLanguage":"es","@id":"https:\/\/www.solidaridadenfermera.org\/sevilla\/#\/schema\/logo\/image\/","url":"https:\/\/www.solidaridadenfermera.org\/sevilla\/wp-content\/uploads\/sites\/78\/2023\/09\/solidaridadenfermerasevilla.png","contentUrl":"https:\/\/www.solidaridadenfermera.org\/sevilla\/wp-content\/uploads\/sites\/78\/2023\/09\/solidaridadenfermerasevilla.png","width":315,"height":458,"caption":"Delegaci\u00f3n de Sevilla"},"image":{"@id":"https:\/\/www.solidaridadenfermera.org\/sevilla\/#\/schema\/logo\/image\/"}}]}},"_links":{"self":[{"href":"https:\/\/www.solidaridadenfermera.org\/sevilla\/wp-json\/wp\/v2\/news\/1640","targetHints":{"allow":["GET"]}}],"collection":[{"href":"https:\/\/www.solidaridadenfermera.org\/sevilla\/wp-json\/wp\/v2\/news"}],"about":[{"href":"https:\/\/www.solidaridadenfermera.org\/sevilla\/wp-json\/wp\/v2\/types\/news"}],"wp:featuredmedia":[{"embeddable":true,"href":"https:\/\/www.solidaridadenfermera.org\/sevilla\/wp-json\/wp\/v2\/media\/1641"}],"wp:attachment":[{"href":"https:\/\/www.solidaridadenfermera.org\/sevilla\/wp-json\/wp\/v2\/media?parent=1640"}],"wp:term":[{"taxonomy":"news_category","embeddable":true,"href":"https:\/\/www.solidaridadenfermera.org\/sevilla\/wp-json\/wp\/v2\/news_category?post=1640"},{"taxonomy":"news_tag","embeddable":true,"href":"https:\/\/www.solidaridadenfermera.org\/sevilla\/wp-json\/wp\/v2\/news_tag?post=1640"}],"curies":[{"name":"wp","href":"https:\/\/api.w.org\/{rel}","templated":true}]}}