{"id":1637,"date":"2024-09-25T14:51:43","date_gmt":"2024-09-25T12:51:43","guid":{"rendered":"https:\/\/www.solidaridadenfermera.org\/sevilla\/?post_type=news&#038;p=1637"},"modified":"2024-11-14T14:58:46","modified_gmt":"2024-11-14T13:58:46","slug":"zaray-cabrera-solidaridad-enfermera-en-sevilla-pone-en-valor-las-propias-herramientas-identitarias-y-culturales-para-afrontar-la-salud","status":"publish","type":"news","link":"https:\/\/www.solidaridadenfermera.org\/sevilla\/sala-prensa\/zaray-cabrera-solidaridad-enfermera-en-sevilla-pone-en-valor-las-propias-herramientas-identitarias-y-culturales-para-afrontar-la-salud\/","title":{"rendered":"Zaray Cabrera: \u00abSolidaridad Enfermera en Sevilla pone en valor las propias herramientas identitarias y culturales para afrontar la salud\u00bb"},"content":{"rendered":"\n<div class=\"wp-block-cge-blocks-news-content container\">\n<p class=\"has-text-align-center news-subtitle\"><strong><strong>La coordinadora del Equipo de Intervenci\u00f3n Social de Sevilla en Andaluc\u00eda Acoge, Zaray Cabrera G\u00f3mez, destaca el trabajo que realizan las enfermeras voluntarias en Solidaridad Enfermera para la promoci\u00f3n de la salud.<\/strong><\/strong><\/p>\n\n\n\n<div class=\"wp-block-columns is-layout-flex wp-container-core-columns-is-layout-9d6595d7 wp-block-columns-is-layout-flex\">\n<div class=\"wp-block-column is-layout-flow wp-block-column-is-layout-flow\" style=\"flex-basis:100%\">\n<p>Sevilla.- 24 de septiembre, 2024<\/p>\n\n\n\n<p><a href=\"https:\/\/colegioenfermeriasevilla.es\/sala-prensa\/el-icoes-ofrece-el-curso-jornada-mediacion-intercultural-en-salud-en-colaboracion-con-andalucia-acoge\/\">La ONG del Colegio de Colegio de Enfermer\u00eda de Sevilla<\/a>,&nbsp;<strong>Solidaridad Enfermera,&nbsp;<\/strong>imparte formaciones en materia de salud a personas vulnerables entre las que se encuentran los usuarios de&nbsp;<strong>Andaluc\u00eda Acoge<\/strong>.<\/p>\n\n\n\n<p>Enfermeras voluntarias coordinadas por&nbsp;<strong>Vanessa Mata&nbsp;<\/strong>han desarrollado ya cinco talleres y hay programados tres m\u00e1s. A trav\u00e9s de estas formaciones, Solidaridad Enfermera&nbsp;<strong>promociona la salud mediante la educaci\u00f3n sexual y afectiva,<\/strong>&nbsp;tanto para hombres como mujeres; y avanza en la&nbsp;<strong>prevenci\u00f3n de la mutilaci\u00f3n genital femenina<\/strong>; la&nbsp;<strong>nutrici\u00f3n y alimentaci\u00f3n saludable<\/strong>; y forma en&nbsp;<strong>RCP y primeros auxilios.<\/strong><\/p>\n\n\n\n<p><strong>Zaray Cabrera G\u00f3mez<\/strong>, coordinadora del Equipo de Intervenci\u00f3n Social de Sevilla en Andaluc\u00eda Acoge, explica que \u00abel eje central es la<strong>&nbsp;promoci\u00f3n de la salud<\/strong>&nbsp;como proceso de capacitar a las personas, individual y colectivamente, para aumentar el control sobre los determinantes de la salud y con ello mejorar su bienestar\u00bb, al incidir en que las&nbsp;<strong>personas que migran&nbsp;<\/strong>enfrentan<strong>&nbsp;mayores determinantes sociales que afectan a su salud<\/strong>, entendida esta como el estado de completo<strong>&nbsp;bienestar f\u00edsico, mental y social<\/strong>, por lo que estas formaciones aportan un<strong>&nbsp;enriquecimiento mutuo<\/strong>.<\/p>\n\n\n\n<p>\u00abDotar a las personas de&nbsp;<strong>conocimientos, herramientas y habilidades&nbsp;<\/strong>para tener un control sobre su salud resulta fundamental para toda la poblaci\u00f3n, pero \u00b7especialmente para personas que enfrentan mayores barreras y comparten la interseccionalidad de&nbsp;<strong>desigualdades sistem\u00e1ticas<\/strong>, como el g\u00e9nero, la situaci\u00f3n socioecon\u00f3mica, posici\u00f3n social, el origen, la situaci\u00f3n documental, el racismo\u00bb, a\u00f1ade.&nbsp;<\/p>\n\n\n\n<p>La perspectiva de esta formaci\u00f3n se aborda desde un enfoque intercultural y, seg\u00fan afirma&nbsp;<strong>Zaray Cabrera<\/strong>, \u00abpone en valor sus propias herramientas culturales e identitarias para afrontar la salud y sus determinantes, un elemento que nos parece esencial y que Solidaridad Enfermera sabe incorporar\u00bb.&nbsp;<\/p>\n\n\n\n<p>La coordinadora del Equipo de Intervenci\u00f3n Social de Sevilla en Andaluc\u00eda Acoge destaca<strong>&nbsp;la colaboraci\u00f3n entre la sociedad, profesionales y las entidades,<\/strong>&nbsp;intercambio de conocimientos y&nbsp;<strong>enriquecimiento mutuo<\/strong>, creando sinergias y espacios de aprendizaje seguros. En esta labor,&nbsp;<strong>Zaray Cabrera&nbsp;<\/strong>reivindica \u00abel acceso universal a la sanidad y un sistema p\u00fablicos, de calidad y universal\u00bb.&nbsp;<\/p>\n\n\n\n<p><\/p>\n\n\n\n<div class=\"wp-block-columns is-layout-flex wp-container-core-columns-is-layout-9d6595d7 wp-block-columns-is-layout-flex\">\n<div class=\"wp-block-column is-layout-flow wp-block-column-is-layout-flow\"><\/div>\n\n\n\n<div class=\"wp-block-column is-layout-flow wp-block-column-is-layout-flow\"><\/div>\n\n\n\n<div class=\"wp-block-column is-layout-flow wp-block-column-is-layout-flow\"><\/div>\n<\/div>\n<\/div>\n<\/div>\n\n\n\n<figure class=\"wp-block-gallery has-nested-images columns-default is-cropped wp-block-gallery-1 is-layout-flex wp-block-gallery-is-layout-flex\">\n<figure class=\"wp-block-image size-large\"><img loading=\"lazy\" decoding=\"async\" width=\"1024\" height=\"891\" data-id=\"1638\" src=\"https:\/\/www.solidaridadenfermera.org\/sevilla\/wp-content\/uploads\/sites\/78\/2024\/09\/vanessasaray-1024x891.jpeg\" alt=\"\" class=\"wp-image-1638\" srcset=\"https:\/\/www.solidaridadenfermera.org\/sevilla\/wp-content\/uploads\/sites\/78\/2024\/09\/vanessasaray-1024x891.jpeg 1024w, https:\/\/www.solidaridadenfermera.org\/sevilla\/wp-content\/uploads\/sites\/78\/2024\/09\/vanessasaray-300x261.jpeg 300w, https:\/\/www.solidaridadenfermera.org\/sevilla\/wp-content\/uploads\/sites\/78\/2024\/09\/vanessasaray-768x668.jpeg 768w, https:\/\/www.solidaridadenfermera.org\/sevilla\/wp-content\/uploads\/sites\/78\/2024\/09\/vanessasaray.jpeg 1145w\" sizes=\"auto, (max-width: 1024px) 100vw, 1024px\" \/><\/figure>\n<\/figure>\n\n\n\n<p><\/p>\n\n\n<\/div>\n\n\n\n<div class=\"wp-block-columns row-sections-home is-layout-flex wp-container-core-columns-is-layout-9d6595d7 wp-block-columns-is-layout-flex\">\n<div class=\"wp-block-column is-layout-flow wp-block-column-is-layout-flow\">\n<div class=\"wp-block-cover has-background-dim\" style=\"background-image:url(https:\/\/www.solidaridadenfermera.org\/delegacion-de-tenerife\/wp-content\/uploads\/sites\/78\/2020\/03\/imagenes-resol-10.png)\"><div class=\"wp-block-cover__inner-container is-layout-flow wp-block-cover-is-layout-flow\">\n<h3 class=\"small-title wp-block-heading\">Job<\/h3>\n\n\n\n<p>Lorem ipsum dolor sit amet, consectetur adipiscing elit. Integer malesuada fermentum ante<\/p>\n\n\n\n<div class=\"wp-block-buttons aligncenter is-layout-flex wp-block-buttons-is-layout-flex\">\n<div class=\"wp-block-button\"><a class=\"wp-block-button__link\">Lorem ipsum<\/a><\/div>\n<\/div>\n\n\n\n<p\/>\n<\/div><\/div>\n\n\n\n<p\/>\n<\/div>\n\n\n\n<div class=\"wp-block-column is-layout-flow wp-block-column-is-layout-flow\">\n<div class=\"wp-block-cover has-background-dim\" style=\"background-image:url(https:\/\/www.solidaridadenfermera.org\/delegacion-de-tenerife\/wp-content\/uploads\/sites\/78\/2020\/03\/imagenes-resol-11.png)\"><div class=\"wp-block-cover__inner-container is-layout-flow wp-block-cover-is-layout-flow\">\n<h3 class=\"small-title wp-block-heading\">Training<\/h3>\n\n\n\n<p>Lorem ipsum dolor sit amet, consectetur adipiscing elit. Integer malesuada fermentum ante<\/p>\n\n\n\n<div class=\"wp-block-buttons aligncenter is-layout-flex wp-block-buttons-is-layout-flex\">\n<div class=\"wp-block-button\"><a class=\"wp-block-button__link\">Lorem ipsum<\/a><\/div>\n<\/div>\n\n\n\n<p\/>\n<\/div><\/div>\n<\/div>\n\n\n\n<div class=\"wp-block-column is-layout-flow wp-block-column-is-layout-flow\">\n<div class=\"wp-block-cover has-background-dim\" style=\"background-image:url(https:\/\/www.solidaridadenfermera.org\/delegacion-de-tenerife\/wp-content\/uploads\/sites\/78\/2020\/03\/imagenes-resol-12.png)\"><div class=\"wp-block-cover__inner-container is-layout-flow wp-block-cover-is-layout-flow\">\n<h3 class=\"small-title wp-block-heading\">Scholarships<\/h3>\n\n\n\n<p>Lorem ipsum dolor sit amet, consectetur adipiscing elit. Integer malesuada fermentum ante<\/p>\n\n\n\n<div class=\"wp-block-buttons aligncenter is-layout-flex wp-block-buttons-is-layout-flex\">\n<div class=\"wp-block-button\"><a class=\"wp-block-button__link\">Lorem ipsum<\/a><\/div>\n<\/div>\n\n\n\n<p\/>\n<\/div><\/div>\n<\/div>\n\n\n\n<div class=\"wp-block-column is-layout-flow wp-block-column-is-layout-flow\">\n<div class=\"wp-block-cover has-background-dim\" style=\"background-image:url(https:\/\/www.solidaridadenfermera.org\/delegacion-de-tenerife\/wp-content\/uploads\/sites\/78\/2020\/03\/imagenes-resol-13.png)\"><div class=\"wp-block-cover__inner-container is-layout-flow wp-block-cover-is-layout-flow\">\n<h3 class=\"small-title wp-block-heading\">Calendar<\/h3>\n\n\n\n<p>Lorem ipsum dolor sit amet, consectetur adipiscing elit. Integer malesuada fermentum ante<\/p>\n\n\n\n<div class=\"wp-block-buttons is-layout-flex wp-block-buttons-is-layout-flex\">\n<div class=\"wp-block-button\"><a class=\"wp-block-button__link\">Lorem ipsum<\/a><\/div>\n<\/div>\n\n\n\n<p\/>\n<\/div><\/div>\n<\/div>\n<\/div>\n\n<p\/>\n","protected":false},"excerpt":{"rendered":"","protected":false},"featured_media":1638,"template":"","news_category":[11,57],"news_tag":[],"class_list":["post-1637","news","type-news","status-publish","has-post-thumbnail","hentry","news_category-noticias","news_category-noticias-en"],"yoast_head":"<!-- This site is optimized with the Yoast SEO plugin v27.0 - https:\/\/yoast.com\/product\/yoast-seo-wordpress\/ -->\n<title>Zaray Cabrera: \u00abSolidaridad Enfermera en Sevilla pone en valor las propias herramientas identitarias y culturales para afrontar la salud\u00bb - Delegaci\u00f3n de Sevilla<\/title>\n<meta name=\"robots\" content=\"index, follow, max-snippet:-1, max-image-preview:large, max-video-preview:-1\" \/>\n<link rel=\"canonical\" href=\"https:\/\/www.solidaridadenfermera.org\/sevilla\/sala-prensa\/zaray-cabrera-solidaridad-enfermera-en-sevilla-pone-en-valor-las-propias-herramientas-identitarias-y-culturales-para-afrontar-la-salud\/\" \/>\n<meta property=\"og:locale\" content=\"es_ES\" \/>\n<meta property=\"og:type\" content=\"article\" \/>\n<meta property=\"og:title\" content=\"Zaray Cabrera: \u00abSolidaridad Enfermera en Sevilla pone en valor las propias herramientas identitarias y culturales para afrontar la salud\u00bb - Delegaci\u00f3n de Sevilla\" \/>\n<meta property=\"og:url\" content=\"https:\/\/www.solidaridadenfermera.org\/sevilla\/sala-prensa\/zaray-cabrera-solidaridad-enfermera-en-sevilla-pone-en-valor-las-propias-herramientas-identitarias-y-culturales-para-afrontar-la-salud\/\" \/>\n<meta property=\"og:site_name\" content=\"Delegaci\u00f3n de Sevilla\" \/>\n<meta property=\"article:modified_time\" content=\"2024-11-14T13:58:46+00:00\" \/>\n<meta property=\"og:image\" content=\"https:\/\/www.solidaridadenfermera.org\/sevilla\/wp-content\/uploads\/sites\/78\/2024\/09\/vanessasaray.jpeg\" \/>\n\t<meta property=\"og:image:width\" content=\"1145\" \/>\n\t<meta property=\"og:image:height\" content=\"996\" \/>\n\t<meta property=\"og:image:type\" content=\"image\/jpeg\" \/>\n<meta name=\"twitter:card\" content=\"summary_large_image\" \/>\n<meta name=\"twitter:label1\" content=\"Tiempo de lectura\" \/>\n\t<meta name=\"twitter:data1\" content=\"3 minutos\" \/>\n<script type=\"application\/ld+json\" class=\"yoast-schema-graph\">{\"@context\":\"https:\/\/schema.org\",\"@graph\":[{\"@type\":\"WebPage\",\"@id\":\"https:\/\/www.solidaridadenfermera.org\/sevilla\/sala-prensa\/zaray-cabrera-solidaridad-enfermera-en-sevilla-pone-en-valor-las-propias-herramientas-identitarias-y-culturales-para-afrontar-la-salud\/\",\"url\":\"https:\/\/www.solidaridadenfermera.org\/sevilla\/sala-prensa\/zaray-cabrera-solidaridad-enfermera-en-sevilla-pone-en-valor-las-propias-herramientas-identitarias-y-culturales-para-afrontar-la-salud\/\",\"name\":\"Zaray Cabrera: \u00abSolidaridad Enfermera en Sevilla pone en valor las propias herramientas identitarias y culturales para afrontar la salud\u00bb - Delegaci\u00f3n de Sevilla\",\"isPartOf\":{\"@id\":\"https:\/\/www.solidaridadenfermera.org\/sevilla\/#website\"},\"primaryImageOfPage\":{\"@id\":\"https:\/\/www.solidaridadenfermera.org\/sevilla\/sala-prensa\/zaray-cabrera-solidaridad-enfermera-en-sevilla-pone-en-valor-las-propias-herramientas-identitarias-y-culturales-para-afrontar-la-salud\/#primaryimage\"},\"image\":{\"@id\":\"https:\/\/www.solidaridadenfermera.org\/sevilla\/sala-prensa\/zaray-cabrera-solidaridad-enfermera-en-sevilla-pone-en-valor-las-propias-herramientas-identitarias-y-culturales-para-afrontar-la-salud\/#primaryimage\"},\"thumbnailUrl\":\"https:\/\/www.solidaridadenfermera.org\/sevilla\/wp-content\/uploads\/sites\/78\/2024\/09\/vanessasaray.jpeg\",\"datePublished\":\"2024-09-25T12:51:43+00:00\",\"dateModified\":\"2024-11-14T13:58:46+00:00\",\"breadcrumb\":{\"@id\":\"https:\/\/www.solidaridadenfermera.org\/sevilla\/sala-prensa\/zaray-cabrera-solidaridad-enfermera-en-sevilla-pone-en-valor-las-propias-herramientas-identitarias-y-culturales-para-afrontar-la-salud\/#breadcrumb\"},\"inLanguage\":\"es\",\"potentialAction\":[{\"@type\":\"ReadAction\",\"target\":[\"https:\/\/www.solidaridadenfermera.org\/sevilla\/sala-prensa\/zaray-cabrera-solidaridad-enfermera-en-sevilla-pone-en-valor-las-propias-herramientas-identitarias-y-culturales-para-afrontar-la-salud\/\"]}]},{\"@type\":\"ImageObject\",\"inLanguage\":\"es\",\"@id\":\"https:\/\/www.solidaridadenfermera.org\/sevilla\/sala-prensa\/zaray-cabrera-solidaridad-enfermera-en-sevilla-pone-en-valor-las-propias-herramientas-identitarias-y-culturales-para-afrontar-la-salud\/#primaryimage\",\"url\":\"https:\/\/www.solidaridadenfermera.org\/sevilla\/wp-content\/uploads\/sites\/78\/2024\/09\/vanessasaray.jpeg\",\"contentUrl\":\"https:\/\/www.solidaridadenfermera.org\/sevilla\/wp-content\/uploads\/sites\/78\/2024\/09\/vanessasaray.jpeg\",\"width\":1145,\"height\":996},{\"@type\":\"BreadcrumbList\",\"@id\":\"https:\/\/www.solidaridadenfermera.org\/sevilla\/sala-prensa\/zaray-cabrera-solidaridad-enfermera-en-sevilla-pone-en-valor-las-propias-herramientas-identitarias-y-culturales-para-afrontar-la-salud\/#breadcrumb\",\"itemListElement\":[{\"@type\":\"ListItem\",\"position\":1,\"name\":\"Inicio\",\"item\":\"https:\/\/www.solidaridadenfermera.org\/sevilla\/\"},{\"@type\":\"ListItem\",\"position\":2,\"name\":\"Sala De Prensa\",\"item\":\"https:\/\/www.solidaridadenfermera.org\/sevilla\/sala-prensa\/\"},{\"@type\":\"ListItem\",\"position\":3,\"name\":\"Zaray Cabrera: \u00abSolidaridad Enfermera en Sevilla pone en valor las propias herramientas identitarias y culturales para afrontar la salud\u00bb\"}]},{\"@type\":\"WebSite\",\"@id\":\"https:\/\/www.solidaridadenfermera.org\/sevilla\/#website\",\"url\":\"https:\/\/www.solidaridadenfermera.org\/sevilla\/\",\"name\":\"Delegaci\u00f3n de Sevilla\",\"description\":\"Consejo General de Enfermer\u00eda (CGE) es una organizaci\u00f3n profesional con m\u00e1s 100 a\u00f1os de historia, que en base a los fines y funciones que le atribuye su Estatuto Aprobado por Real Decreto 1231, de 8 de noviembre de 2001, se constituye como el referente para la profesi\u00f3n de enfermer\u00eda, representando a un colectivo de doscientos mil colegiados.\",\"publisher\":{\"@id\":\"https:\/\/www.solidaridadenfermera.org\/sevilla\/#organization\"},\"potentialAction\":[{\"@type\":\"SearchAction\",\"target\":{\"@type\":\"EntryPoint\",\"urlTemplate\":\"https:\/\/www.solidaridadenfermera.org\/sevilla\/?s={search_term_string}\"},\"query-input\":{\"@type\":\"PropertyValueSpecification\",\"valueRequired\":true,\"valueName\":\"search_term_string\"}}],\"inLanguage\":\"es\"},{\"@type\":\"Organization\",\"@id\":\"https:\/\/www.solidaridadenfermera.org\/sevilla\/#organization\",\"name\":\"Delegaci\u00f3n de Sevilla\",\"url\":\"https:\/\/www.solidaridadenfermera.org\/sevilla\/\",\"logo\":{\"@type\":\"ImageObject\",\"inLanguage\":\"es\",\"@id\":\"https:\/\/www.solidaridadenfermera.org\/sevilla\/#\/schema\/logo\/image\/\",\"url\":\"https:\/\/www.solidaridadenfermera.org\/sevilla\/wp-content\/uploads\/sites\/78\/2023\/09\/solidaridadenfermerasevilla.png\",\"contentUrl\":\"https:\/\/www.solidaridadenfermera.org\/sevilla\/wp-content\/uploads\/sites\/78\/2023\/09\/solidaridadenfermerasevilla.png\",\"width\":315,\"height\":458,\"caption\":\"Delegaci\u00f3n de Sevilla\"},\"image\":{\"@id\":\"https:\/\/www.solidaridadenfermera.org\/sevilla\/#\/schema\/logo\/image\/\"}}]}<\/script>\n<!-- \/ Yoast SEO plugin. -->","yoast_head_json":{"title":"Zaray Cabrera: \u00abSolidaridad Enfermera en Sevilla pone en valor las propias herramientas identitarias y culturales para afrontar la salud\u00bb - Delegaci\u00f3n de Sevilla","robots":{"index":"index","follow":"follow","max-snippet":"max-snippet:-1","max-image-preview":"max-image-preview:large","max-video-preview":"max-video-preview:-1"},"canonical":"https:\/\/www.solidaridadenfermera.org\/sevilla\/sala-prensa\/zaray-cabrera-solidaridad-enfermera-en-sevilla-pone-en-valor-las-propias-herramientas-identitarias-y-culturales-para-afrontar-la-salud\/","og_locale":"es_ES","og_type":"article","og_title":"Zaray Cabrera: \u00abSolidaridad Enfermera en Sevilla pone en valor las propias herramientas identitarias y culturales para afrontar la salud\u00bb - Delegaci\u00f3n de Sevilla","og_url":"https:\/\/www.solidaridadenfermera.org\/sevilla\/sala-prensa\/zaray-cabrera-solidaridad-enfermera-en-sevilla-pone-en-valor-las-propias-herramientas-identitarias-y-culturales-para-afrontar-la-salud\/","og_site_name":"Delegaci\u00f3n de Sevilla","article_modified_time":"2024-11-14T13:58:46+00:00","og_image":[{"width":1145,"height":996,"url":"https:\/\/www.solidaridadenfermera.org\/sevilla\/wp-content\/uploads\/sites\/78\/2024\/09\/vanessasaray.jpeg","type":"image\/jpeg"}],"twitter_card":"summary_large_image","twitter_misc":{"Tiempo de lectura":"3 minutos"},"schema":{"@context":"https:\/\/schema.org","@graph":[{"@type":"WebPage","@id":"https:\/\/www.solidaridadenfermera.org\/sevilla\/sala-prensa\/zaray-cabrera-solidaridad-enfermera-en-sevilla-pone-en-valor-las-propias-herramientas-identitarias-y-culturales-para-afrontar-la-salud\/","url":"https:\/\/www.solidaridadenfermera.org\/sevilla\/sala-prensa\/zaray-cabrera-solidaridad-enfermera-en-sevilla-pone-en-valor-las-propias-herramientas-identitarias-y-culturales-para-afrontar-la-salud\/","name":"Zaray Cabrera: \u00abSolidaridad Enfermera en Sevilla pone en valor las propias herramientas identitarias y culturales para afrontar la salud\u00bb - Delegaci\u00f3n de Sevilla","isPartOf":{"@id":"https:\/\/www.solidaridadenfermera.org\/sevilla\/#website"},"primaryImageOfPage":{"@id":"https:\/\/www.solidaridadenfermera.org\/sevilla\/sala-prensa\/zaray-cabrera-solidaridad-enfermera-en-sevilla-pone-en-valor-las-propias-herramientas-identitarias-y-culturales-para-afrontar-la-salud\/#primaryimage"},"image":{"@id":"https:\/\/www.solidaridadenfermera.org\/sevilla\/sala-prensa\/zaray-cabrera-solidaridad-enfermera-en-sevilla-pone-en-valor-las-propias-herramientas-identitarias-y-culturales-para-afrontar-la-salud\/#primaryimage"},"thumbnailUrl":"https:\/\/www.solidaridadenfermera.org\/sevilla\/wp-content\/uploads\/sites\/78\/2024\/09\/vanessasaray.jpeg","datePublished":"2024-09-25T12:51:43+00:00","dateModified":"2024-11-14T13:58:46+00:00","breadcrumb":{"@id":"https:\/\/www.solidaridadenfermera.org\/sevilla\/sala-prensa\/zaray-cabrera-solidaridad-enfermera-en-sevilla-pone-en-valor-las-propias-herramientas-identitarias-y-culturales-para-afrontar-la-salud\/#breadcrumb"},"inLanguage":"es","potentialAction":[{"@type":"ReadAction","target":["https:\/\/www.solidaridadenfermera.org\/sevilla\/sala-prensa\/zaray-cabrera-solidaridad-enfermera-en-sevilla-pone-en-valor-las-propias-herramientas-identitarias-y-culturales-para-afrontar-la-salud\/"]}]},{"@type":"ImageObject","inLanguage":"es","@id":"https:\/\/www.solidaridadenfermera.org\/sevilla\/sala-prensa\/zaray-cabrera-solidaridad-enfermera-en-sevilla-pone-en-valor-las-propias-herramientas-identitarias-y-culturales-para-afrontar-la-salud\/#primaryimage","url":"https:\/\/www.solidaridadenfermera.org\/sevilla\/wp-content\/uploads\/sites\/78\/2024\/09\/vanessasaray.jpeg","contentUrl":"https:\/\/www.solidaridadenfermera.org\/sevilla\/wp-content\/uploads\/sites\/78\/2024\/09\/vanessasaray.jpeg","width":1145,"height":996},{"@type":"BreadcrumbList","@id":"https:\/\/www.solidaridadenfermera.org\/sevilla\/sala-prensa\/zaray-cabrera-solidaridad-enfermera-en-sevilla-pone-en-valor-las-propias-herramientas-identitarias-y-culturales-para-afrontar-la-salud\/#breadcrumb","itemListElement":[{"@type":"ListItem","position":1,"name":"Inicio","item":"https:\/\/www.solidaridadenfermera.org\/sevilla\/"},{"@type":"ListItem","position":2,"name":"Sala De Prensa","item":"https:\/\/www.solidaridadenfermera.org\/sevilla\/sala-prensa\/"},{"@type":"ListItem","position":3,"name":"Zaray Cabrera: \u00abSolidaridad Enfermera en Sevilla pone en valor las propias herramientas identitarias y culturales para afrontar la salud\u00bb"}]},{"@type":"WebSite","@id":"https:\/\/www.solidaridadenfermera.org\/sevilla\/#website","url":"https:\/\/www.solidaridadenfermera.org\/sevilla\/","name":"Delegaci\u00f3n de Sevilla","description":"Consejo General de Enfermer\u00eda (CGE) es una organizaci\u00f3n profesional con m\u00e1s 100 a\u00f1os de historia, que en base a los fines y funciones que le atribuye su Estatuto Aprobado por Real Decreto 1231, de 8 de noviembre de 2001, se constituye como el referente para la profesi\u00f3n de enfermer\u00eda, representando a un colectivo de doscientos mil colegiados.","publisher":{"@id":"https:\/\/www.solidaridadenfermera.org\/sevilla\/#organization"},"potentialAction":[{"@type":"SearchAction","target":{"@type":"EntryPoint","urlTemplate":"https:\/\/www.solidaridadenfermera.org\/sevilla\/?s={search_term_string}"},"query-input":{"@type":"PropertyValueSpecification","valueRequired":true,"valueName":"search_term_string"}}],"inLanguage":"es"},{"@type":"Organization","@id":"https:\/\/www.solidaridadenfermera.org\/sevilla\/#organization","name":"Delegaci\u00f3n de Sevilla","url":"https:\/\/www.solidaridadenfermera.org\/sevilla\/","logo":{"@type":"ImageObject","inLanguage":"es","@id":"https:\/\/www.solidaridadenfermera.org\/sevilla\/#\/schema\/logo\/image\/","url":"https:\/\/www.solidaridadenfermera.org\/sevilla\/wp-content\/uploads\/sites\/78\/2023\/09\/solidaridadenfermerasevilla.png","contentUrl":"https:\/\/www.solidaridadenfermera.org\/sevilla\/wp-content\/uploads\/sites\/78\/2023\/09\/solidaridadenfermerasevilla.png","width":315,"height":458,"caption":"Delegaci\u00f3n de Sevilla"},"image":{"@id":"https:\/\/www.solidaridadenfermera.org\/sevilla\/#\/schema\/logo\/image\/"}}]}},"_links":{"self":[{"href":"https:\/\/www.solidaridadenfermera.org\/sevilla\/wp-json\/wp\/v2\/news\/1637","targetHints":{"allow":["GET"]}}],"collection":[{"href":"https:\/\/www.solidaridadenfermera.org\/sevilla\/wp-json\/wp\/v2\/news"}],"about":[{"href":"https:\/\/www.solidaridadenfermera.org\/sevilla\/wp-json\/wp\/v2\/types\/news"}],"wp:featuredmedia":[{"embeddable":true,"href":"https:\/\/www.solidaridadenfermera.org\/sevilla\/wp-json\/wp\/v2\/media\/1638"}],"wp:attachment":[{"href":"https:\/\/www.solidaridadenfermera.org\/sevilla\/wp-json\/wp\/v2\/media?parent=1637"}],"wp:term":[{"taxonomy":"news_category","embeddable":true,"href":"https:\/\/www.solidaridadenfermera.org\/sevilla\/wp-json\/wp\/v2\/news_category?post=1637"},{"taxonomy":"news_tag","embeddable":true,"href":"https:\/\/www.solidaridadenfermera.org\/sevilla\/wp-json\/wp\/v2\/news_tag?post=1637"}],"curies":[{"name":"wp","href":"https:\/\/api.w.org\/{rel}","templated":true}]}}