{"id":1634,"date":"2024-09-25T14:48:29","date_gmt":"2024-09-25T12:48:29","guid":{"rendered":"https:\/\/www.solidaridadenfermera.org\/sevilla\/?post_type=news&#038;p=1634"},"modified":"2024-11-14T14:51:42","modified_gmt":"2024-11-14T13:51:42","slug":"el-icoes-ofrece-el-curso-jornada-mediacion-intercultural-en-salud-en-colaboracion-con-andalucia-acoge","status":"publish","type":"news","link":"https:\/\/www.solidaridadenfermera.org\/sevilla\/sala-prensa\/el-icoes-ofrece-el-curso-jornada-mediacion-intercultural-en-salud-en-colaboracion-con-andalucia-acoge\/","title":{"rendered":"El ICOES ofrece el Curso-Jornada \u2018Mediaci\u00f3n Intercultural en Salud\u2019, en colaboraci\u00f3n con Andaluc\u00eda Acoge"},"content":{"rendered":"\n<div class=\"wp-block-cge-blocks-news-content container\">\n<p class=\"has-text-align-center news-subtitle\"><strong>La coordinadora de la ONG del ICOES Solidaridad Enfermera, Vanessa Mata, organiza este evento ideado para superar barreras ling\u00fc\u00edsticas y culturales, fomentar la confianza y la empat\u00eda, y garantizar que se proporciona una atenci\u00f3n sanitaria adecuada a la poblaci\u00f3n inmigrante.<\/strong><\/p>\n\n\n\n<div class=\"wp-block-columns is-layout-flex wp-container-core-columns-is-layout-9d6595d7 wp-block-columns-is-layout-flex\">\n<div class=\"wp-block-column is-layout-flow wp-block-column-is-layout-flow\" style=\"flex-basis:100%\">\n<p>Sevilla.- 13 de septiembre, 2024<\/p>\n\n\n\n<p class=\"has-text-align-left\">El <strong>Ilustre Colegio Oficial de Enfermer\u00eda de Sevilla\u00a0<\/strong>(ICOES) ofrece el Curso-Jornada \u2018Mediaci\u00f3n Intercultural en Salud\u2019, en colaboraci\u00f3n con Andaluc\u00eda Acoge, que tendr\u00e1 lugar el 16 de octubre en la sede de la instituci\u00f3n colegial.<\/p>\n\n\n\n<p class=\"has-text-align-left\">La coordinadora de Solidaridad Enfermera,<strong>&nbsp;Vanessa Mata,<\/strong>&nbsp;organiza esta jornada con el objetivo de&nbsp;<strong>\u00absuperar barreras ling\u00fc\u00edsticas y culturales<\/strong>, fomentar la confianza y la empat\u00eda, y garantizar que se&nbsp;<strong>proporciona una atenci\u00f3n sanitaria adecuada<\/strong>&nbsp;y culturalmente sensible\u00bb.<\/p>\n\n\n\n<p class=\"has-text-align-left\"><strong>Espa\u00f1a registra la cifra m\u00e1s alta de solicitudes de protecci\u00f3n internacional de su historia en 2023,<\/strong>&nbsp;un incremento del 37,3 %. Desplazamientos forzados como consecuencia de la vulneraci\u00f3n de los derechos humanos, los desastres medioambientales, las crisis econ\u00f3micas, y los conflictos y la violencia que amenazan a gran parte de la poblaci\u00f3n global. Estas cifras vuelven a situar a Espa\u00f1a como el tercer pa\u00eds receptor de solicitudes de protecci\u00f3n internacional en la Uni\u00f3n Europea , siendo Andaluc\u00eda, la segunda comunidad receptora del total de solicitudes presentadas, dentro del territorio espa\u00f1ol.<\/p>\n\n\n\n<p class=\"has-text-align-left\">La inmigraci\u00f3n en relaci\u00f3n con la salud es una dimensi\u00f3n de la diversidad cultural que&nbsp; puede influir en la comunicaci\u00f3n, la comprensi\u00f3n de s\u00edntomas, la adherencia a tratamientos y los resultados en salud.&nbsp; En este contexto,&nbsp;<strong>es fundamental disponer de recursos para facilitar la comunicaci\u00f3n efectiva y la comprensi\u00f3n mutua entre profesionales y pacientes de origen cultural diverso.<\/strong><\/p>\n\n\n\n<p>CURSO JORNADA MEDIACI\u00d3N INTERCULTURAL<\/p>\n\n\n\n<p>\ud83d\uddd3\ufe0f 16 de octubre<\/p>\n\n\n\n<p>\u23f0 9:00 a 14:00 \/\/ 16:00 a 19:00<\/p>\n\n\n\n<p>\ud83d\udccdSal\u00f3n de actos ICOES<\/p>\n\n\n\n<p>\ud83d\udcdd Inscripciones:<\/p>\n\n\n\n<p>Colegiad@s por<a href=\"https:\/\/ventanilla.colegioenfermeriasevilla.es\/\">&nbsp;Ventanilla \u00danica<\/a><\/p>\n\n\n\n<p>No colegiad@s&nbsp;<a href=\"https:\/\/docs.google.com\/forms\/d\/1RQ0LOmN9JQ1Tvp6-fawtv4T5B_wHBzkXNkkTXs9UrkQ\/viewform?pli=1&amp;ts=66dea490&amp;pli=1&amp;edit_requested=true\">por formulario<\/a><\/p>\n\n\n\n<p><strong>PROGRAMA DEL CURSO-JORNADA MEDIACI\u00d3N INTERCULTURAL EN SALUD<\/strong><\/p>\n\n\n\n<ul class=\"wp-block-list\">\n<li><strong>9-9.15<\/strong>&nbsp;Presentaci\u00f3n curso, objetivos y participantes. Por<strong>&nbsp;Vanessa Mata,&nbsp;<\/strong>coordinadora del grupo de mediaci\u00f3n de la Red Isir<\/li>\n\n\n\n<li><strong>9.15-11h<\/strong>&nbsp;\u201cP\u00edldora formativa: la pr\u00e1ctica profesional sanitaria en contextos de diversidad cultural: herramientas para mejorar la interlocuci\u00f3n comunicativas en la interacci\u00f3n con pacientes migrantes y sus familiares.\u201d Por<strong>&nbsp;Olga Leralta Pi\u00f1\u00e1n<\/strong>, Escuela Andaluza de Salud P\u00fablica, coordinadora Red Isir \u201dMigraci\u00f3n y salud\u201d<\/li>\n\n\n\n<li><strong>11h. 11.30h Descanso<\/strong><\/li>\n\n\n\n<li><strong>11.30-14<\/strong>&nbsp;\u00abP\u00edldora formativa: Intervenci\u00f3n sociosanitaria sobre sexualidad y salud reproductiva en clave cultural\u201d. Por<strong>&nbsp;Siham Amar Abdelkader<\/strong>, t\u00e9cnica del \u00c1rea de Interculturalidad y Desarrollo Comunitario, Fundaci\u00f3n Cepaim<\/li>\n\n\n\n<li><strong>14h-16h Descanso<\/strong><\/li>\n\n\n\n<li><strong>16h-18.30h&nbsp;<\/strong>Taller: \u201cStop rumores: Herramientas para construir espacios de convivencia\u201d. Se brindar\u00e1n claves sobre la creaci\u00f3n de estereotipos, prejuicios y rumores, se analizar\u00e1n factores que afectan a la convivencia y se compartir\u00e1n posibles soluciones y estrategias interpersonales para facilitar el entendimiento, visibilizar en positivo la diversidad y fomentar la empat\u00eda en nuestro entorno. Por&nbsp;<strong>Zaray Cabrera G\u00f3mez<\/strong>, coordinadora de la Delegaci\u00f3n de Sevilla de Andaluc\u00eda Acoge.<\/li>\n<\/ul>\n\n\n\n<p><\/p>\n\n\n\n<div class=\"wp-block-columns is-layout-flex wp-container-core-columns-is-layout-9d6595d7 wp-block-columns-is-layout-flex\">\n<div class=\"wp-block-column is-layout-flow wp-block-column-is-layout-flow\"><\/div>\n\n\n\n<div class=\"wp-block-column is-layout-flow wp-block-column-is-layout-flow\"><\/div>\n\n\n\n<div class=\"wp-block-column is-layout-flow wp-block-column-is-layout-flow\"><\/div>\n<\/div>\n<\/div>\n<\/div>\n\n\n\n<figure class=\"wp-block-gallery has-nested-images columns-default is-cropped wp-block-gallery-1 is-layout-flex wp-block-gallery-is-layout-flex\">\n<figure class=\"wp-block-image size-large\"><img loading=\"lazy\" decoding=\"async\" width=\"1024\" height=\"1024\" data-id=\"1636\" src=\"https:\/\/www.solidaridadenfermera.org\/sevilla\/wp-content\/uploads\/sites\/78\/2024\/09\/RRSS_JornadaIntercultural-1-1024x1024.png\" alt=\"\" class=\"wp-image-1636\" srcset=\"https:\/\/www.solidaridadenfermera.org\/sevilla\/wp-content\/uploads\/sites\/78\/2024\/09\/RRSS_JornadaIntercultural-1-1024x1024.png 1024w, https:\/\/www.solidaridadenfermera.org\/sevilla\/wp-content\/uploads\/sites\/78\/2024\/09\/RRSS_JornadaIntercultural-1-300x300.png 300w, https:\/\/www.solidaridadenfermera.org\/sevilla\/wp-content\/uploads\/sites\/78\/2024\/09\/RRSS_JornadaIntercultural-1-150x150.png 150w, https:\/\/www.solidaridadenfermera.org\/sevilla\/wp-content\/uploads\/sites\/78\/2024\/09\/RRSS_JornadaIntercultural-1-768x768.png 768w, https:\/\/www.solidaridadenfermera.org\/sevilla\/wp-content\/uploads\/sites\/78\/2024\/09\/RRSS_JornadaIntercultural-1.png 1080w\" sizes=\"auto, (max-width: 1024px) 100vw, 1024px\" \/><\/figure>\n<\/figure>\n\n\n\n<p><\/p>\n\n\n<\/div>\n\n\n\n<div class=\"wp-block-columns row-sections-home is-layout-flex wp-container-core-columns-is-layout-9d6595d7 wp-block-columns-is-layout-flex\">\n<div class=\"wp-block-column is-layout-flow wp-block-column-is-layout-flow\">\n<div class=\"wp-block-cover has-background-dim\" style=\"background-image:url(https:\/\/www.solidaridadenfermera.org\/delegacion-de-tenerife\/wp-content\/uploads\/sites\/78\/2020\/03\/imagenes-resol-10.png)\"><div class=\"wp-block-cover__inner-container is-layout-flow wp-block-cover-is-layout-flow\">\n<h3 class=\"small-title wp-block-heading\">Job<\/h3>\n\n\n\n<p>Lorem ipsum dolor sit amet, consectetur adipiscing elit. Integer malesuada fermentum ante<\/p>\n\n\n\n<div class=\"wp-block-buttons aligncenter is-layout-flex wp-block-buttons-is-layout-flex\">\n<div class=\"wp-block-button\"><a class=\"wp-block-button__link\">Lorem ipsum<\/a><\/div>\n<\/div>\n\n\n\n<p\/>\n<\/div><\/div>\n\n\n\n<p\/>\n<\/div>\n\n\n\n<div class=\"wp-block-column is-layout-flow wp-block-column-is-layout-flow\">\n<div class=\"wp-block-cover has-background-dim\" style=\"background-image:url(https:\/\/www.solidaridadenfermera.org\/delegacion-de-tenerife\/wp-content\/uploads\/sites\/78\/2020\/03\/imagenes-resol-11.png)\"><div class=\"wp-block-cover__inner-container is-layout-flow wp-block-cover-is-layout-flow\">\n<h3 class=\"small-title wp-block-heading\">Training<\/h3>\n\n\n\n<p>Lorem ipsum dolor sit amet, consectetur adipiscing elit. Integer malesuada fermentum ante<\/p>\n\n\n\n<div class=\"wp-block-buttons aligncenter is-layout-flex wp-block-buttons-is-layout-flex\">\n<div class=\"wp-block-button\"><a class=\"wp-block-button__link\">Lorem ipsum<\/a><\/div>\n<\/div>\n\n\n\n<p\/>\n<\/div><\/div>\n<\/div>\n\n\n\n<div class=\"wp-block-column is-layout-flow wp-block-column-is-layout-flow\">\n<div class=\"wp-block-cover has-background-dim\" style=\"background-image:url(https:\/\/www.solidaridadenfermera.org\/delegacion-de-tenerife\/wp-content\/uploads\/sites\/78\/2020\/03\/imagenes-resol-12.png)\"><div class=\"wp-block-cover__inner-container is-layout-flow wp-block-cover-is-layout-flow\">\n<h3 class=\"small-title wp-block-heading\">Scholarships<\/h3>\n\n\n\n<p>Lorem ipsum dolor sit amet, consectetur adipiscing elit. Integer malesuada fermentum ante<\/p>\n\n\n\n<div class=\"wp-block-buttons aligncenter is-layout-flex wp-block-buttons-is-layout-flex\">\n<div class=\"wp-block-button\"><a class=\"wp-block-button__link\">Lorem ipsum<\/a><\/div>\n<\/div>\n\n\n\n<p\/>\n<\/div><\/div>\n<\/div>\n\n\n\n<div class=\"wp-block-column is-layout-flow wp-block-column-is-layout-flow\">\n<div class=\"wp-block-cover has-background-dim\" style=\"background-image:url(https:\/\/www.solidaridadenfermera.org\/delegacion-de-tenerife\/wp-content\/uploads\/sites\/78\/2020\/03\/imagenes-resol-13.png)\"><div class=\"wp-block-cover__inner-container is-layout-flow wp-block-cover-is-layout-flow\">\n<h3 class=\"small-title wp-block-heading\">Calendar<\/h3>\n\n\n\n<p>Lorem ipsum dolor sit amet, consectetur adipiscing elit. Integer malesuada fermentum ante<\/p>\n\n\n\n<div class=\"wp-block-buttons is-layout-flex wp-block-buttons-is-layout-flex\">\n<div class=\"wp-block-button\"><a class=\"wp-block-button__link\">Lorem ipsum<\/a><\/div>\n<\/div>\n\n\n\n<p\/>\n<\/div><\/div>\n<\/div>\n<\/div>\n\n<p\/>\n","protected":false},"excerpt":{"rendered":"","protected":false},"featured_media":1635,"template":"","news_category":[11,57],"news_tag":[],"class_list":["post-1634","news","type-news","status-publish","has-post-thumbnail","hentry","news_category-noticias","news_category-noticias-en"],"yoast_head":"<!-- This site is optimized with the Yoast SEO plugin v27.0 - https:\/\/yoast.com\/product\/yoast-seo-wordpress\/ -->\n<title>El ICOES ofrece el Curso-Jornada \u2018Mediaci\u00f3n Intercultural en Salud\u2019, en colaboraci\u00f3n con Andaluc\u00eda Acoge - Delegaci\u00f3n de Sevilla<\/title>\n<meta name=\"robots\" content=\"index, follow, max-snippet:-1, max-image-preview:large, max-video-preview:-1\" \/>\n<link rel=\"canonical\" href=\"https:\/\/www.solidaridadenfermera.org\/sevilla\/sala-prensa\/el-icoes-ofrece-el-curso-jornada-mediacion-intercultural-en-salud-en-colaboracion-con-andalucia-acoge\/\" \/>\n<meta property=\"og:locale\" content=\"es_ES\" \/>\n<meta property=\"og:type\" content=\"article\" \/>\n<meta property=\"og:title\" content=\"El ICOES ofrece el Curso-Jornada \u2018Mediaci\u00f3n Intercultural en Salud\u2019, en colaboraci\u00f3n con Andaluc\u00eda Acoge - Delegaci\u00f3n de Sevilla\" \/>\n<meta property=\"og:url\" content=\"https:\/\/www.solidaridadenfermera.org\/sevilla\/sala-prensa\/el-icoes-ofrece-el-curso-jornada-mediacion-intercultural-en-salud-en-colaboracion-con-andalucia-acoge\/\" \/>\n<meta property=\"og:site_name\" content=\"Delegaci\u00f3n de Sevilla\" \/>\n<meta property=\"article:modified_time\" content=\"2024-11-14T13:51:42+00:00\" \/>\n<meta property=\"og:image\" content=\"https:\/\/www.solidaridadenfermera.org\/sevilla\/wp-content\/uploads\/sites\/78\/2024\/09\/RRSS_JornadaIntercultural.png\" \/>\n\t<meta property=\"og:image:width\" content=\"1080\" \/>\n\t<meta property=\"og:image:height\" content=\"1080\" \/>\n\t<meta property=\"og:image:type\" content=\"image\/png\" \/>\n<meta name=\"twitter:card\" content=\"summary_large_image\" \/>\n<meta name=\"twitter:label1\" content=\"Tiempo de lectura\" \/>\n\t<meta name=\"twitter:data1\" content=\"3 minutos\" \/>\n<script type=\"application\/ld+json\" class=\"yoast-schema-graph\">{\"@context\":\"https:\/\/schema.org\",\"@graph\":[{\"@type\":\"WebPage\",\"@id\":\"https:\/\/www.solidaridadenfermera.org\/sevilla\/sala-prensa\/el-icoes-ofrece-el-curso-jornada-mediacion-intercultural-en-salud-en-colaboracion-con-andalucia-acoge\/\",\"url\":\"https:\/\/www.solidaridadenfermera.org\/sevilla\/sala-prensa\/el-icoes-ofrece-el-curso-jornada-mediacion-intercultural-en-salud-en-colaboracion-con-andalucia-acoge\/\",\"name\":\"El ICOES ofrece el Curso-Jornada \u2018Mediaci\u00f3n Intercultural en Salud\u2019, en colaboraci\u00f3n con Andaluc\u00eda Acoge - Delegaci\u00f3n de Sevilla\",\"isPartOf\":{\"@id\":\"https:\/\/www.solidaridadenfermera.org\/sevilla\/#website\"},\"primaryImageOfPage\":{\"@id\":\"https:\/\/www.solidaridadenfermera.org\/sevilla\/sala-prensa\/el-icoes-ofrece-el-curso-jornada-mediacion-intercultural-en-salud-en-colaboracion-con-andalucia-acoge\/#primaryimage\"},\"image\":{\"@id\":\"https:\/\/www.solidaridadenfermera.org\/sevilla\/sala-prensa\/el-icoes-ofrece-el-curso-jornada-mediacion-intercultural-en-salud-en-colaboracion-con-andalucia-acoge\/#primaryimage\"},\"thumbnailUrl\":\"https:\/\/www.solidaridadenfermera.org\/sevilla\/wp-content\/uploads\/sites\/78\/2024\/09\/RRSS_JornadaIntercultural.png\",\"datePublished\":\"2024-09-25T12:48:29+00:00\",\"dateModified\":\"2024-11-14T13:51:42+00:00\",\"breadcrumb\":{\"@id\":\"https:\/\/www.solidaridadenfermera.org\/sevilla\/sala-prensa\/el-icoes-ofrece-el-curso-jornada-mediacion-intercultural-en-salud-en-colaboracion-con-andalucia-acoge\/#breadcrumb\"},\"inLanguage\":\"es\",\"potentialAction\":[{\"@type\":\"ReadAction\",\"target\":[\"https:\/\/www.solidaridadenfermera.org\/sevilla\/sala-prensa\/el-icoes-ofrece-el-curso-jornada-mediacion-intercultural-en-salud-en-colaboracion-con-andalucia-acoge\/\"]}]},{\"@type\":\"ImageObject\",\"inLanguage\":\"es\",\"@id\":\"https:\/\/www.solidaridadenfermera.org\/sevilla\/sala-prensa\/el-icoes-ofrece-el-curso-jornada-mediacion-intercultural-en-salud-en-colaboracion-con-andalucia-acoge\/#primaryimage\",\"url\":\"https:\/\/www.solidaridadenfermera.org\/sevilla\/wp-content\/uploads\/sites\/78\/2024\/09\/RRSS_JornadaIntercultural.png\",\"contentUrl\":\"https:\/\/www.solidaridadenfermera.org\/sevilla\/wp-content\/uploads\/sites\/78\/2024\/09\/RRSS_JornadaIntercultural.png\",\"width\":1080,\"height\":1080},{\"@type\":\"BreadcrumbList\",\"@id\":\"https:\/\/www.solidaridadenfermera.org\/sevilla\/sala-prensa\/el-icoes-ofrece-el-curso-jornada-mediacion-intercultural-en-salud-en-colaboracion-con-andalucia-acoge\/#breadcrumb\",\"itemListElement\":[{\"@type\":\"ListItem\",\"position\":1,\"name\":\"Inicio\",\"item\":\"https:\/\/www.solidaridadenfermera.org\/sevilla\/\"},{\"@type\":\"ListItem\",\"position\":2,\"name\":\"Sala De Prensa\",\"item\":\"https:\/\/www.solidaridadenfermera.org\/sevilla\/sala-prensa\/\"},{\"@type\":\"ListItem\",\"position\":3,\"name\":\"El ICOES ofrece el Curso-Jornada \u2018Mediaci\u00f3n Intercultural en Salud\u2019, en colaboraci\u00f3n con Andaluc\u00eda Acoge\"}]},{\"@type\":\"WebSite\",\"@id\":\"https:\/\/www.solidaridadenfermera.org\/sevilla\/#website\",\"url\":\"https:\/\/www.solidaridadenfermera.org\/sevilla\/\",\"name\":\"Delegaci\u00f3n de Sevilla\",\"description\":\"Consejo General de Enfermer\u00eda (CGE) es una organizaci\u00f3n profesional con m\u00e1s 100 a\u00f1os de historia, que en base a los fines y funciones que le atribuye su Estatuto Aprobado por Real Decreto 1231, de 8 de noviembre de 2001, se constituye como el referente para la profesi\u00f3n de enfermer\u00eda, representando a un colectivo de doscientos mil colegiados.\",\"publisher\":{\"@id\":\"https:\/\/www.solidaridadenfermera.org\/sevilla\/#organization\"},\"potentialAction\":[{\"@type\":\"SearchAction\",\"target\":{\"@type\":\"EntryPoint\",\"urlTemplate\":\"https:\/\/www.solidaridadenfermera.org\/sevilla\/?s={search_term_string}\"},\"query-input\":{\"@type\":\"PropertyValueSpecification\",\"valueRequired\":true,\"valueName\":\"search_term_string\"}}],\"inLanguage\":\"es\"},{\"@type\":\"Organization\",\"@id\":\"https:\/\/www.solidaridadenfermera.org\/sevilla\/#organization\",\"name\":\"Delegaci\u00f3n de Sevilla\",\"url\":\"https:\/\/www.solidaridadenfermera.org\/sevilla\/\",\"logo\":{\"@type\":\"ImageObject\",\"inLanguage\":\"es\",\"@id\":\"https:\/\/www.solidaridadenfermera.org\/sevilla\/#\/schema\/logo\/image\/\",\"url\":\"https:\/\/www.solidaridadenfermera.org\/sevilla\/wp-content\/uploads\/sites\/78\/2023\/09\/solidaridadenfermerasevilla.png\",\"contentUrl\":\"https:\/\/www.solidaridadenfermera.org\/sevilla\/wp-content\/uploads\/sites\/78\/2023\/09\/solidaridadenfermerasevilla.png\",\"width\":315,\"height\":458,\"caption\":\"Delegaci\u00f3n de Sevilla\"},\"image\":{\"@id\":\"https:\/\/www.solidaridadenfermera.org\/sevilla\/#\/schema\/logo\/image\/\"}}]}<\/script>\n<!-- \/ Yoast SEO plugin. -->","yoast_head_json":{"title":"El ICOES ofrece el Curso-Jornada \u2018Mediaci\u00f3n Intercultural en Salud\u2019, en colaboraci\u00f3n con Andaluc\u00eda Acoge - Delegaci\u00f3n de Sevilla","robots":{"index":"index","follow":"follow","max-snippet":"max-snippet:-1","max-image-preview":"max-image-preview:large","max-video-preview":"max-video-preview:-1"},"canonical":"https:\/\/www.solidaridadenfermera.org\/sevilla\/sala-prensa\/el-icoes-ofrece-el-curso-jornada-mediacion-intercultural-en-salud-en-colaboracion-con-andalucia-acoge\/","og_locale":"es_ES","og_type":"article","og_title":"El ICOES ofrece el Curso-Jornada \u2018Mediaci\u00f3n Intercultural en Salud\u2019, en colaboraci\u00f3n con Andaluc\u00eda Acoge - Delegaci\u00f3n de Sevilla","og_url":"https:\/\/www.solidaridadenfermera.org\/sevilla\/sala-prensa\/el-icoes-ofrece-el-curso-jornada-mediacion-intercultural-en-salud-en-colaboracion-con-andalucia-acoge\/","og_site_name":"Delegaci\u00f3n de Sevilla","article_modified_time":"2024-11-14T13:51:42+00:00","og_image":[{"width":1080,"height":1080,"url":"https:\/\/www.solidaridadenfermera.org\/sevilla\/wp-content\/uploads\/sites\/78\/2024\/09\/RRSS_JornadaIntercultural.png","type":"image\/png"}],"twitter_card":"summary_large_image","twitter_misc":{"Tiempo de lectura":"3 minutos"},"schema":{"@context":"https:\/\/schema.org","@graph":[{"@type":"WebPage","@id":"https:\/\/www.solidaridadenfermera.org\/sevilla\/sala-prensa\/el-icoes-ofrece-el-curso-jornada-mediacion-intercultural-en-salud-en-colaboracion-con-andalucia-acoge\/","url":"https:\/\/www.solidaridadenfermera.org\/sevilla\/sala-prensa\/el-icoes-ofrece-el-curso-jornada-mediacion-intercultural-en-salud-en-colaboracion-con-andalucia-acoge\/","name":"El ICOES ofrece el Curso-Jornada \u2018Mediaci\u00f3n Intercultural en Salud\u2019, en colaboraci\u00f3n con Andaluc\u00eda Acoge - Delegaci\u00f3n de Sevilla","isPartOf":{"@id":"https:\/\/www.solidaridadenfermera.org\/sevilla\/#website"},"primaryImageOfPage":{"@id":"https:\/\/www.solidaridadenfermera.org\/sevilla\/sala-prensa\/el-icoes-ofrece-el-curso-jornada-mediacion-intercultural-en-salud-en-colaboracion-con-andalucia-acoge\/#primaryimage"},"image":{"@id":"https:\/\/www.solidaridadenfermera.org\/sevilla\/sala-prensa\/el-icoes-ofrece-el-curso-jornada-mediacion-intercultural-en-salud-en-colaboracion-con-andalucia-acoge\/#primaryimage"},"thumbnailUrl":"https:\/\/www.solidaridadenfermera.org\/sevilla\/wp-content\/uploads\/sites\/78\/2024\/09\/RRSS_JornadaIntercultural.png","datePublished":"2024-09-25T12:48:29+00:00","dateModified":"2024-11-14T13:51:42+00:00","breadcrumb":{"@id":"https:\/\/www.solidaridadenfermera.org\/sevilla\/sala-prensa\/el-icoes-ofrece-el-curso-jornada-mediacion-intercultural-en-salud-en-colaboracion-con-andalucia-acoge\/#breadcrumb"},"inLanguage":"es","potentialAction":[{"@type":"ReadAction","target":["https:\/\/www.solidaridadenfermera.org\/sevilla\/sala-prensa\/el-icoes-ofrece-el-curso-jornada-mediacion-intercultural-en-salud-en-colaboracion-con-andalucia-acoge\/"]}]},{"@type":"ImageObject","inLanguage":"es","@id":"https:\/\/www.solidaridadenfermera.org\/sevilla\/sala-prensa\/el-icoes-ofrece-el-curso-jornada-mediacion-intercultural-en-salud-en-colaboracion-con-andalucia-acoge\/#primaryimage","url":"https:\/\/www.solidaridadenfermera.org\/sevilla\/wp-content\/uploads\/sites\/78\/2024\/09\/RRSS_JornadaIntercultural.png","contentUrl":"https:\/\/www.solidaridadenfermera.org\/sevilla\/wp-content\/uploads\/sites\/78\/2024\/09\/RRSS_JornadaIntercultural.png","width":1080,"height":1080},{"@type":"BreadcrumbList","@id":"https:\/\/www.solidaridadenfermera.org\/sevilla\/sala-prensa\/el-icoes-ofrece-el-curso-jornada-mediacion-intercultural-en-salud-en-colaboracion-con-andalucia-acoge\/#breadcrumb","itemListElement":[{"@type":"ListItem","position":1,"name":"Inicio","item":"https:\/\/www.solidaridadenfermera.org\/sevilla\/"},{"@type":"ListItem","position":2,"name":"Sala De Prensa","item":"https:\/\/www.solidaridadenfermera.org\/sevilla\/sala-prensa\/"},{"@type":"ListItem","position":3,"name":"El ICOES ofrece el Curso-Jornada \u2018Mediaci\u00f3n Intercultural en Salud\u2019, en colaboraci\u00f3n con Andaluc\u00eda Acoge"}]},{"@type":"WebSite","@id":"https:\/\/www.solidaridadenfermera.org\/sevilla\/#website","url":"https:\/\/www.solidaridadenfermera.org\/sevilla\/","name":"Delegaci\u00f3n de Sevilla","description":"Consejo General de Enfermer\u00eda (CGE) es una organizaci\u00f3n profesional con m\u00e1s 100 a\u00f1os de historia, que en base a los fines y funciones que le atribuye su Estatuto Aprobado por Real Decreto 1231, de 8 de noviembre de 2001, se constituye como el referente para la profesi\u00f3n de enfermer\u00eda, representando a un colectivo de doscientos mil colegiados.","publisher":{"@id":"https:\/\/www.solidaridadenfermera.org\/sevilla\/#organization"},"potentialAction":[{"@type":"SearchAction","target":{"@type":"EntryPoint","urlTemplate":"https:\/\/www.solidaridadenfermera.org\/sevilla\/?s={search_term_string}"},"query-input":{"@type":"PropertyValueSpecification","valueRequired":true,"valueName":"search_term_string"}}],"inLanguage":"es"},{"@type":"Organization","@id":"https:\/\/www.solidaridadenfermera.org\/sevilla\/#organization","name":"Delegaci\u00f3n de Sevilla","url":"https:\/\/www.solidaridadenfermera.org\/sevilla\/","logo":{"@type":"ImageObject","inLanguage":"es","@id":"https:\/\/www.solidaridadenfermera.org\/sevilla\/#\/schema\/logo\/image\/","url":"https:\/\/www.solidaridadenfermera.org\/sevilla\/wp-content\/uploads\/sites\/78\/2023\/09\/solidaridadenfermerasevilla.png","contentUrl":"https:\/\/www.solidaridadenfermera.org\/sevilla\/wp-content\/uploads\/sites\/78\/2023\/09\/solidaridadenfermerasevilla.png","width":315,"height":458,"caption":"Delegaci\u00f3n de Sevilla"},"image":{"@id":"https:\/\/www.solidaridadenfermera.org\/sevilla\/#\/schema\/logo\/image\/"}}]}},"_links":{"self":[{"href":"https:\/\/www.solidaridadenfermera.org\/sevilla\/wp-json\/wp\/v2\/news\/1634","targetHints":{"allow":["GET"]}}],"collection":[{"href":"https:\/\/www.solidaridadenfermera.org\/sevilla\/wp-json\/wp\/v2\/news"}],"about":[{"href":"https:\/\/www.solidaridadenfermera.org\/sevilla\/wp-json\/wp\/v2\/types\/news"}],"wp:featuredmedia":[{"embeddable":true,"href":"https:\/\/www.solidaridadenfermera.org\/sevilla\/wp-json\/wp\/v2\/media\/1635"}],"wp:attachment":[{"href":"https:\/\/www.solidaridadenfermera.org\/sevilla\/wp-json\/wp\/v2\/media?parent=1634"}],"wp:term":[{"taxonomy":"news_category","embeddable":true,"href":"https:\/\/www.solidaridadenfermera.org\/sevilla\/wp-json\/wp\/v2\/news_category?post=1634"},{"taxonomy":"news_tag","embeddable":true,"href":"https:\/\/www.solidaridadenfermera.org\/sevilla\/wp-json\/wp\/v2\/news_tag?post=1634"}],"curies":[{"name":"wp","href":"https:\/\/api.w.org\/{rel}","templated":true}]}}