{"id":1622,"date":"2024-06-17T09:52:55","date_gmt":"2024-06-17T07:52:55","guid":{"rendered":"https:\/\/www.solidaridadenfermera.org\/sevilla\/?post_type=news&#038;p=1622"},"modified":"2024-11-18T08:26:46","modified_gmt":"2024-11-18T07:26:46","slug":"marta-navarro-del-valle-dar-el-paso-de-ser-voluntaria-en-solidaridad-enfermera-me-ha-permitido-ayudar-a-colectivos-vulnerables-en-sevilla-y-esforzarme-en-ser-mejor-profesional","status":"publish","type":"news","link":"https:\/\/www.solidaridadenfermera.org\/sevilla\/sala-prensa\/marta-navarro-del-valle-dar-el-paso-de-ser-voluntaria-en-solidaridad-enfermera-me-ha-permitido-ayudar-a-colectivos-vulnerables-en-sevilla-y-esforzarme-en-ser-mejor-profesional\/","title":{"rendered":"Marta Navarro del Valle: \u00abDar el paso de ser voluntaria en Solidaridad Enfermera me ha permitido ayudar a colectivos vulnerables en Sevilla y esforzarme en ser mejor profesional\u00bb"},"content":{"rendered":"\n<div class=\"wp-block-cge-blocks-news-content container\">\n<p class=\"has-text-align-center news-subtitle\">Marta Navarro del Valle, matrona y voluntaria en Solidaridad Enfermera ha impartido recientemente un taller en Andaluc\u00eda Acoge dirigido a mujeres de Senegal, Costa de Marfil y Marruecos<\/p>\n\n\n\n<div class=\"wp-block-columns is-layout-flex wp-container-core-columns-is-layout-9d6595d7 wp-block-columns-is-layout-flex\">\n<div class=\"wp-block-column is-layout-flow wp-block-column-is-layout-flow\" style=\"flex-basis:100%\">\n<p>Sevilla, 14 de junio, 2024.- Noelia M\u00e1rquez<\/p>\n\n\n\n<p><strong>Forma parte de Solidaridad Enfermera como voluntaria. \u00bfPuede describir su \u00faltima actuaci\u00f3n en esta ONG del Colegio de Enfermer\u00eda de Sevilla?<\/strong><br>El \u00faltimo taller lo realizamos en&nbsp;Andaluc\u00eda Acoge, con mujeres de&nbsp;Senegal, Costa de Marfil, Guinea y Marruecos. Abordamos la salud sexual y reproductiva, y tratamos temas como la higiene menstrual, la sexualidad a lo largo de la vida, las&nbsp;infecciones de transmisi\u00f3n sexual&nbsp;o la importancia de la&nbsp;autoestima y el autoconocimiento. Tambi\u00e9n, como en todos los talleres, hay espacio para dudas personales o inquietudes sobre otros temas relacionados con la salud, ya que aprovechando que nos tienen all\u00ed como profesionales a veces&nbsp;se van a casa m\u00e1s tranquilas o con una cita m\u00e9dica para revisar algo que hab\u00edan pasado por alto.<\/p>\n\n\n\n<p><strong>\u00bfPor qu\u00e9 dio el paso de ser voluntaria en Solidaridad Enfermera?<\/strong><br>Por un lado he tenido siempre mucha&nbsp;inquietud por la cooperaci\u00f3n al desarrollo, pero nunca hab\u00eda profundizado en ella por el miedo a tener que marcharme a pa\u00edses en conflicto o en los que no me sintiera segura. Por otra parte,&nbsp;como profesional y como matrona, me encanta la promoci\u00f3n y la educaci\u00f3n para la salud. Si cuidar es la base de la Enfermer\u00eda, el proporcionar informaci\u00f3n y herramientas a las pacientes para que se responsabilicen y tomen decisiones informadas acerca de su salud, me parece que debiera ser la prioridad de nuestra profesi\u00f3n. Y adem\u00e1s, la oportunidad de hacerme voluntaria se me present\u00f3 en un momento en el que profesionalmente no me sent\u00eda bien por los inestables y&nbsp;precarios contratos en el SAS&nbsp;que estaba teniendo. Me sent\u00eda alejada de mis compa\u00f1eras, como si fuera menos v\u00e1lida o estuviera menos preparada por no estar trabajando. <\/p>\n\n\n\n<p>El dar el paso de ser voluntaria en Solidaridad Enfermera me ha permitido ayudar a colectivos vulnerables, aqu\u00ed en Sevilla, y esforzarme en ser mejor profesional y mejor persona. Gracias a las labores que hacemos he podido desarrollarme profesionalmente en \u00e1mbitos en los que no solemos estar,&nbsp;libr\u00e1ndome de prejuicios y etiquetas&nbsp;que nos alejan de otras realidades que bien merecen nuestra atenci\u00f3n. Tambi\u00e9n&nbsp;he podido conocer de cerca asociaciones y organizaciones que desconoc\u00eda, as\u00ed como la labor inmensa e important\u00edsima que hacen. Y adem\u00e1s, he podido reconectar con mi yo profesional y he apostado por seguir form\u00e1ndome y actualiz\u00e1ndome, en un momento de desmotivaci\u00f3n.<\/p>\n\n\n\n<p><\/p>\n\n\n\n<p class=\"has-text-align-center\"><strong>\u00abLa vocaci\u00f3n me ha acompa\u00f1ado toda la vida, incluso cuando ni siquiera yo lo sab\u00eda; y todav\u00eda hoy me acompa\u00f1a en este trabajo que considero tan&nbsp;gratificante y tan poco valorado\u00bb<\/strong><\/p>\n\n\n\n<p><\/p>\n\n\n\n<p><strong>\u00bfCu\u00e1les son sus inquietudes como enfermera?<\/strong><br>Como cualquier enfermera he pasado por muchos servicios, desde una&nbsp;planta hospitalaria de hematolog\u00eda oncol\u00f3gica a ser enfermera con cupo pedi\u00e1trico o matrona en un centro de atenci\u00f3n primaria. Sin embargo, me gustar\u00eda desarrollarme como no puede ser de otra manera, en el campo de la salud sexual y reproductiva de la mujer. Me interesa mucho todo eso que est\u00e1 en nuestras competencias como especialistas y ahora mismo&nbsp;no estamos pudiendo desarrollar lo suficiente por la falta de personal, tiempo y recursos&nbsp;a la que nos vemos sometidas. Si tuviera que elegir&nbsp;me quedar\u00eda con desarrollarme profesionalmente en la atenci\u00f3n primaria. No porque el hospital me disguste, sino porque creo que las matronas tenemos mucho que ofrecer en este \u00e1mbito en cuanto a menopausia, educaci\u00f3n afectivo-sexual, consejo anticonceptivo, consulta preconcepcional\u2026y otras cuestiones que&nbsp;a d\u00eda de hoy no se est\u00e1n atendiendo. Tambi\u00e9n hace poco decid\u00ed empezar en el mundo de las&nbsp;redes sociales, haciendo divulgaci\u00f3n y aprovechando esa ventana al mundo para contrastar y desmentir toda esa informaci\u00f3n falsa o mitos&nbsp;que hay circulando por internet.<\/p>\n\n\n\n<p><strong>\u00bfCu\u00e1les son las razones que le llevaron a estudiar Enfermer\u00eda?<\/strong><br>Quiz\u00e1s suene a t\u00f3pico, pero&nbsp;desde peque\u00f1a he sido la enfermera de mi casa. Al crecer, como adolescente me toc\u00f3 vivir con una amiga una situaci\u00f3n de salud muy dura, y cuando tuve que elegir carrera no dud\u00e9 en aprovechar la oportunidad que me dieron en L\u00e9rida de empezar all\u00ed Enfermer\u00eda y&nbsp;me cruc\u00e9 Espa\u00f1a con 18 a\u00f1os muy decidida.&nbsp;Creo que&nbsp;la vocaci\u00f3n me ha acompa\u00f1ado toda la vida, incluso cuando ni siquiera yo lo sab\u00eda; y todav\u00eda hoy me acompa\u00f1a en este trabajo que considero tan&nbsp;gratificante y tan poco valorado&nbsp;a veces por el sistema.<\/p>\n\n\n\n<p><\/p>\n\n\n\n<div class=\"wp-block-columns is-layout-flex wp-container-core-columns-is-layout-9d6595d7 wp-block-columns-is-layout-flex\">\n<div class=\"wp-block-column is-layout-flow wp-block-column-is-layout-flow\"><\/div>\n\n\n\n<div class=\"wp-block-column is-layout-flow wp-block-column-is-layout-flow\">\n<figure class=\"wp-block-image size-full\"><img loading=\"lazy\" decoding=\"async\" width=\"518\" height=\"690\" src=\"https:\/\/www.solidaridadenfermera.org\/sevilla\/wp-content\/uploads\/sites\/78\/2024\/06\/martaSolidaridad.jpeg\" alt=\"\" class=\"wp-image-1623\" srcset=\"https:\/\/www.solidaridadenfermera.org\/sevilla\/wp-content\/uploads\/sites\/78\/2024\/06\/martaSolidaridad.jpeg 518w, https:\/\/www.solidaridadenfermera.org\/sevilla\/wp-content\/uploads\/sites\/78\/2024\/06\/martaSolidaridad-225x300.jpeg 225w\" sizes=\"auto, (max-width: 518px) 100vw, 518px\" \/><\/figure>\n<\/div>\n\n\n\n<div class=\"wp-block-column is-layout-flow wp-block-column-is-layout-flow\"><\/div>\n<\/div>\n<\/div>\n<\/div>\n\n\n\n<figure class=\"wp-block-gallery has-nested-images columns-default is-cropped wp-block-gallery-1 is-layout-flex wp-block-gallery-is-layout-flex\"><\/figure>\n\n\n\n<p><\/p>\n\n\n<\/div>\n\n\n\n<div class=\"wp-block-columns row-sections-home is-layout-flex wp-container-core-columns-is-layout-9d6595d7 wp-block-columns-is-layout-flex\">\n<div class=\"wp-block-column is-layout-flow wp-block-column-is-layout-flow\">\n<div class=\"wp-block-cover has-background-dim\" style=\"background-image:url(https:\/\/www.solidaridadenfermera.org\/delegacion-de-tenerife\/wp-content\/uploads\/sites\/78\/2020\/03\/imagenes-resol-10.png)\"><div class=\"wp-block-cover__inner-container is-layout-flow wp-block-cover-is-layout-flow\">\n<h3 class=\"small-title wp-block-heading\">Job<\/h3>\n\n\n\n<p>Lorem ipsum dolor sit amet, consectetur adipiscing elit. Integer malesuada fermentum ante<\/p>\n\n\n\n<div class=\"wp-block-buttons aligncenter is-layout-flex wp-block-buttons-is-layout-flex\">\n<div class=\"wp-block-button\"><a class=\"wp-block-button__link\">Lorem ipsum<\/a><\/div>\n<\/div>\n\n\n\n<p\/>\n<\/div><\/div>\n\n\n\n<p\/>\n<\/div>\n\n\n\n<div class=\"wp-block-column is-layout-flow wp-block-column-is-layout-flow\">\n<div class=\"wp-block-cover has-background-dim\" style=\"background-image:url(https:\/\/www.solidaridadenfermera.org\/delegacion-de-tenerife\/wp-content\/uploads\/sites\/78\/2020\/03\/imagenes-resol-11.png)\"><div class=\"wp-block-cover__inner-container is-layout-flow wp-block-cover-is-layout-flow\">\n<h3 class=\"small-title wp-block-heading\">Training<\/h3>\n\n\n\n<p>Lorem ipsum dolor sit amet, consectetur adipiscing elit. Integer malesuada fermentum ante<\/p>\n\n\n\n<div class=\"wp-block-buttons aligncenter is-layout-flex wp-block-buttons-is-layout-flex\">\n<div class=\"wp-block-button\"><a class=\"wp-block-button__link\">Lorem ipsum<\/a><\/div>\n<\/div>\n\n\n\n<p\/>\n<\/div><\/div>\n<\/div>\n\n\n\n<div class=\"wp-block-column is-layout-flow wp-block-column-is-layout-flow\">\n<div class=\"wp-block-cover has-background-dim\" style=\"background-image:url(https:\/\/www.solidaridadenfermera.org\/delegacion-de-tenerife\/wp-content\/uploads\/sites\/78\/2020\/03\/imagenes-resol-12.png)\"><div class=\"wp-block-cover__inner-container is-layout-flow wp-block-cover-is-layout-flow\">\n<h3 class=\"small-title wp-block-heading\">Scholarships<\/h3>\n\n\n\n<p>Lorem ipsum dolor sit amet, consectetur adipiscing elit. Integer malesuada fermentum ante<\/p>\n\n\n\n<div class=\"wp-block-buttons aligncenter is-layout-flex wp-block-buttons-is-layout-flex\">\n<div class=\"wp-block-button\"><a class=\"wp-block-button__link\">Lorem ipsum<\/a><\/div>\n<\/div>\n\n\n\n<p\/>\n<\/div><\/div>\n<\/div>\n\n\n\n<div class=\"wp-block-column is-layout-flow wp-block-column-is-layout-flow\">\n<div class=\"wp-block-cover has-background-dim\" style=\"background-image:url(https:\/\/www.solidaridadenfermera.org\/delegacion-de-tenerife\/wp-content\/uploads\/sites\/78\/2020\/03\/imagenes-resol-13.png)\"><div class=\"wp-block-cover__inner-container is-layout-flow wp-block-cover-is-layout-flow\">\n<h3 class=\"small-title wp-block-heading\">Calendar<\/h3>\n\n\n\n<p>Lorem ipsum dolor sit amet, consectetur adipiscing elit. Integer malesuada fermentum ante<\/p>\n\n\n\n<div class=\"wp-block-buttons is-layout-flex wp-block-buttons-is-layout-flex\">\n<div class=\"wp-block-button\"><a class=\"wp-block-button__link\">Lorem ipsum<\/a><\/div>\n<\/div>\n\n\n\n<p\/>\n<\/div><\/div>\n<\/div>\n<\/div>\n\n<p\/>\n","protected":false},"excerpt":{"rendered":"","protected":false},"featured_media":1623,"template":"","news_category":[11,57],"news_tag":[],"class_list":["post-1622","news","type-news","status-publish","has-post-thumbnail","hentry","news_category-noticias","news_category-noticias-en"],"yoast_head":"<!-- This site is optimized with the Yoast SEO plugin v27.0 - https:\/\/yoast.com\/product\/yoast-seo-wordpress\/ -->\n<title>Marta Navarro del Valle: \u00abDar el paso de ser voluntaria en Solidaridad Enfermera me ha permitido ayudar a colectivos vulnerables en Sevilla y esforzarme en ser mejor profesional\u00bb - Delegaci\u00f3n de Sevilla<\/title>\n<meta name=\"robots\" content=\"index, follow, max-snippet:-1, max-image-preview:large, max-video-preview:-1\" \/>\n<link rel=\"canonical\" href=\"https:\/\/www.solidaridadenfermera.org\/sevilla\/sala-prensa\/marta-navarro-del-valle-dar-el-paso-de-ser-voluntaria-en-solidaridad-enfermera-me-ha-permitido-ayudar-a-colectivos-vulnerables-en-sevilla-y-esforzarme-en-ser-mejor-profesional\/\" \/>\n<meta property=\"og:locale\" content=\"es_ES\" \/>\n<meta property=\"og:type\" content=\"article\" \/>\n<meta property=\"og:title\" content=\"Marta Navarro del Valle: \u00abDar el paso de ser voluntaria en Solidaridad Enfermera me ha permitido ayudar a colectivos vulnerables en Sevilla y esforzarme en ser mejor profesional\u00bb - Delegaci\u00f3n de Sevilla\" \/>\n<meta property=\"og:url\" content=\"https:\/\/www.solidaridadenfermera.org\/sevilla\/sala-prensa\/marta-navarro-del-valle-dar-el-paso-de-ser-voluntaria-en-solidaridad-enfermera-me-ha-permitido-ayudar-a-colectivos-vulnerables-en-sevilla-y-esforzarme-en-ser-mejor-profesional\/\" \/>\n<meta property=\"og:site_name\" content=\"Delegaci\u00f3n de Sevilla\" \/>\n<meta property=\"article:modified_time\" content=\"2024-11-18T07:26:46+00:00\" \/>\n<meta property=\"og:image\" content=\"https:\/\/www.solidaridadenfermera.org\/sevilla\/wp-content\/uploads\/sites\/78\/2024\/06\/martaSolidaridad.jpeg\" \/>\n\t<meta property=\"og:image:width\" content=\"518\" \/>\n\t<meta property=\"og:image:height\" content=\"690\" \/>\n\t<meta property=\"og:image:type\" content=\"image\/jpeg\" \/>\n<meta name=\"twitter:card\" content=\"summary_large_image\" \/>\n<meta name=\"twitter:label1\" content=\"Tiempo de lectura\" \/>\n\t<meta name=\"twitter:data1\" content=\"5 minutos\" \/>\n<script type=\"application\/ld+json\" class=\"yoast-schema-graph\">{\"@context\":\"https:\/\/schema.org\",\"@graph\":[{\"@type\":\"WebPage\",\"@id\":\"https:\/\/www.solidaridadenfermera.org\/sevilla\/sala-prensa\/marta-navarro-del-valle-dar-el-paso-de-ser-voluntaria-en-solidaridad-enfermera-me-ha-permitido-ayudar-a-colectivos-vulnerables-en-sevilla-y-esforzarme-en-ser-mejor-profesional\/\",\"url\":\"https:\/\/www.solidaridadenfermera.org\/sevilla\/sala-prensa\/marta-navarro-del-valle-dar-el-paso-de-ser-voluntaria-en-solidaridad-enfermera-me-ha-permitido-ayudar-a-colectivos-vulnerables-en-sevilla-y-esforzarme-en-ser-mejor-profesional\/\",\"name\":\"Marta Navarro del Valle: \u00abDar el paso de ser voluntaria en Solidaridad Enfermera me ha permitido ayudar a colectivos vulnerables en Sevilla y esforzarme en ser mejor profesional\u00bb - Delegaci\u00f3n de Sevilla\",\"isPartOf\":{\"@id\":\"https:\/\/www.solidaridadenfermera.org\/sevilla\/#website\"},\"primaryImageOfPage\":{\"@id\":\"https:\/\/www.solidaridadenfermera.org\/sevilla\/sala-prensa\/marta-navarro-del-valle-dar-el-paso-de-ser-voluntaria-en-solidaridad-enfermera-me-ha-permitido-ayudar-a-colectivos-vulnerables-en-sevilla-y-esforzarme-en-ser-mejor-profesional\/#primaryimage\"},\"image\":{\"@id\":\"https:\/\/www.solidaridadenfermera.org\/sevilla\/sala-prensa\/marta-navarro-del-valle-dar-el-paso-de-ser-voluntaria-en-solidaridad-enfermera-me-ha-permitido-ayudar-a-colectivos-vulnerables-en-sevilla-y-esforzarme-en-ser-mejor-profesional\/#primaryimage\"},\"thumbnailUrl\":\"https:\/\/www.solidaridadenfermera.org\/sevilla\/wp-content\/uploads\/sites\/78\/2024\/06\/martaSolidaridad.jpeg\",\"datePublished\":\"2024-06-17T07:52:55+00:00\",\"dateModified\":\"2024-11-18T07:26:46+00:00\",\"breadcrumb\":{\"@id\":\"https:\/\/www.solidaridadenfermera.org\/sevilla\/sala-prensa\/marta-navarro-del-valle-dar-el-paso-de-ser-voluntaria-en-solidaridad-enfermera-me-ha-permitido-ayudar-a-colectivos-vulnerables-en-sevilla-y-esforzarme-en-ser-mejor-profesional\/#breadcrumb\"},\"inLanguage\":\"es\",\"potentialAction\":[{\"@type\":\"ReadAction\",\"target\":[\"https:\/\/www.solidaridadenfermera.org\/sevilla\/sala-prensa\/marta-navarro-del-valle-dar-el-paso-de-ser-voluntaria-en-solidaridad-enfermera-me-ha-permitido-ayudar-a-colectivos-vulnerables-en-sevilla-y-esforzarme-en-ser-mejor-profesional\/\"]}]},{\"@type\":\"ImageObject\",\"inLanguage\":\"es\",\"@id\":\"https:\/\/www.solidaridadenfermera.org\/sevilla\/sala-prensa\/marta-navarro-del-valle-dar-el-paso-de-ser-voluntaria-en-solidaridad-enfermera-me-ha-permitido-ayudar-a-colectivos-vulnerables-en-sevilla-y-esforzarme-en-ser-mejor-profesional\/#primaryimage\",\"url\":\"https:\/\/www.solidaridadenfermera.org\/sevilla\/wp-content\/uploads\/sites\/78\/2024\/06\/martaSolidaridad.jpeg\",\"contentUrl\":\"https:\/\/www.solidaridadenfermera.org\/sevilla\/wp-content\/uploads\/sites\/78\/2024\/06\/martaSolidaridad.jpeg\",\"width\":518,\"height\":690},{\"@type\":\"BreadcrumbList\",\"@id\":\"https:\/\/www.solidaridadenfermera.org\/sevilla\/sala-prensa\/marta-navarro-del-valle-dar-el-paso-de-ser-voluntaria-en-solidaridad-enfermera-me-ha-permitido-ayudar-a-colectivos-vulnerables-en-sevilla-y-esforzarme-en-ser-mejor-profesional\/#breadcrumb\",\"itemListElement\":[{\"@type\":\"ListItem\",\"position\":1,\"name\":\"Inicio\",\"item\":\"https:\/\/www.solidaridadenfermera.org\/sevilla\/\"},{\"@type\":\"ListItem\",\"position\":2,\"name\":\"Sala De Prensa\",\"item\":\"https:\/\/www.solidaridadenfermera.org\/sevilla\/sala-prensa\/\"},{\"@type\":\"ListItem\",\"position\":3,\"name\":\"Marta Navarro del Valle: \u00abDar el paso de ser voluntaria en Solidaridad Enfermera me ha permitido ayudar a colectivos vulnerables en Sevilla y esforzarme en ser mejor profesional\u00bb\"}]},{\"@type\":\"WebSite\",\"@id\":\"https:\/\/www.solidaridadenfermera.org\/sevilla\/#website\",\"url\":\"https:\/\/www.solidaridadenfermera.org\/sevilla\/\",\"name\":\"Delegaci\u00f3n de Sevilla\",\"description\":\"Consejo General de Enfermer\u00eda (CGE) es una organizaci\u00f3n profesional con m\u00e1s 100 a\u00f1os de historia, que en base a los fines y funciones que le atribuye su Estatuto Aprobado por Real Decreto 1231, de 8 de noviembre de 2001, se constituye como el referente para la profesi\u00f3n de enfermer\u00eda, representando a un colectivo de doscientos mil colegiados.\",\"publisher\":{\"@id\":\"https:\/\/www.solidaridadenfermera.org\/sevilla\/#organization\"},\"potentialAction\":[{\"@type\":\"SearchAction\",\"target\":{\"@type\":\"EntryPoint\",\"urlTemplate\":\"https:\/\/www.solidaridadenfermera.org\/sevilla\/?s={search_term_string}\"},\"query-input\":{\"@type\":\"PropertyValueSpecification\",\"valueRequired\":true,\"valueName\":\"search_term_string\"}}],\"inLanguage\":\"es\"},{\"@type\":\"Organization\",\"@id\":\"https:\/\/www.solidaridadenfermera.org\/sevilla\/#organization\",\"name\":\"Delegaci\u00f3n de Sevilla\",\"url\":\"https:\/\/www.solidaridadenfermera.org\/sevilla\/\",\"logo\":{\"@type\":\"ImageObject\",\"inLanguage\":\"es\",\"@id\":\"https:\/\/www.solidaridadenfermera.org\/sevilla\/#\/schema\/logo\/image\/\",\"url\":\"https:\/\/www.solidaridadenfermera.org\/sevilla\/wp-content\/uploads\/sites\/78\/2023\/09\/solidaridadenfermerasevilla.png\",\"contentUrl\":\"https:\/\/www.solidaridadenfermera.org\/sevilla\/wp-content\/uploads\/sites\/78\/2023\/09\/solidaridadenfermerasevilla.png\",\"width\":315,\"height\":458,\"caption\":\"Delegaci\u00f3n de Sevilla\"},\"image\":{\"@id\":\"https:\/\/www.solidaridadenfermera.org\/sevilla\/#\/schema\/logo\/image\/\"}}]}<\/script>\n<!-- \/ Yoast SEO plugin. -->","yoast_head_json":{"title":"Marta Navarro del Valle: \u00abDar el paso de ser voluntaria en Solidaridad Enfermera me ha permitido ayudar a colectivos vulnerables en Sevilla y esforzarme en ser mejor profesional\u00bb - Delegaci\u00f3n de Sevilla","robots":{"index":"index","follow":"follow","max-snippet":"max-snippet:-1","max-image-preview":"max-image-preview:large","max-video-preview":"max-video-preview:-1"},"canonical":"https:\/\/www.solidaridadenfermera.org\/sevilla\/sala-prensa\/marta-navarro-del-valle-dar-el-paso-de-ser-voluntaria-en-solidaridad-enfermera-me-ha-permitido-ayudar-a-colectivos-vulnerables-en-sevilla-y-esforzarme-en-ser-mejor-profesional\/","og_locale":"es_ES","og_type":"article","og_title":"Marta Navarro del Valle: \u00abDar el paso de ser voluntaria en Solidaridad Enfermera me ha permitido ayudar a colectivos vulnerables en Sevilla y esforzarme en ser mejor profesional\u00bb - Delegaci\u00f3n de Sevilla","og_url":"https:\/\/www.solidaridadenfermera.org\/sevilla\/sala-prensa\/marta-navarro-del-valle-dar-el-paso-de-ser-voluntaria-en-solidaridad-enfermera-me-ha-permitido-ayudar-a-colectivos-vulnerables-en-sevilla-y-esforzarme-en-ser-mejor-profesional\/","og_site_name":"Delegaci\u00f3n de Sevilla","article_modified_time":"2024-11-18T07:26:46+00:00","og_image":[{"width":518,"height":690,"url":"https:\/\/www.solidaridadenfermera.org\/sevilla\/wp-content\/uploads\/sites\/78\/2024\/06\/martaSolidaridad.jpeg","type":"image\/jpeg"}],"twitter_card":"summary_large_image","twitter_misc":{"Tiempo de lectura":"5 minutos"},"schema":{"@context":"https:\/\/schema.org","@graph":[{"@type":"WebPage","@id":"https:\/\/www.solidaridadenfermera.org\/sevilla\/sala-prensa\/marta-navarro-del-valle-dar-el-paso-de-ser-voluntaria-en-solidaridad-enfermera-me-ha-permitido-ayudar-a-colectivos-vulnerables-en-sevilla-y-esforzarme-en-ser-mejor-profesional\/","url":"https:\/\/www.solidaridadenfermera.org\/sevilla\/sala-prensa\/marta-navarro-del-valle-dar-el-paso-de-ser-voluntaria-en-solidaridad-enfermera-me-ha-permitido-ayudar-a-colectivos-vulnerables-en-sevilla-y-esforzarme-en-ser-mejor-profesional\/","name":"Marta Navarro del Valle: \u00abDar el paso de ser voluntaria en Solidaridad Enfermera me ha permitido ayudar a colectivos vulnerables en Sevilla y esforzarme en ser mejor profesional\u00bb - Delegaci\u00f3n de Sevilla","isPartOf":{"@id":"https:\/\/www.solidaridadenfermera.org\/sevilla\/#website"},"primaryImageOfPage":{"@id":"https:\/\/www.solidaridadenfermera.org\/sevilla\/sala-prensa\/marta-navarro-del-valle-dar-el-paso-de-ser-voluntaria-en-solidaridad-enfermera-me-ha-permitido-ayudar-a-colectivos-vulnerables-en-sevilla-y-esforzarme-en-ser-mejor-profesional\/#primaryimage"},"image":{"@id":"https:\/\/www.solidaridadenfermera.org\/sevilla\/sala-prensa\/marta-navarro-del-valle-dar-el-paso-de-ser-voluntaria-en-solidaridad-enfermera-me-ha-permitido-ayudar-a-colectivos-vulnerables-en-sevilla-y-esforzarme-en-ser-mejor-profesional\/#primaryimage"},"thumbnailUrl":"https:\/\/www.solidaridadenfermera.org\/sevilla\/wp-content\/uploads\/sites\/78\/2024\/06\/martaSolidaridad.jpeg","datePublished":"2024-06-17T07:52:55+00:00","dateModified":"2024-11-18T07:26:46+00:00","breadcrumb":{"@id":"https:\/\/www.solidaridadenfermera.org\/sevilla\/sala-prensa\/marta-navarro-del-valle-dar-el-paso-de-ser-voluntaria-en-solidaridad-enfermera-me-ha-permitido-ayudar-a-colectivos-vulnerables-en-sevilla-y-esforzarme-en-ser-mejor-profesional\/#breadcrumb"},"inLanguage":"es","potentialAction":[{"@type":"ReadAction","target":["https:\/\/www.solidaridadenfermera.org\/sevilla\/sala-prensa\/marta-navarro-del-valle-dar-el-paso-de-ser-voluntaria-en-solidaridad-enfermera-me-ha-permitido-ayudar-a-colectivos-vulnerables-en-sevilla-y-esforzarme-en-ser-mejor-profesional\/"]}]},{"@type":"ImageObject","inLanguage":"es","@id":"https:\/\/www.solidaridadenfermera.org\/sevilla\/sala-prensa\/marta-navarro-del-valle-dar-el-paso-de-ser-voluntaria-en-solidaridad-enfermera-me-ha-permitido-ayudar-a-colectivos-vulnerables-en-sevilla-y-esforzarme-en-ser-mejor-profesional\/#primaryimage","url":"https:\/\/www.solidaridadenfermera.org\/sevilla\/wp-content\/uploads\/sites\/78\/2024\/06\/martaSolidaridad.jpeg","contentUrl":"https:\/\/www.solidaridadenfermera.org\/sevilla\/wp-content\/uploads\/sites\/78\/2024\/06\/martaSolidaridad.jpeg","width":518,"height":690},{"@type":"BreadcrumbList","@id":"https:\/\/www.solidaridadenfermera.org\/sevilla\/sala-prensa\/marta-navarro-del-valle-dar-el-paso-de-ser-voluntaria-en-solidaridad-enfermera-me-ha-permitido-ayudar-a-colectivos-vulnerables-en-sevilla-y-esforzarme-en-ser-mejor-profesional\/#breadcrumb","itemListElement":[{"@type":"ListItem","position":1,"name":"Inicio","item":"https:\/\/www.solidaridadenfermera.org\/sevilla\/"},{"@type":"ListItem","position":2,"name":"Sala De Prensa","item":"https:\/\/www.solidaridadenfermera.org\/sevilla\/sala-prensa\/"},{"@type":"ListItem","position":3,"name":"Marta Navarro del Valle: \u00abDar el paso de ser voluntaria en Solidaridad Enfermera me ha permitido ayudar a colectivos vulnerables en Sevilla y esforzarme en ser mejor profesional\u00bb"}]},{"@type":"WebSite","@id":"https:\/\/www.solidaridadenfermera.org\/sevilla\/#website","url":"https:\/\/www.solidaridadenfermera.org\/sevilla\/","name":"Delegaci\u00f3n de Sevilla","description":"Consejo General de Enfermer\u00eda (CGE) es una organizaci\u00f3n profesional con m\u00e1s 100 a\u00f1os de historia, que en base a los fines y funciones que le atribuye su Estatuto Aprobado por Real Decreto 1231, de 8 de noviembre de 2001, se constituye como el referente para la profesi\u00f3n de enfermer\u00eda, representando a un colectivo de doscientos mil colegiados.","publisher":{"@id":"https:\/\/www.solidaridadenfermera.org\/sevilla\/#organization"},"potentialAction":[{"@type":"SearchAction","target":{"@type":"EntryPoint","urlTemplate":"https:\/\/www.solidaridadenfermera.org\/sevilla\/?s={search_term_string}"},"query-input":{"@type":"PropertyValueSpecification","valueRequired":true,"valueName":"search_term_string"}}],"inLanguage":"es"},{"@type":"Organization","@id":"https:\/\/www.solidaridadenfermera.org\/sevilla\/#organization","name":"Delegaci\u00f3n de Sevilla","url":"https:\/\/www.solidaridadenfermera.org\/sevilla\/","logo":{"@type":"ImageObject","inLanguage":"es","@id":"https:\/\/www.solidaridadenfermera.org\/sevilla\/#\/schema\/logo\/image\/","url":"https:\/\/www.solidaridadenfermera.org\/sevilla\/wp-content\/uploads\/sites\/78\/2023\/09\/solidaridadenfermerasevilla.png","contentUrl":"https:\/\/www.solidaridadenfermera.org\/sevilla\/wp-content\/uploads\/sites\/78\/2023\/09\/solidaridadenfermerasevilla.png","width":315,"height":458,"caption":"Delegaci\u00f3n de Sevilla"},"image":{"@id":"https:\/\/www.solidaridadenfermera.org\/sevilla\/#\/schema\/logo\/image\/"}}]}},"_links":{"self":[{"href":"https:\/\/www.solidaridadenfermera.org\/sevilla\/wp-json\/wp\/v2\/news\/1622","targetHints":{"allow":["GET"]}}],"collection":[{"href":"https:\/\/www.solidaridadenfermera.org\/sevilla\/wp-json\/wp\/v2\/news"}],"about":[{"href":"https:\/\/www.solidaridadenfermera.org\/sevilla\/wp-json\/wp\/v2\/types\/news"}],"wp:featuredmedia":[{"embeddable":true,"href":"https:\/\/www.solidaridadenfermera.org\/sevilla\/wp-json\/wp\/v2\/media\/1623"}],"wp:attachment":[{"href":"https:\/\/www.solidaridadenfermera.org\/sevilla\/wp-json\/wp\/v2\/media?parent=1622"}],"wp:term":[{"taxonomy":"news_category","embeddable":true,"href":"https:\/\/www.solidaridadenfermera.org\/sevilla\/wp-json\/wp\/v2\/news_category?post=1622"},{"taxonomy":"news_tag","embeddable":true,"href":"https:\/\/www.solidaridadenfermera.org\/sevilla\/wp-json\/wp\/v2\/news_tag?post=1622"}],"curies":[{"name":"wp","href":"https:\/\/api.w.org\/{rel}","templated":true}]}}