{"id":1715,"date":"2026-04-17T13:46:39","date_gmt":"2026-04-17T11:46:39","guid":{"rendered":"https:\/\/www.solidaridadenfermera.org\/malaga\/?post_type=news&#038;p=1715"},"modified":"2026-04-17T13:46:40","modified_gmt":"2026-04-17T11:46:40","slug":"solidaridad-enfermera-malaga-participa-en-un-taller-de-educacion-afectivo-sexual-con-adolescentes","status":"publish","type":"news","link":"https:\/\/www.solidaridadenfermera.org\/malaga\/sala-prensa\/solidaridad-enfermera-malaga-participa-en-un-taller-de-educacion-afectivo-sexual-con-adolescentes\/","title":{"rendered":"Solidaridad Enfermera M\u00e1laga participa en un taller de educaci\u00f3n afectivo-sexual con adolescentes"},"content":{"rendered":"\n<div class=\"wp-block-group container\"><div class=\"wp-block-group__inner-container is-layout-flow wp-block-group-is-layout-flow\">\n<p>El Colegio Oficial de Enfermer\u00eda de M\u00e1laga, a trav\u00e9s de su implicaci\u00f3n en <strong>Solidaridad Enfermera M\u00e1laga<\/strong>, ha participado en una actividad formativa desarrollada en <strong>Aldeas Infantiles<\/strong>, dirigida a adolescentes de entre 13 y 15 a\u00f1os, centrada en la educaci\u00f3n afectivo-sexual y la prevenci\u00f3n de enfermedades de transmisi\u00f3n sexual.<\/p>\n\n\n\n<p>El taller, impartido por la enfermera <strong>Macarena P\u00e9rez Mill\u00e1n<\/strong>, abord\u00f3 de forma cercana y adaptada a los j\u00f3venes aspectos fundamentales relacionados con el desarrollo emocional y sexual en la adolescencia, fomentando la reflexi\u00f3n, el conocimiento y la toma de decisiones responsables.<\/p>\n\n\n<div class=\"wp-block-image\">\n<figure class=\"aligncenter size-large\"><img loading=\"lazy\" decoding=\"async\" width=\"768\" height=\"1024\" src=\"https:\/\/www.solidaridadenfermera.org\/malaga\/wp-content\/uploads\/sites\/80\/2026\/04\/WhatsApp-Image-2026-04-16-at-21.37.04-2-768x1024.jpeg\" alt=\"\" class=\"wp-image-1711\" srcset=\"https:\/\/www.solidaridadenfermera.org\/malaga\/wp-content\/uploads\/sites\/80\/2026\/04\/WhatsApp-Image-2026-04-16-at-21.37.04-2-768x1024.jpeg 768w, https:\/\/www.solidaridadenfermera.org\/malaga\/wp-content\/uploads\/sites\/80\/2026\/04\/WhatsApp-Image-2026-04-16-at-21.37.04-2-225x300.jpeg 225w, https:\/\/www.solidaridadenfermera.org\/malaga\/wp-content\/uploads\/sites\/80\/2026\/04\/WhatsApp-Image-2026-04-16-at-21.37.04-2-1152x1536.jpeg 1152w, https:\/\/www.solidaridadenfermera.org\/malaga\/wp-content\/uploads\/sites\/80\/2026\/04\/WhatsApp-Image-2026-04-16-at-21.37.04-2.jpeg 1200w\" sizes=\"auto, (max-width: 768px) 100vw, 768px\" \/><\/figure>\n<\/div>\n\n\n<h2 class=\"wp-block-heading\"><strong>Educaci\u00f3n para crecer con salud<\/strong><\/h2>\n\n\n\n<p>Durante la sesi\u00f3n se trataron temas clave como la adolescencia como etapa vital, la evoluci\u00f3n desde el afecto hacia la sexualidad \u2014incluyendo aspectos como la intimidad, la afectividad, la sexualidad y la genitalidad\u2014, as\u00ed como el desarrollo sexual y los cambios f\u00edsicos y emocionales propios de esta etapa.<\/p>\n\n\n\n<p>Asimismo, se abordaron cuestiones de especial relevancia como la identificaci\u00f3n de se\u00f1ales de alarma ante posibles situaciones de <strong>violencia sexual<\/strong>, el an\u00e1lisis de conceptos como el enamoramiento y el amor rom\u00e1ntico, y la importancia de entender la diversidad desde una perspectiva de igualdad.<\/p>\n\n\n\n<p>El taller tambi\u00e9n puso el foco en la <strong>salud sexual<\/strong>, abordando los m\u00e9todos preventivos m\u00e1s utilizados por los adolescentes y ofreciendo informaci\u00f3n clara sobre las enfermedades de transmisi\u00f3n sexual, con el objetivo de promover h\u00e1bitos saludables y prevenir riesgos.<\/p>\n\n\n<div class=\"wp-block-image\">\n<figure class=\"aligncenter size-large\"><img loading=\"lazy\" decoding=\"async\" width=\"814\" height=\"1024\" src=\"https:\/\/www.solidaridadenfermera.org\/malaga\/wp-content\/uploads\/sites\/80\/2026\/04\/WhatsApp-Image-2026-04-16-at-21.37.04-3-814x1024.jpeg\" alt=\"\" class=\"wp-image-1712\" srcset=\"https:\/\/www.solidaridadenfermera.org\/malaga\/wp-content\/uploads\/sites\/80\/2026\/04\/WhatsApp-Image-2026-04-16-at-21.37.04-3-814x1024.jpeg 814w, https:\/\/www.solidaridadenfermera.org\/malaga\/wp-content\/uploads\/sites\/80\/2026\/04\/WhatsApp-Image-2026-04-16-at-21.37.04-3-239x300.jpeg 239w, https:\/\/www.solidaridadenfermera.org\/malaga\/wp-content\/uploads\/sites\/80\/2026\/04\/WhatsApp-Image-2026-04-16-at-21.37.04-3-768x966.jpeg 768w, https:\/\/www.solidaridadenfermera.org\/malaga\/wp-content\/uploads\/sites\/80\/2026\/04\/WhatsApp-Image-2026-04-16-at-21.37.04-3.jpeg 951w\" sizes=\"auto, (max-width: 814px) 100vw, 814px\" \/><\/figure>\n<\/div>\n\n\n<h2 class=\"wp-block-heading\"><strong>Una labor educativa y preventiva clave<\/strong><\/h2>\n\n\n\n<p>La participaci\u00f3n en este tipo de iniciativas refleja el compromiso de la enfermer\u00eda con la educaci\u00f3n para la salud desde edades tempranas, apostando por la prevenci\u00f3n y la promoci\u00f3n de h\u00e1bitos responsables entre la poblaci\u00f3n joven.<\/p>\n\n\n\n<p>En este sentido, la vocal del Colegio de Enfermer\u00eda de M\u00e1laga, <strong>Laura Reyes<\/strong>, ha destacado el valor de estas actividades:<br><em>\u201cTrabajar con adolescentes en educaci\u00f3n afectivo-sexual es fundamental para ayudarles a comprender su desarrollo, identificar situaciones de riesgo y tomar decisiones informadas. La enfermer\u00eda tiene un papel clave en este acompa\u00f1amiento, desde la cercan\u00eda, la confianza y el conocimiento\u201d<\/em>.<\/p>\n\n\n\n<p>Asimismo, ha subrayado la importancia de seguir impulsando este tipo de acciones en colaboraci\u00f3n con entidades sociales:<br><em>\u201cEstos espacios permiten generar di\u00e1logo, resolver dudas y ofrecer herramientas reales a los j\u00f3venes para cuidar su salud y su bienestar emocional\u201d<\/em>.<\/p>\n\n\n<div class=\"wp-block-image\">\n<figure class=\"aligncenter size-large\"><img loading=\"lazy\" decoding=\"async\" width=\"768\" height=\"1024\" src=\"https:\/\/www.solidaridadenfermera.org\/malaga\/wp-content\/uploads\/sites\/80\/2026\/04\/WhatsApp-Image-2026-04-16-at-21.37.04-768x1024.jpeg\" alt=\"\" class=\"wp-image-1713\" srcset=\"https:\/\/www.solidaridadenfermera.org\/malaga\/wp-content\/uploads\/sites\/80\/2026\/04\/WhatsApp-Image-2026-04-16-at-21.37.04-768x1024.jpeg 768w, https:\/\/www.solidaridadenfermera.org\/malaga\/wp-content\/uploads\/sites\/80\/2026\/04\/WhatsApp-Image-2026-04-16-at-21.37.04-225x300.jpeg 225w, https:\/\/www.solidaridadenfermera.org\/malaga\/wp-content\/uploads\/sites\/80\/2026\/04\/WhatsApp-Image-2026-04-16-at-21.37.04-1152x1536.jpeg 1152w, https:\/\/www.solidaridadenfermera.org\/malaga\/wp-content\/uploads\/sites\/80\/2026\/04\/WhatsApp-Image-2026-04-16-at-21.37.04.jpeg 1200w\" sizes=\"auto, (max-width: 768px) 100vw, 768px\" \/><\/figure>\n<\/div>\n\n\n<h2 class=\"wp-block-heading\"><strong>Compromiso con la salud comunitaria<\/strong><\/h2>\n\n\n\n<p>Desde el Colegio de Enfermer\u00eda de M\u00e1laga se valora muy positivamente la colaboraci\u00f3n con entidades como <strong>Aldeas Infantiles<\/strong> y <strong>Solidaridad Enfermera<\/strong>, que permiten acercar la educaci\u00f3n para la salud a colectivos clave y contribuir a la construcci\u00f3n de una sociedad m\u00e1s informada, consciente y saludable.<\/p>\n\n\n\n<p>Este tipo de actuaciones ponen de manifiesto el papel de la enfermer\u00eda m\u00e1s all\u00e1 del \u00e1mbito asistencial, como agente activo en la promoci\u00f3n de la salud y la prevenci\u00f3n en la comunidad.<\/p>\n\n\n\n<p><\/p>\n<\/div><\/div>\n","protected":false},"excerpt":{"rendered":"<p>El Colegio Oficial de Enfermer\u00eda de M\u00e1laga, a trav\u00e9s de su implicaci\u00f3n en Solidaridad Enfermera M\u00e1laga, ha participado en una actividad formativa desarrollada en Aldeas Infantiles, dirigida a adolescentes de entre 13 y 15 a\u00f1os, centrada en la educaci\u00f3n afectivo-sexual y la prevenci\u00f3n de enfermedades de transmisi\u00f3n sexual. El taller, impartido por la enfermera Macarena [&hellip;]<\/p>\n","protected":false},"featured_media":1710,"template":"","news_category":[12,11],"news_tag":[],"class_list":["post-1715","news","type-news","status-publish","has-post-thumbnail","hentry","news_category-notas-de-prensa","news_category-noticias"],"yoast_head":"<!-- This site is optimized with the Yoast SEO plugin v27.0 - https:\/\/yoast.com\/product\/yoast-seo-wordpress\/ -->\n<title>Solidaridad Enfermera M\u00e1laga participa en un taller de educaci\u00f3n afectivo-sexual con adolescentes - Delegaci\u00f3n de M\u00e1laga<\/title>\n<meta name=\"robots\" content=\"index, follow, max-snippet:-1, max-image-preview:large, max-video-preview:-1\" \/>\n<link rel=\"canonical\" href=\"https:\/\/www.solidaridadenfermera.org\/malaga\/sala-prensa\/solidaridad-enfermera-malaga-participa-en-un-taller-de-educacion-afectivo-sexual-con-adolescentes\/\" \/>\n<meta property=\"og:locale\" content=\"es_ES\" \/>\n<meta property=\"og:type\" content=\"article\" \/>\n<meta property=\"og:title\" content=\"Solidaridad Enfermera M\u00e1laga participa en un taller de educaci\u00f3n afectivo-sexual con adolescentes - Delegaci\u00f3n de M\u00e1laga\" \/>\n<meta property=\"og:description\" content=\"El Colegio Oficial de Enfermer\u00eda de M\u00e1laga, a trav\u00e9s de su implicaci\u00f3n en Solidaridad Enfermera M\u00e1laga, ha participado en una actividad formativa desarrollada en Aldeas Infantiles, dirigida a adolescentes de entre 13 y 15 a\u00f1os, centrada en la educaci\u00f3n afectivo-sexual y la prevenci\u00f3n de enfermedades de transmisi\u00f3n sexual. El taller, impartido por la enfermera Macarena [&hellip;]\" \/>\n<meta property=\"og:url\" content=\"https:\/\/www.solidaridadenfermera.org\/malaga\/sala-prensa\/solidaridad-enfermera-malaga-participa-en-un-taller-de-educacion-afectivo-sexual-con-adolescentes\/\" \/>\n<meta property=\"og:site_name\" content=\"Delegaci\u00f3n de M\u00e1laga\" \/>\n<meta property=\"article:modified_time\" content=\"2026-04-17T11:46:40+00:00\" \/>\n<meta property=\"og:image\" content=\"https:\/\/www.solidaridadenfermera.org\/malaga\/wp-content\/uploads\/sites\/80\/2026\/04\/20260417-SolidaridadEnfermeraWebOficial01.jpg\" \/>\n\t<meta property=\"og:image:width\" content=\"1920\" \/>\n\t<meta property=\"og:image:height\" content=\"1080\" \/>\n\t<meta property=\"og:image:type\" content=\"image\/jpeg\" \/>\n<meta name=\"twitter:card\" content=\"summary_large_image\" \/>\n<meta name=\"twitter:label1\" content=\"Tiempo de lectura\" \/>\n\t<meta name=\"twitter:data1\" content=\"3 minutos\" \/>\n<script type=\"application\/ld+json\" class=\"yoast-schema-graph\">{\"@context\":\"https:\/\/schema.org\",\"@graph\":[{\"@type\":\"WebPage\",\"@id\":\"https:\/\/www.solidaridadenfermera.org\/malaga\/sala-prensa\/solidaridad-enfermera-malaga-participa-en-un-taller-de-educacion-afectivo-sexual-con-adolescentes\/\",\"url\":\"https:\/\/www.solidaridadenfermera.org\/malaga\/sala-prensa\/solidaridad-enfermera-malaga-participa-en-un-taller-de-educacion-afectivo-sexual-con-adolescentes\/\",\"name\":\"Solidaridad Enfermera M\u00e1laga participa en un taller de educaci\u00f3n afectivo-sexual con adolescentes - Delegaci\u00f3n de M\u00e1laga\",\"isPartOf\":{\"@id\":\"https:\/\/www.solidaridadenfermera.org\/malaga\/#website\"},\"primaryImageOfPage\":{\"@id\":\"https:\/\/www.solidaridadenfermera.org\/malaga\/sala-prensa\/solidaridad-enfermera-malaga-participa-en-un-taller-de-educacion-afectivo-sexual-con-adolescentes\/#primaryimage\"},\"image\":{\"@id\":\"https:\/\/www.solidaridadenfermera.org\/malaga\/sala-prensa\/solidaridad-enfermera-malaga-participa-en-un-taller-de-educacion-afectivo-sexual-con-adolescentes\/#primaryimage\"},\"thumbnailUrl\":\"https:\/\/www.solidaridadenfermera.org\/malaga\/wp-content\/uploads\/sites\/80\/2026\/04\/20260417-SolidaridadEnfermeraWebOficial01.jpg\",\"datePublished\":\"2026-04-17T11:46:39+00:00\",\"dateModified\":\"2026-04-17T11:46:40+00:00\",\"breadcrumb\":{\"@id\":\"https:\/\/www.solidaridadenfermera.org\/malaga\/sala-prensa\/solidaridad-enfermera-malaga-participa-en-un-taller-de-educacion-afectivo-sexual-con-adolescentes\/#breadcrumb\"},\"inLanguage\":\"es\",\"potentialAction\":[{\"@type\":\"ReadAction\",\"target\":[\"https:\/\/www.solidaridadenfermera.org\/malaga\/sala-prensa\/solidaridad-enfermera-malaga-participa-en-un-taller-de-educacion-afectivo-sexual-con-adolescentes\/\"]}]},{\"@type\":\"ImageObject\",\"inLanguage\":\"es\",\"@id\":\"https:\/\/www.solidaridadenfermera.org\/malaga\/sala-prensa\/solidaridad-enfermera-malaga-participa-en-un-taller-de-educacion-afectivo-sexual-con-adolescentes\/#primaryimage\",\"url\":\"https:\/\/www.solidaridadenfermera.org\/malaga\/wp-content\/uploads\/sites\/80\/2026\/04\/20260417-SolidaridadEnfermeraWebOficial01.jpg\",\"contentUrl\":\"https:\/\/www.solidaridadenfermera.org\/malaga\/wp-content\/uploads\/sites\/80\/2026\/04\/20260417-SolidaridadEnfermeraWebOficial01.jpg\",\"width\":1920,\"height\":1080},{\"@type\":\"BreadcrumbList\",\"@id\":\"https:\/\/www.solidaridadenfermera.org\/malaga\/sala-prensa\/solidaridad-enfermera-malaga-participa-en-un-taller-de-educacion-afectivo-sexual-con-adolescentes\/#breadcrumb\",\"itemListElement\":[{\"@type\":\"ListItem\",\"position\":1,\"name\":\"Inicio\",\"item\":\"https:\/\/www.solidaridadenfermera.org\/malaga\/\"},{\"@type\":\"ListItem\",\"position\":2,\"name\":\"Sala De Prensa\",\"item\":\"https:\/\/www.solidaridadenfermera.org\/malaga\/sala-prensa\/\"},{\"@type\":\"ListItem\",\"position\":3,\"name\":\"Solidaridad Enfermera M\u00e1laga participa en un taller de educaci\u00f3n afectivo-sexual con adolescentes\"}]},{\"@type\":\"WebSite\",\"@id\":\"https:\/\/www.solidaridadenfermera.org\/malaga\/#website\",\"url\":\"https:\/\/www.solidaridadenfermera.org\/malaga\/\",\"name\":\"Delegaci\u00f3n de M\u00e1laga\",\"description\":\"Consejo General de Enfermer\u00eda (CGE) es una organizaci\u00f3n profesional con m\u00e1s 100 a\u00f1os de historia, que en base a los fines y funciones que le atribuye su Estatuto Aprobado por Real Decreto 1231, de 8 de noviembre de 2001, se constituye como el referente para la profesi\u00f3n de enfermer\u00eda, representando a un colectivo de doscientos mil colegiados.\",\"publisher\":{\"@id\":\"https:\/\/www.solidaridadenfermera.org\/malaga\/#organization\"},\"potentialAction\":[{\"@type\":\"SearchAction\",\"target\":{\"@type\":\"EntryPoint\",\"urlTemplate\":\"https:\/\/www.solidaridadenfermera.org\/malaga\/?s={search_term_string}\"},\"query-input\":{\"@type\":\"PropertyValueSpecification\",\"valueRequired\":true,\"valueName\":\"search_term_string\"}}],\"inLanguage\":\"es\"},{\"@type\":\"Organization\",\"@id\":\"https:\/\/www.solidaridadenfermera.org\/malaga\/#organization\",\"name\":\"Delegaci\u00f3n de M\u00e1laga\",\"url\":\"https:\/\/www.solidaridadenfermera.org\/malaga\/\",\"logo\":{\"@type\":\"ImageObject\",\"inLanguage\":\"es\",\"@id\":\"https:\/\/www.solidaridadenfermera.org\/malaga\/#\/schema\/logo\/image\/\",\"url\":\"https:\/\/www.solidaridadenfermera.org\/malaga\/wp-content\/uploads\/sites\/80\/2021\/04\/Logo-SE-Malaga.png\",\"contentUrl\":\"https:\/\/www.solidaridadenfermera.org\/malaga\/wp-content\/uploads\/sites\/80\/2021\/04\/Logo-SE-Malaga.png\",\"width\":1126,\"height\":1264,\"caption\":\"Delegaci\u00f3n de M\u00e1laga\"},\"image\":{\"@id\":\"https:\/\/www.solidaridadenfermera.org\/malaga\/#\/schema\/logo\/image\/\"}}]}<\/script>\n<!-- \/ Yoast SEO plugin. -->","yoast_head_json":{"title":"Solidaridad Enfermera M\u00e1laga participa en un taller de educaci\u00f3n afectivo-sexual con adolescentes - Delegaci\u00f3n de M\u00e1laga","robots":{"index":"index","follow":"follow","max-snippet":"max-snippet:-1","max-image-preview":"max-image-preview:large","max-video-preview":"max-video-preview:-1"},"canonical":"https:\/\/www.solidaridadenfermera.org\/malaga\/sala-prensa\/solidaridad-enfermera-malaga-participa-en-un-taller-de-educacion-afectivo-sexual-con-adolescentes\/","og_locale":"es_ES","og_type":"article","og_title":"Solidaridad Enfermera M\u00e1laga participa en un taller de educaci\u00f3n afectivo-sexual con adolescentes - Delegaci\u00f3n de M\u00e1laga","og_description":"El Colegio Oficial de Enfermer\u00eda de M\u00e1laga, a trav\u00e9s de su implicaci\u00f3n en Solidaridad Enfermera M\u00e1laga, ha participado en una actividad formativa desarrollada en Aldeas Infantiles, dirigida a adolescentes de entre 13 y 15 a\u00f1os, centrada en la educaci\u00f3n afectivo-sexual y la prevenci\u00f3n de enfermedades de transmisi\u00f3n sexual. El taller, impartido por la enfermera Macarena [&hellip;]","og_url":"https:\/\/www.solidaridadenfermera.org\/malaga\/sala-prensa\/solidaridad-enfermera-malaga-participa-en-un-taller-de-educacion-afectivo-sexual-con-adolescentes\/","og_site_name":"Delegaci\u00f3n de M\u00e1laga","article_modified_time":"2026-04-17T11:46:40+00:00","og_image":[{"width":1920,"height":1080,"url":"https:\/\/www.solidaridadenfermera.org\/malaga\/wp-content\/uploads\/sites\/80\/2026\/04\/20260417-SolidaridadEnfermeraWebOficial01.jpg","type":"image\/jpeg"}],"twitter_card":"summary_large_image","twitter_misc":{"Tiempo de lectura":"3 minutos"},"schema":{"@context":"https:\/\/schema.org","@graph":[{"@type":"WebPage","@id":"https:\/\/www.solidaridadenfermera.org\/malaga\/sala-prensa\/solidaridad-enfermera-malaga-participa-en-un-taller-de-educacion-afectivo-sexual-con-adolescentes\/","url":"https:\/\/www.solidaridadenfermera.org\/malaga\/sala-prensa\/solidaridad-enfermera-malaga-participa-en-un-taller-de-educacion-afectivo-sexual-con-adolescentes\/","name":"Solidaridad Enfermera M\u00e1laga participa en un taller de educaci\u00f3n afectivo-sexual con adolescentes - Delegaci\u00f3n de M\u00e1laga","isPartOf":{"@id":"https:\/\/www.solidaridadenfermera.org\/malaga\/#website"},"primaryImageOfPage":{"@id":"https:\/\/www.solidaridadenfermera.org\/malaga\/sala-prensa\/solidaridad-enfermera-malaga-participa-en-un-taller-de-educacion-afectivo-sexual-con-adolescentes\/#primaryimage"},"image":{"@id":"https:\/\/www.solidaridadenfermera.org\/malaga\/sala-prensa\/solidaridad-enfermera-malaga-participa-en-un-taller-de-educacion-afectivo-sexual-con-adolescentes\/#primaryimage"},"thumbnailUrl":"https:\/\/www.solidaridadenfermera.org\/malaga\/wp-content\/uploads\/sites\/80\/2026\/04\/20260417-SolidaridadEnfermeraWebOficial01.jpg","datePublished":"2026-04-17T11:46:39+00:00","dateModified":"2026-04-17T11:46:40+00:00","breadcrumb":{"@id":"https:\/\/www.solidaridadenfermera.org\/malaga\/sala-prensa\/solidaridad-enfermera-malaga-participa-en-un-taller-de-educacion-afectivo-sexual-con-adolescentes\/#breadcrumb"},"inLanguage":"es","potentialAction":[{"@type":"ReadAction","target":["https:\/\/www.solidaridadenfermera.org\/malaga\/sala-prensa\/solidaridad-enfermera-malaga-participa-en-un-taller-de-educacion-afectivo-sexual-con-adolescentes\/"]}]},{"@type":"ImageObject","inLanguage":"es","@id":"https:\/\/www.solidaridadenfermera.org\/malaga\/sala-prensa\/solidaridad-enfermera-malaga-participa-en-un-taller-de-educacion-afectivo-sexual-con-adolescentes\/#primaryimage","url":"https:\/\/www.solidaridadenfermera.org\/malaga\/wp-content\/uploads\/sites\/80\/2026\/04\/20260417-SolidaridadEnfermeraWebOficial01.jpg","contentUrl":"https:\/\/www.solidaridadenfermera.org\/malaga\/wp-content\/uploads\/sites\/80\/2026\/04\/20260417-SolidaridadEnfermeraWebOficial01.jpg","width":1920,"height":1080},{"@type":"BreadcrumbList","@id":"https:\/\/www.solidaridadenfermera.org\/malaga\/sala-prensa\/solidaridad-enfermera-malaga-participa-en-un-taller-de-educacion-afectivo-sexual-con-adolescentes\/#breadcrumb","itemListElement":[{"@type":"ListItem","position":1,"name":"Inicio","item":"https:\/\/www.solidaridadenfermera.org\/malaga\/"},{"@type":"ListItem","position":2,"name":"Sala De Prensa","item":"https:\/\/www.solidaridadenfermera.org\/malaga\/sala-prensa\/"},{"@type":"ListItem","position":3,"name":"Solidaridad Enfermera M\u00e1laga participa en un taller de educaci\u00f3n afectivo-sexual con adolescentes"}]},{"@type":"WebSite","@id":"https:\/\/www.solidaridadenfermera.org\/malaga\/#website","url":"https:\/\/www.solidaridadenfermera.org\/malaga\/","name":"Delegaci\u00f3n de M\u00e1laga","description":"Consejo General de Enfermer\u00eda (CGE) es una organizaci\u00f3n profesional con m\u00e1s 100 a\u00f1os de historia, que en base a los fines y funciones que le atribuye su Estatuto Aprobado por Real Decreto 1231, de 8 de noviembre de 2001, se constituye como el referente para la profesi\u00f3n de enfermer\u00eda, representando a un colectivo de doscientos mil colegiados.","publisher":{"@id":"https:\/\/www.solidaridadenfermera.org\/malaga\/#organization"},"potentialAction":[{"@type":"SearchAction","target":{"@type":"EntryPoint","urlTemplate":"https:\/\/www.solidaridadenfermera.org\/malaga\/?s={search_term_string}"},"query-input":{"@type":"PropertyValueSpecification","valueRequired":true,"valueName":"search_term_string"}}],"inLanguage":"es"},{"@type":"Organization","@id":"https:\/\/www.solidaridadenfermera.org\/malaga\/#organization","name":"Delegaci\u00f3n de M\u00e1laga","url":"https:\/\/www.solidaridadenfermera.org\/malaga\/","logo":{"@type":"ImageObject","inLanguage":"es","@id":"https:\/\/www.solidaridadenfermera.org\/malaga\/#\/schema\/logo\/image\/","url":"https:\/\/www.solidaridadenfermera.org\/malaga\/wp-content\/uploads\/sites\/80\/2021\/04\/Logo-SE-Malaga.png","contentUrl":"https:\/\/www.solidaridadenfermera.org\/malaga\/wp-content\/uploads\/sites\/80\/2021\/04\/Logo-SE-Malaga.png","width":1126,"height":1264,"caption":"Delegaci\u00f3n de M\u00e1laga"},"image":{"@id":"https:\/\/www.solidaridadenfermera.org\/malaga\/#\/schema\/logo\/image\/"}}]}},"_links":{"self":[{"href":"https:\/\/www.solidaridadenfermera.org\/malaga\/wp-json\/wp\/v2\/news\/1715","targetHints":{"allow":["GET"]}}],"collection":[{"href":"https:\/\/www.solidaridadenfermera.org\/malaga\/wp-json\/wp\/v2\/news"}],"about":[{"href":"https:\/\/www.solidaridadenfermera.org\/malaga\/wp-json\/wp\/v2\/types\/news"}],"wp:featuredmedia":[{"embeddable":true,"href":"https:\/\/www.solidaridadenfermera.org\/malaga\/wp-json\/wp\/v2\/media\/1710"}],"wp:attachment":[{"href":"https:\/\/www.solidaridadenfermera.org\/malaga\/wp-json\/wp\/v2\/media?parent=1715"}],"wp:term":[{"taxonomy":"news_category","embeddable":true,"href":"https:\/\/www.solidaridadenfermera.org\/malaga\/wp-json\/wp\/v2\/news_category?post=1715"},{"taxonomy":"news_tag","embeddable":true,"href":"https:\/\/www.solidaridadenfermera.org\/malaga\/wp-json\/wp\/v2\/news_tag?post=1715"}],"curies":[{"name":"wp","href":"https:\/\/api.w.org\/{rel}","templated":true}]}}