{"id":1236,"date":"2022-12-02T08:33:00","date_gmt":"2022-12-02T08:33:00","guid":{"rendered":"https:\/\/www.solidaridadenfermera.org\/cordoba\/?post_type=news&#038;p=1236"},"modified":"2024-01-31T10:26:53","modified_gmt":"2024-01-31T10:26:53","slug":"formacion-a-mujeres-inmigrantes-sobre-prevencion-del-vih-y-sida-2","status":"publish","type":"news","link":"https:\/\/www.solidaridadenfermera.org\/cordoba\/sala-prensa\/formacion-a-mujeres-inmigrantes-sobre-prevencion-del-vih-y-sida-2\/","title":{"rendered":"Formaci\u00f3n a mujeres inmigrantes sobre prevenci\u00f3n del VIH y SIDA"},"content":{"rendered":"\n<div class=\"wp-block-cge-blocks-news-content container\">\n<p class=\"has-text-align-center news-subtitle\">La Delegaci\u00f3n cordobesa de Solidaridad Enfermera vuelve a impartir un taller de la mano de la Fundaci\u00f3n Cruz Blanca.<\/p>\n\n\n\n<p>La<strong>&nbsp;Delegaci\u00f3n de C\u00f3rdoba de Solidaridad Enfermera<\/strong>, la ONG auspiciada por el Consejo General de Enfermer\u00eda y coordinada en la provincia desde el Colegio Oficial de Enfermer\u00eda de C\u00f3rdoba, ha impartido este martes 29 de noviembre un taller sobre&nbsp;<strong>prevenci\u00f3n y evoluci\u00f3n del VIH y SIDA<\/strong>&nbsp;a un grupo de mujeres inmigrantes que atiende la Fundaci\u00f3n Cruz Blanca de C\u00f3rdoba, en la sede de esta entidad. Este taller se enmarca dentro del convenio marco de colaboraci\u00f3n suscrito entre Solidaridad Enfermera C\u00f3rdoba y esta Fundaci\u00f3n creada por los Hermanos Franciscanos de la Cruz Blanca, centrada en favorecer la integraci\u00f3n personal e incorporaci\u00f3n social de las personas m\u00e1s vulnerables, en situaciones de exclusi\u00f3n e inmigrantes.<\/p>\n\n\n\n<p>En concreto, la impartici\u00f3n de este taller -que cierra las actividades&nbsp;<strong>programadas<\/strong>&nbsp;con esta Fundaci\u00f3n para 2022- ha corrido a cargo de la enfermera voluntaria Carmen Sanjurjo D\u00edez, que junto a otros miembros de Solidaridad Enfermera C\u00f3rdoba han participado en esta iniciativa.<\/p>\n\n\n\n<p>El&nbsp;objetivo de Solidaridad Enfermera C\u00f3rdoba es trabajar con la enfermer\u00eda y desde la enfermer\u00eda impulsando todo tipo de iniciativas solidarias como esta \u201cpara contribuir a mejorar la salud y la calidad de vida de las personas y de las comunidades, tanto en C\u00f3rdoba como en pa\u00edses en desarrollo\u201d, como explica la coordinadora de la&nbsp;<strong>Delegaci\u00f3n provincial de esta ONG y secretaria del Colegio Oficial de Enfermer\u00eda de C\u00f3rdoba, Antonia Ord\u00f3\u00f1ez<\/strong>, que tambi\u00e9n ha estado presente en la citada formaci\u00f3n.<\/p>\n\n\n\n<p><strong>ONG de Enfermer\u00eda<\/strong><\/p>\n\n\n\n<p>El Colegio Oficial de Enfermer\u00eda de C\u00f3rdoba&nbsp;contin\u00faa&nbsp;<strong>animando<\/strong>&nbsp;a todos los profesionales enfermeros de la provincia a sumarse a esta iniciativa, para la que tan solo es necesario motivaci\u00f3n para ser parte del cambio y disponer de un poco de tiempo para acciones de voluntariado. Los enfermeros interesados pueden informarse en el email&nbsp;<a href=\"mailto:cordoba@solidaridadenfermera.org\"><\/a><a href=\"mailto:cordoba@solidaridadenfermera.org\">cordoba@solidaridadenfermera.org<\/a>&nbsp;o en el tel\u00e9fono del colegio cordob\u00e9s 957 29 75 44.<\/p>\n\n\n\n<div class=\"wp-block-columns is-layout-flex wp-container-core-columns-is-layout-9d6595d7 wp-block-columns-is-layout-flex\">\n<div class=\"wp-block-column is-layout-flow wp-block-column-is-layout-flow\" style=\"flex-basis:100%\">\n<div class=\"wp-block-columns is-layout-flex wp-container-core-columns-is-layout-9d6595d7 wp-block-columns-is-layout-flex\">\n<div class=\"wp-block-column is-layout-flow wp-block-column-is-layout-flow\" style=\"flex-basis:100%\">\n<div class=\"wp-block-group\"><div class=\"wp-block-group__inner-container is-layout-flow wp-block-group-is-layout-flow\">\n<figure class=\"wp-block-gallery has-nested-images columns-2 is-cropped wp-block-gallery-1 is-layout-flex wp-block-gallery-is-layout-flex\">\n<figure class=\"wp-block-image size-full\"><img loading=\"lazy\" decoding=\"async\" width=\"500\" height=\"374\" data-id=\"1137\" src=\"https:\/\/www.solidaridadenfermera.org\/cordoba\/wp-content\/uploads\/sites\/72\/2022\/12\/Sida-2w.jpg\" alt=\"\" class=\"wp-image-1137\" srcset=\"https:\/\/www.solidaridadenfermera.org\/cordoba\/wp-content\/uploads\/sites\/72\/2022\/12\/Sida-2w.jpg 500w, https:\/\/www.solidaridadenfermera.org\/cordoba\/wp-content\/uploads\/sites\/72\/2022\/12\/Sida-2w-300x224.jpg 300w\" sizes=\"auto, (max-width: 500px) 100vw, 500px\" \/><figcaption class=\"wp-element-caption\"><em><em>La<em> enfermera cordobesa Carmen Sanjurjo durante la impartici\u00f3n del taller.<\/em><\/em><\/em><\/figcaption><\/figure>\n\n\n\n<figure class=\"wp-block-image size-full\"><img loading=\"lazy\" decoding=\"async\" width=\"500\" height=\"374\" data-id=\"1138\" src=\"https:\/\/www.solidaridadenfermera.org\/cordoba\/wp-content\/uploads\/sites\/72\/2022\/12\/Sida-3web.jpg\" alt=\"\" class=\"wp-image-1138\" srcset=\"https:\/\/www.solidaridadenfermera.org\/cordoba\/wp-content\/uploads\/sites\/72\/2022\/12\/Sida-3web.jpg 500w, https:\/\/www.solidaridadenfermera.org\/cordoba\/wp-content\/uploads\/sites\/72\/2022\/12\/Sida-3web-300x224.jpg 300w\" sizes=\"auto, (max-width: 500px) 100vw, 500px\" \/><figcaption class=\"wp-element-caption\"><em>Sanjurjo junto a otros voluntarios de Solidaridad Enfermera C\u00f3rdoba.<\/em><\/figcaption><\/figure>\n<\/figure>\n\n\n\n<div class=\"wp-block-group\"><div class=\"wp-block-group__inner-container is-layout-flow wp-block-group-is-layout-flow\"><\/div><\/div>\n<\/div><\/div>\n<\/div>\n<\/div>\n<\/div>\n<\/div>\n\n\n\n<p><\/p>\n\n\n<\/div>\n\n\n\n<div class=\"wp-block-columns row-sections-home is-layout-flex wp-container-core-columns-is-layout-9d6595d7 wp-block-columns-is-layout-flex\">\n<div class=\"wp-block-column is-layout-flow wp-block-column-is-layout-flow\">\n<div class=\"wp-block-cover has-background-dim\" style=\"background-image:url(https:\/\/www.solidaridadenfermera.org\/delegacion-de-cordoba\/wp-content\/uploads\/sites\/72\/2020\/03\/imagenes-resol-10.png)\"><div class=\"wp-block-cover__inner-container is-layout-flow wp-block-cover-is-layout-flow\">\n<h3 class=\"small-title wp-block-heading\">Empleo<\/h3>\n\n\n\n<p>Lorem ipsum dolor sit amet, consectetur adipiscing elit. Integer malesuada fermentum ante<\/p>\n\n\n\n<div class=\"wp-block-buttons aligncenter is-layout-flex wp-block-buttons-is-layout-flex\">\n<div class=\"wp-block-button\"><a class=\"wp-block-button__link\">Lorem ipsum<\/a><\/div>\n<\/div>\n\n\n\n<p><\/p>\n<\/div><\/div>\n\n\n\n<p><\/p>\n<\/div>\n\n\n\n<div class=\"wp-block-column is-layout-flow wp-block-column-is-layout-flow\">\n<div class=\"wp-block-cover has-background-dim\" style=\"background-image:url(https:\/\/www.solidaridadenfermera.org\/delegacion-de-cordoba\/wp-content\/uploads\/sites\/72\/2020\/03\/imagenes-resol-11.png)\"><div class=\"wp-block-cover__inner-container is-layout-flow wp-block-cover-is-layout-flow\">\n<h3 class=\"small-title wp-block-heading\">Formaci\u00f3n<\/h3>\n\n\n\n<p>Lorem ipsum dolor sit amet, consectetur adipiscing elit. Integer malesuada fermentum ante<\/p>\n\n\n\n<div class=\"wp-block-buttons aligncenter is-layout-flex wp-block-buttons-is-layout-flex\">\n<div class=\"wp-block-button\"><a class=\"wp-block-button__link\">Lorem ipsum<\/a><\/div>\n<\/div>\n\n\n\n<p><\/p>\n<\/div><\/div>\n<\/div>\n\n\n\n<div class=\"wp-block-column is-layout-flow wp-block-column-is-layout-flow\">\n<div class=\"wp-block-cover has-background-dim\" style=\"background-image:url(https:\/\/www.solidaridadenfermera.org\/delegacion-de-cordoba\/wp-content\/uploads\/sites\/72\/2020\/03\/imagenes-resol-12.png)\"><div class=\"wp-block-cover__inner-container is-layout-flow wp-block-cover-is-layout-flow\">\n<h3 class=\"small-title wp-block-heading\">Becas<\/h3>\n\n\n\n<p>Lorem ipsum dolor sit amet, consectetur adipiscing elit. Integer malesuada fermentum ante<\/p>\n\n\n\n<div class=\"wp-block-buttons aligncenter is-layout-flex wp-block-buttons-is-layout-flex\">\n<div class=\"wp-block-button\"><a class=\"wp-block-button__link\">Lorem ipsum<\/a><\/div>\n<\/div>\n\n\n\n<p><\/p>\n<\/div><\/div>\n<\/div>\n\n\n\n<div class=\"wp-block-column is-layout-flow wp-block-column-is-layout-flow\">\n<div class=\"wp-block-cover has-background-dim\" style=\"background-image:url(https:\/\/www.solidaridadenfermera.org\/delegacion-de-cordoba\/wp-content\/uploads\/sites\/72\/2020\/03\/imagenes-resol-13.png)\"><div class=\"wp-block-cover__inner-container is-layout-flow wp-block-cover-is-layout-flow\">\n<h3 class=\"small-title wp-block-heading\">Agenda<\/h3>\n\n\n\n<p>Lorem ipsum dolor sit amet, consectetur adipiscing elit. Integer malesuada fermentum ante<\/p>\n\n\n\n<div class=\"wp-block-buttons is-layout-flex wp-block-buttons-is-layout-flex\">\n<div class=\"wp-block-button\"><a class=\"wp-block-button__link\">Lorem ipsum<\/a><\/div>\n<\/div>\n\n\n\n<p><\/p>\n<\/div><\/div>\n<\/div>\n<\/div>\n\n\n\n<p><\/p>\n\n\n\n<div class=\"wp-block-cge-blocks-nested-related undefined row-nested-news\"><div class=\"container\">\n<h2 class=\"wp-block-heading\" id=\"noticias-relacionadas\">Noticias relacionadas<\/h2>\n\n\n<div class=\"row\">\n\n\t\n\t\t\n            <div class=\"col-lg-3 view-cards\">\n                <a href=\"https:\/\/www.solidaridadenfermera.org\/cordoba\/sala-prensa\/solidaridad-enfermera-cordoba-colabora-en-una-sesion-formativa-de-rcp-dirigida-a-inmigrantes-2\/\">\n                    <div class=\"card h-100\">\n                        <div class=\"image\">\n                            <div class=\"inner\">\n                                                                    <div class=\"card-image\"\n                                         style=\"background-image:url(https:\/\/www.solidaridadenfermera.org\/cordoba\/wp-content\/uploads\/sites\/72\/2023\/11\/SolidaridadCoe2w.jpg);background-repeat: no-repeat;background-position: center;border-radius:18px\">\n                                        &nbsp;\n                                    <\/div>\n                                                            <\/div>\n                        <\/div>\n\n                        <div class=\"content\">\n                            <div class=\"date\">\n                                <p><i class=\"far fa-calendar\" style=\"color: var(--color-primary);\"><\/i>14 de noviembre de 2023<\/p>\n                            <\/div>\n                            <div class=\"news-title\">\n                                <h3 class=\"title\">Solidaridad Enfermera C\u00f3rdoba colabora en una sesi\u00f3n formativa de RCP dirigida a inmigrantes<\/h3>\n                            <\/div>\n                            <p class=\"news-p\" style=\"\">La Delegaci\u00f3n cordobesa de Solidaridad Enfermera cede el material necesario y las instalaciones de la nueva sede del Colegio para impartir esta acci\u00f3n formativa, dentro de un curso de \u2018Primeros&hellip;<\/p>\n                        <\/div>\n                    <\/div>\n                <\/a>\n            <\/div>\n\n    \t    \n\t\t\n            <div class=\"col-lg-3 view-cards\">\n                <a href=\"https:\/\/www.solidaridadenfermera.org\/cordoba\/sala-prensa\/solidaridad-enfermera-cordoba-ofrece-consejos-para-una-vida-saludable-a-mujeres-del-barrio-del-sector-sur-2\/\">\n                    <div class=\"card h-100\">\n                        <div class=\"image\">\n                            <div class=\"inner\">\n                                                                    <div class=\"card-image\"\n                                         style=\"background-image:url(https:\/\/www.solidaridadenfermera.org\/cordoba\/wp-content\/uploads\/sites\/72\/2023\/06\/SEJunio.jpeg);background-repeat: no-repeat;background-position: center;border-radius:18px\">\n                                        &nbsp;\n                                    <\/div>\n                                                            <\/div>\n                        <\/div>\n\n                        <div class=\"content\">\n                            <div class=\"date\">\n                                <p><i class=\"far fa-calendar\" style=\"color: var(--color-primary);\"><\/i>14 de junio de 2023<\/p>\n                            <\/div>\n                            <div class=\"news-title\">\n                                <h3 class=\"title\">Solidaridad Enfermera C\u00f3rdoba ofrece consejos para una vida saludable a mujeres del barrio del Sector&hellip;<\/h3>\n                            <\/div>\n                            <p class=\"news-p\" style=\"\">La Delegaci\u00f3n cordobesa de Solidaridad Enfermera imparte un nuevo taller sobre &#8216;H\u00e1bitos para una vida saludable&#8217; de la mano de C\u00e1ritas Diocesana de C\u00f3rdoba, en uno de los barrios con&hellip;<\/p>\n                        <\/div>\n                    <\/div>\n                <\/a>\n            <\/div>\n\n    \t    \n\t\t\n            <div class=\"col-lg-3 view-cards\">\n                <a href=\"https:\/\/www.solidaridadenfermera.org\/cordoba\/sala-prensa\/solidaridad-enfermera-cordoba-recuerda-la-importancia-de-mantener-habitos-de-vida-saludables-2\/\">\n                    <div class=\"card h-100\">\n                        <div class=\"image\">\n                            <div class=\"inner\">\n                                                                    <div class=\"card-image\"\n                                         style=\"background-image:url(https:\/\/www.solidaridadenfermera.org\/cordoba\/wp-content\/uploads\/sites\/72\/2023\/05\/SECaritas.jpeg);background-repeat: no-repeat;background-position: center;border-radius:18px\">\n                                        &nbsp;\n                                    <\/div>\n                                                            <\/div>\n                        <\/div>\n\n                        <div class=\"content\">\n                            <div class=\"date\">\n                                <p><i class=\"far fa-calendar\" style=\"color: var(--color-primary);\"><\/i>16 de mayo de 2023<\/p>\n                            <\/div>\n                            <div class=\"news-title\">\n                                <h3 class=\"title\">Solidaridad Enfermera C\u00f3rdoba recuerda la importancia de mantener h\u00e1bitos de vida saludables<\/h3>\n                            <\/div>\n                            <p class=\"news-p\" style=\"\">La Delegaci\u00f3n cordobesa de Solidaridad Enfermera imparte formaci\u00f3n sobre una &#8216;Vida Saludable y Sana&#8217; de la mano de C\u00e1ritas Diocesana de C\u00f3rdoba. La&nbsp;Delegaci\u00f3n de C\u00f3rdoba de Solidaridad Enfermera, la ONG&hellip;<\/p>\n                        <\/div>\n                    <\/div>\n                <\/a>\n            <\/div>\n\n    \t    \n\t\t\n            <div class=\"col-lg-3 view-cards\">\n                <a href=\"https:\/\/www.solidaridadenfermera.org\/cordoba\/sala-prensa\/las-bases-de-una-alimentacion-sueno-y-posturas-saludables-centran-un-nuevo-taller-de-solidaridad-enfermera-cordoba-2\/\">\n                    <div class=\"card h-100\">\n                        <div class=\"image\">\n                            <div class=\"inner\">\n                                                                    <div class=\"card-image\"\n                                         style=\"background-image:url(https:\/\/www.solidaridadenfermera.org\/cordoba\/wp-content\/uploads\/sites\/72\/2023\/05\/Habitos1n.jpeg);background-repeat: no-repeat;background-position: center;border-radius:18px\">\n                                        &nbsp;\n                                    <\/div>\n                                                            <\/div>\n                        <\/div>\n\n                        <div class=\"content\">\n                            <div class=\"date\">\n                                <p><i class=\"far fa-calendar\" style=\"color: var(--color-primary);\"><\/i>14 de abril de 2023<\/p>\n                            <\/div>\n                            <div class=\"news-title\">\n                                <h3 class=\"title\">Las bases de una alimentaci\u00f3n, sue\u00f1o y posturas saludables centran un nuevo taller de Solidaridad&hellip;<\/h3>\n                            <\/div>\n                            <p class=\"news-p\" style=\"\">La Delegaci\u00f3n cordobesa de Solidaridad Enfermera imparte formaci\u00f3n sobre &#8216;H\u00e1bitos de vida saludable&#8217; en la Fundaci\u00f3n Cruz Blanca. La Delegaci\u00f3n de C\u00f3rdoba de Solidaridad Enfermera, la ONG auspiciada por el&hellip;<\/p>\n                        <\/div>\n                    <\/div>\n                <\/a>\n            <\/div>\n\n    \t        <div class=\"see-more\">\n        <a href=\"https:\/\/www.solidaridadenfermera.org\/cordoba\/sala-prensa\/\">Ver todas las noticias<\/a>\n        <\/div>\n<\/div> <!-- Close row -->\n\n<!--<div class=\"related-content-parent related-posts-content\" itemscope itemtype=\"http:\/\/schema.org\/NewsArticle\">-->\n<!--\t<div class=\"related-row related-news\">-->\n<!--\t\t--><!--\t\t\t<div class=\"item\" itemscope itemtype=\"http:\/\/schema.org\/Article\">-->\n<!---->\n<!--\t\t\t\t--><!--\t\t\t\t<div class=\"image --><!--\">-->\n<!--\t\t\t\t\t--><!--\t\t\t\t<\/div>-->\n<!--\t\t\t\t<div class=\"content\">-->\n<!--\t\t\t\t\t<h3>-->\n<!--\t\t\t\t\t\t<a href=\"--><!--\" title=\"--><!--\" itemprop=\"alternativeHeadline\">-->\n<!--\t\t\t\t\t\t--><!--<\/h3>-->\n<!--\t\t\t\t\t<\/a>-->\n<!--\t\t\t\t\t--><!--\t\t\t\t\t\t<p itemprop=\"backstory\">-->\n<!--\t\t\t\t\t\t\t--><!--\t\t\t\t\t\t<\/p>-->\n<!--\t\t\t\t\t--><!---->\n<!--\t\t\t\t\t<a href=\"--><!--\" title=\"--><!--\" class=\"arrow\">-->\n<!--\t\t\t\t\t\t<i class=\"icon-arrow-pointing-to-right\"><\/i>-->\n<!--\t\t\t\t\t<\/a>-->\n<!--\t\t\t\t<\/div>-->\n<!---->\n<!--\t\t\t<\/div>-->\n<!--\t\t--><!---->\n<!--\t\t--><!--\t<\/div>-->\n<!--\t<div class=\"see-more\">-->\n<!--\t\t<a href=\"--><!--\">--><!--<\/a>-->\n<!--\t<\/div>-->\n<!--<\/div>-->\n<\/div><\/div>\n","protected":false},"excerpt":{"rendered":"","protected":false},"featured_media":1139,"template":"","news_category":[],"news_tag":[],"class_list":["post-1236","news","type-news","status-publish","has-post-thumbnail","hentry"],"yoast_head":"<!-- This site is optimized with the Yoast SEO plugin v27.0 - https:\/\/yoast.com\/product\/yoast-seo-wordpress\/ -->\n<title>Formaci\u00f3n a mujeres inmigrantes sobre prevenci\u00f3n del VIH y SIDA - Delegaci\u00f3n de C\u00f3rdoba<\/title>\n<meta name=\"robots\" content=\"noindex, follow, max-snippet:-1, max-image-preview:large, max-video-preview:-1\" \/>\n<meta property=\"og:locale\" content=\"es_ES\" \/>\n<meta property=\"og:type\" content=\"article\" \/>\n<meta property=\"og:title\" content=\"Formaci\u00f3n a mujeres inmigrantes sobre prevenci\u00f3n del VIH y SIDA - Delegaci\u00f3n de C\u00f3rdoba\" \/>\n<meta property=\"og:url\" content=\"https:\/\/www.solidaridadenfermera.org\/cordoba\/sala-prensa\/formacion-a-mujeres-inmigrantes-sobre-prevencion-del-vih-y-sida-2\/\" \/>\n<meta property=\"og:site_name\" content=\"Delegaci\u00f3n de C\u00f3rdoba\" \/>\n<meta property=\"article:modified_time\" content=\"2024-01-31T10:26:53+00:00\" \/>\n<meta property=\"og:image\" content=\"https:\/\/www.solidaridadenfermera.org\/cordoba\/wp-content\/uploads\/sites\/72\/2022\/12\/Sida-1rg.jpg\" \/>\n\t<meta property=\"og:image:width\" content=\"800\" \/>\n\t<meta property=\"og:image:height\" content=\"598\" \/>\n\t<meta property=\"og:image:type\" content=\"image\/jpeg\" \/>\n<meta name=\"twitter:card\" content=\"summary_large_image\" \/>\n<meta name=\"twitter:label1\" content=\"Tiempo de lectura\" \/>\n\t<meta name=\"twitter:data1\" content=\"2 minutos\" \/>\n<script type=\"application\/ld+json\" class=\"yoast-schema-graph\">{\"@context\":\"https:\/\/schema.org\",\"@graph\":[{\"@type\":\"WebPage\",\"@id\":\"https:\/\/www.solidaridadenfermera.org\/cordoba\/sala-prensa\/formacion-a-mujeres-inmigrantes-sobre-prevencion-del-vih-y-sida-2\/\",\"url\":\"https:\/\/www.solidaridadenfermera.org\/cordoba\/sala-prensa\/formacion-a-mujeres-inmigrantes-sobre-prevencion-del-vih-y-sida-2\/\",\"name\":\"Formaci\u00f3n a mujeres inmigrantes sobre prevenci\u00f3n del VIH y SIDA - Delegaci\u00f3n de C\u00f3rdoba\",\"isPartOf\":{\"@id\":\"https:\/\/www.solidaridadenfermera.org\/cordoba\/#website\"},\"primaryImageOfPage\":{\"@id\":\"https:\/\/www.solidaridadenfermera.org\/cordoba\/sala-prensa\/formacion-a-mujeres-inmigrantes-sobre-prevencion-del-vih-y-sida-2\/#primaryimage\"},\"image\":{\"@id\":\"https:\/\/www.solidaridadenfermera.org\/cordoba\/sala-prensa\/formacion-a-mujeres-inmigrantes-sobre-prevencion-del-vih-y-sida-2\/#primaryimage\"},\"thumbnailUrl\":\"https:\/\/www.solidaridadenfermera.org\/cordoba\/wp-content\/uploads\/sites\/72\/2022\/12\/Sida-1rg.jpg\",\"datePublished\":\"2022-12-02T08:33:00+00:00\",\"dateModified\":\"2024-01-31T10:26:53+00:00\",\"breadcrumb\":{\"@id\":\"https:\/\/www.solidaridadenfermera.org\/cordoba\/sala-prensa\/formacion-a-mujeres-inmigrantes-sobre-prevencion-del-vih-y-sida-2\/#breadcrumb\"},\"inLanguage\":\"es\",\"potentialAction\":[{\"@type\":\"ReadAction\",\"target\":[\"https:\/\/www.solidaridadenfermera.org\/cordoba\/sala-prensa\/formacion-a-mujeres-inmigrantes-sobre-prevencion-del-vih-y-sida-2\/\"]}]},{\"@type\":\"ImageObject\",\"inLanguage\":\"es\",\"@id\":\"https:\/\/www.solidaridadenfermera.org\/cordoba\/sala-prensa\/formacion-a-mujeres-inmigrantes-sobre-prevencion-del-vih-y-sida-2\/#primaryimage\",\"url\":\"https:\/\/www.solidaridadenfermera.org\/cordoba\/wp-content\/uploads\/sites\/72\/2022\/12\/Sida-1rg.jpg\",\"contentUrl\":\"https:\/\/www.solidaridadenfermera.org\/cordoba\/wp-content\/uploads\/sites\/72\/2022\/12\/Sida-1rg.jpg\",\"width\":800,\"height\":598,\"caption\":\"Imagen del \u00faltimo taller de Solidaridad Enfermera C\u00f3rdoba dentro de la programaci\u00f3n de 2022.\"},{\"@type\":\"BreadcrumbList\",\"@id\":\"https:\/\/www.solidaridadenfermera.org\/cordoba\/sala-prensa\/formacion-a-mujeres-inmigrantes-sobre-prevencion-del-vih-y-sida-2\/#breadcrumb\",\"itemListElement\":[{\"@type\":\"ListItem\",\"position\":1,\"name\":\"Inicio\",\"item\":\"https:\/\/www.solidaridadenfermera.org\/cordoba\/\"},{\"@type\":\"ListItem\",\"position\":2,\"name\":\"Sala De Prensa\",\"item\":\"https:\/\/www.solidaridadenfermera.org\/cordoba\/sala-prensa\/\"},{\"@type\":\"ListItem\",\"position\":3,\"name\":\"Formaci\u00f3n a mujeres inmigrantes sobre prevenci\u00f3n del VIH y SIDA\"}]},{\"@type\":\"WebSite\",\"@id\":\"https:\/\/www.solidaridadenfermera.org\/cordoba\/#website\",\"url\":\"https:\/\/www.solidaridadenfermera.org\/cordoba\/\",\"name\":\"Delegaci\u00f3n de C\u00f3rdoba\",\"description\":\"Consejo General de Enfermer\u00eda (CGE) es una organizaci\u00f3n profesional con m\u00e1s 100 a\u00f1os de historia, que en base a los fines y funciones que le atribuye su Estatuto Aprobado por Real Decreto 1231, de 8 de noviembre de 2001, se constituye como el referente para la profesi\u00f3n de enfermer\u00eda, representando a un colectivo de doscientos mil colegiados.\",\"publisher\":{\"@id\":\"https:\/\/www.solidaridadenfermera.org\/cordoba\/#organization\"},\"potentialAction\":[{\"@type\":\"SearchAction\",\"target\":{\"@type\":\"EntryPoint\",\"urlTemplate\":\"https:\/\/www.solidaridadenfermera.org\/cordoba\/?s={search_term_string}\"},\"query-input\":{\"@type\":\"PropertyValueSpecification\",\"valueRequired\":true,\"valueName\":\"search_term_string\"}}],\"inLanguage\":\"es\"},{\"@type\":\"Organization\",\"@id\":\"https:\/\/www.solidaridadenfermera.org\/cordoba\/#organization\",\"name\":\"Delegaci\u00f3n de C\u00f3rdoba\",\"url\":\"https:\/\/www.solidaridadenfermera.org\/cordoba\/\",\"logo\":{\"@type\":\"ImageObject\",\"inLanguage\":\"es\",\"@id\":\"https:\/\/www.solidaridadenfermera.org\/cordoba\/#\/schema\/logo\/image\/\",\"url\":\"https:\/\/www.solidaridadenfermera.org\/cordoba\/wp-content\/uploads\/sites\/72\/2021\/05\/Logo-SE-Cordoba.png\",\"contentUrl\":\"https:\/\/www.solidaridadenfermera.org\/cordoba\/wp-content\/uploads\/sites\/72\/2021\/05\/Logo-SE-Cordoba.png\",\"width\":578,\"height\":771,\"caption\":\"Delegaci\u00f3n de C\u00f3rdoba\"},\"image\":{\"@id\":\"https:\/\/www.solidaridadenfermera.org\/cordoba\/#\/schema\/logo\/image\/\"}}]}<\/script>\n<!-- \/ Yoast SEO plugin. -->","yoast_head_json":{"title":"Formaci\u00f3n a mujeres inmigrantes sobre prevenci\u00f3n del VIH y SIDA - Delegaci\u00f3n de C\u00f3rdoba","robots":{"index":"noindex","follow":"follow","max-snippet":"max-snippet:-1","max-image-preview":"max-image-preview:large","max-video-preview":"max-video-preview:-1"},"og_locale":"es_ES","og_type":"article","og_title":"Formaci\u00f3n a mujeres inmigrantes sobre prevenci\u00f3n del VIH y SIDA - Delegaci\u00f3n de C\u00f3rdoba","og_url":"https:\/\/www.solidaridadenfermera.org\/cordoba\/sala-prensa\/formacion-a-mujeres-inmigrantes-sobre-prevencion-del-vih-y-sida-2\/","og_site_name":"Delegaci\u00f3n de C\u00f3rdoba","article_modified_time":"2024-01-31T10:26:53+00:00","og_image":[{"width":800,"height":598,"url":"https:\/\/www.solidaridadenfermera.org\/cordoba\/wp-content\/uploads\/sites\/72\/2022\/12\/Sida-1rg.jpg","type":"image\/jpeg"}],"twitter_card":"summary_large_image","twitter_misc":{"Tiempo de lectura":"2 minutos"},"schema":{"@context":"https:\/\/schema.org","@graph":[{"@type":"WebPage","@id":"https:\/\/www.solidaridadenfermera.org\/cordoba\/sala-prensa\/formacion-a-mujeres-inmigrantes-sobre-prevencion-del-vih-y-sida-2\/","url":"https:\/\/www.solidaridadenfermera.org\/cordoba\/sala-prensa\/formacion-a-mujeres-inmigrantes-sobre-prevencion-del-vih-y-sida-2\/","name":"Formaci\u00f3n a mujeres inmigrantes sobre prevenci\u00f3n del VIH y SIDA - Delegaci\u00f3n de C\u00f3rdoba","isPartOf":{"@id":"https:\/\/www.solidaridadenfermera.org\/cordoba\/#website"},"primaryImageOfPage":{"@id":"https:\/\/www.solidaridadenfermera.org\/cordoba\/sala-prensa\/formacion-a-mujeres-inmigrantes-sobre-prevencion-del-vih-y-sida-2\/#primaryimage"},"image":{"@id":"https:\/\/www.solidaridadenfermera.org\/cordoba\/sala-prensa\/formacion-a-mujeres-inmigrantes-sobre-prevencion-del-vih-y-sida-2\/#primaryimage"},"thumbnailUrl":"https:\/\/www.solidaridadenfermera.org\/cordoba\/wp-content\/uploads\/sites\/72\/2022\/12\/Sida-1rg.jpg","datePublished":"2022-12-02T08:33:00+00:00","dateModified":"2024-01-31T10:26:53+00:00","breadcrumb":{"@id":"https:\/\/www.solidaridadenfermera.org\/cordoba\/sala-prensa\/formacion-a-mujeres-inmigrantes-sobre-prevencion-del-vih-y-sida-2\/#breadcrumb"},"inLanguage":"es","potentialAction":[{"@type":"ReadAction","target":["https:\/\/www.solidaridadenfermera.org\/cordoba\/sala-prensa\/formacion-a-mujeres-inmigrantes-sobre-prevencion-del-vih-y-sida-2\/"]}]},{"@type":"ImageObject","inLanguage":"es","@id":"https:\/\/www.solidaridadenfermera.org\/cordoba\/sala-prensa\/formacion-a-mujeres-inmigrantes-sobre-prevencion-del-vih-y-sida-2\/#primaryimage","url":"https:\/\/www.solidaridadenfermera.org\/cordoba\/wp-content\/uploads\/sites\/72\/2022\/12\/Sida-1rg.jpg","contentUrl":"https:\/\/www.solidaridadenfermera.org\/cordoba\/wp-content\/uploads\/sites\/72\/2022\/12\/Sida-1rg.jpg","width":800,"height":598,"caption":"Imagen del \u00faltimo taller de Solidaridad Enfermera C\u00f3rdoba dentro de la programaci\u00f3n de 2022."},{"@type":"BreadcrumbList","@id":"https:\/\/www.solidaridadenfermera.org\/cordoba\/sala-prensa\/formacion-a-mujeres-inmigrantes-sobre-prevencion-del-vih-y-sida-2\/#breadcrumb","itemListElement":[{"@type":"ListItem","position":1,"name":"Inicio","item":"https:\/\/www.solidaridadenfermera.org\/cordoba\/"},{"@type":"ListItem","position":2,"name":"Sala De Prensa","item":"https:\/\/www.solidaridadenfermera.org\/cordoba\/sala-prensa\/"},{"@type":"ListItem","position":3,"name":"Formaci\u00f3n a mujeres inmigrantes sobre prevenci\u00f3n del VIH y SIDA"}]},{"@type":"WebSite","@id":"https:\/\/www.solidaridadenfermera.org\/cordoba\/#website","url":"https:\/\/www.solidaridadenfermera.org\/cordoba\/","name":"Delegaci\u00f3n de C\u00f3rdoba","description":"Consejo General de Enfermer\u00eda (CGE) es una organizaci\u00f3n profesional con m\u00e1s 100 a\u00f1os de historia, que en base a los fines y funciones que le atribuye su Estatuto Aprobado por Real Decreto 1231, de 8 de noviembre de 2001, se constituye como el referente para la profesi\u00f3n de enfermer\u00eda, representando a un colectivo de doscientos mil colegiados.","publisher":{"@id":"https:\/\/www.solidaridadenfermera.org\/cordoba\/#organization"},"potentialAction":[{"@type":"SearchAction","target":{"@type":"EntryPoint","urlTemplate":"https:\/\/www.solidaridadenfermera.org\/cordoba\/?s={search_term_string}"},"query-input":{"@type":"PropertyValueSpecification","valueRequired":true,"valueName":"search_term_string"}}],"inLanguage":"es"},{"@type":"Organization","@id":"https:\/\/www.solidaridadenfermera.org\/cordoba\/#organization","name":"Delegaci\u00f3n de C\u00f3rdoba","url":"https:\/\/www.solidaridadenfermera.org\/cordoba\/","logo":{"@type":"ImageObject","inLanguage":"es","@id":"https:\/\/www.solidaridadenfermera.org\/cordoba\/#\/schema\/logo\/image\/","url":"https:\/\/www.solidaridadenfermera.org\/cordoba\/wp-content\/uploads\/sites\/72\/2021\/05\/Logo-SE-Cordoba.png","contentUrl":"https:\/\/www.solidaridadenfermera.org\/cordoba\/wp-content\/uploads\/sites\/72\/2021\/05\/Logo-SE-Cordoba.png","width":578,"height":771,"caption":"Delegaci\u00f3n de C\u00f3rdoba"},"image":{"@id":"https:\/\/www.solidaridadenfermera.org\/cordoba\/#\/schema\/logo\/image\/"}}]}},"_links":{"self":[{"href":"https:\/\/www.solidaridadenfermera.org\/cordoba\/wp-json\/wp\/v2\/news\/1236","targetHints":{"allow":["GET"]}}],"collection":[{"href":"https:\/\/www.solidaridadenfermera.org\/cordoba\/wp-json\/wp\/v2\/news"}],"about":[{"href":"https:\/\/www.solidaridadenfermera.org\/cordoba\/wp-json\/wp\/v2\/types\/news"}],"wp:featuredmedia":[{"embeddable":true,"href":"https:\/\/www.solidaridadenfermera.org\/cordoba\/wp-json\/wp\/v2\/media\/1139"}],"wp:attachment":[{"href":"https:\/\/www.solidaridadenfermera.org\/cordoba\/wp-json\/wp\/v2\/media?parent=1236"}],"wp:term":[{"taxonomy":"news_category","embeddable":true,"href":"https:\/\/www.solidaridadenfermera.org\/cordoba\/wp-json\/wp\/v2\/news_category?post=1236"},{"taxonomy":"news_tag","embeddable":true,"href":"https:\/\/www.solidaridadenfermera.org\/cordoba\/wp-json\/wp\/v2\/news_tag?post=1236"}],"curies":[{"name":"wp","href":"https:\/\/api.w.org\/{rel}","templated":true}]}}