{"id":774,"date":"2020-12-03T10:45:00","date_gmt":"2020-12-03T10:45:00","guid":{"rendered":"https:\/\/www.solidaridadenfermera.org\/delegacion-de-ciudad-real\/?post_type=news&#038;p=774"},"modified":"2024-01-24T13:06:58","modified_gmt":"2024-01-24T13:06:58","slug":"solidaridad-enfermera-ya-trabaja-por-la-salud-de-los-mas-vulnerables-en-ciudad-real","status":"publish","type":"news","link":"https:\/\/www.solidaridadenfermera.org\/ciudad-real\/sala-prensa\/solidaridad-enfermera-ya-trabaja-por-la-salud-de-los-mas-vulnerables-en-ciudad-real\/","title":{"rendered":"Solidaridad Enfermera, ya trabaja por la salud de los m\u00e1s vulnerables en Ciudad Real"},"content":{"rendered":"\n<div class=\"wp-block-cge-blocks-news-content container\">\n<p class=\"has-text-align-center news-subtitle\">Creada por el Consejo General de Enfermer\u00eda en el seno de la Organizaci\u00f3n Colegial, su objetivo es contribuir a la mejora de la salud de personas y colectivos vulnerables desde la experiencia y conocimiento enfermeros.<\/p>\n\n\n\n<p>Creada por el Consejo General de Enfermer\u00eda en el seno de la Organizaci\u00f3n Colegial, su objetivo es contribuir a la mejora de la salud de personas y colectivos vulnerables desde la experiencia y conocimiento enfermeros.<\/p>\n\n\n\n<p>La ONG Solidaridad Enfermera Ciudad Real, auspiciada por la Organizaci\u00f3n Colegial de Enfermer\u00eda, trabaja ya en esta provincia con la misi\u00f3n de poner en marcha iniciativas enfermeras que contribuyan a paliar las desigualdades en el \u00e1mbito de la salud, y a mejorar las condiciones de vida de las poblaciones m\u00e1s vulnerables tanto en Espa\u00f1a como en pa\u00edses en desarrollo.<\/p>\n\n\n\n<p>En la situaci\u00f3n actual, en que la pandemia por COVID-19 afecta a todos, y en la que muchas personas y familias sufren diferentes tipos de vulnerabilidad que puede afectar a su salud, es el momento de ofrecer respuestas adecuadas, desde el compromiso y la solidaridad que siempre han sido emblema de la profesi\u00f3n enfermera.<\/p>\n\n\n\n<p>Enfermeras y enfermeros cuentan con los conocimientos y herramientas necesarias para promover cambios que favorezcan una sociedad m\u00e1s justa y equitativa, y contribuir as\u00ed a que el derecho a la salud sea universal y est\u00e9 garantizado para todas las personas.<\/p>\n\n\n\n<p>En esta tarea, el establecimiento de alianzas con instituciones y ONGs del sector social se considera imprescindible. El objetivo es trabajar de forma coordinada, y complementar sus acciones desde el \u00e1mbito de la salud y de la enfermer\u00eda.<\/p>\n\n\n\n<p>Carlos Jos\u00e9 Tirado, presidente del Colegio de Enfermer\u00eda de Ciudad Real, desea lanzar un llamamiento de \u00e1nimo a todas las enfermeras y enfermeros de la provincia para que se sumen a esta iniciativa. \u201cS\u00f3lo es necesario disponer de un poco de tiempo y querer poner la experiencia enfermera al servicio de quienes m\u00e1s lo necesitan. A trav\u00e9s del colegio y esta nueva herramienta que tenemos para hacer efectiva la solidaridad, podremos trabajar mucho y bien para reducir las desigualdades\u201d, afirma Tirado. El primer grupo de enfermeras voluntarias ya est\u00e1 trabajando en la identificaci\u00f3n de los colectivos vulnerables en Ciudad Real y dise\u00f1ando acciones que en breve se pondr\u00e1n en marcha. \u201cHay mucho por hacer y queremos estar en estos momentos al lado de las personas de las provincias que m\u00e1s lo necesiten, apoy\u00e1ndolas fundamentalmente desde la prevenci\u00f3n y la educaci\u00f3n para salud\u201d, subraya.<\/p>\n\n\n\n<figure class=\"wp-block-gallery has-nested-images columns-default is-cropped wp-block-gallery-1 is-layout-flex wp-block-gallery-is-layout-flex\">\n<figure class=\"wp-block-image size-large\"><img loading=\"lazy\" decoding=\"async\" width=\"1024\" height=\"684\" data-id=\"1047\" src=\"https:\/\/www.solidaridadenfermera.org\/ciudad-real\/wp-content\/uploads\/sites\/74\/2021\/04\/IMG_1025-1024x684.jpg\" alt=\"\" class=\"wp-image-1047\" srcset=\"https:\/\/www.solidaridadenfermera.org\/ciudad-real\/wp-content\/uploads\/sites\/74\/2021\/04\/IMG_1025-1024x684.jpg 1024w, https:\/\/www.solidaridadenfermera.org\/ciudad-real\/wp-content\/uploads\/sites\/74\/2021\/04\/IMG_1025-300x200.jpg 300w, https:\/\/www.solidaridadenfermera.org\/ciudad-real\/wp-content\/uploads\/sites\/74\/2021\/04\/IMG_1025-768x513.jpg 768w, https:\/\/www.solidaridadenfermera.org\/ciudad-real\/wp-content\/uploads\/sites\/74\/2021\/04\/IMG_1025-1536x1025.jpg 1536w, https:\/\/www.solidaridadenfermera.org\/ciudad-real\/wp-content\/uploads\/sites\/74\/2021\/04\/IMG_1025-2048x1367.jpg 2048w\" sizes=\"auto, (max-width: 1024px) 100vw, 1024px\" \/><\/figure>\n<\/figure>\n\n\n\n<p><\/p>\n\n\n<\/div>\n\n\n\n<div class=\"wp-block-columns row-sections-home is-layout-flex wp-container-core-columns-is-layout-9d6595d7 wp-block-columns-is-layout-flex\">\n<div class=\"wp-block-column is-layout-flow wp-block-column-is-layout-flow\">\n<div class=\"wp-block-cover has-background-dim\" style=\"background-image:url(https:\/\/www.solidaridadenfermera.org\/delegacion-de-ciudad-real\/wp-content\/uploads\/sites\/74\/2020\/03\/imagenes-resol-10.png)\"><div class=\"wp-block-cover__inner-container is-layout-flow wp-block-cover-is-layout-flow\">\n<h3 class=\"small-title wp-block-heading\">Empleo<\/h3>\n\n\n\n<p>Lorem ipsum dolor sit amet, consectetur adipiscing elit. Integer malesuada fermentum ante<\/p>\n\n\n\n<div class=\"wp-block-buttons aligncenter is-layout-flex wp-block-buttons-is-layout-flex\">\n<div class=\"wp-block-button\"><a class=\"wp-block-button__link\">Lorem ipsum<\/a><\/div>\n<\/div>\n\n\n\n<p><\/p>\n<\/div><\/div>\n\n\n\n<p><\/p>\n<\/div>\n\n\n\n<div class=\"wp-block-column is-layout-flow wp-block-column-is-layout-flow\">\n<div class=\"wp-block-cover has-background-dim\" style=\"background-image:url(https:\/\/www.solidaridadenfermera.org\/delegacion-de-ciudad-real\/wp-content\/uploads\/sites\/74\/2020\/03\/imagenes-resol-11.png)\"><div class=\"wp-block-cover__inner-container is-layout-flow wp-block-cover-is-layout-flow\">\n<h3 class=\"small-title wp-block-heading\">Formaci\u00f3n<\/h3>\n\n\n\n<p>Lorem ipsum dolor sit amet, consectetur adipiscing elit. Integer malesuada fermentum ante<\/p>\n\n\n\n<div class=\"wp-block-buttons aligncenter is-layout-flex wp-block-buttons-is-layout-flex\">\n<div class=\"wp-block-button\"><a class=\"wp-block-button__link\">Lorem ipsum<\/a><\/div>\n<\/div>\n\n\n\n<p><\/p>\n<\/div><\/div>\n<\/div>\n\n\n\n<div class=\"wp-block-column is-layout-flow wp-block-column-is-layout-flow\">\n<div class=\"wp-block-cover has-background-dim\" style=\"background-image:url(https:\/\/www.solidaridadenfermera.org\/delegacion-de-ciudad-real\/wp-content\/uploads\/sites\/74\/2020\/03\/imagenes-resol-12.png)\"><div class=\"wp-block-cover__inner-container is-layout-flow wp-block-cover-is-layout-flow\">\n<h3 class=\"small-title wp-block-heading\">Becas<\/h3>\n\n\n\n<p>Lorem ipsum dolor sit amet, consectetur adipiscing elit. Integer malesuada fermentum ante<\/p>\n\n\n\n<div class=\"wp-block-buttons aligncenter is-layout-flex wp-block-buttons-is-layout-flex\">\n<div class=\"wp-block-button\"><a class=\"wp-block-button__link\">Lorem ipsum<\/a><\/div>\n<\/div>\n\n\n\n<p><\/p>\n<\/div><\/div>\n<\/div>\n\n\n\n<div class=\"wp-block-column is-layout-flow wp-block-column-is-layout-flow\">\n<div class=\"wp-block-cover has-background-dim\" style=\"background-image:url(https:\/\/www.solidaridadenfermera.org\/delegacion-de-ciudad-real\/wp-content\/uploads\/sites\/74\/2020\/03\/imagenes-resol-13.png)\"><div class=\"wp-block-cover__inner-container is-layout-flow wp-block-cover-is-layout-flow\">\n<h3 class=\"small-title wp-block-heading\">Agenda<\/h3>\n\n\n\n<p>Lorem ipsum dolor sit amet, consectetur adipiscing elit. Integer malesuada fermentum ante<\/p>\n\n\n\n<div class=\"wp-block-buttons is-layout-flex wp-block-buttons-is-layout-flex\">\n<div class=\"wp-block-button\"><a class=\"wp-block-button__link\">Lorem ipsum<\/a><\/div>\n<\/div>\n\n\n\n<p><\/p>\n<\/div><\/div>\n<\/div>\n<\/div>\n\n\n\n<p><\/p>\n\n\n\n<div class=\"wp-block-cge-blocks-nested-related undefined row-nested-news\"><div class=\"container\">\n<h2 class=\"wp-block-heading\">Noticias relacionadas<\/h2>\n\n\n<div class=\"row\">\n\n\t\n\t\t\n            <div class=\"col-lg-3 view-cards\">\n                <a href=\"https:\/\/www.solidaridadenfermera.org\/ciudad-real\/sala-prensa\/pautas-de-prevencion-del-covid-19-a-mujeres-en-situacion-de-vulnerabilidad\/\">\n                    <div class=\"card h-100\">\n                        <div class=\"image\">\n                            <div class=\"inner\">\n                                                                    <div class=\"card-image\"\n                                         style=\"background-image:url(https:\/\/www.solidaridadenfermera.org\/ciudad-real\/wp-content\/uploads\/sites\/74\/2021\/04\/IMG-20210315-WA0002.jpg);background-repeat: no-repeat;background-position: center;border-radius:18px\">\n                                        &nbsp;\n                                    <\/div>\n                                                            <\/div>\n                        <\/div>\n\n                        <div class=\"content\">\n                            <div class=\"date\">\n                                <p><i class=\"far fa-calendar\" style=\"color: var(--color-primary);\"><\/i>15 de marzo de 2021<\/p>\n                            <\/div>\n                            <div class=\"news-title\">\n                                <h3 class=\"title\">Pautas de prevenci\u00f3n del COVID-19 a mujeres en situaci\u00f3n de vulnerabilidad<\/h3>\n                            <\/div>\n                            <p class=\"news-p\" style=\"\">Solidaridad Enfermera Ciudad Real colabora la Asociaci\u00f3n de Mujeres Opa\u00f1el poniendo en marcha un programa formativo e informativo sobre protecci\u00f3n COVID-19 dirigido a mujeres en situaci\u00f3n de vulnerabilidad. Solidaridad Enfermera&hellip;<\/p>\n                        <\/div>\n                    <\/div>\n                <\/a>\n            <\/div>\n\n    \t        <div class=\"see-more\">\n        <a href=\"https:\/\/www.solidaridadenfermera.org\/ciudad-real\/sala-prensa\/\">Ver todas las noticias<\/a>\n        <\/div>\n<\/div> <!-- Close row -->\n\n<!--<div class=\"related-content-parent related-posts-content\" itemscope itemtype=\"http:\/\/schema.org\/NewsArticle\">-->\n<!--\t<div class=\"related-row related-news\">-->\n<!--\t\t--><!--\t\t\t<div class=\"item\" itemscope itemtype=\"http:\/\/schema.org\/Article\">-->\n<!---->\n<!--\t\t\t\t--><!--\t\t\t\t<div class=\"image --><!--\">-->\n<!--\t\t\t\t\t--><!--\t\t\t\t<\/div>-->\n<!--\t\t\t\t<div class=\"content\">-->\n<!--\t\t\t\t\t<h3>-->\n<!--\t\t\t\t\t\t<a href=\"--><!--\" title=\"--><!--\" itemprop=\"alternativeHeadline\">-->\n<!--\t\t\t\t\t\t--><!--<\/h3>-->\n<!--\t\t\t\t\t<\/a>-->\n<!--\t\t\t\t\t--><!--\t\t\t\t\t\t<p itemprop=\"backstory\">-->\n<!--\t\t\t\t\t\t\t--><!--\t\t\t\t\t\t<\/p>-->\n<!--\t\t\t\t\t--><!---->\n<!--\t\t\t\t\t<a href=\"--><!--\" title=\"--><!--\" class=\"arrow\">-->\n<!--\t\t\t\t\t\t<i class=\"icon-arrow-pointing-to-right\"><\/i>-->\n<!--\t\t\t\t\t<\/a>-->\n<!--\t\t\t\t<\/div>-->\n<!---->\n<!--\t\t\t<\/div>-->\n<!--\t\t--><!---->\n<!--\t\t--><!--\t<\/div>-->\n<!--\t<div class=\"see-more\">-->\n<!--\t\t<a href=\"--><!--\">--><!--<\/a>-->\n<!--\t<\/div>-->\n<!--<\/div>-->\n<\/div><\/div>\n","protected":false},"excerpt":{"rendered":"","protected":false},"featured_media":1047,"template":"","news_category":[],"news_tag":[],"class_list":["post-774","news","type-news","status-publish","has-post-thumbnail","hentry"],"yoast_head":"<!-- This site is optimized with the Yoast SEO plugin v27.0 - https:\/\/yoast.com\/product\/yoast-seo-wordpress\/ -->\n<title>Solidaridad Enfermera, ya trabaja por la salud de los m\u00e1s vulnerables en Ciudad Real - Delegaci\u00f3n de Ciudad Real<\/title>\n<meta name=\"robots\" content=\"index, follow, max-snippet:-1, max-image-preview:large, max-video-preview:-1\" \/>\n<link rel=\"canonical\" href=\"https:\/\/www.solidaridadenfermera.org\/ciudad-real\/sala-prensa\/solidaridad-enfermera-ya-trabaja-por-la-salud-de-los-mas-vulnerables-en-ciudad-real\/\" \/>\n<meta property=\"og:locale\" content=\"es_ES\" \/>\n<meta property=\"og:type\" content=\"article\" \/>\n<meta property=\"og:title\" content=\"Solidaridad Enfermera, ya trabaja por la salud de los m\u00e1s vulnerables en Ciudad Real - Delegaci\u00f3n de Ciudad Real\" \/>\n<meta property=\"og:url\" content=\"https:\/\/www.solidaridadenfermera.org\/ciudad-real\/sala-prensa\/solidaridad-enfermera-ya-trabaja-por-la-salud-de-los-mas-vulnerables-en-ciudad-real\/\" \/>\n<meta property=\"og:site_name\" content=\"Delegaci\u00f3n de Ciudad Real\" \/>\n<meta property=\"article:modified_time\" content=\"2024-01-24T13:06:58+00:00\" \/>\n<meta property=\"og:image\" content=\"https:\/\/www.solidaridadenfermera.org\/ciudad-real\/wp-content\/uploads\/sites\/74\/2021\/04\/IMG_1025-scaled.jpg\" \/>\n\t<meta property=\"og:image:width\" content=\"2560\" \/>\n\t<meta property=\"og:image:height\" content=\"1709\" \/>\n\t<meta property=\"og:image:type\" content=\"image\/jpeg\" \/>\n<meta name=\"twitter:card\" content=\"summary_large_image\" \/>\n<meta name=\"twitter:label1\" content=\"Tiempo de lectura\" \/>\n\t<meta name=\"twitter:data1\" content=\"3 minutos\" \/>\n<script type=\"application\/ld+json\" class=\"yoast-schema-graph\">{\"@context\":\"https:\/\/schema.org\",\"@graph\":[{\"@type\":\"WebPage\",\"@id\":\"https:\/\/www.solidaridadenfermera.org\/ciudad-real\/sala-prensa\/solidaridad-enfermera-ya-trabaja-por-la-salud-de-los-mas-vulnerables-en-ciudad-real\/\",\"url\":\"https:\/\/www.solidaridadenfermera.org\/ciudad-real\/sala-prensa\/solidaridad-enfermera-ya-trabaja-por-la-salud-de-los-mas-vulnerables-en-ciudad-real\/\",\"name\":\"Solidaridad Enfermera, ya trabaja por la salud de los m\u00e1s vulnerables en Ciudad Real - Delegaci\u00f3n de Ciudad Real\",\"isPartOf\":{\"@id\":\"https:\/\/www.solidaridadenfermera.org\/ciudad-real\/#website\"},\"primaryImageOfPage\":{\"@id\":\"https:\/\/www.solidaridadenfermera.org\/ciudad-real\/sala-prensa\/solidaridad-enfermera-ya-trabaja-por-la-salud-de-los-mas-vulnerables-en-ciudad-real\/#primaryimage\"},\"image\":{\"@id\":\"https:\/\/www.solidaridadenfermera.org\/ciudad-real\/sala-prensa\/solidaridad-enfermera-ya-trabaja-por-la-salud-de-los-mas-vulnerables-en-ciudad-real\/#primaryimage\"},\"thumbnailUrl\":\"https:\/\/www.solidaridadenfermera.org\/ciudad-real\/wp-content\/uploads\/sites\/74\/2021\/04\/IMG_1025-scaled.jpg\",\"datePublished\":\"2020-12-03T10:45:00+00:00\",\"dateModified\":\"2024-01-24T13:06:58+00:00\",\"breadcrumb\":{\"@id\":\"https:\/\/www.solidaridadenfermera.org\/ciudad-real\/sala-prensa\/solidaridad-enfermera-ya-trabaja-por-la-salud-de-los-mas-vulnerables-en-ciudad-real\/#breadcrumb\"},\"inLanguage\":\"es\",\"potentialAction\":[{\"@type\":\"ReadAction\",\"target\":[\"https:\/\/www.solidaridadenfermera.org\/ciudad-real\/sala-prensa\/solidaridad-enfermera-ya-trabaja-por-la-salud-de-los-mas-vulnerables-en-ciudad-real\/\"]}]},{\"@type\":\"ImageObject\",\"inLanguage\":\"es\",\"@id\":\"https:\/\/www.solidaridadenfermera.org\/ciudad-real\/sala-prensa\/solidaridad-enfermera-ya-trabaja-por-la-salud-de-los-mas-vulnerables-en-ciudad-real\/#primaryimage\",\"url\":\"https:\/\/www.solidaridadenfermera.org\/ciudad-real\/wp-content\/uploads\/sites\/74\/2021\/04\/IMG_1025-scaled.jpg\",\"contentUrl\":\"https:\/\/www.solidaridadenfermera.org\/ciudad-real\/wp-content\/uploads\/sites\/74\/2021\/04\/IMG_1025-scaled.jpg\",\"width\":2560,\"height\":1709},{\"@type\":\"BreadcrumbList\",\"@id\":\"https:\/\/www.solidaridadenfermera.org\/ciudad-real\/sala-prensa\/solidaridad-enfermera-ya-trabaja-por-la-salud-de-los-mas-vulnerables-en-ciudad-real\/#breadcrumb\",\"itemListElement\":[{\"@type\":\"ListItem\",\"position\":1,\"name\":\"Inicio\",\"item\":\"https:\/\/www.solidaridadenfermera.org\/ciudad-real\/\"},{\"@type\":\"ListItem\",\"position\":2,\"name\":\"Sala De Prensa\",\"item\":\"https:\/\/www.solidaridadenfermera.org\/ciudad-real\/sala-prensa\/\"},{\"@type\":\"ListItem\",\"position\":3,\"name\":\"Solidaridad Enfermera, ya trabaja por la salud de los m\u00e1s vulnerables en Ciudad Real\"}]},{\"@type\":\"WebSite\",\"@id\":\"https:\/\/www.solidaridadenfermera.org\/ciudad-real\/#website\",\"url\":\"https:\/\/www.solidaridadenfermera.org\/ciudad-real\/\",\"name\":\"Delegaci\u00f3n de Ciudad Real\",\"description\":\"Consejo General de Enfermer\u00eda (CGE) es una organizaci\u00f3n profesional con m\u00e1s 100 a\u00f1os de historia, que en base a los fines y funciones que le atribuye su Estatuto Aprobado por Real Decreto 1231, de 8 de noviembre de 2001, se constituye como el referente para la profesi\u00f3n de enfermer\u00eda, representando a un colectivo de doscientos mil colegiados.\",\"publisher\":{\"@id\":\"https:\/\/www.solidaridadenfermera.org\/ciudad-real\/#organization\"},\"potentialAction\":[{\"@type\":\"SearchAction\",\"target\":{\"@type\":\"EntryPoint\",\"urlTemplate\":\"https:\/\/www.solidaridadenfermera.org\/ciudad-real\/?s={search_term_string}\"},\"query-input\":{\"@type\":\"PropertyValueSpecification\",\"valueRequired\":true,\"valueName\":\"search_term_string\"}}],\"inLanguage\":\"es\"},{\"@type\":\"Organization\",\"@id\":\"https:\/\/www.solidaridadenfermera.org\/ciudad-real\/#organization\",\"name\":\"Delegaci\u00f3n de Ciudad Real\",\"url\":\"https:\/\/www.solidaridadenfermera.org\/ciudad-real\/\",\"logo\":{\"@type\":\"ImageObject\",\"inLanguage\":\"es\",\"@id\":\"https:\/\/www.solidaridadenfermera.org\/ciudad-real\/#\/schema\/logo\/image\/\",\"url\":\"https:\/\/www.solidaridadenfermera.org\/ciudad-real\/wp-content\/uploads\/sites\/74\/2021\/05\/Logo-SE-Ciudad-Real.png\",\"contentUrl\":\"https:\/\/www.solidaridadenfermera.org\/ciudad-real\/wp-content\/uploads\/sites\/74\/2021\/05\/Logo-SE-Ciudad-Real.png\",\"width\":578,\"height\":771,\"caption\":\"Delegaci\u00f3n de Ciudad Real\"},\"image\":{\"@id\":\"https:\/\/www.solidaridadenfermera.org\/ciudad-real\/#\/schema\/logo\/image\/\"}}]}<\/script>\n<!-- \/ Yoast SEO plugin. -->","yoast_head_json":{"title":"Solidaridad Enfermera, ya trabaja por la salud de los m\u00e1s vulnerables en Ciudad Real - Delegaci\u00f3n de Ciudad Real","robots":{"index":"index","follow":"follow","max-snippet":"max-snippet:-1","max-image-preview":"max-image-preview:large","max-video-preview":"max-video-preview:-1"},"canonical":"https:\/\/www.solidaridadenfermera.org\/ciudad-real\/sala-prensa\/solidaridad-enfermera-ya-trabaja-por-la-salud-de-los-mas-vulnerables-en-ciudad-real\/","og_locale":"es_ES","og_type":"article","og_title":"Solidaridad Enfermera, ya trabaja por la salud de los m\u00e1s vulnerables en Ciudad Real - Delegaci\u00f3n de Ciudad Real","og_url":"https:\/\/www.solidaridadenfermera.org\/ciudad-real\/sala-prensa\/solidaridad-enfermera-ya-trabaja-por-la-salud-de-los-mas-vulnerables-en-ciudad-real\/","og_site_name":"Delegaci\u00f3n de Ciudad Real","article_modified_time":"2024-01-24T13:06:58+00:00","og_image":[{"width":2560,"height":1709,"url":"https:\/\/www.solidaridadenfermera.org\/ciudad-real\/wp-content\/uploads\/sites\/74\/2021\/04\/IMG_1025-scaled.jpg","type":"image\/jpeg"}],"twitter_card":"summary_large_image","twitter_misc":{"Tiempo de lectura":"3 minutos"},"schema":{"@context":"https:\/\/schema.org","@graph":[{"@type":"WebPage","@id":"https:\/\/www.solidaridadenfermera.org\/ciudad-real\/sala-prensa\/solidaridad-enfermera-ya-trabaja-por-la-salud-de-los-mas-vulnerables-en-ciudad-real\/","url":"https:\/\/www.solidaridadenfermera.org\/ciudad-real\/sala-prensa\/solidaridad-enfermera-ya-trabaja-por-la-salud-de-los-mas-vulnerables-en-ciudad-real\/","name":"Solidaridad Enfermera, ya trabaja por la salud de los m\u00e1s vulnerables en Ciudad Real - Delegaci\u00f3n de Ciudad Real","isPartOf":{"@id":"https:\/\/www.solidaridadenfermera.org\/ciudad-real\/#website"},"primaryImageOfPage":{"@id":"https:\/\/www.solidaridadenfermera.org\/ciudad-real\/sala-prensa\/solidaridad-enfermera-ya-trabaja-por-la-salud-de-los-mas-vulnerables-en-ciudad-real\/#primaryimage"},"image":{"@id":"https:\/\/www.solidaridadenfermera.org\/ciudad-real\/sala-prensa\/solidaridad-enfermera-ya-trabaja-por-la-salud-de-los-mas-vulnerables-en-ciudad-real\/#primaryimage"},"thumbnailUrl":"https:\/\/www.solidaridadenfermera.org\/ciudad-real\/wp-content\/uploads\/sites\/74\/2021\/04\/IMG_1025-scaled.jpg","datePublished":"2020-12-03T10:45:00+00:00","dateModified":"2024-01-24T13:06:58+00:00","breadcrumb":{"@id":"https:\/\/www.solidaridadenfermera.org\/ciudad-real\/sala-prensa\/solidaridad-enfermera-ya-trabaja-por-la-salud-de-los-mas-vulnerables-en-ciudad-real\/#breadcrumb"},"inLanguage":"es","potentialAction":[{"@type":"ReadAction","target":["https:\/\/www.solidaridadenfermera.org\/ciudad-real\/sala-prensa\/solidaridad-enfermera-ya-trabaja-por-la-salud-de-los-mas-vulnerables-en-ciudad-real\/"]}]},{"@type":"ImageObject","inLanguage":"es","@id":"https:\/\/www.solidaridadenfermera.org\/ciudad-real\/sala-prensa\/solidaridad-enfermera-ya-trabaja-por-la-salud-de-los-mas-vulnerables-en-ciudad-real\/#primaryimage","url":"https:\/\/www.solidaridadenfermera.org\/ciudad-real\/wp-content\/uploads\/sites\/74\/2021\/04\/IMG_1025-scaled.jpg","contentUrl":"https:\/\/www.solidaridadenfermera.org\/ciudad-real\/wp-content\/uploads\/sites\/74\/2021\/04\/IMG_1025-scaled.jpg","width":2560,"height":1709},{"@type":"BreadcrumbList","@id":"https:\/\/www.solidaridadenfermera.org\/ciudad-real\/sala-prensa\/solidaridad-enfermera-ya-trabaja-por-la-salud-de-los-mas-vulnerables-en-ciudad-real\/#breadcrumb","itemListElement":[{"@type":"ListItem","position":1,"name":"Inicio","item":"https:\/\/www.solidaridadenfermera.org\/ciudad-real\/"},{"@type":"ListItem","position":2,"name":"Sala De Prensa","item":"https:\/\/www.solidaridadenfermera.org\/ciudad-real\/sala-prensa\/"},{"@type":"ListItem","position":3,"name":"Solidaridad Enfermera, ya trabaja por la salud de los m\u00e1s vulnerables en Ciudad Real"}]},{"@type":"WebSite","@id":"https:\/\/www.solidaridadenfermera.org\/ciudad-real\/#website","url":"https:\/\/www.solidaridadenfermera.org\/ciudad-real\/","name":"Delegaci\u00f3n de Ciudad Real","description":"Consejo General de Enfermer\u00eda (CGE) es una organizaci\u00f3n profesional con m\u00e1s 100 a\u00f1os de historia, que en base a los fines y funciones que le atribuye su Estatuto Aprobado por Real Decreto 1231, de 8 de noviembre de 2001, se constituye como el referente para la profesi\u00f3n de enfermer\u00eda, representando a un colectivo de doscientos mil colegiados.","publisher":{"@id":"https:\/\/www.solidaridadenfermera.org\/ciudad-real\/#organization"},"potentialAction":[{"@type":"SearchAction","target":{"@type":"EntryPoint","urlTemplate":"https:\/\/www.solidaridadenfermera.org\/ciudad-real\/?s={search_term_string}"},"query-input":{"@type":"PropertyValueSpecification","valueRequired":true,"valueName":"search_term_string"}}],"inLanguage":"es"},{"@type":"Organization","@id":"https:\/\/www.solidaridadenfermera.org\/ciudad-real\/#organization","name":"Delegaci\u00f3n de Ciudad Real","url":"https:\/\/www.solidaridadenfermera.org\/ciudad-real\/","logo":{"@type":"ImageObject","inLanguage":"es","@id":"https:\/\/www.solidaridadenfermera.org\/ciudad-real\/#\/schema\/logo\/image\/","url":"https:\/\/www.solidaridadenfermera.org\/ciudad-real\/wp-content\/uploads\/sites\/74\/2021\/05\/Logo-SE-Ciudad-Real.png","contentUrl":"https:\/\/www.solidaridadenfermera.org\/ciudad-real\/wp-content\/uploads\/sites\/74\/2021\/05\/Logo-SE-Ciudad-Real.png","width":578,"height":771,"caption":"Delegaci\u00f3n de Ciudad Real"},"image":{"@id":"https:\/\/www.solidaridadenfermera.org\/ciudad-real\/#\/schema\/logo\/image\/"}}]}},"_links":{"self":[{"href":"https:\/\/www.solidaridadenfermera.org\/ciudad-real\/wp-json\/wp\/v2\/news\/774","targetHints":{"allow":["GET"]}}],"collection":[{"href":"https:\/\/www.solidaridadenfermera.org\/ciudad-real\/wp-json\/wp\/v2\/news"}],"about":[{"href":"https:\/\/www.solidaridadenfermera.org\/ciudad-real\/wp-json\/wp\/v2\/types\/news"}],"wp:featuredmedia":[{"embeddable":true,"href":"https:\/\/www.solidaridadenfermera.org\/ciudad-real\/wp-json\/wp\/v2\/media\/1047"}],"wp:attachment":[{"href":"https:\/\/www.solidaridadenfermera.org\/ciudad-real\/wp-json\/wp\/v2\/media?parent=774"}],"wp:term":[{"taxonomy":"news_category","embeddable":true,"href":"https:\/\/www.solidaridadenfermera.org\/ciudad-real\/wp-json\/wp\/v2\/news_category?post=774"},{"taxonomy":"news_tag","embeddable":true,"href":"https:\/\/www.solidaridadenfermera.org\/ciudad-real\/wp-json\/wp\/v2\/news_tag?post=774"}],"curies":[{"name":"wp","href":"https:\/\/api.w.org\/{rel}","templated":true}]}}