{"id":1698,"date":"2024-10-17T11:17:36","date_gmt":"2024-10-17T09:17:36","guid":{"rendered":"https:\/\/www.solidaridadenfermera.org\/caceres\/?post_type=news&#038;p=1698"},"modified":"2024-12-31T11:23:29","modified_gmt":"2024-12-31T10:23:29","slug":"continuamos-con-los-talleres","status":"publish","type":"news","link":"https:\/\/www.solidaridadenfermera.org\/caceres\/sala-prensa\/continuamos-con-los-talleres\/","title":{"rendered":"Continuamos con los talleres"},"content":{"rendered":"\n<div class=\"wp-block-cge-blocks-news-content-nested-related container\">\n<div style=\"height:50px\" aria-hidden=\"true\" class=\"wp-block-spacer\"><\/div>\n\n\n\n<figure class=\"wp-block-image size-full wp-duotone-unset-1\"><img loading=\"lazy\" decoding=\"async\" width=\"740\" height=\"455\" src=\"https:\/\/www.solidaridadenfermera.org\/caceres\/wp-content\/uploads\/sites\/79\/2024\/12\/PORTADA-CLIMATERIO-Y-MENOPAUSIA.jpg\" alt=\"\" class=\"wp-image-1699\" srcset=\"https:\/\/www.solidaridadenfermera.org\/caceres\/wp-content\/uploads\/sites\/79\/2024\/12\/PORTADA-CLIMATERIO-Y-MENOPAUSIA.jpg 740w, https:\/\/www.solidaridadenfermera.org\/caceres\/wp-content\/uploads\/sites\/79\/2024\/12\/PORTADA-CLIMATERIO-Y-MENOPAUSIA-300x184.jpg 300w\" sizes=\"auto, (max-width: 740px) 100vw, 740px\" \/><\/figure>\n\n\n\n<h1 class=\"wp-block-heading has-text-align-center\">Taller formativo \u201cEtapas de la vida: menopausia y autocuidado\u201d\u00a0<\/h1>\n\n\n\n<div style=\"height:50px\" aria-hidden=\"true\" class=\"wp-block-spacer\"><\/div>\n\n\n\n<figure class=\"wp-block-image size-full is-style-rounded wp-duotone-unset-2\"><img loading=\"lazy\" decoding=\"async\" width=\"578\" height=\"434\" src=\"https:\/\/www.solidaridadenfermera.org\/caceres\/wp-content\/uploads\/sites\/79\/2024\/11\/IMG20241016182000_2.jpg\" alt=\"\" class=\"wp-image-1686\" srcset=\"https:\/\/www.solidaridadenfermera.org\/caceres\/wp-content\/uploads\/sites\/79\/2024\/11\/IMG20241016182000_2.jpg 578w, https:\/\/www.solidaridadenfermera.org\/caceres\/wp-content\/uploads\/sites\/79\/2024\/11\/IMG20241016182000_2-300x225.jpg 300w\" sizes=\"auto, (max-width: 578px) 100vw, 578px\" \/><figcaption class=\"wp-element-caption\">oplus_2<\/figcaption><\/figure>\n\n\n\n<p>El d\u00eda 16 de octubre de 2024 se ha realizado una acci\u00f3n formativa en educaci\u00f3n para la salud, dirigida a un grupo de mujeres de Fundaci\u00f3n Mujeres de C\u00e1ceres.<br>En el taller, se han trabajado de forma interactiva las herramientas necesarias para que las mujeres puedan superar con bienestar f\u00edsico, mental y social y con el fin de entender que el climaterio y la menopausia son etapas fisiol\u00f3gicas en la vida que implican una serie de cambios hormonales que ocasionan cambios muy variables de unas mujeres a otras en cuanto intensidad y prolongaci\u00f3n.<\/p>\n\n\n\n<p>Al taller asistieron 25 mujeres y fue impartido por Carmen Luis Mayoral y Cristian Pacheco Bermejo<\/p>\n<\/div>\n\n\n\n<div class=\"wp-block-cge-blocks-nested-related undefined row-nested-news\"><div class=\"container\">\n<h2 class=\"wp-block-heading\">Noticias relacionadas<\/h2>\n\n\n<div class=\"row\">\n\n\t\n\t\t\n            <div class=\"col-lg-3 view-cards\">\n                <a href=\"https:\/\/www.solidaridadenfermera.org\/caceres\/sala-prensa\/solidaridad-enfermera-y-cruz-roja-distribuyen-kits-de-autocuidado-en-caceres-para-proteger-a-las-personas-sin-hogar-frente-al-frio\/\">\n                    <div class=\"card h-100\">\n                        <div class=\"image\">\n                            <div class=\"inner\">\n                                                                    <div class=\"card-image\"\n                                         style=\"background-image:url(https:\/\/www.solidaridadenfermera.org\/caceres\/wp-content\/uploads\/sites\/79\/2026\/01\/IMG20260121001228-scaled.jpg);background-repeat: no-repeat;background-position: center;border-radius:18px\">\n                                        &nbsp;\n                                    <\/div>\n                                                            <\/div>\n                        <\/div>\n\n                        <div class=\"content\">\n                            <div class=\"date\">\n                                <p><i class=\"far fa-calendar\" style=\"color: var(--color-primary);\"><\/i>25 de enero de 2026<\/p>\n                            <\/div>\n                            <div class=\"news-title\">\n                                <h3 class=\"title\">Solidaridad Enfermera y Cruz Roja distribuyen kits de autocuidado en C\u00e1ceres para proteger a las&hellip;<\/h3>\n                            <\/div>\n                            <p class=\"news-p\" style=\"\">C\u00e1ceres se suma a la campa\u00f1a de concienciaci\u00f3n sobre la vulnerabilidad de los colectivos m\u00e1s expuestos y la importancia del autocuidado sanitario El pasado 20 de enero, enfermeras de Solidaridad&hellip;<\/p>\n                        <\/div>\n                    <\/div>\n                <\/a>\n            <\/div>\n\n    \t    \n\t\t\n            <div class=\"col-lg-3 view-cards\">\n                <a href=\"https:\/\/www.solidaridadenfermera.org\/caceres\/sala-prensa\/el-compromiso-de-cuidar-al-cuidador-enfermeras-voluntarias-motor-de-bienestar-sociosanitario\/\">\n                    <div class=\"card h-100\">\n                        <div class=\"image\">\n                            <div class=\"inner\">\n                                                                    <div class=\"card-image\"\n                                         style=\"background-image:url(https:\/\/www.solidaridadenfermera.org\/caceres\/wp-content\/uploads\/sites\/79\/2025\/10\/IMG-20251007-WA0018.jpg);background-repeat: no-repeat;background-position: center;border-radius:18px\">\n                                        &nbsp;\n                                    <\/div>\n                                                            <\/div>\n                        <\/div>\n\n                        <div class=\"content\">\n                            <div class=\"date\">\n                                <p><i class=\"far fa-calendar\" style=\"color: var(--color-primary);\"><\/i>7 de octubre de 2025<\/p>\n                            <\/div>\n                            <div class=\"news-title\">\n                                <h3 class=\"title\">El Compromiso de Cuidar al Cuidador: Enfermeras Voluntarias, Motor de Bienestar Sociosanitario<\/h3>\n                            <\/div>\n                            <p class=\"news-p\" style=\"\">Un Apoyo Esencial para Quienes Cuidan El Colegio de Enfermer\u00eda de C\u00e1ceres, ha impulsado recientemente una significativa iniciativa solidaria. A trav\u00e9s de sus ONGs, Solidaridad Enfermera C\u00e1ceres y la Asociaci\u00f3n&hellip;<\/p>\n                        <\/div>\n                    <\/div>\n                <\/a>\n            <\/div>\n\n    \t    \n\t\t\n            <div class=\"col-lg-3 view-cards\">\n                <a href=\"https:\/\/www.solidaridadenfermera.org\/caceres\/sala-prensa\/un-taller-para-la-vida-asi-fue-nuestro-taller-de-primeros-auxilios-y-rcp\/\">\n                    <div class=\"card h-100\">\n                        <div class=\"image\">\n                            <div class=\"inner\">\n                                                                    <div class=\"card-image\"\n                                         style=\"background-image:url(https:\/\/www.solidaridadenfermera.org\/caceres\/wp-content\/uploads\/sites\/79\/2025\/09\/IMG-20250528-WA0046.jpg);background-repeat: no-repeat;background-position: center;border-radius:18px\">\n                                        &nbsp;\n                                    <\/div>\n                                                            <\/div>\n                        <\/div>\n\n                        <div class=\"content\">\n                            <div class=\"date\">\n                                <p><i class=\"far fa-calendar\" style=\"color: var(--color-primary);\"><\/i>29 de mayo de 2025<\/p>\n                            <\/div>\n                            <div class=\"news-title\">\n                                <h3 class=\"title\">Un taller para la vida: as\u00ed fue nuestro Taller de \u201cPrimeros Auxilios y RCP\u201d<\/h3>\n                            <\/div>\n                            <p class=\"news-p\" style=\"\">El pasado 28 de mayo de 2025, la delegaci\u00f3n de Solidaridad Enfermera en C\u00e1ceres llev\u00f3 a cabo una nueva actividad formativa en colaboraci\u00f3n con C\u00e1ritas Diocesana de Coria-C\u00e1ceres. En esta&hellip;<\/p>\n                        <\/div>\n                    <\/div>\n                <\/a>\n            <\/div>\n\n    \t    \n\t\t\n            <div class=\"col-lg-3 view-cards\">\n                <a href=\"https:\/\/www.solidaridadenfermera.org\/caceres\/sala-prensa\/el-colegio-de-caceres-y-caritas-se-alian-para-mejorar-la-calidad-de-vida-de-las-personas-en-situacion-de-vulnerabilidad\/\">\n                    <div class=\"card h-100\">\n                        <div class=\"image\">\n                            <div class=\"inner\">\n                                                                    <div class=\"card-image\"\n                                         style=\"background-image:url(https:\/\/www.solidaridadenfermera.org\/caceres\/wp-content\/uploads\/sites\/79\/2025\/03\/caceres-1280x640-1.jpg);background-repeat: no-repeat;background-position: center;border-radius:18px\">\n                                        &nbsp;\n                                    <\/div>\n                                                            <\/div>\n                        <\/div>\n\n                        <div class=\"content\">\n                            <div class=\"date\">\n                                <p><i class=\"far fa-calendar\" style=\"color: var(--color-primary);\"><\/i>10 de marzo de 2025<\/p>\n                            <\/div>\n                            <div class=\"news-title\">\n                                <h3 class=\"title\">El colegio de C\u00e1ceres y C\u00e1ritas se al\u00edan para mejorar la calidad de vida de&hellip;<\/h3>\n                            <\/div>\n                            <p class=\"news-p\" style=\"\">C\u00c1CERES, 28 de Febrero de 2024.- Raquel Rodr\u00edguez Llanos, presidenta del Colegio de Enfermer\u00eda de C\u00e1ceres, y Dami\u00e1n J. Niso, director de C\u00e1ritas Diocesana de Coria-C\u00e1ceres, han suscrito un convenio&hellip;<\/p>\n                        <\/div>\n                    <\/div>\n                <\/a>\n            <\/div>\n\n    \t        <div class=\"see-more\">\n        <a href=\"https:\/\/www.solidaridadenfermera.org\/caceres\/sala-prensa\/\">Ver todas las noticias<\/a>\n        <\/div>\n<\/div> <!-- Close row -->\n\n<!--<div class=\"related-content-parent related-posts-content\" itemscope itemtype=\"http:\/\/schema.org\/NewsArticle\">-->\n<!--\t<div class=\"related-row related-news\">-->\n<!--\t\t--><!--\t\t\t<div class=\"item\" itemscope itemtype=\"http:\/\/schema.org\/Article\">-->\n<!---->\n<!--\t\t\t\t--><!--\t\t\t\t<div class=\"image --><!--\">-->\n<!--\t\t\t\t\t--><!--\t\t\t\t<\/div>-->\n<!--\t\t\t\t<div class=\"content\">-->\n<!--\t\t\t\t\t<h3>-->\n<!--\t\t\t\t\t\t<a href=\"--><!--\" title=\"--><!--\" itemprop=\"alternativeHeadline\">-->\n<!--\t\t\t\t\t\t--><!--<\/h3>-->\n<!--\t\t\t\t\t<\/a>-->\n<!--\t\t\t\t\t--><!--\t\t\t\t\t\t<p itemprop=\"backstory\">-->\n<!--\t\t\t\t\t\t\t--><!--\t\t\t\t\t\t<\/p>-->\n<!--\t\t\t\t\t--><!---->\n<!--\t\t\t\t\t<a href=\"--><!--\" title=\"--><!--\" class=\"arrow\">-->\n<!--\t\t\t\t\t\t<i class=\"icon-arrow-pointing-to-right\"><\/i>-->\n<!--\t\t\t\t\t<\/a>-->\n<!--\t\t\t\t<\/div>-->\n<!---->\n<!--\t\t\t<\/div>-->\n<!--\t\t--><!---->\n<!--\t\t--><!--\t<\/div>-->\n<!--\t<div class=\"see-more\">-->\n<!--\t\t<a href=\"--><!--\">--><!--<\/a>-->\n<!--\t<\/div>-->\n<!--<\/div>-->\n<\/div><\/div>\n","protected":false},"excerpt":{"rendered":"","protected":false},"featured_media":1699,"template":"","news_category":[],"news_tag":[],"class_list":["post-1698","news","type-news","status-publish","has-post-thumbnail","hentry"],"yoast_head":"<!-- This site is optimized with the Yoast SEO plugin v27.0 - https:\/\/yoast.com\/product\/yoast-seo-wordpress\/ -->\n<title>Continuamos con los talleres - Delegaci\u00f3n de C\u00e1ceres<\/title>\n<meta name=\"robots\" content=\"index, follow, max-snippet:-1, max-image-preview:large, max-video-preview:-1\" \/>\n<link rel=\"canonical\" href=\"https:\/\/www.solidaridadenfermera.org\/caceres\/sala-prensa\/continuamos-con-los-talleres\/\" \/>\n<meta property=\"og:locale\" content=\"es_ES\" \/>\n<meta property=\"og:type\" content=\"article\" \/>\n<meta property=\"og:title\" content=\"Continuamos con los talleres - Delegaci\u00f3n de C\u00e1ceres\" \/>\n<meta property=\"og:url\" content=\"https:\/\/www.solidaridadenfermera.org\/caceres\/sala-prensa\/continuamos-con-los-talleres\/\" \/>\n<meta property=\"og:site_name\" content=\"Delegaci\u00f3n de C\u00e1ceres\" \/>\n<meta property=\"article:modified_time\" content=\"2024-12-31T10:23:29+00:00\" \/>\n<meta property=\"og:image\" content=\"https:\/\/www.solidaridadenfermera.org\/caceres\/wp-content\/uploads\/sites\/79\/2024\/12\/PORTADA-CLIMATERIO-Y-MENOPAUSIA.jpg\" \/>\n\t<meta property=\"og:image:width\" content=\"740\" \/>\n\t<meta property=\"og:image:height\" content=\"455\" \/>\n\t<meta property=\"og:image:type\" content=\"image\/jpeg\" \/>\n<meta name=\"twitter:card\" content=\"summary_large_image\" \/>\n<meta name=\"twitter:label1\" content=\"Tiempo de lectura\" \/>\n\t<meta name=\"twitter:data1\" content=\"2 minutos\" \/>\n<script type=\"application\/ld+json\" class=\"yoast-schema-graph\">{\"@context\":\"https:\/\/schema.org\",\"@graph\":[{\"@type\":\"WebPage\",\"@id\":\"https:\/\/www.solidaridadenfermera.org\/caceres\/sala-prensa\/continuamos-con-los-talleres\/\",\"url\":\"https:\/\/www.solidaridadenfermera.org\/caceres\/sala-prensa\/continuamos-con-los-talleres\/\",\"name\":\"Continuamos con los talleres - Delegaci\u00f3n de C\u00e1ceres\",\"isPartOf\":{\"@id\":\"https:\/\/www.solidaridadenfermera.org\/caceres\/#website\"},\"primaryImageOfPage\":{\"@id\":\"https:\/\/www.solidaridadenfermera.org\/caceres\/sala-prensa\/continuamos-con-los-talleres\/#primaryimage\"},\"image\":{\"@id\":\"https:\/\/www.solidaridadenfermera.org\/caceres\/sala-prensa\/continuamos-con-los-talleres\/#primaryimage\"},\"thumbnailUrl\":\"https:\/\/www.solidaridadenfermera.org\/caceres\/wp-content\/uploads\/sites\/79\/2024\/12\/PORTADA-CLIMATERIO-Y-MENOPAUSIA.jpg\",\"datePublished\":\"2024-10-17T09:17:36+00:00\",\"dateModified\":\"2024-12-31T10:23:29+00:00\",\"breadcrumb\":{\"@id\":\"https:\/\/www.solidaridadenfermera.org\/caceres\/sala-prensa\/continuamos-con-los-talleres\/#breadcrumb\"},\"inLanguage\":\"es\",\"potentialAction\":[{\"@type\":\"ReadAction\",\"target\":[\"https:\/\/www.solidaridadenfermera.org\/caceres\/sala-prensa\/continuamos-con-los-talleres\/\"]}]},{\"@type\":\"ImageObject\",\"inLanguage\":\"es\",\"@id\":\"https:\/\/www.solidaridadenfermera.org\/caceres\/sala-prensa\/continuamos-con-los-talleres\/#primaryimage\",\"url\":\"https:\/\/www.solidaridadenfermera.org\/caceres\/wp-content\/uploads\/sites\/79\/2024\/12\/PORTADA-CLIMATERIO-Y-MENOPAUSIA.jpg\",\"contentUrl\":\"https:\/\/www.solidaridadenfermera.org\/caceres\/wp-content\/uploads\/sites\/79\/2024\/12\/PORTADA-CLIMATERIO-Y-MENOPAUSIA.jpg\",\"width\":740,\"height\":455},{\"@type\":\"BreadcrumbList\",\"@id\":\"https:\/\/www.solidaridadenfermera.org\/caceres\/sala-prensa\/continuamos-con-los-talleres\/#breadcrumb\",\"itemListElement\":[{\"@type\":\"ListItem\",\"position\":1,\"name\":\"Inicio\",\"item\":\"https:\/\/www.solidaridadenfermera.org\/caceres\/\"},{\"@type\":\"ListItem\",\"position\":2,\"name\":\"Sala De Prensa\",\"item\":\"https:\/\/www.solidaridadenfermera.org\/caceres\/sala-prensa\/\"},{\"@type\":\"ListItem\",\"position\":3,\"name\":\"Continuamos con los talleres\"}]},{\"@type\":\"WebSite\",\"@id\":\"https:\/\/www.solidaridadenfermera.org\/caceres\/#website\",\"url\":\"https:\/\/www.solidaridadenfermera.org\/caceres\/\",\"name\":\"Delegaci\u00f3n de C\u00e1ceres\",\"description\":\"Consejo General de Enfermer\u00eda (CGE) es una organizaci\u00f3n profesional con m\u00e1s 100 a\u00f1os de historia, que en base a los fines y funciones que le atribuye su Estatuto Aprobado por Real Decreto 1231, de 8 de noviembre de 2001, se constituye como el referente para la profesi\u00f3n de enfermer\u00eda, representando a un colectivo de doscientos mil colegiados.\",\"publisher\":{\"@id\":\"https:\/\/www.solidaridadenfermera.org\/caceres\/#organization\"},\"potentialAction\":[{\"@type\":\"SearchAction\",\"target\":{\"@type\":\"EntryPoint\",\"urlTemplate\":\"https:\/\/www.solidaridadenfermera.org\/caceres\/?s={search_term_string}\"},\"query-input\":{\"@type\":\"PropertyValueSpecification\",\"valueRequired\":true,\"valueName\":\"search_term_string\"}}],\"inLanguage\":\"es\"},{\"@type\":\"Organization\",\"@id\":\"https:\/\/www.solidaridadenfermera.org\/caceres\/#organization\",\"name\":\"Delegaci\u00f3n de C\u00e1ceres\",\"url\":\"https:\/\/www.solidaridadenfermera.org\/caceres\/\",\"logo\":{\"@type\":\"ImageObject\",\"inLanguage\":\"es\",\"@id\":\"https:\/\/www.solidaridadenfermera.org\/caceres\/#\/schema\/logo\/image\/\",\"url\":\"https:\/\/www.solidaridadenfermera.org\/caceres\/wp-content\/uploads\/sites\/79\/2022\/08\/Logo-SE-Caceres.png\",\"contentUrl\":\"https:\/\/www.solidaridadenfermera.org\/caceres\/wp-content\/uploads\/sites\/79\/2022\/08\/Logo-SE-Caceres.png\",\"width\":986,\"height\":1243,\"caption\":\"Delegaci\u00f3n de C\u00e1ceres\"},\"image\":{\"@id\":\"https:\/\/www.solidaridadenfermera.org\/caceres\/#\/schema\/logo\/image\/\"}}]}<\/script>\n<!-- \/ Yoast SEO plugin. -->","yoast_head_json":{"title":"Continuamos con los talleres - Delegaci\u00f3n de C\u00e1ceres","robots":{"index":"index","follow":"follow","max-snippet":"max-snippet:-1","max-image-preview":"max-image-preview:large","max-video-preview":"max-video-preview:-1"},"canonical":"https:\/\/www.solidaridadenfermera.org\/caceres\/sala-prensa\/continuamos-con-los-talleres\/","og_locale":"es_ES","og_type":"article","og_title":"Continuamos con los talleres - Delegaci\u00f3n de C\u00e1ceres","og_url":"https:\/\/www.solidaridadenfermera.org\/caceres\/sala-prensa\/continuamos-con-los-talleres\/","og_site_name":"Delegaci\u00f3n de C\u00e1ceres","article_modified_time":"2024-12-31T10:23:29+00:00","og_image":[{"width":740,"height":455,"url":"https:\/\/www.solidaridadenfermera.org\/caceres\/wp-content\/uploads\/sites\/79\/2024\/12\/PORTADA-CLIMATERIO-Y-MENOPAUSIA.jpg","type":"image\/jpeg"}],"twitter_card":"summary_large_image","twitter_misc":{"Tiempo de lectura":"2 minutos"},"schema":{"@context":"https:\/\/schema.org","@graph":[{"@type":"WebPage","@id":"https:\/\/www.solidaridadenfermera.org\/caceres\/sala-prensa\/continuamos-con-los-talleres\/","url":"https:\/\/www.solidaridadenfermera.org\/caceres\/sala-prensa\/continuamos-con-los-talleres\/","name":"Continuamos con los talleres - Delegaci\u00f3n de C\u00e1ceres","isPartOf":{"@id":"https:\/\/www.solidaridadenfermera.org\/caceres\/#website"},"primaryImageOfPage":{"@id":"https:\/\/www.solidaridadenfermera.org\/caceres\/sala-prensa\/continuamos-con-los-talleres\/#primaryimage"},"image":{"@id":"https:\/\/www.solidaridadenfermera.org\/caceres\/sala-prensa\/continuamos-con-los-talleres\/#primaryimage"},"thumbnailUrl":"https:\/\/www.solidaridadenfermera.org\/caceres\/wp-content\/uploads\/sites\/79\/2024\/12\/PORTADA-CLIMATERIO-Y-MENOPAUSIA.jpg","datePublished":"2024-10-17T09:17:36+00:00","dateModified":"2024-12-31T10:23:29+00:00","breadcrumb":{"@id":"https:\/\/www.solidaridadenfermera.org\/caceres\/sala-prensa\/continuamos-con-los-talleres\/#breadcrumb"},"inLanguage":"es","potentialAction":[{"@type":"ReadAction","target":["https:\/\/www.solidaridadenfermera.org\/caceres\/sala-prensa\/continuamos-con-los-talleres\/"]}]},{"@type":"ImageObject","inLanguage":"es","@id":"https:\/\/www.solidaridadenfermera.org\/caceres\/sala-prensa\/continuamos-con-los-talleres\/#primaryimage","url":"https:\/\/www.solidaridadenfermera.org\/caceres\/wp-content\/uploads\/sites\/79\/2024\/12\/PORTADA-CLIMATERIO-Y-MENOPAUSIA.jpg","contentUrl":"https:\/\/www.solidaridadenfermera.org\/caceres\/wp-content\/uploads\/sites\/79\/2024\/12\/PORTADA-CLIMATERIO-Y-MENOPAUSIA.jpg","width":740,"height":455},{"@type":"BreadcrumbList","@id":"https:\/\/www.solidaridadenfermera.org\/caceres\/sala-prensa\/continuamos-con-los-talleres\/#breadcrumb","itemListElement":[{"@type":"ListItem","position":1,"name":"Inicio","item":"https:\/\/www.solidaridadenfermera.org\/caceres\/"},{"@type":"ListItem","position":2,"name":"Sala De Prensa","item":"https:\/\/www.solidaridadenfermera.org\/caceres\/sala-prensa\/"},{"@type":"ListItem","position":3,"name":"Continuamos con los talleres"}]},{"@type":"WebSite","@id":"https:\/\/www.solidaridadenfermera.org\/caceres\/#website","url":"https:\/\/www.solidaridadenfermera.org\/caceres\/","name":"Delegaci\u00f3n de C\u00e1ceres","description":"Consejo General de Enfermer\u00eda (CGE) es una organizaci\u00f3n profesional con m\u00e1s 100 a\u00f1os de historia, que en base a los fines y funciones que le atribuye su Estatuto Aprobado por Real Decreto 1231, de 8 de noviembre de 2001, se constituye como el referente para la profesi\u00f3n de enfermer\u00eda, representando a un colectivo de doscientos mil colegiados.","publisher":{"@id":"https:\/\/www.solidaridadenfermera.org\/caceres\/#organization"},"potentialAction":[{"@type":"SearchAction","target":{"@type":"EntryPoint","urlTemplate":"https:\/\/www.solidaridadenfermera.org\/caceres\/?s={search_term_string}"},"query-input":{"@type":"PropertyValueSpecification","valueRequired":true,"valueName":"search_term_string"}}],"inLanguage":"es"},{"@type":"Organization","@id":"https:\/\/www.solidaridadenfermera.org\/caceres\/#organization","name":"Delegaci\u00f3n de C\u00e1ceres","url":"https:\/\/www.solidaridadenfermera.org\/caceres\/","logo":{"@type":"ImageObject","inLanguage":"es","@id":"https:\/\/www.solidaridadenfermera.org\/caceres\/#\/schema\/logo\/image\/","url":"https:\/\/www.solidaridadenfermera.org\/caceres\/wp-content\/uploads\/sites\/79\/2022\/08\/Logo-SE-Caceres.png","contentUrl":"https:\/\/www.solidaridadenfermera.org\/caceres\/wp-content\/uploads\/sites\/79\/2022\/08\/Logo-SE-Caceres.png","width":986,"height":1243,"caption":"Delegaci\u00f3n de C\u00e1ceres"},"image":{"@id":"https:\/\/www.solidaridadenfermera.org\/caceres\/#\/schema\/logo\/image\/"}}]}},"_links":{"self":[{"href":"https:\/\/www.solidaridadenfermera.org\/caceres\/wp-json\/wp\/v2\/news\/1698","targetHints":{"allow":["GET"]}}],"collection":[{"href":"https:\/\/www.solidaridadenfermera.org\/caceres\/wp-json\/wp\/v2\/news"}],"about":[{"href":"https:\/\/www.solidaridadenfermera.org\/caceres\/wp-json\/wp\/v2\/types\/news"}],"wp:featuredmedia":[{"embeddable":true,"href":"https:\/\/www.solidaridadenfermera.org\/caceres\/wp-json\/wp\/v2\/media\/1699"}],"wp:attachment":[{"href":"https:\/\/www.solidaridadenfermera.org\/caceres\/wp-json\/wp\/v2\/media?parent=1698"}],"wp:term":[{"taxonomy":"news_category","embeddable":true,"href":"https:\/\/www.solidaridadenfermera.org\/caceres\/wp-json\/wp\/v2\/news_category?post=1698"},{"taxonomy":"news_tag","embeddable":true,"href":"https:\/\/www.solidaridadenfermera.org\/caceres\/wp-json\/wp\/v2\/news_tag?post=1698"}],"curies":[{"name":"wp","href":"https:\/\/api.w.org\/{rel}","templated":true}]}}