{"id":756,"date":"2020-11-30T10:27:00","date_gmt":"2020-11-30T10:27:00","guid":{"rendered":"https:\/\/www.solidaridadenfermera.org\/delegacion-de-almeria\/?post_type=news&#038;p=756"},"modified":"2022-02-09T11:40:08","modified_gmt":"2022-02-09T11:40:08","slug":"el-colegio-de-enfermeria-de-almeria-pone-en-marcha-la-ong-solidaridad-enfermera-almeria","status":"publish","type":"news","link":"https:\/\/www.solidaridadenfermera.org\/almeria\/sala-prensa\/el-colegio-de-enfermeria-de-almeria-pone-en-marcha-la-ong-solidaridad-enfermera-almeria\/","title":{"rendered":"El Colegio de Enfermer\u00eda de Almer\u00eda pone en marcha la ONG Solidaridad Enfermera Almer\u00eda"},"content":{"rendered":"\n<div class=\"wp-block-cge-blocks-news-content container\">\n<p class=\"has-text-align-center news-subtitle\">Creada por el Consejo General de Enfermer\u00eda, tiene como objetivo contribuir a mejorar la salud de las personas en situaci\u00f3n de vulnerabilidad<\/p>\n\n\n\n<p><strong>Almer\u00eda, a 30 de noviembre de 2020.<\/strong>&#8211; El Colegio de Enfermer\u00eda de Almer\u00eda pone en marcha la ONG Solidaridad Enfermera Almer\u00eda.<\/p>\n\n\n\n<p>Ya est\u00e1 en marcha Solidaridad Enfermera Almer\u00eda, la ONG del Colegio de Enfermer\u00eda de Almer\u00eda, creada por el Consejo General de Enfermer\u00eda, con el objetivo de contribuir a mejorar la salud y la calidad de vida de las personas que en nuestro entorno se encuentran en situaci\u00f3n de vulnerabilidad.<\/p>\n\n\n\n<p>Se trata de trabajar con y desde la enfermer\u00eda promoviendo iniciativas solidarias, ya que enfermeras y enfermeros tienen las capacidades y las herramientas necesarias para aportar su granito de arena en la construcci\u00f3n de una sociedad m\u00e1s justa y equitativa, en la que el derecho a la salud sea universal y est\u00e9 garantizado para todas las personas.<\/p>\n\n\n\n<p>La pandemia de COVID-19 est\u00e1 ocasionando que muchas personas y familias de la comunidad almeriense se vean abocados a una situaci\u00f3n de pobreza sobrevenida, mientras que se ha agudizado la de aquellos colectivos que ya eran especialmente vulnerables en la \u00e9poca previa a la irrupci\u00f3n del coronavirus.<\/p>\n\n\n\n<p>Muchas de estas personas no tienen la capacidad o no pueden, por su situaci\u00f3n, a acceder a la informaci\u00f3n y educaci\u00f3n necesaria para no poner en riesgo su salud o la de las personas de su entorno. Por ello, entre las iniciativas que se van a llevar a cabo desde la ONG Solidaridad Enfermera Almer\u00eda del Colegio de Enfermer\u00eda, est\u00e1 la de identificar las necesidades de esas poblaciones y dise\u00f1ar estrategias y actividades espec\u00edficas, fundamentalmente de prevenci\u00f3n y educaci\u00f3n para la salud, que respondan a las mismas.<\/p>\n\n\n\n<p>Es muy importante tambi\u00e9n establecer alianzas con las organizaciones locales que trabajan habitualmente con personas en exclusi\u00f3n social, para apoyarlas y complementar su trabajo desde el \u00e1mbito de la salud y de la enfermer\u00eda. Es por ello que este proyecto vincula tambi\u00e9n organizaciones y asociaciones, de pacientes y de profesionales, que trabajan en una misma direcci\u00f3n, aunando esfuerzos para alcanzar objetivos comunes.<\/p>\n\n\n\n<p>Adem\u00e1s, la ONG Solidaridad Enfermera Almer\u00eda tiene previsto fusionarse con el mundo universitario, captando a los estudiantes de Enfermer\u00eda como voluntarios, para participar activamente en el desarrollo del mismo. Mar\u00eda del Mar Garc\u00eda, presidenta del Colegio Oficial de Enfermeros de Almer\u00eda, afirma que \u201clos enfermeros siempre responden a las necesidades sociales y Solidaridad Enfermera es el reflejo de ello.\u201d Tambi\u00e9n ha destacado al gran equipo humano compuesto por Inma, Noelia, Roc\u00edo, Cristina y Roc\u00edo.<\/p>\n\n\n\n<p>La presidenta del COE Almer\u00eda ha instado a enfermeras y enfermeros de la provincia de Almer\u00eda a colaborar y participar en actividades de manera altruista, ya que \u201cahora m\u00e1s que nunca estamos demostrando nuestro compromiso con la comunidad, trabajando con esfuerzo y profesionalidad en el \u00e1mbito asistencial y colaborando en iniciativas como la que presentamos. Invitamos a todos a formar parte de este proyecto\u201d. Para hacerlo, solo es necesario tener motivaci\u00f3n, compromiso con la salud y un poco de tiempo para llevar a cabo actividades de voluntariado.<\/p>\n\n\n\n<p>En Solidaridad Enfermera Almer\u00eda ya est\u00e1n dando los primeros pasos, creando y perfilando los primeros proyectos. Mirando siempre hacia el bienestar y salud de nuestra poblaci\u00f3n. \u201cCreemos en el cambio y en la unidad humanitaria para llevar nuestros cuidados a los m\u00e1s necesitados. Crezcamos juntos hacia un nuevo bienestar\u201d ha recalcado Mar\u00eda del Mar Garc\u00eda.<\/p>\n\n\n\n<p><\/p>\n\n\n\n<figure class=\"wp-block-gallery columns-1 is-cropped wp-block-gallery-1 is-layout-flex wp-block-gallery-is-layout-flex\"><ul class=\"blocks-gallery-grid\"><li class=\"blocks-gallery-item\"><figure><img loading=\"lazy\" decoding=\"async\" width=\"1024\" height=\"576\" src=\"https:\/\/www.solidaridadenfermera.org\/delegacion-de-almeria\/wp-content\/uploads\/sites\/75\/2021\/04\/201130-Maria-del-Mar-Garcia-presidenta-del-COE-Almeria-junto-al-equipo-de-la-ONG-1-1024x576.jpeg\" alt=\"\" data-id=\"1044\" data-full-url=\"https:\/\/www.solidaridadenfermera.org\/delegacion-de-almeria\/wp-content\/uploads\/sites\/75\/2021\/04\/201130-Maria-del-Mar-Garcia-presidenta-del-COE-Almeria-junto-al-equipo-de-la-ONG-1.jpeg\" data-link=\"https:\/\/www.solidaridadenfermera.org\/delegacion-de-almeria\/actualidad\/solidaridad-enfermera-tenerife-se-acerca-a-la-comunidad-y-ensena-al-profesorado-del-ceip-montana-roja-el-medano-tenerife-como-actuar-frente-a-accidentes-en-el-aula-y-en-una-parada-cardio-respirator\/201130-maria-del-mar-garcia-presidenta-del-coe-almeria-junto-al-equipo-de-la-ong-1\/\" class=\"wp-image-1044\" srcset=\"https:\/\/www.solidaridadenfermera.org\/almeria\/wp-content\/uploads\/sites\/75\/2021\/04\/201130-Maria-del-Mar-Garcia-presidenta-del-COE-Almeria-junto-al-equipo-de-la-ONG-1-1024x576.jpeg 1024w, https:\/\/www.solidaridadenfermera.org\/almeria\/wp-content\/uploads\/sites\/75\/2021\/04\/201130-Maria-del-Mar-Garcia-presidenta-del-COE-Almeria-junto-al-equipo-de-la-ONG-1-300x169.jpeg 300w, https:\/\/www.solidaridadenfermera.org\/almeria\/wp-content\/uploads\/sites\/75\/2021\/04\/201130-Maria-del-Mar-Garcia-presidenta-del-COE-Almeria-junto-al-equipo-de-la-ONG-1-768x432.jpeg 768w, https:\/\/www.solidaridadenfermera.org\/almeria\/wp-content\/uploads\/sites\/75\/2021\/04\/201130-Maria-del-Mar-Garcia-presidenta-del-COE-Almeria-junto-al-equipo-de-la-ONG-1-1536x864.jpeg 1536w, https:\/\/www.solidaridadenfermera.org\/almeria\/wp-content\/uploads\/sites\/75\/2021\/04\/201130-Maria-del-Mar-Garcia-presidenta-del-COE-Almeria-junto-al-equipo-de-la-ONG-1.jpeg 2016w\" sizes=\"auto, (max-width: 1024px) 100vw, 1024px\" \/><\/figure><\/li><\/ul><\/figure>\n\n\n\n<p><\/p>\n\n\n<\/div>\n\n\n\n<div class=\"wp-block-columns row-sections-home is-layout-flex wp-container-core-columns-is-layout-9d6595d7 wp-block-columns-is-layout-flex\">\n<div class=\"wp-block-column is-layout-flow wp-block-column-is-layout-flow\">\n<div class=\"wp-block-cover has-background-dim\" style=\"background-image:url(https:\/\/www.solidaridadenfermera.org\/delegacion-de-almeria\/wp-content\/uploads\/sites\/75\/2020\/03\/imagenes-resol-10.png)\"><div class=\"wp-block-cover__inner-container is-layout-flow wp-block-cover-is-layout-flow\">\n<h3 class=\"small-title wp-block-heading\">Empleo<\/h3>\n\n\n\n<p>Lorem ipsum dolor sit amet, consectetur adipiscing elit. Integer malesuada fermentum ante<\/p>\n\n\n\n<div class=\"wp-block-buttons aligncenter is-layout-flex wp-block-buttons-is-layout-flex\">\n<div class=\"wp-block-button\"><a class=\"wp-block-button__link\">Lorem ipsum<\/a><\/div>\n<\/div>\n\n\n\n<p><\/p>\n<\/div><\/div>\n\n\n\n<p><\/p>\n<\/div>\n\n\n\n<div class=\"wp-block-column is-layout-flow wp-block-column-is-layout-flow\">\n<div class=\"wp-block-cover has-background-dim\" style=\"background-image:url(https:\/\/www.solidaridadenfermera.org\/delegacion-de-almeria\/wp-content\/uploads\/sites\/75\/2020\/03\/imagenes-resol-11.png)\"><div class=\"wp-block-cover__inner-container is-layout-flow wp-block-cover-is-layout-flow\">\n<h3 class=\"small-title wp-block-heading\">Formaci\u00f3n<\/h3>\n\n\n\n<p>Lorem ipsum dolor sit amet, consectetur adipiscing elit. Integer malesuada fermentum ante<\/p>\n\n\n\n<div class=\"wp-block-buttons aligncenter is-layout-flex wp-block-buttons-is-layout-flex\">\n<div class=\"wp-block-button\"><a class=\"wp-block-button__link\">Lorem ipsum<\/a><\/div>\n<\/div>\n\n\n\n<p><\/p>\n<\/div><\/div>\n<\/div>\n\n\n\n<div class=\"wp-block-column is-layout-flow wp-block-column-is-layout-flow\">\n<div class=\"wp-block-cover has-background-dim\" style=\"background-image:url(https:\/\/www.solidaridadenfermera.org\/delegacion-de-almeria\/wp-content\/uploads\/sites\/75\/2020\/03\/imagenes-resol-12.png)\"><div class=\"wp-block-cover__inner-container is-layout-flow wp-block-cover-is-layout-flow\">\n<h3 class=\"small-title wp-block-heading\">Becas<\/h3>\n\n\n\n<p>Lorem ipsum dolor sit amet, consectetur adipiscing elit. Integer malesuada fermentum ante<\/p>\n\n\n\n<div class=\"wp-block-buttons aligncenter is-layout-flex wp-block-buttons-is-layout-flex\">\n<div class=\"wp-block-button\"><a class=\"wp-block-button__link\">Lorem ipsum<\/a><\/div>\n<\/div>\n\n\n\n<p><\/p>\n<\/div><\/div>\n<\/div>\n\n\n\n<div class=\"wp-block-column is-layout-flow wp-block-column-is-layout-flow\">\n<div class=\"wp-block-cover has-background-dim\" style=\"background-image:url(https:\/\/www.solidaridadenfermera.org\/delegacion-de-almeria\/wp-content\/uploads\/sites\/75\/2020\/03\/imagenes-resol-13.png)\"><div class=\"wp-block-cover__inner-container is-layout-flow wp-block-cover-is-layout-flow\">\n<h3 class=\"small-title wp-block-heading\">Agenda<\/h3>\n\n\n\n<p>Lorem ipsum dolor sit amet, consectetur adipiscing elit. Integer malesuada fermentum ante<\/p>\n\n\n\n<div class=\"wp-block-buttons is-layout-flex wp-block-buttons-is-layout-flex\">\n<div class=\"wp-block-button\"><a class=\"wp-block-button__link\">Lorem ipsum<\/a><\/div>\n<\/div>\n\n\n\n<p><\/p>\n<\/div><\/div>\n<\/div>\n<\/div>\n\n\n\n<p><\/p>\n\n\n\n<div class=\"wp-block-cge-blocks-nested-related undefined row-nested-news\"><div class=\"container\">\n<h2 class=\"wp-block-heading\">Noticias relacionadas<\/h2>\n\n\n<div class=\"row\">\n\n\t\n\t\t\n            <div class=\"col-lg-3 view-cards\">\n                <a href=\"https:\/\/www.solidaridadenfermera.org\/almeria\/sala-prensa\/solidaridad-enfermeria-almeria-imparte-un-taller-para-la-higiene-intima-femenina-y-autocuidados-en-roquetas-de-mar\/\">\n                    <div class=\"card h-100\">\n                        <div class=\"image\">\n                            <div class=\"inner\">\n                                                                    <div class=\"card-image\"\n                                         style=\"background-image:url(https:\/\/www.solidaridadenfermera.org\/almeria\/wp-content\/uploads\/sites\/75\/2026\/02\/stella-maris.jpg);background-repeat: no-repeat;background-position: center;border-radius:18px\">\n                                        &nbsp;\n                                    <\/div>\n                                                            <\/div>\n                        <\/div>\n\n                        <div class=\"content\">\n                            <div class=\"date\">\n                                <p><i class=\"far fa-calendar\" style=\"color: var(--color-primary);\"><\/i>17 de febrero de 2026<\/p>\n                            <\/div>\n                            <div class=\"news-title\">\n                                <h3 class=\"title\">Solidaridad Enfermer\u00eda Almer\u00eda imparte un taller para la higiene \u00edntima femenina y autocuidados en Roquetas&hellip;<\/h3>\n                            <\/div>\n                            <p class=\"news-p\" style=\"\">Solidaridad Enfermera Almer\u00eda ha llevado a cabo la actividad \u201cSalud \u00edntima femenina, autocuidados\u201d en colaboraci\u00f3n con la Asociaci\u00f3n de Mujeres Estella Maris de Roquetas de Mar, celebrada el pasado 20&hellip;<\/p>\n                        <\/div>\n                    <\/div>\n                <\/a>\n            <\/div>\n\n    \t    \n\t\t\n            <div class=\"col-lg-3 view-cards\">\n                <a href=\"https:\/\/www.solidaridadenfermera.org\/almeria\/sala-prensa\/solidaridad-enfermera-organiza-en-huecija-un-taller-sobre-salud-intima-femenina\/\">\n                    <div class=\"card h-100\">\n                        <div class=\"image\">\n                            <div class=\"inner\">\n                                                                    <div class=\"card-image\"\n                                         style=\"background-image:url(https:\/\/www.solidaridadenfermera.org\/almeria\/wp-content\/uploads\/sites\/75\/2025\/12\/Imagen-de-WhatsApp-2025-11-28-a-las-07.47.56_fa979350.jpg);background-repeat: no-repeat;background-position: center;border-radius:18px\">\n                                        &nbsp;\n                                    <\/div>\n                                                            <\/div>\n                        <\/div>\n\n                        <div class=\"content\">\n                            <div class=\"date\">\n                                <p><i class=\"far fa-calendar\" style=\"color: var(--color-primary);\"><\/i>1 de diciembre de 2025<\/p>\n                            <\/div>\n                            <div class=\"news-title\">\n                                <h3 class=\"title\">Solidaridad Enfermera organiza en Hu\u00e9cija un taller sobre salud \u00edntima femenina<\/h3>\n                            <\/div>\n                            <p class=\"news-p\" style=\"\">22 mujeres participan en una jornada de formaci\u00f3n y autocuidados impulsada por la ONG en colaboraci\u00f3n con la Asociaci\u00f3n de Mujeres de Hu\u00e9cija. El pasado 19 de noviembre de 2025,&hellip;<\/p>\n                        <\/div>\n                    <\/div>\n                <\/a>\n            <\/div>\n\n    \t    \n\t\t\n            <div class=\"col-lg-3 view-cards\">\n                <a href=\"https:\/\/www.solidaridadenfermera.org\/almeria\/sala-prensa\/solidaridad-enfermera-almeria-y-caritas-desarrollan-un-taller-de-primeros-auxilios-para-personas-en-formacion\/\">\n                    <div class=\"card h-100\">\n                        <div class=\"image\">\n                            <div class=\"inner\">\n                                                                    <div class=\"card-image\"\n                                         style=\"background-image:url(https:\/\/www.solidaridadenfermera.org\/almeria\/wp-content\/uploads\/sites\/75\/2025\/11\/IMG-20251116-WA0005.jpg);background-repeat: no-repeat;background-position: center;border-radius:18px\">\n                                        &nbsp;\n                                    <\/div>\n                                                            <\/div>\n                        <\/div>\n\n                        <div class=\"content\">\n                            <div class=\"date\">\n                                <p><i class=\"far fa-calendar\" style=\"color: var(--color-primary);\"><\/i>26 de noviembre de 2025<\/p>\n                            <\/div>\n                            <div class=\"news-title\">\n                                <h3 class=\"title\">Solidaridad Enfermera Almer\u00eda y C\u00e1ritas desarrollan un Taller de Primeros Auxilios para personas en formaci\u00f3n<\/h3>\n                            <\/div>\n                            <p class=\"news-p\" style=\"\">Solidaridad Enfermera Almer\u00eda, la ONG del Colegio Oficial de Enfermer\u00eda de Almer\u00eda, imparti\u00f3 el pasado 14 de noviembre el Taller de Primeros Auxilios en colaboraci\u00f3n con C\u00e1ritas Almer\u00eda, dirigido a&hellip;<\/p>\n                        <\/div>\n                    <\/div>\n                <\/a>\n            <\/div>\n\n    \t    \n\t\t\n            <div class=\"col-lg-3 view-cards\">\n                <a href=\"https:\/\/www.solidaridadenfermera.org\/almeria\/sala-prensa\/personas-en-riesgo-de-exclusion-se-forman-en-primeros-auxilios-con-solidaridad-enfermera\/\">\n                    <div class=\"card h-100\">\n                        <div class=\"image\">\n                            <div class=\"inner\">\n                                                                    <div class=\"card-image\"\n                                         style=\"background-image:url(https:\/\/www.solidaridadenfermera.org\/almeria\/wp-content\/uploads\/sites\/75\/2025\/07\/IMG-20250701-WA0021.jpg);background-repeat: no-repeat;background-position: center;border-radius:18px\">\n                                        &nbsp;\n                                    <\/div>\n                                                            <\/div>\n                        <\/div>\n\n                        <div class=\"content\">\n                            <div class=\"date\">\n                                <p><i class=\"far fa-calendar\" style=\"color: var(--color-primary);\"><\/i>3 de julio de 2025<\/p>\n                            <\/div>\n                            <div class=\"news-title\">\n                                <h3 class=\"title\">Personas en riesgo de exclusi\u00f3n se forman en primeros auxilios con Solidaridad Enfermera<\/h3>\n                            <\/div>\n                            <p class=\"news-p\" style=\"\">El pasado 26 de junio de 2025 se celebr\u00f3 en Almer\u00eda un Taller de Primeros Auxilios organizado por C\u00e1ritas Almer\u00eda, dirigido a personas en situaci\u00f3n o riesgo de exclusi\u00f3n social&hellip;<\/p>\n                        <\/div>\n                    <\/div>\n                <\/a>\n            <\/div>\n\n    \t        <div class=\"see-more\">\n        <a href=\"https:\/\/www.solidaridadenfermera.org\/almeria\/sala-prensa\/\">Ver todas las noticias<\/a>\n        <\/div>\n<\/div> <!-- Close row -->\n\n<!--<div class=\"related-content-parent related-posts-content\" itemscope itemtype=\"http:\/\/schema.org\/NewsArticle\">-->\n<!--\t<div class=\"related-row related-news\">-->\n<!--\t\t--><!--\t\t\t<div class=\"item\" itemscope itemtype=\"http:\/\/schema.org\/Article\">-->\n<!---->\n<!--\t\t\t\t--><!--\t\t\t\t<div class=\"image --><!--\">-->\n<!--\t\t\t\t\t--><!--\t\t\t\t<\/div>-->\n<!--\t\t\t\t<div class=\"content\">-->\n<!--\t\t\t\t\t<h3>-->\n<!--\t\t\t\t\t\t<a href=\"--><!--\" title=\"--><!--\" itemprop=\"alternativeHeadline\">-->\n<!--\t\t\t\t\t\t--><!--<\/h3>-->\n<!--\t\t\t\t\t<\/a>-->\n<!--\t\t\t\t\t--><!--\t\t\t\t\t\t<p itemprop=\"backstory\">-->\n<!--\t\t\t\t\t\t\t--><!--\t\t\t\t\t\t<\/p>-->\n<!--\t\t\t\t\t--><!---->\n<!--\t\t\t\t\t<a href=\"--><!--\" title=\"--><!--\" class=\"arrow\">-->\n<!--\t\t\t\t\t\t<i class=\"icon-arrow-pointing-to-right\"><\/i>-->\n<!--\t\t\t\t\t<\/a>-->\n<!--\t\t\t\t<\/div>-->\n<!---->\n<!--\t\t\t<\/div>-->\n<!--\t\t--><!---->\n<!--\t\t--><!--\t<\/div>-->\n<!--\t<div class=\"see-more\">-->\n<!--\t\t<a href=\"--><!--\">--><!--<\/a>-->\n<!--\t<\/div>-->\n<!--<\/div>-->\n<\/div><\/div>\n","protected":false},"excerpt":{"rendered":"","protected":false},"featured_media":1044,"template":"","news_category":[],"news_tag":[],"class_list":["post-756","news","type-news","status-publish","has-post-thumbnail","hentry"],"yoast_head":"<!-- This site is optimized with the Yoast SEO plugin v27.0 - https:\/\/yoast.com\/product\/yoast-seo-wordpress\/ -->\n<title>El Colegio de Enfermer\u00eda de Almer\u00eda pone en marcha la ONG Solidaridad Enfermera Almer\u00eda - Delegaci\u00f3n de Almer\u00eda<\/title>\n<meta name=\"robots\" content=\"index, follow, max-snippet:-1, max-image-preview:large, max-video-preview:-1\" \/>\n<link rel=\"canonical\" href=\"https:\/\/www.solidaridadenfermera.org\/almeria\/sala-prensa\/el-colegio-de-enfermeria-de-almeria-pone-en-marcha-la-ong-solidaridad-enfermera-almeria\/\" \/>\n<meta property=\"og:locale\" content=\"es_ES\" \/>\n<meta property=\"og:type\" content=\"article\" \/>\n<meta property=\"og:title\" content=\"El Colegio de Enfermer\u00eda de Almer\u00eda pone en marcha la ONG Solidaridad Enfermera Almer\u00eda - Delegaci\u00f3n de Almer\u00eda\" \/>\n<meta property=\"og:url\" content=\"https:\/\/www.solidaridadenfermera.org\/almeria\/sala-prensa\/el-colegio-de-enfermeria-de-almeria-pone-en-marcha-la-ong-solidaridad-enfermera-almeria\/\" \/>\n<meta property=\"og:site_name\" content=\"Delegaci\u00f3n de Almer\u00eda\" \/>\n<meta property=\"article:modified_time\" content=\"2022-02-09T11:40:08+00:00\" \/>\n<meta property=\"og:image\" content=\"https:\/\/www.solidaridadenfermera.org\/almeria\/wp-content\/uploads\/sites\/75\/2021\/04\/201130-Maria-del-Mar-Garcia-presidenta-del-COE-Almeria-junto-al-equipo-de-la-ONG-1.jpeg\" \/>\n\t<meta property=\"og:image:width\" content=\"2016\" \/>\n\t<meta property=\"og:image:height\" content=\"1134\" \/>\n\t<meta property=\"og:image:type\" content=\"image\/jpeg\" \/>\n<meta name=\"twitter:card\" content=\"summary_large_image\" \/>\n<meta name=\"twitter:label1\" content=\"Tiempo de lectura\" \/>\n\t<meta name=\"twitter:data1\" content=\"3 minutos\" \/>\n<script type=\"application\/ld+json\" class=\"yoast-schema-graph\">{\"@context\":\"https:\/\/schema.org\",\"@graph\":[{\"@type\":\"WebPage\",\"@id\":\"https:\/\/www.solidaridadenfermera.org\/almeria\/sala-prensa\/el-colegio-de-enfermeria-de-almeria-pone-en-marcha-la-ong-solidaridad-enfermera-almeria\/\",\"url\":\"https:\/\/www.solidaridadenfermera.org\/almeria\/sala-prensa\/el-colegio-de-enfermeria-de-almeria-pone-en-marcha-la-ong-solidaridad-enfermera-almeria\/\",\"name\":\"El Colegio de Enfermer\u00eda de Almer\u00eda pone en marcha la ONG Solidaridad Enfermera Almer\u00eda - Delegaci\u00f3n de Almer\u00eda\",\"isPartOf\":{\"@id\":\"https:\/\/www.solidaridadenfermera.org\/almeria\/#website\"},\"primaryImageOfPage\":{\"@id\":\"https:\/\/www.solidaridadenfermera.org\/almeria\/sala-prensa\/el-colegio-de-enfermeria-de-almeria-pone-en-marcha-la-ong-solidaridad-enfermera-almeria\/#primaryimage\"},\"image\":{\"@id\":\"https:\/\/www.solidaridadenfermera.org\/almeria\/sala-prensa\/el-colegio-de-enfermeria-de-almeria-pone-en-marcha-la-ong-solidaridad-enfermera-almeria\/#primaryimage\"},\"thumbnailUrl\":\"https:\/\/www.solidaridadenfermera.org\/almeria\/wp-content\/uploads\/sites\/75\/2021\/04\/201130-Maria-del-Mar-Garcia-presidenta-del-COE-Almeria-junto-al-equipo-de-la-ONG-1.jpeg\",\"datePublished\":\"2020-11-30T10:27:00+00:00\",\"dateModified\":\"2022-02-09T11:40:08+00:00\",\"breadcrumb\":{\"@id\":\"https:\/\/www.solidaridadenfermera.org\/almeria\/sala-prensa\/el-colegio-de-enfermeria-de-almeria-pone-en-marcha-la-ong-solidaridad-enfermera-almeria\/#breadcrumb\"},\"inLanguage\":\"es\",\"potentialAction\":[{\"@type\":\"ReadAction\",\"target\":[\"https:\/\/www.solidaridadenfermera.org\/almeria\/sala-prensa\/el-colegio-de-enfermeria-de-almeria-pone-en-marcha-la-ong-solidaridad-enfermera-almeria\/\"]}]},{\"@type\":\"ImageObject\",\"inLanguage\":\"es\",\"@id\":\"https:\/\/www.solidaridadenfermera.org\/almeria\/sala-prensa\/el-colegio-de-enfermeria-de-almeria-pone-en-marcha-la-ong-solidaridad-enfermera-almeria\/#primaryimage\",\"url\":\"https:\/\/www.solidaridadenfermera.org\/almeria\/wp-content\/uploads\/sites\/75\/2021\/04\/201130-Maria-del-Mar-Garcia-presidenta-del-COE-Almeria-junto-al-equipo-de-la-ONG-1.jpeg\",\"contentUrl\":\"https:\/\/www.solidaridadenfermera.org\/almeria\/wp-content\/uploads\/sites\/75\/2021\/04\/201130-Maria-del-Mar-Garcia-presidenta-del-COE-Almeria-junto-al-equipo-de-la-ONG-1.jpeg\",\"width\":2016,\"height\":1134},{\"@type\":\"BreadcrumbList\",\"@id\":\"https:\/\/www.solidaridadenfermera.org\/almeria\/sala-prensa\/el-colegio-de-enfermeria-de-almeria-pone-en-marcha-la-ong-solidaridad-enfermera-almeria\/#breadcrumb\",\"itemListElement\":[{\"@type\":\"ListItem\",\"position\":1,\"name\":\"Inicio\",\"item\":\"https:\/\/www.solidaridadenfermera.org\/almeria\/\"},{\"@type\":\"ListItem\",\"position\":2,\"name\":\"Sala De Prensa\",\"item\":\"https:\/\/www.solidaridadenfermera.org\/almeria\/sala-prensa\/\"},{\"@type\":\"ListItem\",\"position\":3,\"name\":\"El Colegio de Enfermer\u00eda de Almer\u00eda pone en marcha la ONG Solidaridad Enfermera Almer\u00eda\"}]},{\"@type\":\"WebSite\",\"@id\":\"https:\/\/www.solidaridadenfermera.org\/almeria\/#website\",\"url\":\"https:\/\/www.solidaridadenfermera.org\/almeria\/\",\"name\":\"Delegaci\u00f3n de Almer\u00eda\",\"description\":\"Consejo General de Enfermer\u00eda (CGE) es una organizaci\u00f3n profesional con m\u00e1s 100 a\u00f1os de historia, que en base a los fines y funciones que le atribuye su Estatuto Aprobado por Real Decreto 1231, de 8 de noviembre de 2001, se constituye como el referente para la profesi\u00f3n de enfermer\u00eda, representando a un colectivo de doscientos mil colegiados.\",\"publisher\":{\"@id\":\"https:\/\/www.solidaridadenfermera.org\/almeria\/#organization\"},\"potentialAction\":[{\"@type\":\"SearchAction\",\"target\":{\"@type\":\"EntryPoint\",\"urlTemplate\":\"https:\/\/www.solidaridadenfermera.org\/almeria\/?s={search_term_string}\"},\"query-input\":{\"@type\":\"PropertyValueSpecification\",\"valueRequired\":true,\"valueName\":\"search_term_string\"}}],\"inLanguage\":\"es\"},{\"@type\":\"Organization\",\"@id\":\"https:\/\/www.solidaridadenfermera.org\/almeria\/#organization\",\"name\":\"Delegaci\u00f3n de Almer\u00eda\",\"url\":\"https:\/\/www.solidaridadenfermera.org\/almeria\/\",\"logo\":{\"@type\":\"ImageObject\",\"inLanguage\":\"es\",\"@id\":\"https:\/\/www.solidaridadenfermera.org\/almeria\/#\/schema\/logo\/image\/\",\"url\":\"https:\/\/www.solidaridadenfermera.org\/almeria\/wp-content\/uploads\/sites\/75\/2021\/05\/Logo-SE-Almeria.png\",\"contentUrl\":\"https:\/\/www.solidaridadenfermera.org\/almeria\/wp-content\/uploads\/sites\/75\/2021\/05\/Logo-SE-Almeria.png\",\"width\":578,\"height\":771,\"caption\":\"Delegaci\u00f3n de Almer\u00eda\"},\"image\":{\"@id\":\"https:\/\/www.solidaridadenfermera.org\/almeria\/#\/schema\/logo\/image\/\"}}]}<\/script>\n<!-- \/ Yoast SEO plugin. -->","yoast_head_json":{"title":"El Colegio de Enfermer\u00eda de Almer\u00eda pone en marcha la ONG Solidaridad Enfermera Almer\u00eda - Delegaci\u00f3n de Almer\u00eda","robots":{"index":"index","follow":"follow","max-snippet":"max-snippet:-1","max-image-preview":"max-image-preview:large","max-video-preview":"max-video-preview:-1"},"canonical":"https:\/\/www.solidaridadenfermera.org\/almeria\/sala-prensa\/el-colegio-de-enfermeria-de-almeria-pone-en-marcha-la-ong-solidaridad-enfermera-almeria\/","og_locale":"es_ES","og_type":"article","og_title":"El Colegio de Enfermer\u00eda de Almer\u00eda pone en marcha la ONG Solidaridad Enfermera Almer\u00eda - Delegaci\u00f3n de Almer\u00eda","og_url":"https:\/\/www.solidaridadenfermera.org\/almeria\/sala-prensa\/el-colegio-de-enfermeria-de-almeria-pone-en-marcha-la-ong-solidaridad-enfermera-almeria\/","og_site_name":"Delegaci\u00f3n de Almer\u00eda","article_modified_time":"2022-02-09T11:40:08+00:00","og_image":[{"width":2016,"height":1134,"url":"https:\/\/www.solidaridadenfermera.org\/almeria\/wp-content\/uploads\/sites\/75\/2021\/04\/201130-Maria-del-Mar-Garcia-presidenta-del-COE-Almeria-junto-al-equipo-de-la-ONG-1.jpeg","type":"image\/jpeg"}],"twitter_card":"summary_large_image","twitter_misc":{"Tiempo de lectura":"3 minutos"},"schema":{"@context":"https:\/\/schema.org","@graph":[{"@type":"WebPage","@id":"https:\/\/www.solidaridadenfermera.org\/almeria\/sala-prensa\/el-colegio-de-enfermeria-de-almeria-pone-en-marcha-la-ong-solidaridad-enfermera-almeria\/","url":"https:\/\/www.solidaridadenfermera.org\/almeria\/sala-prensa\/el-colegio-de-enfermeria-de-almeria-pone-en-marcha-la-ong-solidaridad-enfermera-almeria\/","name":"El Colegio de Enfermer\u00eda de Almer\u00eda pone en marcha la ONG Solidaridad Enfermera Almer\u00eda - Delegaci\u00f3n de Almer\u00eda","isPartOf":{"@id":"https:\/\/www.solidaridadenfermera.org\/almeria\/#website"},"primaryImageOfPage":{"@id":"https:\/\/www.solidaridadenfermera.org\/almeria\/sala-prensa\/el-colegio-de-enfermeria-de-almeria-pone-en-marcha-la-ong-solidaridad-enfermera-almeria\/#primaryimage"},"image":{"@id":"https:\/\/www.solidaridadenfermera.org\/almeria\/sala-prensa\/el-colegio-de-enfermeria-de-almeria-pone-en-marcha-la-ong-solidaridad-enfermera-almeria\/#primaryimage"},"thumbnailUrl":"https:\/\/www.solidaridadenfermera.org\/almeria\/wp-content\/uploads\/sites\/75\/2021\/04\/201130-Maria-del-Mar-Garcia-presidenta-del-COE-Almeria-junto-al-equipo-de-la-ONG-1.jpeg","datePublished":"2020-11-30T10:27:00+00:00","dateModified":"2022-02-09T11:40:08+00:00","breadcrumb":{"@id":"https:\/\/www.solidaridadenfermera.org\/almeria\/sala-prensa\/el-colegio-de-enfermeria-de-almeria-pone-en-marcha-la-ong-solidaridad-enfermera-almeria\/#breadcrumb"},"inLanguage":"es","potentialAction":[{"@type":"ReadAction","target":["https:\/\/www.solidaridadenfermera.org\/almeria\/sala-prensa\/el-colegio-de-enfermeria-de-almeria-pone-en-marcha-la-ong-solidaridad-enfermera-almeria\/"]}]},{"@type":"ImageObject","inLanguage":"es","@id":"https:\/\/www.solidaridadenfermera.org\/almeria\/sala-prensa\/el-colegio-de-enfermeria-de-almeria-pone-en-marcha-la-ong-solidaridad-enfermera-almeria\/#primaryimage","url":"https:\/\/www.solidaridadenfermera.org\/almeria\/wp-content\/uploads\/sites\/75\/2021\/04\/201130-Maria-del-Mar-Garcia-presidenta-del-COE-Almeria-junto-al-equipo-de-la-ONG-1.jpeg","contentUrl":"https:\/\/www.solidaridadenfermera.org\/almeria\/wp-content\/uploads\/sites\/75\/2021\/04\/201130-Maria-del-Mar-Garcia-presidenta-del-COE-Almeria-junto-al-equipo-de-la-ONG-1.jpeg","width":2016,"height":1134},{"@type":"BreadcrumbList","@id":"https:\/\/www.solidaridadenfermera.org\/almeria\/sala-prensa\/el-colegio-de-enfermeria-de-almeria-pone-en-marcha-la-ong-solidaridad-enfermera-almeria\/#breadcrumb","itemListElement":[{"@type":"ListItem","position":1,"name":"Inicio","item":"https:\/\/www.solidaridadenfermera.org\/almeria\/"},{"@type":"ListItem","position":2,"name":"Sala De Prensa","item":"https:\/\/www.solidaridadenfermera.org\/almeria\/sala-prensa\/"},{"@type":"ListItem","position":3,"name":"El Colegio de Enfermer\u00eda de Almer\u00eda pone en marcha la ONG Solidaridad Enfermera Almer\u00eda"}]},{"@type":"WebSite","@id":"https:\/\/www.solidaridadenfermera.org\/almeria\/#website","url":"https:\/\/www.solidaridadenfermera.org\/almeria\/","name":"Delegaci\u00f3n de Almer\u00eda","description":"Consejo General de Enfermer\u00eda (CGE) es una organizaci\u00f3n profesional con m\u00e1s 100 a\u00f1os de historia, que en base a los fines y funciones que le atribuye su Estatuto Aprobado por Real Decreto 1231, de 8 de noviembre de 2001, se constituye como el referente para la profesi\u00f3n de enfermer\u00eda, representando a un colectivo de doscientos mil colegiados.","publisher":{"@id":"https:\/\/www.solidaridadenfermera.org\/almeria\/#organization"},"potentialAction":[{"@type":"SearchAction","target":{"@type":"EntryPoint","urlTemplate":"https:\/\/www.solidaridadenfermera.org\/almeria\/?s={search_term_string}"},"query-input":{"@type":"PropertyValueSpecification","valueRequired":true,"valueName":"search_term_string"}}],"inLanguage":"es"},{"@type":"Organization","@id":"https:\/\/www.solidaridadenfermera.org\/almeria\/#organization","name":"Delegaci\u00f3n de Almer\u00eda","url":"https:\/\/www.solidaridadenfermera.org\/almeria\/","logo":{"@type":"ImageObject","inLanguage":"es","@id":"https:\/\/www.solidaridadenfermera.org\/almeria\/#\/schema\/logo\/image\/","url":"https:\/\/www.solidaridadenfermera.org\/almeria\/wp-content\/uploads\/sites\/75\/2021\/05\/Logo-SE-Almeria.png","contentUrl":"https:\/\/www.solidaridadenfermera.org\/almeria\/wp-content\/uploads\/sites\/75\/2021\/05\/Logo-SE-Almeria.png","width":578,"height":771,"caption":"Delegaci\u00f3n de Almer\u00eda"},"image":{"@id":"https:\/\/www.solidaridadenfermera.org\/almeria\/#\/schema\/logo\/image\/"}}]}},"_links":{"self":[{"href":"https:\/\/www.solidaridadenfermera.org\/almeria\/wp-json\/wp\/v2\/news\/756","targetHints":{"allow":["GET"]}}],"collection":[{"href":"https:\/\/www.solidaridadenfermera.org\/almeria\/wp-json\/wp\/v2\/news"}],"about":[{"href":"https:\/\/www.solidaridadenfermera.org\/almeria\/wp-json\/wp\/v2\/types\/news"}],"wp:featuredmedia":[{"embeddable":true,"href":"https:\/\/www.solidaridadenfermera.org\/almeria\/wp-json\/wp\/v2\/media\/1044"}],"wp:attachment":[{"href":"https:\/\/www.solidaridadenfermera.org\/almeria\/wp-json\/wp\/v2\/media?parent=756"}],"wp:term":[{"taxonomy":"news_category","embeddable":true,"href":"https:\/\/www.solidaridadenfermera.org\/almeria\/wp-json\/wp\/v2\/news_category?post=756"},{"taxonomy":"news_tag","embeddable":true,"href":"https:\/\/www.solidaridadenfermera.org\/almeria\/wp-json\/wp\/v2\/news_tag?post=756"}],"curies":[{"name":"wp","href":"https:\/\/api.w.org\/{rel}","templated":true}]}}