{"id":1471,"date":"2025-12-01T13:53:12","date_gmt":"2025-12-01T12:53:12","guid":{"rendered":"https:\/\/www.solidaridadenfermera.org\/almeria\/?post_type=news&#038;p=1471"},"modified":"2025-12-01T13:54:11","modified_gmt":"2025-12-01T12:54:11","slug":"solidaridad-enfermera-organiza-en-huecija-un-taller-sobre-salud-intima-femenina","status":"publish","type":"news","link":"https:\/\/www.solidaridadenfermera.org\/almeria\/sala-prensa\/solidaridad-enfermera-organiza-en-huecija-un-taller-sobre-salud-intima-femenina\/","title":{"rendered":"Solidaridad Enfermera organiza en Hu\u00e9cija un taller sobre salud \u00edntima femenina"},"content":{"rendered":"\n<div class=\"wp-block-group container\"><div class=\"wp-block-group__inner-container is-layout-flow wp-block-group-is-layout-flow\">\n<p>22 mujeres participan en una jornada de formaci\u00f3n y autocuidados impulsada por la ONG en colaboraci\u00f3n con la Asociaci\u00f3n de Mujeres de Hu\u00e9cija.<\/p>\n\n\n\n<p>El pasado <strong>19 de noviembre de 2025<\/strong>, la ONG <strong>Solidaridad Enfermera<\/strong>, en colaboraci\u00f3n con la <strong>Asociaci\u00f3n de Mujeres de Hu\u00e9cija (Almer\u00eda)<\/strong>, celebr\u00f3 la actividad <em>\u201cSalud \u00cdntima Femenina. Autocuidados\u201d<\/em>, una charla\u2013taller dirigida a mujeres de la localidad en etapa f\u00e9rtil, climat\u00e9rica y menop\u00e1usica.<\/p>\n\n\n\n<p>La sesi\u00f3n fue impartida por las matronas <strong>M\u00aa del Carmen Cano Garc\u00eda<\/strong> y <strong>M\u00aa del Carmen San Mart\u00edn Mart\u00ednez<\/strong>, y reuni\u00f3 a <strong>22 participantes<\/strong> interesadas en mejorar sus conocimientos sobre cuidado y bienestar \u00edntimo. Durante <strong>60 minutos de exposici\u00f3n<\/strong>, las asistentes recibieron informaci\u00f3n sobre anatom\u00eda y fisiolog\u00eda femenina, sexualidad, m\u00e9todos de prevenci\u00f3n de infecciones de transmisi\u00f3n sexual, embarazos no deseados y c\u00e1nceres femeninos.<\/p>\n\n\n\n<p>Tras la parte te\u00f3rica, se desarroll\u00f3 un <strong>taller pr\u00e1ctico de 45 minutos<\/strong> con maquetas anat\u00f3micas, que permiti\u00f3 resolver dudas y fomentar la propiocepci\u00f3n y los autocuidados.<\/p>\n\n\n\n<p>Esta iniciativa refuerza el compromiso de <strong>Solidaridad Enfermera<\/strong> con la promoci\u00f3n de la salud y la educaci\u00f3n sanitaria desde un enfoque participativo y comunitario.<\/p>\n<\/div><\/div>\n\n\n\n<figure class=\"wp-block-gallery has-nested-images columns-default is-cropped wp-block-gallery-1 is-layout-flex wp-block-gallery-is-layout-flex\">\n<figure class=\"wp-block-image size-large\"><img loading=\"lazy\" decoding=\"async\" width=\"768\" height=\"1024\" data-id=\"1473\" src=\"https:\/\/www.solidaridadenfermera.org\/almeria\/wp-content\/uploads\/sites\/75\/2025\/12\/Imagen-de-WhatsApp-2025-11-28-a-las-07.47.56_7aa4c50a-768x1024.jpg\" alt=\"\" class=\"wp-image-1473\" srcset=\"https:\/\/www.solidaridadenfermera.org\/almeria\/wp-content\/uploads\/sites\/75\/2025\/12\/Imagen-de-WhatsApp-2025-11-28-a-las-07.47.56_7aa4c50a-768x1024.jpg 768w, https:\/\/www.solidaridadenfermera.org\/almeria\/wp-content\/uploads\/sites\/75\/2025\/12\/Imagen-de-WhatsApp-2025-11-28-a-las-07.47.56_7aa4c50a-225x300.jpg 225w, https:\/\/www.solidaridadenfermera.org\/almeria\/wp-content\/uploads\/sites\/75\/2025\/12\/Imagen-de-WhatsApp-2025-11-28-a-las-07.47.56_7aa4c50a-1152x1536.jpg 1152w, https:\/\/www.solidaridadenfermera.org\/almeria\/wp-content\/uploads\/sites\/75\/2025\/12\/Imagen-de-WhatsApp-2025-11-28-a-las-07.47.56_7aa4c50a.jpg 1200w\" sizes=\"auto, (max-width: 768px) 100vw, 768px\" \/><\/figure>\n\n\n\n<figure class=\"wp-block-image size-large\"><img loading=\"lazy\" decoding=\"async\" width=\"768\" height=\"1024\" data-id=\"1476\" src=\"https:\/\/www.solidaridadenfermera.org\/almeria\/wp-content\/uploads\/sites\/75\/2025\/12\/Imagen-de-WhatsApp-2025-11-28-a-las-07.47.56_9db67898-768x1024.jpg\" alt=\"\" class=\"wp-image-1476\" srcset=\"https:\/\/www.solidaridadenfermera.org\/almeria\/wp-content\/uploads\/sites\/75\/2025\/12\/Imagen-de-WhatsApp-2025-11-28-a-las-07.47.56_9db67898-768x1024.jpg 768w, https:\/\/www.solidaridadenfermera.org\/almeria\/wp-content\/uploads\/sites\/75\/2025\/12\/Imagen-de-WhatsApp-2025-11-28-a-las-07.47.56_9db67898-225x300.jpg 225w, https:\/\/www.solidaridadenfermera.org\/almeria\/wp-content\/uploads\/sites\/75\/2025\/12\/Imagen-de-WhatsApp-2025-11-28-a-las-07.47.56_9db67898-1152x1536.jpg 1152w, https:\/\/www.solidaridadenfermera.org\/almeria\/wp-content\/uploads\/sites\/75\/2025\/12\/Imagen-de-WhatsApp-2025-11-28-a-las-07.47.56_9db67898.jpg 1200w\" sizes=\"auto, (max-width: 768px) 100vw, 768px\" \/><\/figure>\n\n\n\n<figure class=\"wp-block-image size-large\"><img loading=\"lazy\" decoding=\"async\" width=\"576\" height=\"1024\" data-id=\"1474\" src=\"https:\/\/www.solidaridadenfermera.org\/almeria\/wp-content\/uploads\/sites\/75\/2025\/12\/Imagen-de-WhatsApp-2025-11-28-a-las-07.47.56_11a919da-576x1024.jpg\" alt=\"\" class=\"wp-image-1474\" srcset=\"https:\/\/www.solidaridadenfermera.org\/almeria\/wp-content\/uploads\/sites\/75\/2025\/12\/Imagen-de-WhatsApp-2025-11-28-a-las-07.47.56_11a919da-576x1024.jpg 576w, https:\/\/www.solidaridadenfermera.org\/almeria\/wp-content\/uploads\/sites\/75\/2025\/12\/Imagen-de-WhatsApp-2025-11-28-a-las-07.47.56_11a919da-169x300.jpg 169w, https:\/\/www.solidaridadenfermera.org\/almeria\/wp-content\/uploads\/sites\/75\/2025\/12\/Imagen-de-WhatsApp-2025-11-28-a-las-07.47.56_11a919da-768x1365.jpg 768w, https:\/\/www.solidaridadenfermera.org\/almeria\/wp-content\/uploads\/sites\/75\/2025\/12\/Imagen-de-WhatsApp-2025-11-28-a-las-07.47.56_11a919da-864x1536.jpg 864w, https:\/\/www.solidaridadenfermera.org\/almeria\/wp-content\/uploads\/sites\/75\/2025\/12\/Imagen-de-WhatsApp-2025-11-28-a-las-07.47.56_11a919da.jpg 900w\" sizes=\"auto, (max-width: 576px) 100vw, 576px\" \/><\/figure>\n\n\n\n<figure class=\"wp-block-image size-large\"><img loading=\"lazy\" decoding=\"async\" width=\"768\" height=\"1024\" data-id=\"1478\" src=\"https:\/\/www.solidaridadenfermera.org\/almeria\/wp-content\/uploads\/sites\/75\/2025\/12\/Imagen-de-WhatsApp-2025-11-28-a-las-07.47.56_90a8df61-768x1024.jpg\" alt=\"\" class=\"wp-image-1478\" srcset=\"https:\/\/www.solidaridadenfermera.org\/almeria\/wp-content\/uploads\/sites\/75\/2025\/12\/Imagen-de-WhatsApp-2025-11-28-a-las-07.47.56_90a8df61-768x1024.jpg 768w, https:\/\/www.solidaridadenfermera.org\/almeria\/wp-content\/uploads\/sites\/75\/2025\/12\/Imagen-de-WhatsApp-2025-11-28-a-las-07.47.56_90a8df61-225x300.jpg 225w, https:\/\/www.solidaridadenfermera.org\/almeria\/wp-content\/uploads\/sites\/75\/2025\/12\/Imagen-de-WhatsApp-2025-11-28-a-las-07.47.56_90a8df61-1152x1536.jpg 1152w, https:\/\/www.solidaridadenfermera.org\/almeria\/wp-content\/uploads\/sites\/75\/2025\/12\/Imagen-de-WhatsApp-2025-11-28-a-las-07.47.56_90a8df61.jpg 1200w\" sizes=\"auto, (max-width: 768px) 100vw, 768px\" \/><\/figure>\n\n\n\n<figure class=\"wp-block-image size-large\"><img loading=\"lazy\" decoding=\"async\" width=\"768\" height=\"1024\" data-id=\"1477\" src=\"https:\/\/www.solidaridadenfermera.org\/almeria\/wp-content\/uploads\/sites\/75\/2025\/12\/Imagen-de-WhatsApp-2025-11-28-a-las-07.47.56_213ddda0-768x1024.jpg\" alt=\"\" class=\"wp-image-1477\" srcset=\"https:\/\/www.solidaridadenfermera.org\/almeria\/wp-content\/uploads\/sites\/75\/2025\/12\/Imagen-de-WhatsApp-2025-11-28-a-las-07.47.56_213ddda0-768x1024.jpg 768w, https:\/\/www.solidaridadenfermera.org\/almeria\/wp-content\/uploads\/sites\/75\/2025\/12\/Imagen-de-WhatsApp-2025-11-28-a-las-07.47.56_213ddda0-225x300.jpg 225w, https:\/\/www.solidaridadenfermera.org\/almeria\/wp-content\/uploads\/sites\/75\/2025\/12\/Imagen-de-WhatsApp-2025-11-28-a-las-07.47.56_213ddda0-1152x1536.jpg 1152w, https:\/\/www.solidaridadenfermera.org\/almeria\/wp-content\/uploads\/sites\/75\/2025\/12\/Imagen-de-WhatsApp-2025-11-28-a-las-07.47.56_213ddda0.jpg 1200w\" sizes=\"auto, (max-width: 768px) 100vw, 768px\" \/><\/figure>\n\n\n\n<figure class=\"wp-block-image size-large\"><img loading=\"lazy\" decoding=\"async\" width=\"768\" height=\"1024\" data-id=\"1475\" src=\"https:\/\/www.solidaridadenfermera.org\/almeria\/wp-content\/uploads\/sites\/75\/2025\/12\/Imagen-de-WhatsApp-2025-11-28-a-las-07.47.56_814c65de-768x1024.jpg\" alt=\"\" class=\"wp-image-1475\" srcset=\"https:\/\/www.solidaridadenfermera.org\/almeria\/wp-content\/uploads\/sites\/75\/2025\/12\/Imagen-de-WhatsApp-2025-11-28-a-las-07.47.56_814c65de-768x1024.jpg 768w, https:\/\/www.solidaridadenfermera.org\/almeria\/wp-content\/uploads\/sites\/75\/2025\/12\/Imagen-de-WhatsApp-2025-11-28-a-las-07.47.56_814c65de-225x300.jpg 225w, https:\/\/www.solidaridadenfermera.org\/almeria\/wp-content\/uploads\/sites\/75\/2025\/12\/Imagen-de-WhatsApp-2025-11-28-a-las-07.47.56_814c65de-1152x1536.jpg 1152w, https:\/\/www.solidaridadenfermera.org\/almeria\/wp-content\/uploads\/sites\/75\/2025\/12\/Imagen-de-WhatsApp-2025-11-28-a-las-07.47.56_814c65de.jpg 1200w\" sizes=\"auto, (max-width: 768px) 100vw, 768px\" \/><\/figure>\n\n\n\n<figure class=\"wp-block-image size-large\"><img loading=\"lazy\" decoding=\"async\" width=\"768\" height=\"1024\" data-id=\"1479\" src=\"https:\/\/www.solidaridadenfermera.org\/almeria\/wp-content\/uploads\/sites\/75\/2025\/12\/Imagen-de-WhatsApp-2025-11-28-a-las-07.47.56_10623ad1-768x1024.jpg\" alt=\"\" class=\"wp-image-1479\" srcset=\"https:\/\/www.solidaridadenfermera.org\/almeria\/wp-content\/uploads\/sites\/75\/2025\/12\/Imagen-de-WhatsApp-2025-11-28-a-las-07.47.56_10623ad1-768x1024.jpg 768w, https:\/\/www.solidaridadenfermera.org\/almeria\/wp-content\/uploads\/sites\/75\/2025\/12\/Imagen-de-WhatsApp-2025-11-28-a-las-07.47.56_10623ad1-225x300.jpg 225w, https:\/\/www.solidaridadenfermera.org\/almeria\/wp-content\/uploads\/sites\/75\/2025\/12\/Imagen-de-WhatsApp-2025-11-28-a-las-07.47.56_10623ad1-1152x1536.jpg 1152w, https:\/\/www.solidaridadenfermera.org\/almeria\/wp-content\/uploads\/sites\/75\/2025\/12\/Imagen-de-WhatsApp-2025-11-28-a-las-07.47.56_10623ad1.jpg 1200w\" sizes=\"auto, (max-width: 768px) 100vw, 768px\" \/><\/figure>\n\n\n\n<figure class=\"wp-block-image size-large\"><img loading=\"lazy\" decoding=\"async\" width=\"768\" height=\"1024\" data-id=\"1481\" src=\"https:\/\/www.solidaridadenfermera.org\/almeria\/wp-content\/uploads\/sites\/75\/2025\/12\/Imagen-de-WhatsApp-2025-11-28-a-las-07.47.56_0759408a-768x1024.jpg\" alt=\"\" class=\"wp-image-1481\" srcset=\"https:\/\/www.solidaridadenfermera.org\/almeria\/wp-content\/uploads\/sites\/75\/2025\/12\/Imagen-de-WhatsApp-2025-11-28-a-las-07.47.56_0759408a-768x1024.jpg 768w, https:\/\/www.solidaridadenfermera.org\/almeria\/wp-content\/uploads\/sites\/75\/2025\/12\/Imagen-de-WhatsApp-2025-11-28-a-las-07.47.56_0759408a-225x300.jpg 225w, https:\/\/www.solidaridadenfermera.org\/almeria\/wp-content\/uploads\/sites\/75\/2025\/12\/Imagen-de-WhatsApp-2025-11-28-a-las-07.47.56_0759408a-1152x1536.jpg 1152w, https:\/\/www.solidaridadenfermera.org\/almeria\/wp-content\/uploads\/sites\/75\/2025\/12\/Imagen-de-WhatsApp-2025-11-28-a-las-07.47.56_0759408a.jpg 1200w\" sizes=\"auto, (max-width: 768px) 100vw, 768px\" \/><\/figure>\n\n\n\n<figure class=\"wp-block-image size-large\"><img loading=\"lazy\" decoding=\"async\" width=\"768\" height=\"1024\" data-id=\"1480\" src=\"https:\/\/www.solidaridadenfermera.org\/almeria\/wp-content\/uploads\/sites\/75\/2025\/12\/Imagen-de-WhatsApp-2025-11-28-a-las-07.47.56_bd7be82b-768x1024.jpg\" alt=\"\" class=\"wp-image-1480\" srcset=\"https:\/\/www.solidaridadenfermera.org\/almeria\/wp-content\/uploads\/sites\/75\/2025\/12\/Imagen-de-WhatsApp-2025-11-28-a-las-07.47.56_bd7be82b-768x1024.jpg 768w, https:\/\/www.solidaridadenfermera.org\/almeria\/wp-content\/uploads\/sites\/75\/2025\/12\/Imagen-de-WhatsApp-2025-11-28-a-las-07.47.56_bd7be82b-225x300.jpg 225w, https:\/\/www.solidaridadenfermera.org\/almeria\/wp-content\/uploads\/sites\/75\/2025\/12\/Imagen-de-WhatsApp-2025-11-28-a-las-07.47.56_bd7be82b-1152x1536.jpg 1152w, https:\/\/www.solidaridadenfermera.org\/almeria\/wp-content\/uploads\/sites\/75\/2025\/12\/Imagen-de-WhatsApp-2025-11-28-a-las-07.47.56_bd7be82b.jpg 1200w\" sizes=\"auto, (max-width: 768px) 100vw, 768px\" \/><\/figure>\n\n\n\n<figure class=\"wp-block-image size-large\"><img loading=\"lazy\" decoding=\"async\" width=\"768\" height=\"1024\" data-id=\"1482\" src=\"https:\/\/www.solidaridadenfermera.org\/almeria\/wp-content\/uploads\/sites\/75\/2025\/12\/Imagen-de-WhatsApp-2025-11-28-a-las-07.47.56_fa979350-1-768x1024.jpg\" alt=\"\" class=\"wp-image-1482\" srcset=\"https:\/\/www.solidaridadenfermera.org\/almeria\/wp-content\/uploads\/sites\/75\/2025\/12\/Imagen-de-WhatsApp-2025-11-28-a-las-07.47.56_fa979350-1-768x1024.jpg 768w, https:\/\/www.solidaridadenfermera.org\/almeria\/wp-content\/uploads\/sites\/75\/2025\/12\/Imagen-de-WhatsApp-2025-11-28-a-las-07.47.56_fa979350-1-225x300.jpg 225w, https:\/\/www.solidaridadenfermera.org\/almeria\/wp-content\/uploads\/sites\/75\/2025\/12\/Imagen-de-WhatsApp-2025-11-28-a-las-07.47.56_fa979350-1-1152x1536.jpg 1152w, https:\/\/www.solidaridadenfermera.org\/almeria\/wp-content\/uploads\/sites\/75\/2025\/12\/Imagen-de-WhatsApp-2025-11-28-a-las-07.47.56_fa979350-1.jpg 1200w\" sizes=\"auto, (max-width: 768px) 100vw, 768px\" \/><\/figure>\n<\/figure>\n","protected":false},"excerpt":{"rendered":"<p>22 mujeres participan en una jornada de formaci\u00f3n y autocuidados impulsada por la ONG en colaboraci\u00f3n con la Asociaci\u00f3n de Mujeres de Hu\u00e9cija. El pasado 19 de noviembre de 2025, la ONG Solidaridad Enfermera, en colaboraci\u00f3n con la Asociaci\u00f3n de Mujeres de Hu\u00e9cija (Almer\u00eda), celebr\u00f3 la actividad \u201cSalud \u00cdntima Femenina. Autocuidados\u201d, una charla\u2013taller dirigida a [&hellip;]<\/p>\n","protected":false},"featured_media":1472,"template":"","news_category":[12,56,11,57],"news_tag":[131,136,133,61,132,126,127,128],"class_list":["post-1471","news","type-news","status-publish","has-post-thumbnail","hentry","news_category-notas-de-prensa","news_category-notas-de-prensa-en","news_category-noticias","news_category-noticias-en","news_tag-actividad","news_tag-cuidados-intimos","news_tag-educacion-sexual","news_tag-enfermeria-en","news_tag-mujer","news_tag-ong","news_tag-solidaridad-enfermera","news_tag-voluntariado"],"yoast_head":"<!-- This site is optimized with the Yoast SEO plugin v27.0 - https:\/\/yoast.com\/product\/yoast-seo-wordpress\/ -->\n<title>Solidaridad Enfermera organiza en Hu\u00e9cija un taller sobre salud \u00edntima femenina - Delegaci\u00f3n de Almer\u00eda<\/title>\n<meta name=\"description\" content=\"Solidaridad Enfermera organiza en Hu\u00e9cija un taller sobre salud \u00edntima femenina\" \/>\n<meta name=\"robots\" content=\"index, follow, max-snippet:-1, max-image-preview:large, max-video-preview:-1\" \/>\n<link rel=\"canonical\" href=\"https:\/\/www.solidaridadenfermera.org\/almeria\/sala-prensa\/solidaridad-enfermera-organiza-en-huecija-un-taller-sobre-salud-intima-femenina\/\" \/>\n<meta property=\"og:locale\" content=\"es_ES\" \/>\n<meta property=\"og:type\" content=\"article\" \/>\n<meta property=\"og:title\" content=\"Solidaridad Enfermera organiza en Hu\u00e9cija un taller sobre salud \u00edntima femenina - Delegaci\u00f3n de Almer\u00eda\" \/>\n<meta property=\"og:description\" content=\"Solidaridad Enfermera organiza en Hu\u00e9cija un taller sobre salud \u00edntima femenina\" \/>\n<meta property=\"og:url\" content=\"https:\/\/www.solidaridadenfermera.org\/almeria\/sala-prensa\/solidaridad-enfermera-organiza-en-huecija-un-taller-sobre-salud-intima-femenina\/\" \/>\n<meta property=\"og:site_name\" content=\"Delegaci\u00f3n de Almer\u00eda\" \/>\n<meta property=\"article:modified_time\" content=\"2025-12-01T12:54:11+00:00\" \/>\n<meta property=\"og:image\" content=\"https:\/\/www.solidaridadenfermera.org\/almeria\/wp-content\/uploads\/sites\/75\/2025\/12\/Imagen-de-WhatsApp-2025-11-28-a-las-07.47.56_fa979350.jpg\" \/>\n\t<meta property=\"og:image:width\" content=\"1200\" \/>\n\t<meta property=\"og:image:height\" content=\"1600\" \/>\n\t<meta property=\"og:image:type\" content=\"image\/jpeg\" \/>\n<meta name=\"twitter:card\" content=\"summary_large_image\" \/>\n<meta name=\"twitter:label1\" content=\"Tiempo de lectura\" \/>\n\t<meta name=\"twitter:data1\" content=\"4 minutos\" \/>\n<script type=\"application\/ld+json\" class=\"yoast-schema-graph\">{\"@context\":\"https:\/\/schema.org\",\"@graph\":[{\"@type\":\"WebPage\",\"@id\":\"https:\/\/www.solidaridadenfermera.org\/almeria\/sala-prensa\/solidaridad-enfermera-organiza-en-huecija-un-taller-sobre-salud-intima-femenina\/\",\"url\":\"https:\/\/www.solidaridadenfermera.org\/almeria\/sala-prensa\/solidaridad-enfermera-organiza-en-huecija-un-taller-sobre-salud-intima-femenina\/\",\"name\":\"Solidaridad Enfermera organiza en Hu\u00e9cija un taller sobre salud \u00edntima femenina - Delegaci\u00f3n de Almer\u00eda\",\"isPartOf\":{\"@id\":\"https:\/\/www.solidaridadenfermera.org\/almeria\/#website\"},\"primaryImageOfPage\":{\"@id\":\"https:\/\/www.solidaridadenfermera.org\/almeria\/sala-prensa\/solidaridad-enfermera-organiza-en-huecija-un-taller-sobre-salud-intima-femenina\/#primaryimage\"},\"image\":{\"@id\":\"https:\/\/www.solidaridadenfermera.org\/almeria\/sala-prensa\/solidaridad-enfermera-organiza-en-huecija-un-taller-sobre-salud-intima-femenina\/#primaryimage\"},\"thumbnailUrl\":\"https:\/\/www.solidaridadenfermera.org\/almeria\/wp-content\/uploads\/sites\/75\/2025\/12\/Imagen-de-WhatsApp-2025-11-28-a-las-07.47.56_fa979350.jpg\",\"datePublished\":\"2025-12-01T12:53:12+00:00\",\"dateModified\":\"2025-12-01T12:54:11+00:00\",\"description\":\"Solidaridad Enfermera organiza en Hu\u00e9cija un taller sobre salud \u00edntima femenina\",\"breadcrumb\":{\"@id\":\"https:\/\/www.solidaridadenfermera.org\/almeria\/sala-prensa\/solidaridad-enfermera-organiza-en-huecija-un-taller-sobre-salud-intima-femenina\/#breadcrumb\"},\"inLanguage\":\"es\",\"potentialAction\":[{\"@type\":\"ReadAction\",\"target\":[\"https:\/\/www.solidaridadenfermera.org\/almeria\/sala-prensa\/solidaridad-enfermera-organiza-en-huecija-un-taller-sobre-salud-intima-femenina\/\"]}]},{\"@type\":\"ImageObject\",\"inLanguage\":\"es\",\"@id\":\"https:\/\/www.solidaridadenfermera.org\/almeria\/sala-prensa\/solidaridad-enfermera-organiza-en-huecija-un-taller-sobre-salud-intima-femenina\/#primaryimage\",\"url\":\"https:\/\/www.solidaridadenfermera.org\/almeria\/wp-content\/uploads\/sites\/75\/2025\/12\/Imagen-de-WhatsApp-2025-11-28-a-las-07.47.56_fa979350.jpg\",\"contentUrl\":\"https:\/\/www.solidaridadenfermera.org\/almeria\/wp-content\/uploads\/sites\/75\/2025\/12\/Imagen-de-WhatsApp-2025-11-28-a-las-07.47.56_fa979350.jpg\",\"width\":1200,\"height\":1600},{\"@type\":\"BreadcrumbList\",\"@id\":\"https:\/\/www.solidaridadenfermera.org\/almeria\/sala-prensa\/solidaridad-enfermera-organiza-en-huecija-un-taller-sobre-salud-intima-femenina\/#breadcrumb\",\"itemListElement\":[{\"@type\":\"ListItem\",\"position\":1,\"name\":\"Inicio\",\"item\":\"https:\/\/www.solidaridadenfermera.org\/almeria\/\"},{\"@type\":\"ListItem\",\"position\":2,\"name\":\"Sala De Prensa\",\"item\":\"https:\/\/www.solidaridadenfermera.org\/almeria\/sala-prensa\/\"},{\"@type\":\"ListItem\",\"position\":3,\"name\":\"Solidaridad Enfermera organiza en Hu\u00e9cija un taller sobre salud \u00edntima femenina\"}]},{\"@type\":\"WebSite\",\"@id\":\"https:\/\/www.solidaridadenfermera.org\/almeria\/#website\",\"url\":\"https:\/\/www.solidaridadenfermera.org\/almeria\/\",\"name\":\"Delegaci\u00f3n de Almer\u00eda\",\"description\":\"Consejo General de Enfermer\u00eda (CGE) es una organizaci\u00f3n profesional con m\u00e1s 100 a\u00f1os de historia, que en base a los fines y funciones que le atribuye su Estatuto Aprobado por Real Decreto 1231, de 8 de noviembre de 2001, se constituye como el referente para la profesi\u00f3n de enfermer\u00eda, representando a un colectivo de doscientos mil colegiados.\",\"publisher\":{\"@id\":\"https:\/\/www.solidaridadenfermera.org\/almeria\/#organization\"},\"potentialAction\":[{\"@type\":\"SearchAction\",\"target\":{\"@type\":\"EntryPoint\",\"urlTemplate\":\"https:\/\/www.solidaridadenfermera.org\/almeria\/?s={search_term_string}\"},\"query-input\":{\"@type\":\"PropertyValueSpecification\",\"valueRequired\":true,\"valueName\":\"search_term_string\"}}],\"inLanguage\":\"es\"},{\"@type\":\"Organization\",\"@id\":\"https:\/\/www.solidaridadenfermera.org\/almeria\/#organization\",\"name\":\"Delegaci\u00f3n de Almer\u00eda\",\"url\":\"https:\/\/www.solidaridadenfermera.org\/almeria\/\",\"logo\":{\"@type\":\"ImageObject\",\"inLanguage\":\"es\",\"@id\":\"https:\/\/www.solidaridadenfermera.org\/almeria\/#\/schema\/logo\/image\/\",\"url\":\"https:\/\/www.solidaridadenfermera.org\/almeria\/wp-content\/uploads\/sites\/75\/2021\/05\/Logo-SE-Almeria.png\",\"contentUrl\":\"https:\/\/www.solidaridadenfermera.org\/almeria\/wp-content\/uploads\/sites\/75\/2021\/05\/Logo-SE-Almeria.png\",\"width\":578,\"height\":771,\"caption\":\"Delegaci\u00f3n de Almer\u00eda\"},\"image\":{\"@id\":\"https:\/\/www.solidaridadenfermera.org\/almeria\/#\/schema\/logo\/image\/\"}}]}<\/script>\n<!-- \/ Yoast SEO plugin. -->","yoast_head_json":{"title":"Solidaridad Enfermera organiza en Hu\u00e9cija un taller sobre salud \u00edntima femenina - Delegaci\u00f3n de Almer\u00eda","description":"Solidaridad Enfermera organiza en Hu\u00e9cija un taller sobre salud \u00edntima femenina","robots":{"index":"index","follow":"follow","max-snippet":"max-snippet:-1","max-image-preview":"max-image-preview:large","max-video-preview":"max-video-preview:-1"},"canonical":"https:\/\/www.solidaridadenfermera.org\/almeria\/sala-prensa\/solidaridad-enfermera-organiza-en-huecija-un-taller-sobre-salud-intima-femenina\/","og_locale":"es_ES","og_type":"article","og_title":"Solidaridad Enfermera organiza en Hu\u00e9cija un taller sobre salud \u00edntima femenina - Delegaci\u00f3n de Almer\u00eda","og_description":"Solidaridad Enfermera organiza en Hu\u00e9cija un taller sobre salud \u00edntima femenina","og_url":"https:\/\/www.solidaridadenfermera.org\/almeria\/sala-prensa\/solidaridad-enfermera-organiza-en-huecija-un-taller-sobre-salud-intima-femenina\/","og_site_name":"Delegaci\u00f3n de Almer\u00eda","article_modified_time":"2025-12-01T12:54:11+00:00","og_image":[{"width":1200,"height":1600,"url":"https:\/\/www.solidaridadenfermera.org\/almeria\/wp-content\/uploads\/sites\/75\/2025\/12\/Imagen-de-WhatsApp-2025-11-28-a-las-07.47.56_fa979350.jpg","type":"image\/jpeg"}],"twitter_card":"summary_large_image","twitter_misc":{"Tiempo de lectura":"4 minutos"},"schema":{"@context":"https:\/\/schema.org","@graph":[{"@type":"WebPage","@id":"https:\/\/www.solidaridadenfermera.org\/almeria\/sala-prensa\/solidaridad-enfermera-organiza-en-huecija-un-taller-sobre-salud-intima-femenina\/","url":"https:\/\/www.solidaridadenfermera.org\/almeria\/sala-prensa\/solidaridad-enfermera-organiza-en-huecija-un-taller-sobre-salud-intima-femenina\/","name":"Solidaridad Enfermera organiza en Hu\u00e9cija un taller sobre salud \u00edntima femenina - Delegaci\u00f3n de Almer\u00eda","isPartOf":{"@id":"https:\/\/www.solidaridadenfermera.org\/almeria\/#website"},"primaryImageOfPage":{"@id":"https:\/\/www.solidaridadenfermera.org\/almeria\/sala-prensa\/solidaridad-enfermera-organiza-en-huecija-un-taller-sobre-salud-intima-femenina\/#primaryimage"},"image":{"@id":"https:\/\/www.solidaridadenfermera.org\/almeria\/sala-prensa\/solidaridad-enfermera-organiza-en-huecija-un-taller-sobre-salud-intima-femenina\/#primaryimage"},"thumbnailUrl":"https:\/\/www.solidaridadenfermera.org\/almeria\/wp-content\/uploads\/sites\/75\/2025\/12\/Imagen-de-WhatsApp-2025-11-28-a-las-07.47.56_fa979350.jpg","datePublished":"2025-12-01T12:53:12+00:00","dateModified":"2025-12-01T12:54:11+00:00","description":"Solidaridad Enfermera organiza en Hu\u00e9cija un taller sobre salud \u00edntima femenina","breadcrumb":{"@id":"https:\/\/www.solidaridadenfermera.org\/almeria\/sala-prensa\/solidaridad-enfermera-organiza-en-huecija-un-taller-sobre-salud-intima-femenina\/#breadcrumb"},"inLanguage":"es","potentialAction":[{"@type":"ReadAction","target":["https:\/\/www.solidaridadenfermera.org\/almeria\/sala-prensa\/solidaridad-enfermera-organiza-en-huecija-un-taller-sobre-salud-intima-femenina\/"]}]},{"@type":"ImageObject","inLanguage":"es","@id":"https:\/\/www.solidaridadenfermera.org\/almeria\/sala-prensa\/solidaridad-enfermera-organiza-en-huecija-un-taller-sobre-salud-intima-femenina\/#primaryimage","url":"https:\/\/www.solidaridadenfermera.org\/almeria\/wp-content\/uploads\/sites\/75\/2025\/12\/Imagen-de-WhatsApp-2025-11-28-a-las-07.47.56_fa979350.jpg","contentUrl":"https:\/\/www.solidaridadenfermera.org\/almeria\/wp-content\/uploads\/sites\/75\/2025\/12\/Imagen-de-WhatsApp-2025-11-28-a-las-07.47.56_fa979350.jpg","width":1200,"height":1600},{"@type":"BreadcrumbList","@id":"https:\/\/www.solidaridadenfermera.org\/almeria\/sala-prensa\/solidaridad-enfermera-organiza-en-huecija-un-taller-sobre-salud-intima-femenina\/#breadcrumb","itemListElement":[{"@type":"ListItem","position":1,"name":"Inicio","item":"https:\/\/www.solidaridadenfermera.org\/almeria\/"},{"@type":"ListItem","position":2,"name":"Sala De Prensa","item":"https:\/\/www.solidaridadenfermera.org\/almeria\/sala-prensa\/"},{"@type":"ListItem","position":3,"name":"Solidaridad Enfermera organiza en Hu\u00e9cija un taller sobre salud \u00edntima femenina"}]},{"@type":"WebSite","@id":"https:\/\/www.solidaridadenfermera.org\/almeria\/#website","url":"https:\/\/www.solidaridadenfermera.org\/almeria\/","name":"Delegaci\u00f3n de Almer\u00eda","description":"Consejo General de Enfermer\u00eda (CGE) es una organizaci\u00f3n profesional con m\u00e1s 100 a\u00f1os de historia, que en base a los fines y funciones que le atribuye su Estatuto Aprobado por Real Decreto 1231, de 8 de noviembre de 2001, se constituye como el referente para la profesi\u00f3n de enfermer\u00eda, representando a un colectivo de doscientos mil colegiados.","publisher":{"@id":"https:\/\/www.solidaridadenfermera.org\/almeria\/#organization"},"potentialAction":[{"@type":"SearchAction","target":{"@type":"EntryPoint","urlTemplate":"https:\/\/www.solidaridadenfermera.org\/almeria\/?s={search_term_string}"},"query-input":{"@type":"PropertyValueSpecification","valueRequired":true,"valueName":"search_term_string"}}],"inLanguage":"es"},{"@type":"Organization","@id":"https:\/\/www.solidaridadenfermera.org\/almeria\/#organization","name":"Delegaci\u00f3n de Almer\u00eda","url":"https:\/\/www.solidaridadenfermera.org\/almeria\/","logo":{"@type":"ImageObject","inLanguage":"es","@id":"https:\/\/www.solidaridadenfermera.org\/almeria\/#\/schema\/logo\/image\/","url":"https:\/\/www.solidaridadenfermera.org\/almeria\/wp-content\/uploads\/sites\/75\/2021\/05\/Logo-SE-Almeria.png","contentUrl":"https:\/\/www.solidaridadenfermera.org\/almeria\/wp-content\/uploads\/sites\/75\/2021\/05\/Logo-SE-Almeria.png","width":578,"height":771,"caption":"Delegaci\u00f3n de Almer\u00eda"},"image":{"@id":"https:\/\/www.solidaridadenfermera.org\/almeria\/#\/schema\/logo\/image\/"}}]}},"_links":{"self":[{"href":"https:\/\/www.solidaridadenfermera.org\/almeria\/wp-json\/wp\/v2\/news\/1471","targetHints":{"allow":["GET"]}}],"collection":[{"href":"https:\/\/www.solidaridadenfermera.org\/almeria\/wp-json\/wp\/v2\/news"}],"about":[{"href":"https:\/\/www.solidaridadenfermera.org\/almeria\/wp-json\/wp\/v2\/types\/news"}],"wp:featuredmedia":[{"embeddable":true,"href":"https:\/\/www.solidaridadenfermera.org\/almeria\/wp-json\/wp\/v2\/media\/1472"}],"wp:attachment":[{"href":"https:\/\/www.solidaridadenfermera.org\/almeria\/wp-json\/wp\/v2\/media?parent=1471"}],"wp:term":[{"taxonomy":"news_category","embeddable":true,"href":"https:\/\/www.solidaridadenfermera.org\/almeria\/wp-json\/wp\/v2\/news_category?post=1471"},{"taxonomy":"news_tag","embeddable":true,"href":"https:\/\/www.solidaridadenfermera.org\/almeria\/wp-json\/wp\/v2\/news_tag?post=1471"}],"curies":[{"name":"wp","href":"https:\/\/api.w.org\/{rel}","templated":true}]}}