{"id":1465,"date":"2025-11-26T09:32:14","date_gmt":"2025-11-26T08:32:14","guid":{"rendered":"https:\/\/www.solidaridadenfermera.org\/almeria\/?post_type=news&#038;p=1465"},"modified":"2025-11-26T09:32:15","modified_gmt":"2025-11-26T08:32:15","slug":"solidaridad-enfermera-almeria-y-caritas-desarrollan-un-taller-de-primeros-auxilios-para-personas-en-formacion","status":"publish","type":"news","link":"https:\/\/www.solidaridadenfermera.org\/almeria\/sala-prensa\/solidaridad-enfermera-almeria-y-caritas-desarrollan-un-taller-de-primeros-auxilios-para-personas-en-formacion\/","title":{"rendered":"Solidaridad Enfermera Almer\u00eda y C\u00e1ritas desarrollan un Taller de Primeros Auxilios para personas en formaci\u00f3n"},"content":{"rendered":"\n<div class=\"wp-block-group container\"><div class=\"wp-block-group__inner-container is-layout-flow wp-block-group-is-layout-flow\">\n<p>Solidaridad Enfermera Almer\u00eda, la ONG del Colegio Oficial de Enfermer\u00eda de Almer\u00eda, imparti\u00f3 el pasado 14 de noviembre el <em>Taller de Primeros Auxilios<\/em> en colaboraci\u00f3n con C\u00e1ritas Almer\u00eda, dirigido a personas en formaci\u00f3n con riesgo de exclusi\u00f3n social.<br>La actividad, de dos horas de duraci\u00f3n, cont\u00f3 con la participaci\u00f3n de ocho personas y fue impartida por la enfermera Mar\u00eda del Mar Torres Navarro. Durante el taller se abordaron contenidos clave como la regla PAS, actuaci\u00f3n ante personas inconscientes, maniobra de Heimlich, soporte vital b\u00e1sico y primeros cuidados ante quemaduras, heridas y hemorragias.<\/p>\n\n\n\n<p>Con iniciativas como esta, la organizaci\u00f3n refuerza su compromiso con la salud de la ciudadan\u00eda y la prevenci\u00f3n, m\u00e1s all\u00e1 de la labor asistencial propia de la profesi\u00f3n enfermera.<\/p>\n<\/div><\/div>\n\n\n\n<figure class=\"wp-block-gallery has-nested-images columns-default is-cropped wp-block-gallery-1 is-layout-flex wp-block-gallery-is-layout-flex\">\n<figure class=\"wp-block-image size-large\"><img loading=\"lazy\" decoding=\"async\" width=\"768\" height=\"1024\" data-id=\"1469\" src=\"https:\/\/www.solidaridadenfermera.org\/almeria\/wp-content\/uploads\/sites\/75\/2025\/11\/IMG-20251116-WA0004-768x1024.jpg\" alt=\"\" class=\"wp-image-1469\" srcset=\"https:\/\/www.solidaridadenfermera.org\/almeria\/wp-content\/uploads\/sites\/75\/2025\/11\/IMG-20251116-WA0004-768x1024.jpg 768w, https:\/\/www.solidaridadenfermera.org\/almeria\/wp-content\/uploads\/sites\/75\/2025\/11\/IMG-20251116-WA0004-225x300.jpg 225w, https:\/\/www.solidaridadenfermera.org\/almeria\/wp-content\/uploads\/sites\/75\/2025\/11\/IMG-20251116-WA0004-1152x1536.jpg 1152w, https:\/\/www.solidaridadenfermera.org\/almeria\/wp-content\/uploads\/sites\/75\/2025\/11\/IMG-20251116-WA0004.jpg 1536w\" sizes=\"auto, (max-width: 768px) 100vw, 768px\" \/><\/figure>\n\n\n\n<figure class=\"wp-block-image size-large\"><img loading=\"lazy\" decoding=\"async\" width=\"1024\" height=\"768\" data-id=\"1466\" src=\"https:\/\/www.solidaridadenfermera.org\/almeria\/wp-content\/uploads\/sites\/75\/2025\/11\/IMG-20251116-WA0005-1024x768.jpg\" alt=\"\" class=\"wp-image-1466\" srcset=\"https:\/\/www.solidaridadenfermera.org\/almeria\/wp-content\/uploads\/sites\/75\/2025\/11\/IMG-20251116-WA0005-1024x768.jpg 1024w, https:\/\/www.solidaridadenfermera.org\/almeria\/wp-content\/uploads\/sites\/75\/2025\/11\/IMG-20251116-WA0005-300x225.jpg 300w, https:\/\/www.solidaridadenfermera.org\/almeria\/wp-content\/uploads\/sites\/75\/2025\/11\/IMG-20251116-WA0005-768x576.jpg 768w, https:\/\/www.solidaridadenfermera.org\/almeria\/wp-content\/uploads\/sites\/75\/2025\/11\/IMG-20251116-WA0005-1536x1152.jpg 1536w, https:\/\/www.solidaridadenfermera.org\/almeria\/wp-content\/uploads\/sites\/75\/2025\/11\/IMG-20251116-WA0005.jpg 2048w\" sizes=\"auto, (max-width: 1024px) 100vw, 1024px\" \/><\/figure>\n\n\n\n<figure class=\"wp-block-image size-large\"><img loading=\"lazy\" decoding=\"async\" width=\"768\" height=\"1024\" data-id=\"1467\" src=\"https:\/\/www.solidaridadenfermera.org\/almeria\/wp-content\/uploads\/sites\/75\/2025\/11\/IMG-20251116-WA0016-1-768x1024.jpg\" alt=\"\" class=\"wp-image-1467\" srcset=\"https:\/\/www.solidaridadenfermera.org\/almeria\/wp-content\/uploads\/sites\/75\/2025\/11\/IMG-20251116-WA0016-1-768x1024.jpg 768w, https:\/\/www.solidaridadenfermera.org\/almeria\/wp-content\/uploads\/sites\/75\/2025\/11\/IMG-20251116-WA0016-1-225x300.jpg 225w, https:\/\/www.solidaridadenfermera.org\/almeria\/wp-content\/uploads\/sites\/75\/2025\/11\/IMG-20251116-WA0016-1-1152x1536.jpg 1152w, https:\/\/www.solidaridadenfermera.org\/almeria\/wp-content\/uploads\/sites\/75\/2025\/11\/IMG-20251116-WA0016-1.jpg 1536w\" sizes=\"auto, (max-width: 768px) 100vw, 768px\" \/><\/figure>\n\n\n\n<figure class=\"wp-block-image size-large\"><img loading=\"lazy\" decoding=\"async\" width=\"768\" height=\"1024\" data-id=\"1468\" src=\"https:\/\/www.solidaridadenfermera.org\/almeria\/wp-content\/uploads\/sites\/75\/2025\/11\/IMG-20251116-WA0016-768x1024.jpg\" alt=\"\" class=\"wp-image-1468\" srcset=\"https:\/\/www.solidaridadenfermera.org\/almeria\/wp-content\/uploads\/sites\/75\/2025\/11\/IMG-20251116-WA0016-768x1024.jpg 768w, https:\/\/www.solidaridadenfermera.org\/almeria\/wp-content\/uploads\/sites\/75\/2025\/11\/IMG-20251116-WA0016-225x300.jpg 225w, https:\/\/www.solidaridadenfermera.org\/almeria\/wp-content\/uploads\/sites\/75\/2025\/11\/IMG-20251116-WA0016-1152x1536.jpg 1152w, https:\/\/www.solidaridadenfermera.org\/almeria\/wp-content\/uploads\/sites\/75\/2025\/11\/IMG-20251116-WA0016.jpg 1536w\" sizes=\"auto, (max-width: 768px) 100vw, 768px\" \/><\/figure>\n\n\n\n<figure class=\"wp-block-image size-large\"><img loading=\"lazy\" decoding=\"async\" width=\"768\" height=\"1024\" data-id=\"1470\" src=\"https:\/\/www.solidaridadenfermera.org\/almeria\/wp-content\/uploads\/sites\/75\/2025\/11\/IMG-20251116-WA0025-768x1024.jpg\" alt=\"\" class=\"wp-image-1470\" srcset=\"https:\/\/www.solidaridadenfermera.org\/almeria\/wp-content\/uploads\/sites\/75\/2025\/11\/IMG-20251116-WA0025-768x1024.jpg 768w, https:\/\/www.solidaridadenfermera.org\/almeria\/wp-content\/uploads\/sites\/75\/2025\/11\/IMG-20251116-WA0025-225x300.jpg 225w, https:\/\/www.solidaridadenfermera.org\/almeria\/wp-content\/uploads\/sites\/75\/2025\/11\/IMG-20251116-WA0025-1152x1536.jpg 1152w, https:\/\/www.solidaridadenfermera.org\/almeria\/wp-content\/uploads\/sites\/75\/2025\/11\/IMG-20251116-WA0025.jpg 1536w\" sizes=\"auto, (max-width: 768px) 100vw, 768px\" \/><\/figure>\n<\/figure>\n","protected":false},"excerpt":{"rendered":"<p>Solidaridad Enfermera Almer\u00eda, la ONG del Colegio Oficial de Enfermer\u00eda de Almer\u00eda, imparti\u00f3 el pasado 14 de noviembre el Taller de Primeros Auxilios en colaboraci\u00f3n con C\u00e1ritas Almer\u00eda, dirigido a personas en formaci\u00f3n con riesgo de exclusi\u00f3n social.La actividad, de dos horas de duraci\u00f3n, cont\u00f3 con la participaci\u00f3n de ocho personas y fue impartida por [&hellip;]<\/p>\n","protected":false},"featured_media":1466,"template":"","news_category":[12,56,11,57],"news_tag":[61,126,130,127,128],"class_list":["post-1465","news","type-news","status-publish","has-post-thumbnail","hentry","news_category-notas-de-prensa","news_category-notas-de-prensa-en","news_category-noticias","news_category-noticias-en","news_tag-enfermeria-en","news_tag-ong","news_tag-primeros-auxilios","news_tag-solidaridad-enfermera","news_tag-voluntariado"],"yoast_head":"<!-- This site is optimized with the Yoast SEO plugin v27.0 - https:\/\/yoast.com\/product\/yoast-seo-wordpress\/ -->\n<title>Solidaridad Enfermera Almer\u00eda y C\u00e1ritas desarrollan un Taller de Primeros Auxilios para personas en formaci\u00f3n - Delegaci\u00f3n de Almer\u00eda<\/title>\n<meta name=\"description\" content=\"Solidaridad Enfermera Almer\u00eda y C\u00e1ritas desarrollan un Taller de Primeros Auxilios para personas en formaci\u00f3n\" \/>\n<meta name=\"robots\" content=\"index, follow, max-snippet:-1, max-image-preview:large, max-video-preview:-1\" \/>\n<link rel=\"canonical\" href=\"https:\/\/www.solidaridadenfermera.org\/almeria\/sala-prensa\/solidaridad-enfermera-almeria-y-caritas-desarrollan-un-taller-de-primeros-auxilios-para-personas-en-formacion\/\" \/>\n<meta property=\"og:locale\" content=\"es_ES\" \/>\n<meta property=\"og:type\" content=\"article\" \/>\n<meta property=\"og:title\" content=\"Solidaridad Enfermera Almer\u00eda y C\u00e1ritas desarrollan un Taller de Primeros Auxilios para personas en formaci\u00f3n - Delegaci\u00f3n de Almer\u00eda\" \/>\n<meta property=\"og:description\" content=\"Solidaridad Enfermera Almer\u00eda y C\u00e1ritas desarrollan un Taller de Primeros Auxilios para personas en formaci\u00f3n\" \/>\n<meta property=\"og:url\" content=\"https:\/\/www.solidaridadenfermera.org\/almeria\/sala-prensa\/solidaridad-enfermera-almeria-y-caritas-desarrollan-un-taller-de-primeros-auxilios-para-personas-en-formacion\/\" \/>\n<meta property=\"og:site_name\" content=\"Delegaci\u00f3n de Almer\u00eda\" \/>\n<meta property=\"article:modified_time\" content=\"2025-11-26T08:32:15+00:00\" \/>\n<meta property=\"og:image\" content=\"https:\/\/www.solidaridadenfermera.org\/almeria\/wp-content\/uploads\/sites\/75\/2025\/11\/IMG-20251116-WA0005.jpg\" \/>\n\t<meta property=\"og:image:width\" content=\"2048\" \/>\n\t<meta property=\"og:image:height\" content=\"1536\" \/>\n\t<meta property=\"og:image:type\" content=\"image\/jpeg\" \/>\n<meta name=\"twitter:card\" content=\"summary_large_image\" \/>\n<meta name=\"twitter:label1\" content=\"Tiempo de lectura\" \/>\n\t<meta name=\"twitter:data1\" content=\"2 minutos\" \/>\n<script type=\"application\/ld+json\" class=\"yoast-schema-graph\">{\"@context\":\"https:\/\/schema.org\",\"@graph\":[{\"@type\":\"WebPage\",\"@id\":\"https:\/\/www.solidaridadenfermera.org\/almeria\/sala-prensa\/solidaridad-enfermera-almeria-y-caritas-desarrollan-un-taller-de-primeros-auxilios-para-personas-en-formacion\/\",\"url\":\"https:\/\/www.solidaridadenfermera.org\/almeria\/sala-prensa\/solidaridad-enfermera-almeria-y-caritas-desarrollan-un-taller-de-primeros-auxilios-para-personas-en-formacion\/\",\"name\":\"Solidaridad Enfermera Almer\u00eda y C\u00e1ritas desarrollan un Taller de Primeros Auxilios para personas en formaci\u00f3n - Delegaci\u00f3n de Almer\u00eda\",\"isPartOf\":{\"@id\":\"https:\/\/www.solidaridadenfermera.org\/almeria\/#website\"},\"primaryImageOfPage\":{\"@id\":\"https:\/\/www.solidaridadenfermera.org\/almeria\/sala-prensa\/solidaridad-enfermera-almeria-y-caritas-desarrollan-un-taller-de-primeros-auxilios-para-personas-en-formacion\/#primaryimage\"},\"image\":{\"@id\":\"https:\/\/www.solidaridadenfermera.org\/almeria\/sala-prensa\/solidaridad-enfermera-almeria-y-caritas-desarrollan-un-taller-de-primeros-auxilios-para-personas-en-formacion\/#primaryimage\"},\"thumbnailUrl\":\"https:\/\/www.solidaridadenfermera.org\/almeria\/wp-content\/uploads\/sites\/75\/2025\/11\/IMG-20251116-WA0005.jpg\",\"datePublished\":\"2025-11-26T08:32:14+00:00\",\"dateModified\":\"2025-11-26T08:32:15+00:00\",\"description\":\"Solidaridad Enfermera Almer\u00eda y C\u00e1ritas desarrollan un Taller de Primeros Auxilios para personas en formaci\u00f3n\",\"breadcrumb\":{\"@id\":\"https:\/\/www.solidaridadenfermera.org\/almeria\/sala-prensa\/solidaridad-enfermera-almeria-y-caritas-desarrollan-un-taller-de-primeros-auxilios-para-personas-en-formacion\/#breadcrumb\"},\"inLanguage\":\"es\",\"potentialAction\":[{\"@type\":\"ReadAction\",\"target\":[\"https:\/\/www.solidaridadenfermera.org\/almeria\/sala-prensa\/solidaridad-enfermera-almeria-y-caritas-desarrollan-un-taller-de-primeros-auxilios-para-personas-en-formacion\/\"]}]},{\"@type\":\"ImageObject\",\"inLanguage\":\"es\",\"@id\":\"https:\/\/www.solidaridadenfermera.org\/almeria\/sala-prensa\/solidaridad-enfermera-almeria-y-caritas-desarrollan-un-taller-de-primeros-auxilios-para-personas-en-formacion\/#primaryimage\",\"url\":\"https:\/\/www.solidaridadenfermera.org\/almeria\/wp-content\/uploads\/sites\/75\/2025\/11\/IMG-20251116-WA0005.jpg\",\"contentUrl\":\"https:\/\/www.solidaridadenfermera.org\/almeria\/wp-content\/uploads\/sites\/75\/2025\/11\/IMG-20251116-WA0005.jpg\",\"width\":2048,\"height\":1536},{\"@type\":\"BreadcrumbList\",\"@id\":\"https:\/\/www.solidaridadenfermera.org\/almeria\/sala-prensa\/solidaridad-enfermera-almeria-y-caritas-desarrollan-un-taller-de-primeros-auxilios-para-personas-en-formacion\/#breadcrumb\",\"itemListElement\":[{\"@type\":\"ListItem\",\"position\":1,\"name\":\"Inicio\",\"item\":\"https:\/\/www.solidaridadenfermera.org\/almeria\/\"},{\"@type\":\"ListItem\",\"position\":2,\"name\":\"Sala De Prensa\",\"item\":\"https:\/\/www.solidaridadenfermera.org\/almeria\/sala-prensa\/\"},{\"@type\":\"ListItem\",\"position\":3,\"name\":\"Solidaridad Enfermera Almer\u00eda y C\u00e1ritas desarrollan un Taller de Primeros Auxilios para personas en formaci\u00f3n\"}]},{\"@type\":\"WebSite\",\"@id\":\"https:\/\/www.solidaridadenfermera.org\/almeria\/#website\",\"url\":\"https:\/\/www.solidaridadenfermera.org\/almeria\/\",\"name\":\"Delegaci\u00f3n de Almer\u00eda\",\"description\":\"Consejo General de Enfermer\u00eda (CGE) es una organizaci\u00f3n profesional con m\u00e1s 100 a\u00f1os de historia, que en base a los fines y funciones que le atribuye su Estatuto Aprobado por Real Decreto 1231, de 8 de noviembre de 2001, se constituye como el referente para la profesi\u00f3n de enfermer\u00eda, representando a un colectivo de doscientos mil colegiados.\",\"publisher\":{\"@id\":\"https:\/\/www.solidaridadenfermera.org\/almeria\/#organization\"},\"potentialAction\":[{\"@type\":\"SearchAction\",\"target\":{\"@type\":\"EntryPoint\",\"urlTemplate\":\"https:\/\/www.solidaridadenfermera.org\/almeria\/?s={search_term_string}\"},\"query-input\":{\"@type\":\"PropertyValueSpecification\",\"valueRequired\":true,\"valueName\":\"search_term_string\"}}],\"inLanguage\":\"es\"},{\"@type\":\"Organization\",\"@id\":\"https:\/\/www.solidaridadenfermera.org\/almeria\/#organization\",\"name\":\"Delegaci\u00f3n de Almer\u00eda\",\"url\":\"https:\/\/www.solidaridadenfermera.org\/almeria\/\",\"logo\":{\"@type\":\"ImageObject\",\"inLanguage\":\"es\",\"@id\":\"https:\/\/www.solidaridadenfermera.org\/almeria\/#\/schema\/logo\/image\/\",\"url\":\"https:\/\/www.solidaridadenfermera.org\/almeria\/wp-content\/uploads\/sites\/75\/2021\/05\/Logo-SE-Almeria.png\",\"contentUrl\":\"https:\/\/www.solidaridadenfermera.org\/almeria\/wp-content\/uploads\/sites\/75\/2021\/05\/Logo-SE-Almeria.png\",\"width\":578,\"height\":771,\"caption\":\"Delegaci\u00f3n de Almer\u00eda\"},\"image\":{\"@id\":\"https:\/\/www.solidaridadenfermera.org\/almeria\/#\/schema\/logo\/image\/\"}}]}<\/script>\n<!-- \/ Yoast SEO plugin. -->","yoast_head_json":{"title":"Solidaridad Enfermera Almer\u00eda y C\u00e1ritas desarrollan un Taller de Primeros Auxilios para personas en formaci\u00f3n - Delegaci\u00f3n de Almer\u00eda","description":"Solidaridad Enfermera Almer\u00eda y C\u00e1ritas desarrollan un Taller de Primeros Auxilios para personas en formaci\u00f3n","robots":{"index":"index","follow":"follow","max-snippet":"max-snippet:-1","max-image-preview":"max-image-preview:large","max-video-preview":"max-video-preview:-1"},"canonical":"https:\/\/www.solidaridadenfermera.org\/almeria\/sala-prensa\/solidaridad-enfermera-almeria-y-caritas-desarrollan-un-taller-de-primeros-auxilios-para-personas-en-formacion\/","og_locale":"es_ES","og_type":"article","og_title":"Solidaridad Enfermera Almer\u00eda y C\u00e1ritas desarrollan un Taller de Primeros Auxilios para personas en formaci\u00f3n - Delegaci\u00f3n de Almer\u00eda","og_description":"Solidaridad Enfermera Almer\u00eda y C\u00e1ritas desarrollan un Taller de Primeros Auxilios para personas en formaci\u00f3n","og_url":"https:\/\/www.solidaridadenfermera.org\/almeria\/sala-prensa\/solidaridad-enfermera-almeria-y-caritas-desarrollan-un-taller-de-primeros-auxilios-para-personas-en-formacion\/","og_site_name":"Delegaci\u00f3n de Almer\u00eda","article_modified_time":"2025-11-26T08:32:15+00:00","og_image":[{"width":2048,"height":1536,"url":"https:\/\/www.solidaridadenfermera.org\/almeria\/wp-content\/uploads\/sites\/75\/2025\/11\/IMG-20251116-WA0005.jpg","type":"image\/jpeg"}],"twitter_card":"summary_large_image","twitter_misc":{"Tiempo de lectura":"2 minutos"},"schema":{"@context":"https:\/\/schema.org","@graph":[{"@type":"WebPage","@id":"https:\/\/www.solidaridadenfermera.org\/almeria\/sala-prensa\/solidaridad-enfermera-almeria-y-caritas-desarrollan-un-taller-de-primeros-auxilios-para-personas-en-formacion\/","url":"https:\/\/www.solidaridadenfermera.org\/almeria\/sala-prensa\/solidaridad-enfermera-almeria-y-caritas-desarrollan-un-taller-de-primeros-auxilios-para-personas-en-formacion\/","name":"Solidaridad Enfermera Almer\u00eda y C\u00e1ritas desarrollan un Taller de Primeros Auxilios para personas en formaci\u00f3n - Delegaci\u00f3n de Almer\u00eda","isPartOf":{"@id":"https:\/\/www.solidaridadenfermera.org\/almeria\/#website"},"primaryImageOfPage":{"@id":"https:\/\/www.solidaridadenfermera.org\/almeria\/sala-prensa\/solidaridad-enfermera-almeria-y-caritas-desarrollan-un-taller-de-primeros-auxilios-para-personas-en-formacion\/#primaryimage"},"image":{"@id":"https:\/\/www.solidaridadenfermera.org\/almeria\/sala-prensa\/solidaridad-enfermera-almeria-y-caritas-desarrollan-un-taller-de-primeros-auxilios-para-personas-en-formacion\/#primaryimage"},"thumbnailUrl":"https:\/\/www.solidaridadenfermera.org\/almeria\/wp-content\/uploads\/sites\/75\/2025\/11\/IMG-20251116-WA0005.jpg","datePublished":"2025-11-26T08:32:14+00:00","dateModified":"2025-11-26T08:32:15+00:00","description":"Solidaridad Enfermera Almer\u00eda y C\u00e1ritas desarrollan un Taller de Primeros Auxilios para personas en formaci\u00f3n","breadcrumb":{"@id":"https:\/\/www.solidaridadenfermera.org\/almeria\/sala-prensa\/solidaridad-enfermera-almeria-y-caritas-desarrollan-un-taller-de-primeros-auxilios-para-personas-en-formacion\/#breadcrumb"},"inLanguage":"es","potentialAction":[{"@type":"ReadAction","target":["https:\/\/www.solidaridadenfermera.org\/almeria\/sala-prensa\/solidaridad-enfermera-almeria-y-caritas-desarrollan-un-taller-de-primeros-auxilios-para-personas-en-formacion\/"]}]},{"@type":"ImageObject","inLanguage":"es","@id":"https:\/\/www.solidaridadenfermera.org\/almeria\/sala-prensa\/solidaridad-enfermera-almeria-y-caritas-desarrollan-un-taller-de-primeros-auxilios-para-personas-en-formacion\/#primaryimage","url":"https:\/\/www.solidaridadenfermera.org\/almeria\/wp-content\/uploads\/sites\/75\/2025\/11\/IMG-20251116-WA0005.jpg","contentUrl":"https:\/\/www.solidaridadenfermera.org\/almeria\/wp-content\/uploads\/sites\/75\/2025\/11\/IMG-20251116-WA0005.jpg","width":2048,"height":1536},{"@type":"BreadcrumbList","@id":"https:\/\/www.solidaridadenfermera.org\/almeria\/sala-prensa\/solidaridad-enfermera-almeria-y-caritas-desarrollan-un-taller-de-primeros-auxilios-para-personas-en-formacion\/#breadcrumb","itemListElement":[{"@type":"ListItem","position":1,"name":"Inicio","item":"https:\/\/www.solidaridadenfermera.org\/almeria\/"},{"@type":"ListItem","position":2,"name":"Sala De Prensa","item":"https:\/\/www.solidaridadenfermera.org\/almeria\/sala-prensa\/"},{"@type":"ListItem","position":3,"name":"Solidaridad Enfermera Almer\u00eda y C\u00e1ritas desarrollan un Taller de Primeros Auxilios para personas en formaci\u00f3n"}]},{"@type":"WebSite","@id":"https:\/\/www.solidaridadenfermera.org\/almeria\/#website","url":"https:\/\/www.solidaridadenfermera.org\/almeria\/","name":"Delegaci\u00f3n de Almer\u00eda","description":"Consejo General de Enfermer\u00eda (CGE) es una organizaci\u00f3n profesional con m\u00e1s 100 a\u00f1os de historia, que en base a los fines y funciones que le atribuye su Estatuto Aprobado por Real Decreto 1231, de 8 de noviembre de 2001, se constituye como el referente para la profesi\u00f3n de enfermer\u00eda, representando a un colectivo de doscientos mil colegiados.","publisher":{"@id":"https:\/\/www.solidaridadenfermera.org\/almeria\/#organization"},"potentialAction":[{"@type":"SearchAction","target":{"@type":"EntryPoint","urlTemplate":"https:\/\/www.solidaridadenfermera.org\/almeria\/?s={search_term_string}"},"query-input":{"@type":"PropertyValueSpecification","valueRequired":true,"valueName":"search_term_string"}}],"inLanguage":"es"},{"@type":"Organization","@id":"https:\/\/www.solidaridadenfermera.org\/almeria\/#organization","name":"Delegaci\u00f3n de Almer\u00eda","url":"https:\/\/www.solidaridadenfermera.org\/almeria\/","logo":{"@type":"ImageObject","inLanguage":"es","@id":"https:\/\/www.solidaridadenfermera.org\/almeria\/#\/schema\/logo\/image\/","url":"https:\/\/www.solidaridadenfermera.org\/almeria\/wp-content\/uploads\/sites\/75\/2021\/05\/Logo-SE-Almeria.png","contentUrl":"https:\/\/www.solidaridadenfermera.org\/almeria\/wp-content\/uploads\/sites\/75\/2021\/05\/Logo-SE-Almeria.png","width":578,"height":771,"caption":"Delegaci\u00f3n de Almer\u00eda"},"image":{"@id":"https:\/\/www.solidaridadenfermera.org\/almeria\/#\/schema\/logo\/image\/"}}]}},"_links":{"self":[{"href":"https:\/\/www.solidaridadenfermera.org\/almeria\/wp-json\/wp\/v2\/news\/1465","targetHints":{"allow":["GET"]}}],"collection":[{"href":"https:\/\/www.solidaridadenfermera.org\/almeria\/wp-json\/wp\/v2\/news"}],"about":[{"href":"https:\/\/www.solidaridadenfermera.org\/almeria\/wp-json\/wp\/v2\/types\/news"}],"wp:featuredmedia":[{"embeddable":true,"href":"https:\/\/www.solidaridadenfermera.org\/almeria\/wp-json\/wp\/v2\/media\/1466"}],"wp:attachment":[{"href":"https:\/\/www.solidaridadenfermera.org\/almeria\/wp-json\/wp\/v2\/media?parent=1465"}],"wp:term":[{"taxonomy":"news_category","embeddable":true,"href":"https:\/\/www.solidaridadenfermera.org\/almeria\/wp-json\/wp\/v2\/news_category?post=1465"},{"taxonomy":"news_tag","embeddable":true,"href":"https:\/\/www.solidaridadenfermera.org\/almeria\/wp-json\/wp\/v2\/news_tag?post=1465"}],"curies":[{"name":"wp","href":"https:\/\/api.w.org\/{rel}","templated":true}]}}