{"id":1453,"date":"2025-07-03T17:35:06","date_gmt":"2025-07-03T15:35:06","guid":{"rendered":"https:\/\/www.solidaridadenfermera.org\/almeria\/?post_type=news&#038;p=1453"},"modified":"2025-07-03T17:35:33","modified_gmt":"2025-07-03T15:35:33","slug":"personas-en-riesgo-de-exclusion-se-forman-en-primeros-auxilios-con-solidaridad-enfermera","status":"publish","type":"news","link":"https:\/\/www.solidaridadenfermera.org\/almeria\/sala-prensa\/personas-en-riesgo-de-exclusion-se-forman-en-primeros-auxilios-con-solidaridad-enfermera\/","title":{"rendered":"Personas en riesgo de exclusi\u00f3n se forman en primeros auxilios con Solidaridad Enfermera"},"content":{"rendered":"\n<div class=\"wp-block-group container\"><div class=\"wp-block-group__inner-container is-layout-flow wp-block-group-is-layout-flow\">\n<p>El pasado 26 de junio de 2025 se celebr\u00f3 en Almer\u00eda un Taller de Primeros Auxilios organizado por C\u00e1ritas Almer\u00eda, dirigido a personas en situaci\u00f3n o riesgo de exclusi\u00f3n social que participan en programas de formaci\u00f3n ocupacional e inserci\u00f3n laboral.<\/p>\n\n\n\n<p>La actividad, de car\u00e1cter te\u00f3rico-pr\u00e1ctico y con una duraci\u00f3n de dos horas, reuni\u00f3 a 16 participantes que pudieron adquirir conocimientos fundamentales para actuar en situaciones de emergencia extrahospitalaria. Entre los contenidos abordados destacaron la regla PAS (Proteger, Avisar, Socorrer), la maniobra de Heimlich, la posici\u00f3n lateral de seguridad, el soporte vital b\u00e1sico y las actuaciones b\u00e1sicas ante quemaduras, heridas y hemorragias.<\/p>\n\n\n\n<p>El taller fue impartido por Mar\u00eda del Mar Torres Navarro y supuso una valiosa oportunidad para fomentar la autonom\u00eda, la confianza y la capacitaci\u00f3n de los asistentes ante posibles situaciones de urgencia.<\/p>\n\n\n\n<p>Esta iniciativa se enmarca en el compromiso de C\u00e1ritas Almer\u00eda con la formaci\u00f3n integral de las personas a las que acompa\u00f1a en sus procesos de inclusi\u00f3n.<\/p>\n\n\n\n<figure class=\"wp-block-gallery has-nested-images columns-default is-cropped wp-block-gallery-1 is-layout-flex wp-block-gallery-is-layout-flex\">\n<figure class=\"wp-block-image size-large\"><img loading=\"lazy\" decoding=\"async\" width=\"512\" height=\"1024\" data-id=\"1461\" src=\"https:\/\/www.solidaridadenfermera.org\/almeria\/wp-content\/uploads\/sites\/75\/2025\/07\/IMG-20250701-WA0001-1-512x1024.jpg\" alt=\"\" class=\"wp-image-1461\" srcset=\"https:\/\/www.solidaridadenfermera.org\/almeria\/wp-content\/uploads\/sites\/75\/2025\/07\/IMG-20250701-WA0001-1-512x1024.jpg 512w, https:\/\/www.solidaridadenfermera.org\/almeria\/wp-content\/uploads\/sites\/75\/2025\/07\/IMG-20250701-WA0001-1-150x300.jpg 150w, https:\/\/www.solidaridadenfermera.org\/almeria\/wp-content\/uploads\/sites\/75\/2025\/07\/IMG-20250701-WA0001-1-768x1536.jpg 768w, https:\/\/www.solidaridadenfermera.org\/almeria\/wp-content\/uploads\/sites\/75\/2025\/07\/IMG-20250701-WA0001-1.jpg 800w\" sizes=\"auto, (max-width: 512px) 100vw, 512px\" \/><\/figure>\n\n\n\n<figure class=\"wp-block-image size-large\"><img loading=\"lazy\" decoding=\"async\" width=\"512\" height=\"1024\" data-id=\"1458\" src=\"https:\/\/www.solidaridadenfermera.org\/almeria\/wp-content\/uploads\/sites\/75\/2025\/07\/IMG-20250701-WA0004-1-512x1024.jpg\" alt=\"\" class=\"wp-image-1458\" srcset=\"https:\/\/www.solidaridadenfermera.org\/almeria\/wp-content\/uploads\/sites\/75\/2025\/07\/IMG-20250701-WA0004-1-512x1024.jpg 512w, https:\/\/www.solidaridadenfermera.org\/almeria\/wp-content\/uploads\/sites\/75\/2025\/07\/IMG-20250701-WA0004-1-150x300.jpg 150w, https:\/\/www.solidaridadenfermera.org\/almeria\/wp-content\/uploads\/sites\/75\/2025\/07\/IMG-20250701-WA0004-1-768x1536.jpg 768w, https:\/\/www.solidaridadenfermera.org\/almeria\/wp-content\/uploads\/sites\/75\/2025\/07\/IMG-20250701-WA0004-1.jpg 800w\" sizes=\"auto, (max-width: 512px) 100vw, 512px\" \/><\/figure>\n\n\n\n<figure class=\"wp-block-image size-large\"><img loading=\"lazy\" decoding=\"async\" width=\"1024\" height=\"512\" data-id=\"1459\" src=\"https:\/\/www.solidaridadenfermera.org\/almeria\/wp-content\/uploads\/sites\/75\/2025\/07\/IMG-20250701-WA0008-1-1024x512.jpg\" alt=\"\" class=\"wp-image-1459\" srcset=\"https:\/\/www.solidaridadenfermera.org\/almeria\/wp-content\/uploads\/sites\/75\/2025\/07\/IMG-20250701-WA0008-1-1024x512.jpg 1024w, https:\/\/www.solidaridadenfermera.org\/almeria\/wp-content\/uploads\/sites\/75\/2025\/07\/IMG-20250701-WA0008-1-300x150.jpg 300w, https:\/\/www.solidaridadenfermera.org\/almeria\/wp-content\/uploads\/sites\/75\/2025\/07\/IMG-20250701-WA0008-1-768x384.jpg 768w, https:\/\/www.solidaridadenfermera.org\/almeria\/wp-content\/uploads\/sites\/75\/2025\/07\/IMG-20250701-WA0008-1-1536x768.jpg 1536w, https:\/\/www.solidaridadenfermera.org\/almeria\/wp-content\/uploads\/sites\/75\/2025\/07\/IMG-20250701-WA0008-1.jpg 1600w\" sizes=\"auto, (max-width: 1024px) 100vw, 1024px\" \/><\/figure>\n\n\n\n<figure class=\"wp-block-image size-large\"><img loading=\"lazy\" decoding=\"async\" width=\"1024\" height=\"512\" data-id=\"1460\" src=\"https:\/\/www.solidaridadenfermera.org\/almeria\/wp-content\/uploads\/sites\/75\/2025\/07\/IMG-20250701-WA0021-1-1024x512.jpg\" alt=\"\" class=\"wp-image-1460\" srcset=\"https:\/\/www.solidaridadenfermera.org\/almeria\/wp-content\/uploads\/sites\/75\/2025\/07\/IMG-20250701-WA0021-1-1024x512.jpg 1024w, https:\/\/www.solidaridadenfermera.org\/almeria\/wp-content\/uploads\/sites\/75\/2025\/07\/IMG-20250701-WA0021-1-300x150.jpg 300w, https:\/\/www.solidaridadenfermera.org\/almeria\/wp-content\/uploads\/sites\/75\/2025\/07\/IMG-20250701-WA0021-1-768x384.jpg 768w, https:\/\/www.solidaridadenfermera.org\/almeria\/wp-content\/uploads\/sites\/75\/2025\/07\/IMG-20250701-WA0021-1-1536x768.jpg 1536w, https:\/\/www.solidaridadenfermera.org\/almeria\/wp-content\/uploads\/sites\/75\/2025\/07\/IMG-20250701-WA0021-1.jpg 1600w\" sizes=\"auto, (max-width: 1024px) 100vw, 1024px\" \/><\/figure>\n<\/figure>\n<\/div><\/div>\n","protected":false},"excerpt":{"rendered":"<p>El pasado 26 de junio de 2025 se celebr\u00f3 en Almer\u00eda un Taller de Primeros Auxilios organizado por C\u00e1ritas Almer\u00eda, dirigido a personas en situaci\u00f3n o riesgo de exclusi\u00f3n social que participan en programas de formaci\u00f3n ocupacional e inserci\u00f3n laboral. La actividad, de car\u00e1cter te\u00f3rico-pr\u00e1ctico y con una duraci\u00f3n de dos horas, reuni\u00f3 a 16 [&hellip;]<\/p>\n","protected":false},"featured_media":1457,"template":"","news_category":[12,56,11,57],"news_tag":[131,61,126,130,129,127,128],"class_list":["post-1453","news","type-news","status-publish","has-post-thumbnail","hentry","news_category-notas-de-prensa","news_category-notas-de-prensa-en","news_category-noticias","news_category-noticias-en","news_tag-actividad","news_tag-enfermeria-en","news_tag-ong","news_tag-primeros-auxilios","news_tag-rcp-basica","news_tag-solidaridad-enfermera","news_tag-voluntariado"],"yoast_head":"<!-- This site is optimized with the Yoast SEO plugin v27.0 - https:\/\/yoast.com\/product\/yoast-seo-wordpress\/ -->\n<title>Personas en riesgo de exclusi\u00f3n se forman en primeros auxilios con Solidaridad Enfermera - Delegaci\u00f3n de Almer\u00eda<\/title>\n<meta name=\"description\" content=\"Personas en riesgo de exclusi\u00f3n se forman en primeros auxilios con Solidaridad Enfermera Almer\u00eda en una formaci\u00f3n especializada\" \/>\n<meta name=\"robots\" content=\"index, follow, max-snippet:-1, max-image-preview:large, max-video-preview:-1\" \/>\n<link rel=\"canonical\" href=\"https:\/\/www.solidaridadenfermera.org\/almeria\/sala-prensa\/personas-en-riesgo-de-exclusion-se-forman-en-primeros-auxilios-con-solidaridad-enfermera\/\" \/>\n<meta property=\"og:locale\" content=\"es_ES\" \/>\n<meta property=\"og:type\" content=\"article\" \/>\n<meta property=\"og:title\" content=\"Personas en riesgo de exclusi\u00f3n se forman en primeros auxilios con Solidaridad Enfermera - Delegaci\u00f3n de Almer\u00eda\" \/>\n<meta property=\"og:description\" content=\"Personas en riesgo de exclusi\u00f3n se forman en primeros auxilios con Solidaridad Enfermera Almer\u00eda en una formaci\u00f3n especializada\" \/>\n<meta property=\"og:url\" content=\"https:\/\/www.solidaridadenfermera.org\/almeria\/sala-prensa\/personas-en-riesgo-de-exclusion-se-forman-en-primeros-auxilios-con-solidaridad-enfermera\/\" \/>\n<meta property=\"og:site_name\" content=\"Delegaci\u00f3n de Almer\u00eda\" \/>\n<meta property=\"article:modified_time\" content=\"2025-07-03T15:35:33+00:00\" \/>\n<meta property=\"og:image\" content=\"https:\/\/www.solidaridadenfermera.org\/almeria\/wp-content\/uploads\/sites\/75\/2025\/07\/IMG-20250701-WA0021.jpg\" \/>\n\t<meta property=\"og:image:width\" content=\"1600\" \/>\n\t<meta property=\"og:image:height\" content=\"800\" \/>\n\t<meta property=\"og:image:type\" content=\"image\/jpeg\" \/>\n<meta name=\"twitter:card\" content=\"summary_large_image\" \/>\n<meta name=\"twitter:label1\" content=\"Tiempo de lectura\" \/>\n\t<meta name=\"twitter:data1\" content=\"2 minutos\" \/>\n<script type=\"application\/ld+json\" class=\"yoast-schema-graph\">{\"@context\":\"https:\/\/schema.org\",\"@graph\":[{\"@type\":\"WebPage\",\"@id\":\"https:\/\/www.solidaridadenfermera.org\/almeria\/sala-prensa\/personas-en-riesgo-de-exclusion-se-forman-en-primeros-auxilios-con-solidaridad-enfermera\/\",\"url\":\"https:\/\/www.solidaridadenfermera.org\/almeria\/sala-prensa\/personas-en-riesgo-de-exclusion-se-forman-en-primeros-auxilios-con-solidaridad-enfermera\/\",\"name\":\"Personas en riesgo de exclusi\u00f3n se forman en primeros auxilios con Solidaridad Enfermera - Delegaci\u00f3n de Almer\u00eda\",\"isPartOf\":{\"@id\":\"https:\/\/www.solidaridadenfermera.org\/almeria\/#website\"},\"primaryImageOfPage\":{\"@id\":\"https:\/\/www.solidaridadenfermera.org\/almeria\/sala-prensa\/personas-en-riesgo-de-exclusion-se-forman-en-primeros-auxilios-con-solidaridad-enfermera\/#primaryimage\"},\"image\":{\"@id\":\"https:\/\/www.solidaridadenfermera.org\/almeria\/sala-prensa\/personas-en-riesgo-de-exclusion-se-forman-en-primeros-auxilios-con-solidaridad-enfermera\/#primaryimage\"},\"thumbnailUrl\":\"https:\/\/www.solidaridadenfermera.org\/almeria\/wp-content\/uploads\/sites\/75\/2025\/07\/IMG-20250701-WA0021.jpg\",\"datePublished\":\"2025-07-03T15:35:06+00:00\",\"dateModified\":\"2025-07-03T15:35:33+00:00\",\"description\":\"Personas en riesgo de exclusi\u00f3n se forman en primeros auxilios con Solidaridad Enfermera Almer\u00eda en una formaci\u00f3n especializada\",\"breadcrumb\":{\"@id\":\"https:\/\/www.solidaridadenfermera.org\/almeria\/sala-prensa\/personas-en-riesgo-de-exclusion-se-forman-en-primeros-auxilios-con-solidaridad-enfermera\/#breadcrumb\"},\"inLanguage\":\"es\",\"potentialAction\":[{\"@type\":\"ReadAction\",\"target\":[\"https:\/\/www.solidaridadenfermera.org\/almeria\/sala-prensa\/personas-en-riesgo-de-exclusion-se-forman-en-primeros-auxilios-con-solidaridad-enfermera\/\"]}]},{\"@type\":\"ImageObject\",\"inLanguage\":\"es\",\"@id\":\"https:\/\/www.solidaridadenfermera.org\/almeria\/sala-prensa\/personas-en-riesgo-de-exclusion-se-forman-en-primeros-auxilios-con-solidaridad-enfermera\/#primaryimage\",\"url\":\"https:\/\/www.solidaridadenfermera.org\/almeria\/wp-content\/uploads\/sites\/75\/2025\/07\/IMG-20250701-WA0021.jpg\",\"contentUrl\":\"https:\/\/www.solidaridadenfermera.org\/almeria\/wp-content\/uploads\/sites\/75\/2025\/07\/IMG-20250701-WA0021.jpg\",\"width\":1600,\"height\":800},{\"@type\":\"BreadcrumbList\",\"@id\":\"https:\/\/www.solidaridadenfermera.org\/almeria\/sala-prensa\/personas-en-riesgo-de-exclusion-se-forman-en-primeros-auxilios-con-solidaridad-enfermera\/#breadcrumb\",\"itemListElement\":[{\"@type\":\"ListItem\",\"position\":1,\"name\":\"Inicio\",\"item\":\"https:\/\/www.solidaridadenfermera.org\/almeria\/\"},{\"@type\":\"ListItem\",\"position\":2,\"name\":\"Sala De Prensa\",\"item\":\"https:\/\/www.solidaridadenfermera.org\/almeria\/sala-prensa\/\"},{\"@type\":\"ListItem\",\"position\":3,\"name\":\"Personas en riesgo de exclusi\u00f3n se forman en primeros auxilios con Solidaridad Enfermera\"}]},{\"@type\":\"WebSite\",\"@id\":\"https:\/\/www.solidaridadenfermera.org\/almeria\/#website\",\"url\":\"https:\/\/www.solidaridadenfermera.org\/almeria\/\",\"name\":\"Delegaci\u00f3n de Almer\u00eda\",\"description\":\"Consejo General de Enfermer\u00eda (CGE) es una organizaci\u00f3n profesional con m\u00e1s 100 a\u00f1os de historia, que en base a los fines y funciones que le atribuye su Estatuto Aprobado por Real Decreto 1231, de 8 de noviembre de 2001, se constituye como el referente para la profesi\u00f3n de enfermer\u00eda, representando a un colectivo de doscientos mil colegiados.\",\"publisher\":{\"@id\":\"https:\/\/www.solidaridadenfermera.org\/almeria\/#organization\"},\"potentialAction\":[{\"@type\":\"SearchAction\",\"target\":{\"@type\":\"EntryPoint\",\"urlTemplate\":\"https:\/\/www.solidaridadenfermera.org\/almeria\/?s={search_term_string}\"},\"query-input\":{\"@type\":\"PropertyValueSpecification\",\"valueRequired\":true,\"valueName\":\"search_term_string\"}}],\"inLanguage\":\"es\"},{\"@type\":\"Organization\",\"@id\":\"https:\/\/www.solidaridadenfermera.org\/almeria\/#organization\",\"name\":\"Delegaci\u00f3n de Almer\u00eda\",\"url\":\"https:\/\/www.solidaridadenfermera.org\/almeria\/\",\"logo\":{\"@type\":\"ImageObject\",\"inLanguage\":\"es\",\"@id\":\"https:\/\/www.solidaridadenfermera.org\/almeria\/#\/schema\/logo\/image\/\",\"url\":\"https:\/\/www.solidaridadenfermera.org\/almeria\/wp-content\/uploads\/sites\/75\/2021\/05\/Logo-SE-Almeria.png\",\"contentUrl\":\"https:\/\/www.solidaridadenfermera.org\/almeria\/wp-content\/uploads\/sites\/75\/2021\/05\/Logo-SE-Almeria.png\",\"width\":578,\"height\":771,\"caption\":\"Delegaci\u00f3n de Almer\u00eda\"},\"image\":{\"@id\":\"https:\/\/www.solidaridadenfermera.org\/almeria\/#\/schema\/logo\/image\/\"}}]}<\/script>\n<!-- \/ Yoast SEO plugin. -->","yoast_head_json":{"title":"Personas en riesgo de exclusi\u00f3n se forman en primeros auxilios con Solidaridad Enfermera - Delegaci\u00f3n de Almer\u00eda","description":"Personas en riesgo de exclusi\u00f3n se forman en primeros auxilios con Solidaridad Enfermera Almer\u00eda en una formaci\u00f3n especializada","robots":{"index":"index","follow":"follow","max-snippet":"max-snippet:-1","max-image-preview":"max-image-preview:large","max-video-preview":"max-video-preview:-1"},"canonical":"https:\/\/www.solidaridadenfermera.org\/almeria\/sala-prensa\/personas-en-riesgo-de-exclusion-se-forman-en-primeros-auxilios-con-solidaridad-enfermera\/","og_locale":"es_ES","og_type":"article","og_title":"Personas en riesgo de exclusi\u00f3n se forman en primeros auxilios con Solidaridad Enfermera - Delegaci\u00f3n de Almer\u00eda","og_description":"Personas en riesgo de exclusi\u00f3n se forman en primeros auxilios con Solidaridad Enfermera Almer\u00eda en una formaci\u00f3n especializada","og_url":"https:\/\/www.solidaridadenfermera.org\/almeria\/sala-prensa\/personas-en-riesgo-de-exclusion-se-forman-en-primeros-auxilios-con-solidaridad-enfermera\/","og_site_name":"Delegaci\u00f3n de Almer\u00eda","article_modified_time":"2025-07-03T15:35:33+00:00","og_image":[{"width":1600,"height":800,"url":"https:\/\/www.solidaridadenfermera.org\/almeria\/wp-content\/uploads\/sites\/75\/2025\/07\/IMG-20250701-WA0021.jpg","type":"image\/jpeg"}],"twitter_card":"summary_large_image","twitter_misc":{"Tiempo de lectura":"2 minutos"},"schema":{"@context":"https:\/\/schema.org","@graph":[{"@type":"WebPage","@id":"https:\/\/www.solidaridadenfermera.org\/almeria\/sala-prensa\/personas-en-riesgo-de-exclusion-se-forman-en-primeros-auxilios-con-solidaridad-enfermera\/","url":"https:\/\/www.solidaridadenfermera.org\/almeria\/sala-prensa\/personas-en-riesgo-de-exclusion-se-forman-en-primeros-auxilios-con-solidaridad-enfermera\/","name":"Personas en riesgo de exclusi\u00f3n se forman en primeros auxilios con Solidaridad Enfermera - Delegaci\u00f3n de Almer\u00eda","isPartOf":{"@id":"https:\/\/www.solidaridadenfermera.org\/almeria\/#website"},"primaryImageOfPage":{"@id":"https:\/\/www.solidaridadenfermera.org\/almeria\/sala-prensa\/personas-en-riesgo-de-exclusion-se-forman-en-primeros-auxilios-con-solidaridad-enfermera\/#primaryimage"},"image":{"@id":"https:\/\/www.solidaridadenfermera.org\/almeria\/sala-prensa\/personas-en-riesgo-de-exclusion-se-forman-en-primeros-auxilios-con-solidaridad-enfermera\/#primaryimage"},"thumbnailUrl":"https:\/\/www.solidaridadenfermera.org\/almeria\/wp-content\/uploads\/sites\/75\/2025\/07\/IMG-20250701-WA0021.jpg","datePublished":"2025-07-03T15:35:06+00:00","dateModified":"2025-07-03T15:35:33+00:00","description":"Personas en riesgo de exclusi\u00f3n se forman en primeros auxilios con Solidaridad Enfermera Almer\u00eda en una formaci\u00f3n especializada","breadcrumb":{"@id":"https:\/\/www.solidaridadenfermera.org\/almeria\/sala-prensa\/personas-en-riesgo-de-exclusion-se-forman-en-primeros-auxilios-con-solidaridad-enfermera\/#breadcrumb"},"inLanguage":"es","potentialAction":[{"@type":"ReadAction","target":["https:\/\/www.solidaridadenfermera.org\/almeria\/sala-prensa\/personas-en-riesgo-de-exclusion-se-forman-en-primeros-auxilios-con-solidaridad-enfermera\/"]}]},{"@type":"ImageObject","inLanguage":"es","@id":"https:\/\/www.solidaridadenfermera.org\/almeria\/sala-prensa\/personas-en-riesgo-de-exclusion-se-forman-en-primeros-auxilios-con-solidaridad-enfermera\/#primaryimage","url":"https:\/\/www.solidaridadenfermera.org\/almeria\/wp-content\/uploads\/sites\/75\/2025\/07\/IMG-20250701-WA0021.jpg","contentUrl":"https:\/\/www.solidaridadenfermera.org\/almeria\/wp-content\/uploads\/sites\/75\/2025\/07\/IMG-20250701-WA0021.jpg","width":1600,"height":800},{"@type":"BreadcrumbList","@id":"https:\/\/www.solidaridadenfermera.org\/almeria\/sala-prensa\/personas-en-riesgo-de-exclusion-se-forman-en-primeros-auxilios-con-solidaridad-enfermera\/#breadcrumb","itemListElement":[{"@type":"ListItem","position":1,"name":"Inicio","item":"https:\/\/www.solidaridadenfermera.org\/almeria\/"},{"@type":"ListItem","position":2,"name":"Sala De Prensa","item":"https:\/\/www.solidaridadenfermera.org\/almeria\/sala-prensa\/"},{"@type":"ListItem","position":3,"name":"Personas en riesgo de exclusi\u00f3n se forman en primeros auxilios con Solidaridad Enfermera"}]},{"@type":"WebSite","@id":"https:\/\/www.solidaridadenfermera.org\/almeria\/#website","url":"https:\/\/www.solidaridadenfermera.org\/almeria\/","name":"Delegaci\u00f3n de Almer\u00eda","description":"Consejo General de Enfermer\u00eda (CGE) es una organizaci\u00f3n profesional con m\u00e1s 100 a\u00f1os de historia, que en base a los fines y funciones que le atribuye su Estatuto Aprobado por Real Decreto 1231, de 8 de noviembre de 2001, se constituye como el referente para la profesi\u00f3n de enfermer\u00eda, representando a un colectivo de doscientos mil colegiados.","publisher":{"@id":"https:\/\/www.solidaridadenfermera.org\/almeria\/#organization"},"potentialAction":[{"@type":"SearchAction","target":{"@type":"EntryPoint","urlTemplate":"https:\/\/www.solidaridadenfermera.org\/almeria\/?s={search_term_string}"},"query-input":{"@type":"PropertyValueSpecification","valueRequired":true,"valueName":"search_term_string"}}],"inLanguage":"es"},{"@type":"Organization","@id":"https:\/\/www.solidaridadenfermera.org\/almeria\/#organization","name":"Delegaci\u00f3n de Almer\u00eda","url":"https:\/\/www.solidaridadenfermera.org\/almeria\/","logo":{"@type":"ImageObject","inLanguage":"es","@id":"https:\/\/www.solidaridadenfermera.org\/almeria\/#\/schema\/logo\/image\/","url":"https:\/\/www.solidaridadenfermera.org\/almeria\/wp-content\/uploads\/sites\/75\/2021\/05\/Logo-SE-Almeria.png","contentUrl":"https:\/\/www.solidaridadenfermera.org\/almeria\/wp-content\/uploads\/sites\/75\/2021\/05\/Logo-SE-Almeria.png","width":578,"height":771,"caption":"Delegaci\u00f3n de Almer\u00eda"},"image":{"@id":"https:\/\/www.solidaridadenfermera.org\/almeria\/#\/schema\/logo\/image\/"}}]}},"_links":{"self":[{"href":"https:\/\/www.solidaridadenfermera.org\/almeria\/wp-json\/wp\/v2\/news\/1453","targetHints":{"allow":["GET"]}}],"collection":[{"href":"https:\/\/www.solidaridadenfermera.org\/almeria\/wp-json\/wp\/v2\/news"}],"about":[{"href":"https:\/\/www.solidaridadenfermera.org\/almeria\/wp-json\/wp\/v2\/types\/news"}],"wp:featuredmedia":[{"embeddable":true,"href":"https:\/\/www.solidaridadenfermera.org\/almeria\/wp-json\/wp\/v2\/media\/1457"}],"wp:attachment":[{"href":"https:\/\/www.solidaridadenfermera.org\/almeria\/wp-json\/wp\/v2\/media?parent=1453"}],"wp:term":[{"taxonomy":"news_category","embeddable":true,"href":"https:\/\/www.solidaridadenfermera.org\/almeria\/wp-json\/wp\/v2\/news_category?post=1453"},{"taxonomy":"news_tag","embeddable":true,"href":"https:\/\/www.solidaridadenfermera.org\/almeria\/wp-json\/wp\/v2\/news_tag?post=1453"}],"curies":[{"name":"wp","href":"https:\/\/api.w.org\/{rel}","templated":true}]}}