{"id":1446,"date":"2025-07-02T17:12:00","date_gmt":"2025-07-02T15:12:00","guid":{"rendered":"https:\/\/www.solidaridadenfermera.org\/almeria\/?post_type=news&#038;p=1446"},"modified":"2025-07-03T17:37:00","modified_gmt":"2025-07-03T15:37:00","slug":"taller-de-primeros-auxilios-para-personas-en-riesgo-de-exclusion-social","status":"publish","type":"news","link":"https:\/\/www.solidaridadenfermera.org\/almeria\/sala-prensa\/taller-de-primeros-auxilios-para-personas-en-riesgo-de-exclusion-social\/","title":{"rendered":"Taller de Primeros Auxilios para personas en riesgo de exclusi\u00f3n social"},"content":{"rendered":"\n<div class=\"wp-block-group container\"><div class=\"wp-block-group__inner-container is-layout-flow wp-block-group-is-layout-flow\">\n<p>El pasado 10 de junio de 2025 se celebr\u00f3 un <strong>Taller de Primeros Auxilios<\/strong>, organizado conjuntamente por <strong>C\u00e1ritas de Roquetas de Mar<\/strong> y dirigido a <strong>personas en formaci\u00f3n en situaci\u00f3n de vulnerabilidad social<\/strong>. Participaron <strong>11 personas<\/strong>, todas ellas alumnas de los talleres de <strong>Formaci\u00f3n ocupacional e inserci\u00f3n laboral<\/strong> que gestiona C\u00e1ritas.<\/p>\n\n\n\n<p>La actividad, con una duraci\u00f3n de <strong>2 horas<\/strong>, fue impartida por <strong>Mar\u00eda del Mar Torres Navarro<\/strong> y tuvo un enfoque <strong>te\u00f3rico-pr\u00e1ctico<\/strong>. El taller abord\u00f3 aspectos fundamentales para actuar ante situaciones de emergencia extrahospitalaria, tales como:<\/p>\n\n\n\n<ul class=\"wp-block-list\">\n<li>La regla PAS (Proteger, Avisar y Socorrer)<\/li>\n\n\n\n<li>Actuaci\u00f3n ante una persona inconsciente y colocaci\u00f3n en posici\u00f3n lateral de seguridad<\/li>\n\n\n\n<li>Maniobras frente a la obstrucci\u00f3n de la v\u00eda a\u00e9rea (Heimlich)<\/li>\n\n\n\n<li>Soporte vital b\u00e1sico: masaje card\u00edaco y respiraci\u00f3n boca a boca<\/li>\n\n\n\n<li>Primeros auxilios ante quemaduras, heridas y hemorragias<\/li>\n<\/ul>\n\n\n\n<p>Este tipo de iniciativas no solo proporcionan conocimientos esenciales para la vida cotidiana, sino que tambi\u00e9n fomentan la <strong>autonom\u00eda, la confianza y la empleabilidad<\/strong> de personas que enfrentan importantes barreras para su inclusi\u00f3n social y laboral.<\/p>\n\n\n\n<figure class=\"wp-block-gallery has-nested-images columns-default is-cropped wp-block-gallery-1 is-layout-flex wp-block-gallery-is-layout-flex\">\n<figure class=\"wp-block-image size-large\"><img loading=\"lazy\" decoding=\"async\" width=\"1024\" height=\"768\" data-id=\"1448\" src=\"https:\/\/www.solidaridadenfermera.org\/almeria\/wp-content\/uploads\/sites\/75\/2025\/07\/Foto-de-marcorrientes-1-1024x768.jpg\" alt=\"\" class=\"wp-image-1448\" srcset=\"https:\/\/www.solidaridadenfermera.org\/almeria\/wp-content\/uploads\/sites\/75\/2025\/07\/Foto-de-marcorrientes-1-1024x768.jpg 1024w, https:\/\/www.solidaridadenfermera.org\/almeria\/wp-content\/uploads\/sites\/75\/2025\/07\/Foto-de-marcorrientes-1-300x225.jpg 300w, https:\/\/www.solidaridadenfermera.org\/almeria\/wp-content\/uploads\/sites\/75\/2025\/07\/Foto-de-marcorrientes-1-768x576.jpg 768w, https:\/\/www.solidaridadenfermera.org\/almeria\/wp-content\/uploads\/sites\/75\/2025\/07\/Foto-de-marcorrientes-1-1536x1152.jpg 1536w, https:\/\/www.solidaridadenfermera.org\/almeria\/wp-content\/uploads\/sites\/75\/2025\/07\/Foto-de-marcorrientes-1.jpg 1600w\" sizes=\"auto, (max-width: 1024px) 100vw, 1024px\" \/><\/figure>\n\n\n\n<figure class=\"wp-block-image size-large\"><img loading=\"lazy\" decoding=\"async\" width=\"768\" height=\"1024\" data-id=\"1452\" src=\"https:\/\/www.solidaridadenfermera.org\/almeria\/wp-content\/uploads\/sites\/75\/2025\/07\/IMG-20250611-WA0007-768x1024.jpg\" alt=\"\" class=\"wp-image-1452\" srcset=\"https:\/\/www.solidaridadenfermera.org\/almeria\/wp-content\/uploads\/sites\/75\/2025\/07\/IMG-20250611-WA0007-768x1024.jpg 768w, https:\/\/www.solidaridadenfermera.org\/almeria\/wp-content\/uploads\/sites\/75\/2025\/07\/IMG-20250611-WA0007-225x300.jpg 225w, https:\/\/www.solidaridadenfermera.org\/almeria\/wp-content\/uploads\/sites\/75\/2025\/07\/IMG-20250611-WA0007-1152x1536.jpg 1152w, https:\/\/www.solidaridadenfermera.org\/almeria\/wp-content\/uploads\/sites\/75\/2025\/07\/IMG-20250611-WA0007.jpg 1536w\" sizes=\"auto, (max-width: 768px) 100vw, 768px\" \/><\/figure>\n\n\n\n<figure class=\"wp-block-image size-large\"><img loading=\"lazy\" decoding=\"async\" width=\"768\" height=\"1024\" data-id=\"1450\" src=\"https:\/\/www.solidaridadenfermera.org\/almeria\/wp-content\/uploads\/sites\/75\/2025\/07\/IMG-20250611-WA0010-768x1024.jpg\" alt=\"\" class=\"wp-image-1450\" srcset=\"https:\/\/www.solidaridadenfermera.org\/almeria\/wp-content\/uploads\/sites\/75\/2025\/07\/IMG-20250611-WA0010-768x1024.jpg 768w, https:\/\/www.solidaridadenfermera.org\/almeria\/wp-content\/uploads\/sites\/75\/2025\/07\/IMG-20250611-WA0010-225x300.jpg 225w, https:\/\/www.solidaridadenfermera.org\/almeria\/wp-content\/uploads\/sites\/75\/2025\/07\/IMG-20250611-WA0010-1152x1536.jpg 1152w, https:\/\/www.solidaridadenfermera.org\/almeria\/wp-content\/uploads\/sites\/75\/2025\/07\/IMG-20250611-WA0010.jpg 1536w\" sizes=\"auto, (max-width: 768px) 100vw, 768px\" \/><\/figure>\n\n\n\n<figure class=\"wp-block-image size-large\"><img loading=\"lazy\" decoding=\"async\" width=\"768\" height=\"1024\" data-id=\"1449\" src=\"https:\/\/www.solidaridadenfermera.org\/almeria\/wp-content\/uploads\/sites\/75\/2025\/07\/IMG-20250611-WA0020-768x1024.jpg\" alt=\"\" class=\"wp-image-1449\" srcset=\"https:\/\/www.solidaridadenfermera.org\/almeria\/wp-content\/uploads\/sites\/75\/2025\/07\/IMG-20250611-WA0020-768x1024.jpg 768w, https:\/\/www.solidaridadenfermera.org\/almeria\/wp-content\/uploads\/sites\/75\/2025\/07\/IMG-20250611-WA0020-225x300.jpg 225w, https:\/\/www.solidaridadenfermera.org\/almeria\/wp-content\/uploads\/sites\/75\/2025\/07\/IMG-20250611-WA0020-1152x1536.jpg 1152w, https:\/\/www.solidaridadenfermera.org\/almeria\/wp-content\/uploads\/sites\/75\/2025\/07\/IMG-20250611-WA0020.jpg 1536w\" sizes=\"auto, (max-width: 768px) 100vw, 768px\" \/><\/figure>\n\n\n\n<figure class=\"wp-block-image size-large\"><img loading=\"lazy\" decoding=\"async\" width=\"768\" height=\"1024\" data-id=\"1451\" src=\"https:\/\/www.solidaridadenfermera.org\/almeria\/wp-content\/uploads\/sites\/75\/2025\/07\/IMG-20250611-WA0026-768x1024.jpg\" alt=\"\" class=\"wp-image-1451\" srcset=\"https:\/\/www.solidaridadenfermera.org\/almeria\/wp-content\/uploads\/sites\/75\/2025\/07\/IMG-20250611-WA0026-768x1024.jpg 768w, https:\/\/www.solidaridadenfermera.org\/almeria\/wp-content\/uploads\/sites\/75\/2025\/07\/IMG-20250611-WA0026-225x300.jpg 225w, https:\/\/www.solidaridadenfermera.org\/almeria\/wp-content\/uploads\/sites\/75\/2025\/07\/IMG-20250611-WA0026-1152x1536.jpg 1152w, https:\/\/www.solidaridadenfermera.org\/almeria\/wp-content\/uploads\/sites\/75\/2025\/07\/IMG-20250611-WA0026.jpg 1536w\" sizes=\"auto, (max-width: 768px) 100vw, 768px\" \/><\/figure>\n<\/figure>\n<\/div><\/div>\n","protected":false},"excerpt":{"rendered":"<p>El pasado 10 de junio de 2025 se celebr\u00f3 un Taller de Primeros Auxilios, organizado conjuntamente por C\u00e1ritas de Roquetas de Mar y dirigido a personas en formaci\u00f3n en situaci\u00f3n de vulnerabilidad social. Participaron 11 personas, todas ellas alumnas de los talleres de Formaci\u00f3n ocupacional e inserci\u00f3n laboral que gestiona C\u00e1ritas. La actividad, con una [&hellip;]<\/p>\n","protected":false},"featured_media":1447,"template":"","news_category":[12,56,11,57],"news_tag":[131,61,132,126,130,129,127,128],"class_list":["post-1446","news","type-news","status-publish","has-post-thumbnail","hentry","news_category-notas-de-prensa","news_category-notas-de-prensa-en","news_category-noticias","news_category-noticias-en","news_tag-actividad","news_tag-enfermeria-en","news_tag-mujer","news_tag-ong","news_tag-primeros-auxilios","news_tag-rcp-basica","news_tag-solidaridad-enfermera","news_tag-voluntariado"],"yoast_head":"<!-- This site is optimized with the Yoast SEO plugin v27.0 - https:\/\/yoast.com\/product\/yoast-seo-wordpress\/ -->\n<title>Taller de Primeros Auxilios para personas en riesgo de exclusi\u00f3n social - Delegaci\u00f3n de Almer\u00eda<\/title>\n<meta name=\"description\" content=\"Taller de Primeros Auxilios para personas en riesgo de exclusi\u00f3n social impartido por Solidaridad Enfermera Almer\u00eda\" \/>\n<meta name=\"robots\" content=\"index, follow, max-snippet:-1, max-image-preview:large, max-video-preview:-1\" \/>\n<link rel=\"canonical\" href=\"https:\/\/www.solidaridadenfermera.org\/almeria\/sala-prensa\/taller-de-primeros-auxilios-para-personas-en-riesgo-de-exclusion-social\/\" \/>\n<meta property=\"og:locale\" content=\"es_ES\" \/>\n<meta property=\"og:type\" content=\"article\" \/>\n<meta property=\"og:title\" content=\"Taller de Primeros Auxilios para personas en riesgo de exclusi\u00f3n social - Delegaci\u00f3n de Almer\u00eda\" \/>\n<meta property=\"og:description\" content=\"Taller de Primeros Auxilios para personas en riesgo de exclusi\u00f3n social impartido por Solidaridad Enfermera Almer\u00eda\" \/>\n<meta property=\"og:url\" content=\"https:\/\/www.solidaridadenfermera.org\/almeria\/sala-prensa\/taller-de-primeros-auxilios-para-personas-en-riesgo-de-exclusion-social\/\" \/>\n<meta property=\"og:site_name\" content=\"Delegaci\u00f3n de Almer\u00eda\" \/>\n<meta property=\"article:modified_time\" content=\"2025-07-03T15:37:00+00:00\" \/>\n<meta property=\"og:image\" content=\"https:\/\/www.solidaridadenfermera.org\/almeria\/wp-content\/uploads\/sites\/75\/2025\/07\/Foto-de-marcorrientes.jpg\" \/>\n\t<meta property=\"og:image:width\" content=\"1600\" \/>\n\t<meta property=\"og:image:height\" content=\"1200\" \/>\n\t<meta property=\"og:image:type\" content=\"image\/jpeg\" \/>\n<meta name=\"twitter:card\" content=\"summary_large_image\" \/>\n<meta name=\"twitter:label1\" content=\"Tiempo de lectura\" \/>\n\t<meta name=\"twitter:data1\" content=\"2 minutos\" \/>\n<script type=\"application\/ld+json\" class=\"yoast-schema-graph\">{\"@context\":\"https:\/\/schema.org\",\"@graph\":[{\"@type\":\"WebPage\",\"@id\":\"https:\/\/www.solidaridadenfermera.org\/almeria\/sala-prensa\/taller-de-primeros-auxilios-para-personas-en-riesgo-de-exclusion-social\/\",\"url\":\"https:\/\/www.solidaridadenfermera.org\/almeria\/sala-prensa\/taller-de-primeros-auxilios-para-personas-en-riesgo-de-exclusion-social\/\",\"name\":\"Taller de Primeros Auxilios para personas en riesgo de exclusi\u00f3n social - Delegaci\u00f3n de Almer\u00eda\",\"isPartOf\":{\"@id\":\"https:\/\/www.solidaridadenfermera.org\/almeria\/#website\"},\"primaryImageOfPage\":{\"@id\":\"https:\/\/www.solidaridadenfermera.org\/almeria\/sala-prensa\/taller-de-primeros-auxilios-para-personas-en-riesgo-de-exclusion-social\/#primaryimage\"},\"image\":{\"@id\":\"https:\/\/www.solidaridadenfermera.org\/almeria\/sala-prensa\/taller-de-primeros-auxilios-para-personas-en-riesgo-de-exclusion-social\/#primaryimage\"},\"thumbnailUrl\":\"https:\/\/www.solidaridadenfermera.org\/almeria\/wp-content\/uploads\/sites\/75\/2025\/07\/Foto-de-marcorrientes.jpg\",\"datePublished\":\"2025-07-02T15:12:00+00:00\",\"dateModified\":\"2025-07-03T15:37:00+00:00\",\"description\":\"Taller de Primeros Auxilios para personas en riesgo de exclusi\u00f3n social impartido por Solidaridad Enfermera Almer\u00eda\",\"breadcrumb\":{\"@id\":\"https:\/\/www.solidaridadenfermera.org\/almeria\/sala-prensa\/taller-de-primeros-auxilios-para-personas-en-riesgo-de-exclusion-social\/#breadcrumb\"},\"inLanguage\":\"es\",\"potentialAction\":[{\"@type\":\"ReadAction\",\"target\":[\"https:\/\/www.solidaridadenfermera.org\/almeria\/sala-prensa\/taller-de-primeros-auxilios-para-personas-en-riesgo-de-exclusion-social\/\"]}]},{\"@type\":\"ImageObject\",\"inLanguage\":\"es\",\"@id\":\"https:\/\/www.solidaridadenfermera.org\/almeria\/sala-prensa\/taller-de-primeros-auxilios-para-personas-en-riesgo-de-exclusion-social\/#primaryimage\",\"url\":\"https:\/\/www.solidaridadenfermera.org\/almeria\/wp-content\/uploads\/sites\/75\/2025\/07\/Foto-de-marcorrientes.jpg\",\"contentUrl\":\"https:\/\/www.solidaridadenfermera.org\/almeria\/wp-content\/uploads\/sites\/75\/2025\/07\/Foto-de-marcorrientes.jpg\",\"width\":1600,\"height\":1200},{\"@type\":\"BreadcrumbList\",\"@id\":\"https:\/\/www.solidaridadenfermera.org\/almeria\/sala-prensa\/taller-de-primeros-auxilios-para-personas-en-riesgo-de-exclusion-social\/#breadcrumb\",\"itemListElement\":[{\"@type\":\"ListItem\",\"position\":1,\"name\":\"Inicio\",\"item\":\"https:\/\/www.solidaridadenfermera.org\/almeria\/\"},{\"@type\":\"ListItem\",\"position\":2,\"name\":\"Sala De Prensa\",\"item\":\"https:\/\/www.solidaridadenfermera.org\/almeria\/sala-prensa\/\"},{\"@type\":\"ListItem\",\"position\":3,\"name\":\"Taller de Primeros Auxilios para personas en riesgo de exclusi\u00f3n social\"}]},{\"@type\":\"WebSite\",\"@id\":\"https:\/\/www.solidaridadenfermera.org\/almeria\/#website\",\"url\":\"https:\/\/www.solidaridadenfermera.org\/almeria\/\",\"name\":\"Delegaci\u00f3n de Almer\u00eda\",\"description\":\"Consejo General de Enfermer\u00eda (CGE) es una organizaci\u00f3n profesional con m\u00e1s 100 a\u00f1os de historia, que en base a los fines y funciones que le atribuye su Estatuto Aprobado por Real Decreto 1231, de 8 de noviembre de 2001, se constituye como el referente para la profesi\u00f3n de enfermer\u00eda, representando a un colectivo de doscientos mil colegiados.\",\"publisher\":{\"@id\":\"https:\/\/www.solidaridadenfermera.org\/almeria\/#organization\"},\"potentialAction\":[{\"@type\":\"SearchAction\",\"target\":{\"@type\":\"EntryPoint\",\"urlTemplate\":\"https:\/\/www.solidaridadenfermera.org\/almeria\/?s={search_term_string}\"},\"query-input\":{\"@type\":\"PropertyValueSpecification\",\"valueRequired\":true,\"valueName\":\"search_term_string\"}}],\"inLanguage\":\"es\"},{\"@type\":\"Organization\",\"@id\":\"https:\/\/www.solidaridadenfermera.org\/almeria\/#organization\",\"name\":\"Delegaci\u00f3n de Almer\u00eda\",\"url\":\"https:\/\/www.solidaridadenfermera.org\/almeria\/\",\"logo\":{\"@type\":\"ImageObject\",\"inLanguage\":\"es\",\"@id\":\"https:\/\/www.solidaridadenfermera.org\/almeria\/#\/schema\/logo\/image\/\",\"url\":\"https:\/\/www.solidaridadenfermera.org\/almeria\/wp-content\/uploads\/sites\/75\/2021\/05\/Logo-SE-Almeria.png\",\"contentUrl\":\"https:\/\/www.solidaridadenfermera.org\/almeria\/wp-content\/uploads\/sites\/75\/2021\/05\/Logo-SE-Almeria.png\",\"width\":578,\"height\":771,\"caption\":\"Delegaci\u00f3n de Almer\u00eda\"},\"image\":{\"@id\":\"https:\/\/www.solidaridadenfermera.org\/almeria\/#\/schema\/logo\/image\/\"}}]}<\/script>\n<!-- \/ Yoast SEO plugin. -->","yoast_head_json":{"title":"Taller de Primeros Auxilios para personas en riesgo de exclusi\u00f3n social - Delegaci\u00f3n de Almer\u00eda","description":"Taller de Primeros Auxilios para personas en riesgo de exclusi\u00f3n social impartido por Solidaridad Enfermera Almer\u00eda","robots":{"index":"index","follow":"follow","max-snippet":"max-snippet:-1","max-image-preview":"max-image-preview:large","max-video-preview":"max-video-preview:-1"},"canonical":"https:\/\/www.solidaridadenfermera.org\/almeria\/sala-prensa\/taller-de-primeros-auxilios-para-personas-en-riesgo-de-exclusion-social\/","og_locale":"es_ES","og_type":"article","og_title":"Taller de Primeros Auxilios para personas en riesgo de exclusi\u00f3n social - Delegaci\u00f3n de Almer\u00eda","og_description":"Taller de Primeros Auxilios para personas en riesgo de exclusi\u00f3n social impartido por Solidaridad Enfermera Almer\u00eda","og_url":"https:\/\/www.solidaridadenfermera.org\/almeria\/sala-prensa\/taller-de-primeros-auxilios-para-personas-en-riesgo-de-exclusion-social\/","og_site_name":"Delegaci\u00f3n de Almer\u00eda","article_modified_time":"2025-07-03T15:37:00+00:00","og_image":[{"width":1600,"height":1200,"url":"https:\/\/www.solidaridadenfermera.org\/almeria\/wp-content\/uploads\/sites\/75\/2025\/07\/Foto-de-marcorrientes.jpg","type":"image\/jpeg"}],"twitter_card":"summary_large_image","twitter_misc":{"Tiempo de lectura":"2 minutos"},"schema":{"@context":"https:\/\/schema.org","@graph":[{"@type":"WebPage","@id":"https:\/\/www.solidaridadenfermera.org\/almeria\/sala-prensa\/taller-de-primeros-auxilios-para-personas-en-riesgo-de-exclusion-social\/","url":"https:\/\/www.solidaridadenfermera.org\/almeria\/sala-prensa\/taller-de-primeros-auxilios-para-personas-en-riesgo-de-exclusion-social\/","name":"Taller de Primeros Auxilios para personas en riesgo de exclusi\u00f3n social - Delegaci\u00f3n de Almer\u00eda","isPartOf":{"@id":"https:\/\/www.solidaridadenfermera.org\/almeria\/#website"},"primaryImageOfPage":{"@id":"https:\/\/www.solidaridadenfermera.org\/almeria\/sala-prensa\/taller-de-primeros-auxilios-para-personas-en-riesgo-de-exclusion-social\/#primaryimage"},"image":{"@id":"https:\/\/www.solidaridadenfermera.org\/almeria\/sala-prensa\/taller-de-primeros-auxilios-para-personas-en-riesgo-de-exclusion-social\/#primaryimage"},"thumbnailUrl":"https:\/\/www.solidaridadenfermera.org\/almeria\/wp-content\/uploads\/sites\/75\/2025\/07\/Foto-de-marcorrientes.jpg","datePublished":"2025-07-02T15:12:00+00:00","dateModified":"2025-07-03T15:37:00+00:00","description":"Taller de Primeros Auxilios para personas en riesgo de exclusi\u00f3n social impartido por Solidaridad Enfermera Almer\u00eda","breadcrumb":{"@id":"https:\/\/www.solidaridadenfermera.org\/almeria\/sala-prensa\/taller-de-primeros-auxilios-para-personas-en-riesgo-de-exclusion-social\/#breadcrumb"},"inLanguage":"es","potentialAction":[{"@type":"ReadAction","target":["https:\/\/www.solidaridadenfermera.org\/almeria\/sala-prensa\/taller-de-primeros-auxilios-para-personas-en-riesgo-de-exclusion-social\/"]}]},{"@type":"ImageObject","inLanguage":"es","@id":"https:\/\/www.solidaridadenfermera.org\/almeria\/sala-prensa\/taller-de-primeros-auxilios-para-personas-en-riesgo-de-exclusion-social\/#primaryimage","url":"https:\/\/www.solidaridadenfermera.org\/almeria\/wp-content\/uploads\/sites\/75\/2025\/07\/Foto-de-marcorrientes.jpg","contentUrl":"https:\/\/www.solidaridadenfermera.org\/almeria\/wp-content\/uploads\/sites\/75\/2025\/07\/Foto-de-marcorrientes.jpg","width":1600,"height":1200},{"@type":"BreadcrumbList","@id":"https:\/\/www.solidaridadenfermera.org\/almeria\/sala-prensa\/taller-de-primeros-auxilios-para-personas-en-riesgo-de-exclusion-social\/#breadcrumb","itemListElement":[{"@type":"ListItem","position":1,"name":"Inicio","item":"https:\/\/www.solidaridadenfermera.org\/almeria\/"},{"@type":"ListItem","position":2,"name":"Sala De Prensa","item":"https:\/\/www.solidaridadenfermera.org\/almeria\/sala-prensa\/"},{"@type":"ListItem","position":3,"name":"Taller de Primeros Auxilios para personas en riesgo de exclusi\u00f3n social"}]},{"@type":"WebSite","@id":"https:\/\/www.solidaridadenfermera.org\/almeria\/#website","url":"https:\/\/www.solidaridadenfermera.org\/almeria\/","name":"Delegaci\u00f3n de Almer\u00eda","description":"Consejo General de Enfermer\u00eda (CGE) es una organizaci\u00f3n profesional con m\u00e1s 100 a\u00f1os de historia, que en base a los fines y funciones que le atribuye su Estatuto Aprobado por Real Decreto 1231, de 8 de noviembre de 2001, se constituye como el referente para la profesi\u00f3n de enfermer\u00eda, representando a un colectivo de doscientos mil colegiados.","publisher":{"@id":"https:\/\/www.solidaridadenfermera.org\/almeria\/#organization"},"potentialAction":[{"@type":"SearchAction","target":{"@type":"EntryPoint","urlTemplate":"https:\/\/www.solidaridadenfermera.org\/almeria\/?s={search_term_string}"},"query-input":{"@type":"PropertyValueSpecification","valueRequired":true,"valueName":"search_term_string"}}],"inLanguage":"es"},{"@type":"Organization","@id":"https:\/\/www.solidaridadenfermera.org\/almeria\/#organization","name":"Delegaci\u00f3n de Almer\u00eda","url":"https:\/\/www.solidaridadenfermera.org\/almeria\/","logo":{"@type":"ImageObject","inLanguage":"es","@id":"https:\/\/www.solidaridadenfermera.org\/almeria\/#\/schema\/logo\/image\/","url":"https:\/\/www.solidaridadenfermera.org\/almeria\/wp-content\/uploads\/sites\/75\/2021\/05\/Logo-SE-Almeria.png","contentUrl":"https:\/\/www.solidaridadenfermera.org\/almeria\/wp-content\/uploads\/sites\/75\/2021\/05\/Logo-SE-Almeria.png","width":578,"height":771,"caption":"Delegaci\u00f3n de Almer\u00eda"},"image":{"@id":"https:\/\/www.solidaridadenfermera.org\/almeria\/#\/schema\/logo\/image\/"}}]}},"_links":{"self":[{"href":"https:\/\/www.solidaridadenfermera.org\/almeria\/wp-json\/wp\/v2\/news\/1446","targetHints":{"allow":["GET"]}}],"collection":[{"href":"https:\/\/www.solidaridadenfermera.org\/almeria\/wp-json\/wp\/v2\/news"}],"about":[{"href":"https:\/\/www.solidaridadenfermera.org\/almeria\/wp-json\/wp\/v2\/types\/news"}],"wp:featuredmedia":[{"embeddable":true,"href":"https:\/\/www.solidaridadenfermera.org\/almeria\/wp-json\/wp\/v2\/media\/1447"}],"wp:attachment":[{"href":"https:\/\/www.solidaridadenfermera.org\/almeria\/wp-json\/wp\/v2\/media?parent=1446"}],"wp:term":[{"taxonomy":"news_category","embeddable":true,"href":"https:\/\/www.solidaridadenfermera.org\/almeria\/wp-json\/wp\/v2\/news_category?post=1446"},{"taxonomy":"news_tag","embeddable":true,"href":"https:\/\/www.solidaridadenfermera.org\/almeria\/wp-json\/wp\/v2\/news_tag?post=1446"}],"curies":[{"name":"wp","href":"https:\/\/api.w.org\/{rel}","templated":true}]}}