{"id":1443,"date":"2025-07-01T16:48:00","date_gmt":"2025-07-01T14:48:00","guid":{"rendered":"https:\/\/www.solidaridadenfermera.org\/almeria\/?post_type=news&#038;p=1443"},"modified":"2025-07-03T17:37:36","modified_gmt":"2025-07-03T15:37:36","slug":"solidaridad-enfermera-almeria-realiza-la-actividad-control-emocional-a-traves-de-la-atencion-plena-junto-a-caritas-en-almeria","status":"publish","type":"news","link":"https:\/\/www.solidaridadenfermera.org\/almeria\/sala-prensa\/solidaridad-enfermera-almeria-realiza-la-actividad-control-emocional-a-traves-de-la-atencion-plena-junto-a-caritas-en-almeria\/","title":{"rendered":"Solidaridad Enfermera Almer\u00eda realiza la actividad &#8216;Control emocional a trav\u00e9s de la atenci\u00f3n plena&#8217; junto a C\u00e1ritas en Almer\u00eda"},"content":{"rendered":"\n<div class=\"wp-block-group container\"><div class=\"wp-block-group__inner-container is-layout-flow wp-block-group-is-layout-flow\">\n<p>El pasado 6 de junio de 2025 se llev\u00f3 a cabo, en colaboraci\u00f3n con <strong>C\u00e1ritas<\/strong>, la actividad <strong>\u00abControl emocional a trav\u00e9s de la Atenci\u00f3n Plena\u00bb<\/strong>, dirigida a un grupo de adolescentes con edades comprendidas entre los 11 y los 18 a\u00f1os (3 chicas y 8 chicos), con el objetivo de ofrecerles herramientas pr\u00e1cticas para gestionar mejor sus emociones.<\/p>\n\n\n\n<p>Durante <strong>75 minutos<\/strong>, los 11 participantes trabajaron t\u00e9cnicas de <strong>mindfulness<\/strong> orientadas al <strong>control de impulsos, manejo del estr\u00e9s y reducci\u00f3n de la ansiedad<\/strong>, en un espacio seguro y adaptado a sus necesidades.<\/p>\n\n\n\n<p>La actividad fue dinamizada por <strong>Mar\u00eda Sol Parralo Padilla<\/strong> y <strong>Antonia Torres<\/strong>, quienes guiaron las sesiones con un enfoque cercano y pedag\u00f3gico, fomentando la reflexi\u00f3n y la participaci\u00f3n activa del grupo.<\/p>\n\n\n\n<p>Este tipo de iniciativas refuerzan el bienestar emocional de los j\u00f3venes, promoviendo una mayor conciencia de s\u00ed mismos y de su entorno.<\/p>\n\n\n\n<figure class=\"wp-block-image size-large\"><img loading=\"lazy\" decoding=\"async\" width=\"1024\" height=\"768\" src=\"https:\/\/www.solidaridadenfermera.org\/almeria\/wp-content\/uploads\/sites\/75\/2025\/07\/PHOTO-2025-06-10-17-58-16_2-1024x768.jpg\" alt=\"\" class=\"wp-image-1445\" srcset=\"https:\/\/www.solidaridadenfermera.org\/almeria\/wp-content\/uploads\/sites\/75\/2025\/07\/PHOTO-2025-06-10-17-58-16_2-1024x768.jpg 1024w, https:\/\/www.solidaridadenfermera.org\/almeria\/wp-content\/uploads\/sites\/75\/2025\/07\/PHOTO-2025-06-10-17-58-16_2-300x225.jpg 300w, https:\/\/www.solidaridadenfermera.org\/almeria\/wp-content\/uploads\/sites\/75\/2025\/07\/PHOTO-2025-06-10-17-58-16_2-768x576.jpg 768w, https:\/\/www.solidaridadenfermera.org\/almeria\/wp-content\/uploads\/sites\/75\/2025\/07\/PHOTO-2025-06-10-17-58-16_2-1536x1152.jpg 1536w, https:\/\/www.solidaridadenfermera.org\/almeria\/wp-content\/uploads\/sites\/75\/2025\/07\/PHOTO-2025-06-10-17-58-16_2.jpg 2000w\" sizes=\"auto, (max-width: 1024px) 100vw, 1024px\" \/><\/figure>\n<\/div><\/div>\n\n\n\n<p><\/p>\n","protected":false},"excerpt":{"rendered":"<p>El pasado 6 de junio de 2025 se llev\u00f3 a cabo, en colaboraci\u00f3n con C\u00e1ritas, la actividad \u00abControl emocional a trav\u00e9s de la Atenci\u00f3n Plena\u00bb, dirigida a un grupo de adolescentes con edades comprendidas entre los 11 y los 18 a\u00f1os (3 chicas y 8 chicos), con el objetivo de ofrecerles herramientas pr\u00e1cticas para gestionar [&hellip;]<\/p>\n","protected":false},"featured_media":1444,"template":"","news_category":[12,56,11,57],"news_tag":[131,140,61,126,127,128],"class_list":["post-1443","news","type-news","status-publish","has-post-thumbnail","hentry","news_category-notas-de-prensa","news_category-notas-de-prensa-en","news_category-noticias","news_category-noticias-en","news_tag-actividad","news_tag-emocioness","news_tag-enfermeria-en","news_tag-ong","news_tag-solidaridad-enfermera","news_tag-voluntariado"],"yoast_head":"<!-- This site is optimized with the Yoast SEO plugin v27.0 - https:\/\/yoast.com\/product\/yoast-seo-wordpress\/ -->\n<title>Solidaridad Enfermera Almer\u00eda realiza la actividad &#039;Control emocional a trav\u00e9s de la atenci\u00f3n plena&#039; junto a C\u00e1ritas en Almer\u00eda - Delegaci\u00f3n de Almer\u00eda<\/title>\n<meta name=\"description\" content=\"Solidaridad Enfermera Almer\u00eda realiza la actividad &#039;Control emocional a trav\u00e9s de la atenci\u00f3n plena&#039; junto a C\u00e1ritas en Almer\u00eda\" \/>\n<meta name=\"robots\" content=\"index, follow, max-snippet:-1, max-image-preview:large, max-video-preview:-1\" \/>\n<link rel=\"canonical\" href=\"https:\/\/www.solidaridadenfermera.org\/almeria\/sala-prensa\/solidaridad-enfermera-almeria-realiza-la-actividad-control-emocional-a-traves-de-la-atencion-plena-junto-a-caritas-en-almeria\/\" \/>\n<meta property=\"og:locale\" content=\"es_ES\" \/>\n<meta property=\"og:type\" content=\"article\" \/>\n<meta property=\"og:title\" content=\"Solidaridad Enfermera Almer\u00eda realiza la actividad &#039;Control emocional a trav\u00e9s de la atenci\u00f3n plena&#039; junto a C\u00e1ritas en Almer\u00eda - Delegaci\u00f3n de Almer\u00eda\" \/>\n<meta property=\"og:description\" content=\"Solidaridad Enfermera Almer\u00eda realiza la actividad &#039;Control emocional a trav\u00e9s de la atenci\u00f3n plena&#039; junto a C\u00e1ritas en Almer\u00eda\" \/>\n<meta property=\"og:url\" content=\"https:\/\/www.solidaridadenfermera.org\/almeria\/sala-prensa\/solidaridad-enfermera-almeria-realiza-la-actividad-control-emocional-a-traves-de-la-atencion-plena-junto-a-caritas-en-almeria\/\" \/>\n<meta property=\"og:site_name\" content=\"Delegaci\u00f3n de Almer\u00eda\" \/>\n<meta property=\"article:modified_time\" content=\"2025-07-03T15:37:36+00:00\" \/>\n<meta property=\"og:image\" content=\"https:\/\/www.solidaridadenfermera.org\/almeria\/wp-content\/uploads\/sites\/75\/2025\/07\/PHOTO-2025-06-10-17-58-16.jpg\" \/>\n\t<meta property=\"og:image:width\" content=\"1600\" \/>\n\t<meta property=\"og:image:height\" content=\"1200\" \/>\n\t<meta property=\"og:image:type\" content=\"image\/jpeg\" \/>\n<meta name=\"twitter:card\" content=\"summary_large_image\" \/>\n<meta name=\"twitter:label1\" content=\"Tiempo de lectura\" \/>\n\t<meta name=\"twitter:data1\" content=\"2 minutos\" \/>\n<script type=\"application\/ld+json\" class=\"yoast-schema-graph\">{\"@context\":\"https:\/\/schema.org\",\"@graph\":[{\"@type\":\"WebPage\",\"@id\":\"https:\/\/www.solidaridadenfermera.org\/almeria\/sala-prensa\/solidaridad-enfermera-almeria-realiza-la-actividad-control-emocional-a-traves-de-la-atencion-plena-junto-a-caritas-en-almeria\/\",\"url\":\"https:\/\/www.solidaridadenfermera.org\/almeria\/sala-prensa\/solidaridad-enfermera-almeria-realiza-la-actividad-control-emocional-a-traves-de-la-atencion-plena-junto-a-caritas-en-almeria\/\",\"name\":\"Solidaridad Enfermera Almer\u00eda realiza la actividad 'Control emocional a trav\u00e9s de la atenci\u00f3n plena' junto a C\u00e1ritas en Almer\u00eda - Delegaci\u00f3n de Almer\u00eda\",\"isPartOf\":{\"@id\":\"https:\/\/www.solidaridadenfermera.org\/almeria\/#website\"},\"primaryImageOfPage\":{\"@id\":\"https:\/\/www.solidaridadenfermera.org\/almeria\/sala-prensa\/solidaridad-enfermera-almeria-realiza-la-actividad-control-emocional-a-traves-de-la-atencion-plena-junto-a-caritas-en-almeria\/#primaryimage\"},\"image\":{\"@id\":\"https:\/\/www.solidaridadenfermera.org\/almeria\/sala-prensa\/solidaridad-enfermera-almeria-realiza-la-actividad-control-emocional-a-traves-de-la-atencion-plena-junto-a-caritas-en-almeria\/#primaryimage\"},\"thumbnailUrl\":\"https:\/\/www.solidaridadenfermera.org\/almeria\/wp-content\/uploads\/sites\/75\/2025\/07\/PHOTO-2025-06-10-17-58-16.jpg\",\"datePublished\":\"2025-07-01T14:48:00+00:00\",\"dateModified\":\"2025-07-03T15:37:36+00:00\",\"description\":\"Solidaridad Enfermera Almer\u00eda realiza la actividad 'Control emocional a trav\u00e9s de la atenci\u00f3n plena' junto a C\u00e1ritas en Almer\u00eda\",\"breadcrumb\":{\"@id\":\"https:\/\/www.solidaridadenfermera.org\/almeria\/sala-prensa\/solidaridad-enfermera-almeria-realiza-la-actividad-control-emocional-a-traves-de-la-atencion-plena-junto-a-caritas-en-almeria\/#breadcrumb\"},\"inLanguage\":\"es\",\"potentialAction\":[{\"@type\":\"ReadAction\",\"target\":[\"https:\/\/www.solidaridadenfermera.org\/almeria\/sala-prensa\/solidaridad-enfermera-almeria-realiza-la-actividad-control-emocional-a-traves-de-la-atencion-plena-junto-a-caritas-en-almeria\/\"]}]},{\"@type\":\"ImageObject\",\"inLanguage\":\"es\",\"@id\":\"https:\/\/www.solidaridadenfermera.org\/almeria\/sala-prensa\/solidaridad-enfermera-almeria-realiza-la-actividad-control-emocional-a-traves-de-la-atencion-plena-junto-a-caritas-en-almeria\/#primaryimage\",\"url\":\"https:\/\/www.solidaridadenfermera.org\/almeria\/wp-content\/uploads\/sites\/75\/2025\/07\/PHOTO-2025-06-10-17-58-16.jpg\",\"contentUrl\":\"https:\/\/www.solidaridadenfermera.org\/almeria\/wp-content\/uploads\/sites\/75\/2025\/07\/PHOTO-2025-06-10-17-58-16.jpg\",\"width\":1600,\"height\":1200},{\"@type\":\"BreadcrumbList\",\"@id\":\"https:\/\/www.solidaridadenfermera.org\/almeria\/sala-prensa\/solidaridad-enfermera-almeria-realiza-la-actividad-control-emocional-a-traves-de-la-atencion-plena-junto-a-caritas-en-almeria\/#breadcrumb\",\"itemListElement\":[{\"@type\":\"ListItem\",\"position\":1,\"name\":\"Inicio\",\"item\":\"https:\/\/www.solidaridadenfermera.org\/almeria\/\"},{\"@type\":\"ListItem\",\"position\":2,\"name\":\"Sala De Prensa\",\"item\":\"https:\/\/www.solidaridadenfermera.org\/almeria\/sala-prensa\/\"},{\"@type\":\"ListItem\",\"position\":3,\"name\":\"Solidaridad Enfermera Almer\u00eda realiza la actividad &#8216;Control emocional a trav\u00e9s de la atenci\u00f3n plena&#8217; junto a C\u00e1ritas en Almer\u00eda\"}]},{\"@type\":\"WebSite\",\"@id\":\"https:\/\/www.solidaridadenfermera.org\/almeria\/#website\",\"url\":\"https:\/\/www.solidaridadenfermera.org\/almeria\/\",\"name\":\"Delegaci\u00f3n de Almer\u00eda\",\"description\":\"Consejo General de Enfermer\u00eda (CGE) es una organizaci\u00f3n profesional con m\u00e1s 100 a\u00f1os de historia, que en base a los fines y funciones que le atribuye su Estatuto Aprobado por Real Decreto 1231, de 8 de noviembre de 2001, se constituye como el referente para la profesi\u00f3n de enfermer\u00eda, representando a un colectivo de doscientos mil colegiados.\",\"publisher\":{\"@id\":\"https:\/\/www.solidaridadenfermera.org\/almeria\/#organization\"},\"potentialAction\":[{\"@type\":\"SearchAction\",\"target\":{\"@type\":\"EntryPoint\",\"urlTemplate\":\"https:\/\/www.solidaridadenfermera.org\/almeria\/?s={search_term_string}\"},\"query-input\":{\"@type\":\"PropertyValueSpecification\",\"valueRequired\":true,\"valueName\":\"search_term_string\"}}],\"inLanguage\":\"es\"},{\"@type\":\"Organization\",\"@id\":\"https:\/\/www.solidaridadenfermera.org\/almeria\/#organization\",\"name\":\"Delegaci\u00f3n de Almer\u00eda\",\"url\":\"https:\/\/www.solidaridadenfermera.org\/almeria\/\",\"logo\":{\"@type\":\"ImageObject\",\"inLanguage\":\"es\",\"@id\":\"https:\/\/www.solidaridadenfermera.org\/almeria\/#\/schema\/logo\/image\/\",\"url\":\"https:\/\/www.solidaridadenfermera.org\/almeria\/wp-content\/uploads\/sites\/75\/2021\/05\/Logo-SE-Almeria.png\",\"contentUrl\":\"https:\/\/www.solidaridadenfermera.org\/almeria\/wp-content\/uploads\/sites\/75\/2021\/05\/Logo-SE-Almeria.png\",\"width\":578,\"height\":771,\"caption\":\"Delegaci\u00f3n de Almer\u00eda\"},\"image\":{\"@id\":\"https:\/\/www.solidaridadenfermera.org\/almeria\/#\/schema\/logo\/image\/\"}}]}<\/script>\n<!-- \/ Yoast SEO plugin. -->","yoast_head_json":{"title":"Solidaridad Enfermera Almer\u00eda realiza la actividad 'Control emocional a trav\u00e9s de la atenci\u00f3n plena' junto a C\u00e1ritas en Almer\u00eda - Delegaci\u00f3n de Almer\u00eda","description":"Solidaridad Enfermera Almer\u00eda realiza la actividad 'Control emocional a trav\u00e9s de la atenci\u00f3n plena' junto a C\u00e1ritas en Almer\u00eda","robots":{"index":"index","follow":"follow","max-snippet":"max-snippet:-1","max-image-preview":"max-image-preview:large","max-video-preview":"max-video-preview:-1"},"canonical":"https:\/\/www.solidaridadenfermera.org\/almeria\/sala-prensa\/solidaridad-enfermera-almeria-realiza-la-actividad-control-emocional-a-traves-de-la-atencion-plena-junto-a-caritas-en-almeria\/","og_locale":"es_ES","og_type":"article","og_title":"Solidaridad Enfermera Almer\u00eda realiza la actividad 'Control emocional a trav\u00e9s de la atenci\u00f3n plena' junto a C\u00e1ritas en Almer\u00eda - Delegaci\u00f3n de Almer\u00eda","og_description":"Solidaridad Enfermera Almer\u00eda realiza la actividad 'Control emocional a trav\u00e9s de la atenci\u00f3n plena' junto a C\u00e1ritas en Almer\u00eda","og_url":"https:\/\/www.solidaridadenfermera.org\/almeria\/sala-prensa\/solidaridad-enfermera-almeria-realiza-la-actividad-control-emocional-a-traves-de-la-atencion-plena-junto-a-caritas-en-almeria\/","og_site_name":"Delegaci\u00f3n de Almer\u00eda","article_modified_time":"2025-07-03T15:37:36+00:00","og_image":[{"width":1600,"height":1200,"url":"https:\/\/www.solidaridadenfermera.org\/almeria\/wp-content\/uploads\/sites\/75\/2025\/07\/PHOTO-2025-06-10-17-58-16.jpg","type":"image\/jpeg"}],"twitter_card":"summary_large_image","twitter_misc":{"Tiempo de lectura":"2 minutos"},"schema":{"@context":"https:\/\/schema.org","@graph":[{"@type":"WebPage","@id":"https:\/\/www.solidaridadenfermera.org\/almeria\/sala-prensa\/solidaridad-enfermera-almeria-realiza-la-actividad-control-emocional-a-traves-de-la-atencion-plena-junto-a-caritas-en-almeria\/","url":"https:\/\/www.solidaridadenfermera.org\/almeria\/sala-prensa\/solidaridad-enfermera-almeria-realiza-la-actividad-control-emocional-a-traves-de-la-atencion-plena-junto-a-caritas-en-almeria\/","name":"Solidaridad Enfermera Almer\u00eda realiza la actividad 'Control emocional a trav\u00e9s de la atenci\u00f3n plena' junto a C\u00e1ritas en Almer\u00eda - Delegaci\u00f3n de Almer\u00eda","isPartOf":{"@id":"https:\/\/www.solidaridadenfermera.org\/almeria\/#website"},"primaryImageOfPage":{"@id":"https:\/\/www.solidaridadenfermera.org\/almeria\/sala-prensa\/solidaridad-enfermera-almeria-realiza-la-actividad-control-emocional-a-traves-de-la-atencion-plena-junto-a-caritas-en-almeria\/#primaryimage"},"image":{"@id":"https:\/\/www.solidaridadenfermera.org\/almeria\/sala-prensa\/solidaridad-enfermera-almeria-realiza-la-actividad-control-emocional-a-traves-de-la-atencion-plena-junto-a-caritas-en-almeria\/#primaryimage"},"thumbnailUrl":"https:\/\/www.solidaridadenfermera.org\/almeria\/wp-content\/uploads\/sites\/75\/2025\/07\/PHOTO-2025-06-10-17-58-16.jpg","datePublished":"2025-07-01T14:48:00+00:00","dateModified":"2025-07-03T15:37:36+00:00","description":"Solidaridad Enfermera Almer\u00eda realiza la actividad 'Control emocional a trav\u00e9s de la atenci\u00f3n plena' junto a C\u00e1ritas en Almer\u00eda","breadcrumb":{"@id":"https:\/\/www.solidaridadenfermera.org\/almeria\/sala-prensa\/solidaridad-enfermera-almeria-realiza-la-actividad-control-emocional-a-traves-de-la-atencion-plena-junto-a-caritas-en-almeria\/#breadcrumb"},"inLanguage":"es","potentialAction":[{"@type":"ReadAction","target":["https:\/\/www.solidaridadenfermera.org\/almeria\/sala-prensa\/solidaridad-enfermera-almeria-realiza-la-actividad-control-emocional-a-traves-de-la-atencion-plena-junto-a-caritas-en-almeria\/"]}]},{"@type":"ImageObject","inLanguage":"es","@id":"https:\/\/www.solidaridadenfermera.org\/almeria\/sala-prensa\/solidaridad-enfermera-almeria-realiza-la-actividad-control-emocional-a-traves-de-la-atencion-plena-junto-a-caritas-en-almeria\/#primaryimage","url":"https:\/\/www.solidaridadenfermera.org\/almeria\/wp-content\/uploads\/sites\/75\/2025\/07\/PHOTO-2025-06-10-17-58-16.jpg","contentUrl":"https:\/\/www.solidaridadenfermera.org\/almeria\/wp-content\/uploads\/sites\/75\/2025\/07\/PHOTO-2025-06-10-17-58-16.jpg","width":1600,"height":1200},{"@type":"BreadcrumbList","@id":"https:\/\/www.solidaridadenfermera.org\/almeria\/sala-prensa\/solidaridad-enfermera-almeria-realiza-la-actividad-control-emocional-a-traves-de-la-atencion-plena-junto-a-caritas-en-almeria\/#breadcrumb","itemListElement":[{"@type":"ListItem","position":1,"name":"Inicio","item":"https:\/\/www.solidaridadenfermera.org\/almeria\/"},{"@type":"ListItem","position":2,"name":"Sala De Prensa","item":"https:\/\/www.solidaridadenfermera.org\/almeria\/sala-prensa\/"},{"@type":"ListItem","position":3,"name":"Solidaridad Enfermera Almer\u00eda realiza la actividad &#8216;Control emocional a trav\u00e9s de la atenci\u00f3n plena&#8217; junto a C\u00e1ritas en Almer\u00eda"}]},{"@type":"WebSite","@id":"https:\/\/www.solidaridadenfermera.org\/almeria\/#website","url":"https:\/\/www.solidaridadenfermera.org\/almeria\/","name":"Delegaci\u00f3n de Almer\u00eda","description":"Consejo General de Enfermer\u00eda (CGE) es una organizaci\u00f3n profesional con m\u00e1s 100 a\u00f1os de historia, que en base a los fines y funciones que le atribuye su Estatuto Aprobado por Real Decreto 1231, de 8 de noviembre de 2001, se constituye como el referente para la profesi\u00f3n de enfermer\u00eda, representando a un colectivo de doscientos mil colegiados.","publisher":{"@id":"https:\/\/www.solidaridadenfermera.org\/almeria\/#organization"},"potentialAction":[{"@type":"SearchAction","target":{"@type":"EntryPoint","urlTemplate":"https:\/\/www.solidaridadenfermera.org\/almeria\/?s={search_term_string}"},"query-input":{"@type":"PropertyValueSpecification","valueRequired":true,"valueName":"search_term_string"}}],"inLanguage":"es"},{"@type":"Organization","@id":"https:\/\/www.solidaridadenfermera.org\/almeria\/#organization","name":"Delegaci\u00f3n de Almer\u00eda","url":"https:\/\/www.solidaridadenfermera.org\/almeria\/","logo":{"@type":"ImageObject","inLanguage":"es","@id":"https:\/\/www.solidaridadenfermera.org\/almeria\/#\/schema\/logo\/image\/","url":"https:\/\/www.solidaridadenfermera.org\/almeria\/wp-content\/uploads\/sites\/75\/2021\/05\/Logo-SE-Almeria.png","contentUrl":"https:\/\/www.solidaridadenfermera.org\/almeria\/wp-content\/uploads\/sites\/75\/2021\/05\/Logo-SE-Almeria.png","width":578,"height":771,"caption":"Delegaci\u00f3n de Almer\u00eda"},"image":{"@id":"https:\/\/www.solidaridadenfermera.org\/almeria\/#\/schema\/logo\/image\/"}}]}},"_links":{"self":[{"href":"https:\/\/www.solidaridadenfermera.org\/almeria\/wp-json\/wp\/v2\/news\/1443","targetHints":{"allow":["GET"]}}],"collection":[{"href":"https:\/\/www.solidaridadenfermera.org\/almeria\/wp-json\/wp\/v2\/news"}],"about":[{"href":"https:\/\/www.solidaridadenfermera.org\/almeria\/wp-json\/wp\/v2\/types\/news"}],"wp:featuredmedia":[{"embeddable":true,"href":"https:\/\/www.solidaridadenfermera.org\/almeria\/wp-json\/wp\/v2\/media\/1444"}],"wp:attachment":[{"href":"https:\/\/www.solidaridadenfermera.org\/almeria\/wp-json\/wp\/v2\/media?parent=1443"}],"wp:term":[{"taxonomy":"news_category","embeddable":true,"href":"https:\/\/www.solidaridadenfermera.org\/almeria\/wp-json\/wp\/v2\/news_category?post=1443"},{"taxonomy":"news_tag","embeddable":true,"href":"https:\/\/www.solidaridadenfermera.org\/almeria\/wp-json\/wp\/v2\/news_tag?post=1443"}],"curies":[{"name":"wp","href":"https:\/\/api.w.org\/{rel}","templated":true}]}}