{"id":1434,"date":"2025-06-20T09:31:35","date_gmt":"2025-06-20T07:31:35","guid":{"rendered":"https:\/\/www.solidaridadenfermera.org\/almeria\/?post_type=news&#038;p=1434"},"modified":"2025-06-20T14:48:59","modified_gmt":"2025-06-20T12:48:59","slug":"solidaridad-enfermera-almeria-realiza-la-actividad-prevencion-de-accidentes-domesticos-junto-a-caritas-almeria-en-la-mojonera","status":"publish","type":"news","link":"https:\/\/www.solidaridadenfermera.org\/almeria\/sala-prensa\/solidaridad-enfermera-almeria-realiza-la-actividad-prevencion-de-accidentes-domesticos-junto-a-caritas-almeria-en-la-mojonera\/","title":{"rendered":"Solidaridad Enfermera Almer\u00eda realiza la actividad &#8216;Prevenci\u00f3n de accidentes dom\u00e9sticos&#8217; junto a C\u00e1ritas Almer\u00eda en La Mojonera"},"content":{"rendered":"\n<p><\/p>\n\n\n\n<div class=\"wp-block-group container\"><div class=\"wp-block-group__inner-container is-layout-flow wp-block-group-is-layout-flow\">\n<p>El pasado lunes, 2 de junio, Solidaridad Enfermera Almer\u00eda, junto a C\u00e1ritas, en Venta del Viso (La Mojonera) organiz\u00f3 una actividad formativa bajo el t\u00edtulo <strong>\u201cPrevenci\u00f3n de accidentes dom\u00e9sticos\u201d<\/strong>, dirigida a un grupo de mujeres extranjeras de distintas etnias, con edades comprendidas entre los 19 y los 45 a\u00f1os.<\/p>\n\n\n\n<p>La sesi\u00f3n, conducida por Ana Fca. Medina Rodr\u00edguez y Dolores \u00dabeda Cuenca, tuvo una duraci\u00f3n de una hora y media y reuni\u00f3 a <strong>16 participantes<\/strong>, todas ellas muy implicadas y con gran inter\u00e9s por el contenido.<\/p>\n\n\n\n<p>El taller abord\u00f3 las situaciones m\u00e1s comunes de <strong>accidentes en el hogar<\/strong>, afectando especialmente a <strong>ni\u00f1os, personas mayores y adultos<\/strong>. Las formadoras explicaron las causas m\u00e1s habituales \u2014curiosidad, negligencia o desconocimiento\u2014 y destacaron la importancia de la <strong>prevenci\u00f3n<\/strong> y la <strong>actuaci\u00f3n temprana<\/strong> mediante primeros auxilios antes de la llegada de los servicios de emergencia.<\/p>\n\n\n\n<p>Adem\u00e1s de la parte te\u00f3rica, se realizaron <strong>demostraciones pr\u00e1cticas<\/strong> utilizando materiales sencillos para reforzar el aprendizaje y facilitar la aplicaci\u00f3n de los conocimientos en el entorno dom\u00e9stico.<\/p>\n\n\n\n<p>Esta actividad forma parte del compromiso de C\u00e1ritas con la formaci\u00f3n y la integraci\u00f3n de personas migrantes, promoviendo <strong>la seguridad y el bienestar en el hogar<\/strong> como un derecho fundamental para todos.<\/p>\n<\/div><\/div>\n","protected":false},"excerpt":{"rendered":"<p>El pasado lunes, 2 de junio, Solidaridad Enfermera Almer\u00eda, junto a C\u00e1ritas, en Venta del Viso (La Mojonera) organiz\u00f3 una actividad formativa bajo el t\u00edtulo \u201cPrevenci\u00f3n de accidentes dom\u00e9sticos\u201d, dirigida a un grupo de mujeres extranjeras de distintas etnias, con edades comprendidas entre los 19 y los 45 a\u00f1os. La sesi\u00f3n, conducida por Ana Fca. [&hellip;]<\/p>\n","protected":false},"featured_media":1436,"template":"","news_category":[12,56,11,57],"news_tag":[131,61,127,128],"class_list":["post-1434","news","type-news","status-publish","has-post-thumbnail","hentry","news_category-notas-de-prensa","news_category-notas-de-prensa-en","news_category-noticias","news_category-noticias-en","news_tag-actividad","news_tag-enfermeria-en","news_tag-solidaridad-enfermera","news_tag-voluntariado"],"yoast_head":"<!-- This site is optimized with the Yoast SEO plugin v27.0 - https:\/\/yoast.com\/product\/yoast-seo-wordpress\/ -->\n<title>Solidaridad Enfermera Almer\u00eda realiza la actividad &#039;Prevenci\u00f3n de accidentes dom\u00e9sticos&#039; junto a C\u00e1ritas Almer\u00eda en La Mojonera - Delegaci\u00f3n de Almer\u00eda<\/title>\n<meta name=\"description\" content=\"Solidaridad Enfermera Almer\u00eda realiza la actividad &#039;Prevenci\u00f3n de accidentes dom\u00e9sticos&#039; junto a C\u00e1ritas Almer\u00eda en La Mojonera\" \/>\n<meta name=\"robots\" content=\"index, follow, max-snippet:-1, max-image-preview:large, max-video-preview:-1\" \/>\n<link rel=\"canonical\" href=\"https:\/\/www.solidaridadenfermera.org\/almeria\/sala-prensa\/solidaridad-enfermera-almeria-realiza-la-actividad-prevencion-de-accidentes-domesticos-junto-a-caritas-almeria-en-la-mojonera\/\" \/>\n<meta property=\"og:locale\" content=\"es_ES\" \/>\n<meta property=\"og:type\" content=\"article\" \/>\n<meta property=\"og:title\" content=\"Solidaridad Enfermera Almer\u00eda realiza la actividad &#039;Prevenci\u00f3n de accidentes dom\u00e9sticos&#039; junto a C\u00e1ritas Almer\u00eda en La Mojonera - Delegaci\u00f3n de Almer\u00eda\" \/>\n<meta property=\"og:description\" content=\"Solidaridad Enfermera Almer\u00eda realiza la actividad &#039;Prevenci\u00f3n de accidentes dom\u00e9sticos&#039; junto a C\u00e1ritas Almer\u00eda en La Mojonera\" \/>\n<meta property=\"og:url\" content=\"https:\/\/www.solidaridadenfermera.org\/almeria\/sala-prensa\/solidaridad-enfermera-almeria-realiza-la-actividad-prevencion-de-accidentes-domesticos-junto-a-caritas-almeria-en-la-mojonera\/\" \/>\n<meta property=\"og:site_name\" content=\"Delegaci\u00f3n de Almer\u00eda\" \/>\n<meta property=\"article:modified_time\" content=\"2025-06-20T12:48:59+00:00\" \/>\n<meta property=\"og:image\" content=\"https:\/\/www.solidaridadenfermera.org\/almeria\/wp-content\/uploads\/sites\/75\/2025\/06\/IMG-20250618-WA0014.jpg\" \/>\n\t<meta property=\"og:image:width\" content=\"1600\" \/>\n\t<meta property=\"og:image:height\" content=\"1200\" \/>\n\t<meta property=\"og:image:type\" content=\"image\/jpeg\" \/>\n<meta name=\"twitter:card\" content=\"summary_large_image\" \/>\n<meta name=\"twitter:label1\" content=\"Tiempo de lectura\" \/>\n\t<meta name=\"twitter:data1\" content=\"2 minutos\" \/>\n<script type=\"application\/ld+json\" class=\"yoast-schema-graph\">{\"@context\":\"https:\/\/schema.org\",\"@graph\":[{\"@type\":\"WebPage\",\"@id\":\"https:\/\/www.solidaridadenfermera.org\/almeria\/sala-prensa\/solidaridad-enfermera-almeria-realiza-la-actividad-prevencion-de-accidentes-domesticos-junto-a-caritas-almeria-en-la-mojonera\/\",\"url\":\"https:\/\/www.solidaridadenfermera.org\/almeria\/sala-prensa\/solidaridad-enfermera-almeria-realiza-la-actividad-prevencion-de-accidentes-domesticos-junto-a-caritas-almeria-en-la-mojonera\/\",\"name\":\"Solidaridad Enfermera Almer\u00eda realiza la actividad 'Prevenci\u00f3n de accidentes dom\u00e9sticos' junto a C\u00e1ritas Almer\u00eda en La Mojonera - Delegaci\u00f3n de Almer\u00eda\",\"isPartOf\":{\"@id\":\"https:\/\/www.solidaridadenfermera.org\/almeria\/#website\"},\"primaryImageOfPage\":{\"@id\":\"https:\/\/www.solidaridadenfermera.org\/almeria\/sala-prensa\/solidaridad-enfermera-almeria-realiza-la-actividad-prevencion-de-accidentes-domesticos-junto-a-caritas-almeria-en-la-mojonera\/#primaryimage\"},\"image\":{\"@id\":\"https:\/\/www.solidaridadenfermera.org\/almeria\/sala-prensa\/solidaridad-enfermera-almeria-realiza-la-actividad-prevencion-de-accidentes-domesticos-junto-a-caritas-almeria-en-la-mojonera\/#primaryimage\"},\"thumbnailUrl\":\"https:\/\/www.solidaridadenfermera.org\/almeria\/wp-content\/uploads\/sites\/75\/2025\/06\/IMG-20250618-WA0014.jpg\",\"datePublished\":\"2025-06-20T07:31:35+00:00\",\"dateModified\":\"2025-06-20T12:48:59+00:00\",\"description\":\"Solidaridad Enfermera Almer\u00eda realiza la actividad 'Prevenci\u00f3n de accidentes dom\u00e9sticos' junto a C\u00e1ritas Almer\u00eda en La Mojonera\",\"breadcrumb\":{\"@id\":\"https:\/\/www.solidaridadenfermera.org\/almeria\/sala-prensa\/solidaridad-enfermera-almeria-realiza-la-actividad-prevencion-de-accidentes-domesticos-junto-a-caritas-almeria-en-la-mojonera\/#breadcrumb\"},\"inLanguage\":\"es\",\"potentialAction\":[{\"@type\":\"ReadAction\",\"target\":[\"https:\/\/www.solidaridadenfermera.org\/almeria\/sala-prensa\/solidaridad-enfermera-almeria-realiza-la-actividad-prevencion-de-accidentes-domesticos-junto-a-caritas-almeria-en-la-mojonera\/\"]}]},{\"@type\":\"ImageObject\",\"inLanguage\":\"es\",\"@id\":\"https:\/\/www.solidaridadenfermera.org\/almeria\/sala-prensa\/solidaridad-enfermera-almeria-realiza-la-actividad-prevencion-de-accidentes-domesticos-junto-a-caritas-almeria-en-la-mojonera\/#primaryimage\",\"url\":\"https:\/\/www.solidaridadenfermera.org\/almeria\/wp-content\/uploads\/sites\/75\/2025\/06\/IMG-20250618-WA0014.jpg\",\"contentUrl\":\"https:\/\/www.solidaridadenfermera.org\/almeria\/wp-content\/uploads\/sites\/75\/2025\/06\/IMG-20250618-WA0014.jpg\",\"width\":1600,\"height\":1200},{\"@type\":\"BreadcrumbList\",\"@id\":\"https:\/\/www.solidaridadenfermera.org\/almeria\/sala-prensa\/solidaridad-enfermera-almeria-realiza-la-actividad-prevencion-de-accidentes-domesticos-junto-a-caritas-almeria-en-la-mojonera\/#breadcrumb\",\"itemListElement\":[{\"@type\":\"ListItem\",\"position\":1,\"name\":\"Inicio\",\"item\":\"https:\/\/www.solidaridadenfermera.org\/almeria\/\"},{\"@type\":\"ListItem\",\"position\":2,\"name\":\"Sala De Prensa\",\"item\":\"https:\/\/www.solidaridadenfermera.org\/almeria\/sala-prensa\/\"},{\"@type\":\"ListItem\",\"position\":3,\"name\":\"Solidaridad Enfermera Almer\u00eda realiza la actividad &#8216;Prevenci\u00f3n de accidentes dom\u00e9sticos&#8217; junto a C\u00e1ritas Almer\u00eda en La Mojonera\"}]},{\"@type\":\"WebSite\",\"@id\":\"https:\/\/www.solidaridadenfermera.org\/almeria\/#website\",\"url\":\"https:\/\/www.solidaridadenfermera.org\/almeria\/\",\"name\":\"Delegaci\u00f3n de Almer\u00eda\",\"description\":\"Consejo General de Enfermer\u00eda (CGE) es una organizaci\u00f3n profesional con m\u00e1s 100 a\u00f1os de historia, que en base a los fines y funciones que le atribuye su Estatuto Aprobado por Real Decreto 1231, de 8 de noviembre de 2001, se constituye como el referente para la profesi\u00f3n de enfermer\u00eda, representando a un colectivo de doscientos mil colegiados.\",\"publisher\":{\"@id\":\"https:\/\/www.solidaridadenfermera.org\/almeria\/#organization\"},\"potentialAction\":[{\"@type\":\"SearchAction\",\"target\":{\"@type\":\"EntryPoint\",\"urlTemplate\":\"https:\/\/www.solidaridadenfermera.org\/almeria\/?s={search_term_string}\"},\"query-input\":{\"@type\":\"PropertyValueSpecification\",\"valueRequired\":true,\"valueName\":\"search_term_string\"}}],\"inLanguage\":\"es\"},{\"@type\":\"Organization\",\"@id\":\"https:\/\/www.solidaridadenfermera.org\/almeria\/#organization\",\"name\":\"Delegaci\u00f3n de Almer\u00eda\",\"url\":\"https:\/\/www.solidaridadenfermera.org\/almeria\/\",\"logo\":{\"@type\":\"ImageObject\",\"inLanguage\":\"es\",\"@id\":\"https:\/\/www.solidaridadenfermera.org\/almeria\/#\/schema\/logo\/image\/\",\"url\":\"https:\/\/www.solidaridadenfermera.org\/almeria\/wp-content\/uploads\/sites\/75\/2021\/05\/Logo-SE-Almeria.png\",\"contentUrl\":\"https:\/\/www.solidaridadenfermera.org\/almeria\/wp-content\/uploads\/sites\/75\/2021\/05\/Logo-SE-Almeria.png\",\"width\":578,\"height\":771,\"caption\":\"Delegaci\u00f3n de Almer\u00eda\"},\"image\":{\"@id\":\"https:\/\/www.solidaridadenfermera.org\/almeria\/#\/schema\/logo\/image\/\"}}]}<\/script>\n<!-- \/ Yoast SEO plugin. -->","yoast_head_json":{"title":"Solidaridad Enfermera Almer\u00eda realiza la actividad 'Prevenci\u00f3n de accidentes dom\u00e9sticos' junto a C\u00e1ritas Almer\u00eda en La Mojonera - Delegaci\u00f3n de Almer\u00eda","description":"Solidaridad Enfermera Almer\u00eda realiza la actividad 'Prevenci\u00f3n de accidentes dom\u00e9sticos' junto a C\u00e1ritas Almer\u00eda en La Mojonera","robots":{"index":"index","follow":"follow","max-snippet":"max-snippet:-1","max-image-preview":"max-image-preview:large","max-video-preview":"max-video-preview:-1"},"canonical":"https:\/\/www.solidaridadenfermera.org\/almeria\/sala-prensa\/solidaridad-enfermera-almeria-realiza-la-actividad-prevencion-de-accidentes-domesticos-junto-a-caritas-almeria-en-la-mojonera\/","og_locale":"es_ES","og_type":"article","og_title":"Solidaridad Enfermera Almer\u00eda realiza la actividad 'Prevenci\u00f3n de accidentes dom\u00e9sticos' junto a C\u00e1ritas Almer\u00eda en La Mojonera - Delegaci\u00f3n de Almer\u00eda","og_description":"Solidaridad Enfermera Almer\u00eda realiza la actividad 'Prevenci\u00f3n de accidentes dom\u00e9sticos' junto a C\u00e1ritas Almer\u00eda en La Mojonera","og_url":"https:\/\/www.solidaridadenfermera.org\/almeria\/sala-prensa\/solidaridad-enfermera-almeria-realiza-la-actividad-prevencion-de-accidentes-domesticos-junto-a-caritas-almeria-en-la-mojonera\/","og_site_name":"Delegaci\u00f3n de Almer\u00eda","article_modified_time":"2025-06-20T12:48:59+00:00","og_image":[{"width":1600,"height":1200,"url":"https:\/\/www.solidaridadenfermera.org\/almeria\/wp-content\/uploads\/sites\/75\/2025\/06\/IMG-20250618-WA0014.jpg","type":"image\/jpeg"}],"twitter_card":"summary_large_image","twitter_misc":{"Tiempo de lectura":"2 minutos"},"schema":{"@context":"https:\/\/schema.org","@graph":[{"@type":"WebPage","@id":"https:\/\/www.solidaridadenfermera.org\/almeria\/sala-prensa\/solidaridad-enfermera-almeria-realiza-la-actividad-prevencion-de-accidentes-domesticos-junto-a-caritas-almeria-en-la-mojonera\/","url":"https:\/\/www.solidaridadenfermera.org\/almeria\/sala-prensa\/solidaridad-enfermera-almeria-realiza-la-actividad-prevencion-de-accidentes-domesticos-junto-a-caritas-almeria-en-la-mojonera\/","name":"Solidaridad Enfermera Almer\u00eda realiza la actividad 'Prevenci\u00f3n de accidentes dom\u00e9sticos' junto a C\u00e1ritas Almer\u00eda en La Mojonera - Delegaci\u00f3n de Almer\u00eda","isPartOf":{"@id":"https:\/\/www.solidaridadenfermera.org\/almeria\/#website"},"primaryImageOfPage":{"@id":"https:\/\/www.solidaridadenfermera.org\/almeria\/sala-prensa\/solidaridad-enfermera-almeria-realiza-la-actividad-prevencion-de-accidentes-domesticos-junto-a-caritas-almeria-en-la-mojonera\/#primaryimage"},"image":{"@id":"https:\/\/www.solidaridadenfermera.org\/almeria\/sala-prensa\/solidaridad-enfermera-almeria-realiza-la-actividad-prevencion-de-accidentes-domesticos-junto-a-caritas-almeria-en-la-mojonera\/#primaryimage"},"thumbnailUrl":"https:\/\/www.solidaridadenfermera.org\/almeria\/wp-content\/uploads\/sites\/75\/2025\/06\/IMG-20250618-WA0014.jpg","datePublished":"2025-06-20T07:31:35+00:00","dateModified":"2025-06-20T12:48:59+00:00","description":"Solidaridad Enfermera Almer\u00eda realiza la actividad 'Prevenci\u00f3n de accidentes dom\u00e9sticos' junto a C\u00e1ritas Almer\u00eda en La Mojonera","breadcrumb":{"@id":"https:\/\/www.solidaridadenfermera.org\/almeria\/sala-prensa\/solidaridad-enfermera-almeria-realiza-la-actividad-prevencion-de-accidentes-domesticos-junto-a-caritas-almeria-en-la-mojonera\/#breadcrumb"},"inLanguage":"es","potentialAction":[{"@type":"ReadAction","target":["https:\/\/www.solidaridadenfermera.org\/almeria\/sala-prensa\/solidaridad-enfermera-almeria-realiza-la-actividad-prevencion-de-accidentes-domesticos-junto-a-caritas-almeria-en-la-mojonera\/"]}]},{"@type":"ImageObject","inLanguage":"es","@id":"https:\/\/www.solidaridadenfermera.org\/almeria\/sala-prensa\/solidaridad-enfermera-almeria-realiza-la-actividad-prevencion-de-accidentes-domesticos-junto-a-caritas-almeria-en-la-mojonera\/#primaryimage","url":"https:\/\/www.solidaridadenfermera.org\/almeria\/wp-content\/uploads\/sites\/75\/2025\/06\/IMG-20250618-WA0014.jpg","contentUrl":"https:\/\/www.solidaridadenfermera.org\/almeria\/wp-content\/uploads\/sites\/75\/2025\/06\/IMG-20250618-WA0014.jpg","width":1600,"height":1200},{"@type":"BreadcrumbList","@id":"https:\/\/www.solidaridadenfermera.org\/almeria\/sala-prensa\/solidaridad-enfermera-almeria-realiza-la-actividad-prevencion-de-accidentes-domesticos-junto-a-caritas-almeria-en-la-mojonera\/#breadcrumb","itemListElement":[{"@type":"ListItem","position":1,"name":"Inicio","item":"https:\/\/www.solidaridadenfermera.org\/almeria\/"},{"@type":"ListItem","position":2,"name":"Sala De Prensa","item":"https:\/\/www.solidaridadenfermera.org\/almeria\/sala-prensa\/"},{"@type":"ListItem","position":3,"name":"Solidaridad Enfermera Almer\u00eda realiza la actividad &#8216;Prevenci\u00f3n de accidentes dom\u00e9sticos&#8217; junto a C\u00e1ritas Almer\u00eda en La Mojonera"}]},{"@type":"WebSite","@id":"https:\/\/www.solidaridadenfermera.org\/almeria\/#website","url":"https:\/\/www.solidaridadenfermera.org\/almeria\/","name":"Delegaci\u00f3n de Almer\u00eda","description":"Consejo General de Enfermer\u00eda (CGE) es una organizaci\u00f3n profesional con m\u00e1s 100 a\u00f1os de historia, que en base a los fines y funciones que le atribuye su Estatuto Aprobado por Real Decreto 1231, de 8 de noviembre de 2001, se constituye como el referente para la profesi\u00f3n de enfermer\u00eda, representando a un colectivo de doscientos mil colegiados.","publisher":{"@id":"https:\/\/www.solidaridadenfermera.org\/almeria\/#organization"},"potentialAction":[{"@type":"SearchAction","target":{"@type":"EntryPoint","urlTemplate":"https:\/\/www.solidaridadenfermera.org\/almeria\/?s={search_term_string}"},"query-input":{"@type":"PropertyValueSpecification","valueRequired":true,"valueName":"search_term_string"}}],"inLanguage":"es"},{"@type":"Organization","@id":"https:\/\/www.solidaridadenfermera.org\/almeria\/#organization","name":"Delegaci\u00f3n de Almer\u00eda","url":"https:\/\/www.solidaridadenfermera.org\/almeria\/","logo":{"@type":"ImageObject","inLanguage":"es","@id":"https:\/\/www.solidaridadenfermera.org\/almeria\/#\/schema\/logo\/image\/","url":"https:\/\/www.solidaridadenfermera.org\/almeria\/wp-content\/uploads\/sites\/75\/2021\/05\/Logo-SE-Almeria.png","contentUrl":"https:\/\/www.solidaridadenfermera.org\/almeria\/wp-content\/uploads\/sites\/75\/2021\/05\/Logo-SE-Almeria.png","width":578,"height":771,"caption":"Delegaci\u00f3n de Almer\u00eda"},"image":{"@id":"https:\/\/www.solidaridadenfermera.org\/almeria\/#\/schema\/logo\/image\/"}}]}},"_links":{"self":[{"href":"https:\/\/www.solidaridadenfermera.org\/almeria\/wp-json\/wp\/v2\/news\/1434","targetHints":{"allow":["GET"]}}],"collection":[{"href":"https:\/\/www.solidaridadenfermera.org\/almeria\/wp-json\/wp\/v2\/news"}],"about":[{"href":"https:\/\/www.solidaridadenfermera.org\/almeria\/wp-json\/wp\/v2\/types\/news"}],"wp:featuredmedia":[{"embeddable":true,"href":"https:\/\/www.solidaridadenfermera.org\/almeria\/wp-json\/wp\/v2\/media\/1436"}],"wp:attachment":[{"href":"https:\/\/www.solidaridadenfermera.org\/almeria\/wp-json\/wp\/v2\/media?parent=1434"}],"wp:term":[{"taxonomy":"news_category","embeddable":true,"href":"https:\/\/www.solidaridadenfermera.org\/almeria\/wp-json\/wp\/v2\/news_category?post=1434"},{"taxonomy":"news_tag","embeddable":true,"href":"https:\/\/www.solidaridadenfermera.org\/almeria\/wp-json\/wp\/v2\/news_tag?post=1434"}],"curies":[{"name":"wp","href":"https:\/\/api.w.org\/{rel}","templated":true}]}}