{"id":1347,"date":"2024-04-01T09:21:02","date_gmt":"2024-04-01T09:21:02","guid":{"rendered":"https:\/\/www.solidaridadenfermera.org\/almeria\/?post_type=news&#038;p=1347"},"modified":"2025-07-03T12:52:19","modified_gmt":"2025-07-03T10:52:19","slug":"solidaridad-enfermera-realiza-una-actividad-sobre-cuidados-para-la-salud-intima-femenina-y-masculina","status":"publish","type":"news","link":"https:\/\/www.solidaridadenfermera.org\/almeria\/sala-prensa\/solidaridad-enfermera-realiza-una-actividad-sobre-cuidados-para-la-salud-intima-femenina-y-masculina\/","title":{"rendered":"Solidaridad Enfermera realiza una actividad sobre cuidados para la salud \u00edntima femenina y masculina"},"content":{"rendered":"\n<div class=\"wp-block-cge-blocks-news-content-nested-related container\">\n<div style=\"height:50px\" aria-hidden=\"true\" class=\"wp-block-spacer\"><\/div>\n\n\n\n<h2 class=\"wp-block-heading has-text-align-center\">La ONG contin\u00faa con su programaci\u00f3n de actividades, en esta ocasi\u00f3n, junto a la Asociaci\u00f3n El Tim\u00f3n de Almer\u00eda<\/h2>\n\n\n\n<div style=\"height:50px\" aria-hidden=\"true\" class=\"wp-block-spacer\"><\/div>\n\n\n\n<p>La delegaci\u00f3n de Solidaridad Enfermera en Almer\u00eda contin\u00faa con su programaci\u00f3n de actividades en la provincia. En esta ocasi\u00f3n, junto a la Asociaci\u00f3n El Tim\u00f3n con la actividad &#8216;Cuidados para la salud \u00edntima femenina y masculina&#8217;.<\/p>\n\n\n\n<p>La sesi\u00f3n se realiz\u00f3 el pasado 21 de febrero en Almer\u00eda en un clima de inter\u00e9s por parte de las personas asistentes. <strong>&nbsp;<\/strong>Se realiz\u00f3 una charla informativa sobre cuidados y medidas de higiene generales. Asimismo, tambi\u00e9n se habl\u00f3, entre otros temas, sobre h\u00e1bitos de vida saludables, alimentaci\u00f3n y deporte, haciendo m\u00e1s \u00e9nfasis en la etapa del&nbsp; climaterio y los cuidados genitourinarios en las distintas fases de la vida, en hombres y en mujeres. Los asistentes participaron realizando consultas y planteando dudas sobre los temas que se trataron.<\/p>\n\n\n\n<p><\/p>\n\n\n\n<ul class=\"wp-block-list\">\n<li><strong>N\u00daMERO DE PARTICIPANTES: 25<\/strong><\/li>\n\n\n\n<li><strong>DURACI\u00d3N: 120 minutos<\/strong><\/li>\n\n\n\n<li><strong>ACTIVIDAD REALIZADA POR: M\u00aa del Carmen Cano Garc\u00eda y Emilia Galindo L\u00f3pez.<\/strong><\/li>\n<\/ul>\n<\/div>\n\n\n\n<div class=\"wp-block-cge-blocks-nested-related undefined row-nested-news\"><div class=\"container\">\n<h2 class=\"wp-block-heading\">Noticias relacionadas<\/h2>\n\n\n<div class=\"row\">\n\n\t\n\t\t\n            <div class=\"col-lg-3 view-cards\">\n                <a href=\"https:\/\/www.solidaridadenfermera.org\/almeria\/sala-prensa\/solidaridad-enfermeria-almeria-imparte-un-taller-para-la-higiene-intima-femenina-y-autocuidados-en-roquetas-de-mar\/\">\n                    <div class=\"card h-100\">\n                        <div class=\"image\">\n                            <div class=\"inner\">\n                                                                    <div class=\"card-image\"\n                                         style=\"background-image:url(https:\/\/www.solidaridadenfermera.org\/almeria\/wp-content\/uploads\/sites\/75\/2026\/02\/stella-maris.jpg);background-repeat: no-repeat;background-position: center;border-radius:18px\">\n                                        &nbsp;\n                                    <\/div>\n                                                            <\/div>\n                        <\/div>\n\n                        <div class=\"content\">\n                            <div class=\"date\">\n                                <p><i class=\"far fa-calendar\" style=\"color: var(--color-primary);\"><\/i>17 de febrero de 2026<\/p>\n                            <\/div>\n                            <div class=\"news-title\">\n                                <h3 class=\"title\">Solidaridad Enfermer\u00eda Almer\u00eda imparte un taller para la higiene \u00edntima femenina y autocuidados en Roquetas&hellip;<\/h3>\n                            <\/div>\n                            <p class=\"news-p\" style=\"\">Solidaridad Enfermera Almer\u00eda ha llevado a cabo la actividad \u201cSalud \u00edntima femenina, autocuidados\u201d en colaboraci\u00f3n con la Asociaci\u00f3n de Mujeres Estella Maris de Roquetas de Mar, celebrada el pasado 20&hellip;<\/p>\n                        <\/div>\n                    <\/div>\n                <\/a>\n            <\/div>\n\n    \t    \n\t\t\n            <div class=\"col-lg-3 view-cards\">\n                <a href=\"https:\/\/www.solidaridadenfermera.org\/almeria\/sala-prensa\/solidaridad-enfermera-organiza-en-huecija-un-taller-sobre-salud-intima-femenina\/\">\n                    <div class=\"card h-100\">\n                        <div class=\"image\">\n                            <div class=\"inner\">\n                                                                    <div class=\"card-image\"\n                                         style=\"background-image:url(https:\/\/www.solidaridadenfermera.org\/almeria\/wp-content\/uploads\/sites\/75\/2025\/12\/Imagen-de-WhatsApp-2025-11-28-a-las-07.47.56_fa979350.jpg);background-repeat: no-repeat;background-position: center;border-radius:18px\">\n                                        &nbsp;\n                                    <\/div>\n                                                            <\/div>\n                        <\/div>\n\n                        <div class=\"content\">\n                            <div class=\"date\">\n                                <p><i class=\"far fa-calendar\" style=\"color: var(--color-primary);\"><\/i>1 de diciembre de 2025<\/p>\n                            <\/div>\n                            <div class=\"news-title\">\n                                <h3 class=\"title\">Solidaridad Enfermera organiza en Hu\u00e9cija un taller sobre salud \u00edntima femenina<\/h3>\n                            <\/div>\n                            <p class=\"news-p\" style=\"\">22 mujeres participan en una jornada de formaci\u00f3n y autocuidados impulsada por la ONG en colaboraci\u00f3n con la Asociaci\u00f3n de Mujeres de Hu\u00e9cija. El pasado 19 de noviembre de 2025,&hellip;<\/p>\n                        <\/div>\n                    <\/div>\n                <\/a>\n            <\/div>\n\n    \t    \n\t\t\n            <div class=\"col-lg-3 view-cards\">\n                <a href=\"https:\/\/www.solidaridadenfermera.org\/almeria\/sala-prensa\/solidaridad-enfermera-almeria-y-caritas-desarrollan-un-taller-de-primeros-auxilios-para-personas-en-formacion\/\">\n                    <div class=\"card h-100\">\n                        <div class=\"image\">\n                            <div class=\"inner\">\n                                                                    <div class=\"card-image\"\n                                         style=\"background-image:url(https:\/\/www.solidaridadenfermera.org\/almeria\/wp-content\/uploads\/sites\/75\/2025\/11\/IMG-20251116-WA0005.jpg);background-repeat: no-repeat;background-position: center;border-radius:18px\">\n                                        &nbsp;\n                                    <\/div>\n                                                            <\/div>\n                        <\/div>\n\n                        <div class=\"content\">\n                            <div class=\"date\">\n                                <p><i class=\"far fa-calendar\" style=\"color: var(--color-primary);\"><\/i>26 de noviembre de 2025<\/p>\n                            <\/div>\n                            <div class=\"news-title\">\n                                <h3 class=\"title\">Solidaridad Enfermera Almer\u00eda y C\u00e1ritas desarrollan un Taller de Primeros Auxilios para personas en formaci\u00f3n<\/h3>\n                            <\/div>\n                            <p class=\"news-p\" style=\"\">Solidaridad Enfermera Almer\u00eda, la ONG del Colegio Oficial de Enfermer\u00eda de Almer\u00eda, imparti\u00f3 el pasado 14 de noviembre el Taller de Primeros Auxilios en colaboraci\u00f3n con C\u00e1ritas Almer\u00eda, dirigido a&hellip;<\/p>\n                        <\/div>\n                    <\/div>\n                <\/a>\n            <\/div>\n\n    \t    \n\t\t\n            <div class=\"col-lg-3 view-cards\">\n                <a href=\"https:\/\/www.solidaridadenfermera.org\/almeria\/sala-prensa\/personas-en-riesgo-de-exclusion-se-forman-en-primeros-auxilios-con-solidaridad-enfermera\/\">\n                    <div class=\"card h-100\">\n                        <div class=\"image\">\n                            <div class=\"inner\">\n                                                                    <div class=\"card-image\"\n                                         style=\"background-image:url(https:\/\/www.solidaridadenfermera.org\/almeria\/wp-content\/uploads\/sites\/75\/2025\/07\/IMG-20250701-WA0021.jpg);background-repeat: no-repeat;background-position: center;border-radius:18px\">\n                                        &nbsp;\n                                    <\/div>\n                                                            <\/div>\n                        <\/div>\n\n                        <div class=\"content\">\n                            <div class=\"date\">\n                                <p><i class=\"far fa-calendar\" style=\"color: var(--color-primary);\"><\/i>3 de julio de 2025<\/p>\n                            <\/div>\n                            <div class=\"news-title\">\n                                <h3 class=\"title\">Personas en riesgo de exclusi\u00f3n se forman en primeros auxilios con Solidaridad Enfermera<\/h3>\n                            <\/div>\n                            <p class=\"news-p\" style=\"\">El pasado 26 de junio de 2025 se celebr\u00f3 en Almer\u00eda un Taller de Primeros Auxilios organizado por C\u00e1ritas Almer\u00eda, dirigido a personas en situaci\u00f3n o riesgo de exclusi\u00f3n social&hellip;<\/p>\n                        <\/div>\n                    <\/div>\n                <\/a>\n            <\/div>\n\n    \t        <div class=\"see-more\">\n        <a href=\"https:\/\/www.solidaridadenfermera.org\/almeria\/sala-prensa\/\">Ver todas las noticias<\/a>\n        <\/div>\n<\/div> <!-- Close row -->\n\n<!--<div class=\"related-content-parent related-posts-content\" itemscope itemtype=\"http:\/\/schema.org\/NewsArticle\">-->\n<!--\t<div class=\"related-row related-news\">-->\n<!--\t\t--><!--\t\t\t<div class=\"item\" itemscope itemtype=\"http:\/\/schema.org\/Article\">-->\n<!---->\n<!--\t\t\t\t--><!--\t\t\t\t<div class=\"image --><!--\">-->\n<!--\t\t\t\t\t--><!--\t\t\t\t<\/div>-->\n<!--\t\t\t\t<div class=\"content\">-->\n<!--\t\t\t\t\t<h3>-->\n<!--\t\t\t\t\t\t<a href=\"--><!--\" title=\"--><!--\" itemprop=\"alternativeHeadline\">-->\n<!--\t\t\t\t\t\t--><!--<\/h3>-->\n<!--\t\t\t\t\t<\/a>-->\n<!--\t\t\t\t\t--><!--\t\t\t\t\t\t<p itemprop=\"backstory\">-->\n<!--\t\t\t\t\t\t\t--><!--\t\t\t\t\t\t<\/p>-->\n<!--\t\t\t\t\t--><!---->\n<!--\t\t\t\t\t<a href=\"--><!--\" title=\"--><!--\" class=\"arrow\">-->\n<!--\t\t\t\t\t\t<i class=\"icon-arrow-pointing-to-right\"><\/i>-->\n<!--\t\t\t\t\t<\/a>-->\n<!--\t\t\t\t<\/div>-->\n<!---->\n<!--\t\t\t<\/div>-->\n<!--\t\t--><!---->\n<!--\t\t--><!--\t<\/div>-->\n<!--\t<div class=\"see-more\">-->\n<!--\t\t<a href=\"--><!--\">--><!--<\/a>-->\n<!--\t<\/div>-->\n<!--<\/div>-->\n<\/div><\/div>\n","protected":false},"excerpt":{"rendered":"","protected":false},"featured_media":1348,"template":"","news_category":[12,56,11,57],"news_tag":[131,136,133,61,126,127,128],"class_list":["post-1347","news","type-news","status-publish","has-post-thumbnail","hentry","news_category-notas-de-prensa","news_category-notas-de-prensa-en","news_category-noticias","news_category-noticias-en","news_tag-actividad","news_tag-cuidados-intimos","news_tag-educacion-sexual","news_tag-enfermeria-en","news_tag-ong","news_tag-solidaridad-enfermera","news_tag-voluntariado"],"yoast_head":"<!-- This site is optimized with the Yoast SEO plugin v27.0 - https:\/\/yoast.com\/product\/yoast-seo-wordpress\/ -->\n<title>Solidaridad Enfermera realiza una actividad sobre cuidados para la salud \u00edntima femenina y masculina - Delegaci\u00f3n de Almer\u00eda<\/title>\n<meta name=\"description\" content=\"Solidaridad Enfermera realiza una actividad sobre cuidados para la salud \u00edntima femenina y masculina de la mano de la Asociaci\u00f3n El Tim\u00f3n\" \/>\n<meta name=\"robots\" content=\"index, follow, max-snippet:-1, max-image-preview:large, max-video-preview:-1\" \/>\n<link rel=\"canonical\" href=\"https:\/\/www.solidaridadenfermera.org\/almeria\/sala-prensa\/solidaridad-enfermera-realiza-una-actividad-sobre-cuidados-para-la-salud-intima-femenina-y-masculina\/\" \/>\n<meta property=\"og:locale\" content=\"es_ES\" \/>\n<meta property=\"og:type\" content=\"article\" \/>\n<meta property=\"og:title\" content=\"Solidaridad Enfermera realiza una actividad sobre cuidados para la salud \u00edntima femenina y masculina - Delegaci\u00f3n de Almer\u00eda\" \/>\n<meta property=\"og:description\" content=\"Solidaridad Enfermera realiza una actividad sobre cuidados para la salud \u00edntima femenina y masculina de la mano de la Asociaci\u00f3n El Tim\u00f3n\" \/>\n<meta property=\"og:url\" content=\"https:\/\/www.solidaridadenfermera.org\/almeria\/sala-prensa\/solidaridad-enfermera-realiza-una-actividad-sobre-cuidados-para-la-salud-intima-femenina-y-masculina\/\" \/>\n<meta property=\"og:site_name\" content=\"Delegaci\u00f3n de Almer\u00eda\" \/>\n<meta property=\"article:modified_time\" content=\"2025-07-03T10:52:19+00:00\" \/>\n<meta property=\"og:image\" content=\"https:\/\/www.solidaridadenfermera.org\/almeria\/wp-content\/uploads\/sites\/75\/2024\/04\/WhatsApp-Image-2024-02-26-at-08.42.14.jpeg\" \/>\n\t<meta property=\"og:image:width\" content=\"1600\" \/>\n\t<meta property=\"og:image:height\" content=\"899\" \/>\n\t<meta property=\"og:image:type\" content=\"image\/jpeg\" \/>\n<meta name=\"twitter:card\" content=\"summary_large_image\" \/>\n<meta name=\"twitter:label1\" content=\"Tiempo de lectura\" \/>\n\t<meta name=\"twitter:data1\" content=\"1 minuto\" \/>\n<script type=\"application\/ld+json\" class=\"yoast-schema-graph\">{\"@context\":\"https:\/\/schema.org\",\"@graph\":[{\"@type\":\"WebPage\",\"@id\":\"https:\/\/www.solidaridadenfermera.org\/almeria\/sala-prensa\/solidaridad-enfermera-realiza-una-actividad-sobre-cuidados-para-la-salud-intima-femenina-y-masculina\/\",\"url\":\"https:\/\/www.solidaridadenfermera.org\/almeria\/sala-prensa\/solidaridad-enfermera-realiza-una-actividad-sobre-cuidados-para-la-salud-intima-femenina-y-masculina\/\",\"name\":\"Solidaridad Enfermera realiza una actividad sobre cuidados para la salud \u00edntima femenina y masculina - Delegaci\u00f3n de Almer\u00eda\",\"isPartOf\":{\"@id\":\"https:\/\/www.solidaridadenfermera.org\/almeria\/#website\"},\"primaryImageOfPage\":{\"@id\":\"https:\/\/www.solidaridadenfermera.org\/almeria\/sala-prensa\/solidaridad-enfermera-realiza-una-actividad-sobre-cuidados-para-la-salud-intima-femenina-y-masculina\/#primaryimage\"},\"image\":{\"@id\":\"https:\/\/www.solidaridadenfermera.org\/almeria\/sala-prensa\/solidaridad-enfermera-realiza-una-actividad-sobre-cuidados-para-la-salud-intima-femenina-y-masculina\/#primaryimage\"},\"thumbnailUrl\":\"https:\/\/www.solidaridadenfermera.org\/almeria\/wp-content\/uploads\/sites\/75\/2024\/04\/WhatsApp-Image-2024-02-26-at-08.42.14.jpeg\",\"datePublished\":\"2024-04-01T09:21:02+00:00\",\"dateModified\":\"2025-07-03T10:52:19+00:00\",\"description\":\"Solidaridad Enfermera realiza una actividad sobre cuidados para la salud \u00edntima femenina y masculina de la mano de la Asociaci\u00f3n El Tim\u00f3n\",\"breadcrumb\":{\"@id\":\"https:\/\/www.solidaridadenfermera.org\/almeria\/sala-prensa\/solidaridad-enfermera-realiza-una-actividad-sobre-cuidados-para-la-salud-intima-femenina-y-masculina\/#breadcrumb\"},\"inLanguage\":\"es\",\"potentialAction\":[{\"@type\":\"ReadAction\",\"target\":[\"https:\/\/www.solidaridadenfermera.org\/almeria\/sala-prensa\/solidaridad-enfermera-realiza-una-actividad-sobre-cuidados-para-la-salud-intima-femenina-y-masculina\/\"]}]},{\"@type\":\"ImageObject\",\"inLanguage\":\"es\",\"@id\":\"https:\/\/www.solidaridadenfermera.org\/almeria\/sala-prensa\/solidaridad-enfermera-realiza-una-actividad-sobre-cuidados-para-la-salud-intima-femenina-y-masculina\/#primaryimage\",\"url\":\"https:\/\/www.solidaridadenfermera.org\/almeria\/wp-content\/uploads\/sites\/75\/2024\/04\/WhatsApp-Image-2024-02-26-at-08.42.14.jpeg\",\"contentUrl\":\"https:\/\/www.solidaridadenfermera.org\/almeria\/wp-content\/uploads\/sites\/75\/2024\/04\/WhatsApp-Image-2024-02-26-at-08.42.14.jpeg\",\"width\":1600,\"height\":899},{\"@type\":\"BreadcrumbList\",\"@id\":\"https:\/\/www.solidaridadenfermera.org\/almeria\/sala-prensa\/solidaridad-enfermera-realiza-una-actividad-sobre-cuidados-para-la-salud-intima-femenina-y-masculina\/#breadcrumb\",\"itemListElement\":[{\"@type\":\"ListItem\",\"position\":1,\"name\":\"Inicio\",\"item\":\"https:\/\/www.solidaridadenfermera.org\/almeria\/\"},{\"@type\":\"ListItem\",\"position\":2,\"name\":\"Sala De Prensa\",\"item\":\"https:\/\/www.solidaridadenfermera.org\/almeria\/sala-prensa\/\"},{\"@type\":\"ListItem\",\"position\":3,\"name\":\"Solidaridad Enfermera realiza una actividad sobre cuidados para la salud \u00edntima femenina y masculina\"}]},{\"@type\":\"WebSite\",\"@id\":\"https:\/\/www.solidaridadenfermera.org\/almeria\/#website\",\"url\":\"https:\/\/www.solidaridadenfermera.org\/almeria\/\",\"name\":\"Delegaci\u00f3n de Almer\u00eda\",\"description\":\"Consejo General de Enfermer\u00eda (CGE) es una organizaci\u00f3n profesional con m\u00e1s 100 a\u00f1os de historia, que en base a los fines y funciones que le atribuye su Estatuto Aprobado por Real Decreto 1231, de 8 de noviembre de 2001, se constituye como el referente para la profesi\u00f3n de enfermer\u00eda, representando a un colectivo de doscientos mil colegiados.\",\"publisher\":{\"@id\":\"https:\/\/www.solidaridadenfermera.org\/almeria\/#organization\"},\"potentialAction\":[{\"@type\":\"SearchAction\",\"target\":{\"@type\":\"EntryPoint\",\"urlTemplate\":\"https:\/\/www.solidaridadenfermera.org\/almeria\/?s={search_term_string}\"},\"query-input\":{\"@type\":\"PropertyValueSpecification\",\"valueRequired\":true,\"valueName\":\"search_term_string\"}}],\"inLanguage\":\"es\"},{\"@type\":\"Organization\",\"@id\":\"https:\/\/www.solidaridadenfermera.org\/almeria\/#organization\",\"name\":\"Delegaci\u00f3n de Almer\u00eda\",\"url\":\"https:\/\/www.solidaridadenfermera.org\/almeria\/\",\"logo\":{\"@type\":\"ImageObject\",\"inLanguage\":\"es\",\"@id\":\"https:\/\/www.solidaridadenfermera.org\/almeria\/#\/schema\/logo\/image\/\",\"url\":\"https:\/\/www.solidaridadenfermera.org\/almeria\/wp-content\/uploads\/sites\/75\/2021\/05\/Logo-SE-Almeria.png\",\"contentUrl\":\"https:\/\/www.solidaridadenfermera.org\/almeria\/wp-content\/uploads\/sites\/75\/2021\/05\/Logo-SE-Almeria.png\",\"width\":578,\"height\":771,\"caption\":\"Delegaci\u00f3n de Almer\u00eda\"},\"image\":{\"@id\":\"https:\/\/www.solidaridadenfermera.org\/almeria\/#\/schema\/logo\/image\/\"}}]}<\/script>\n<!-- \/ Yoast SEO plugin. -->","yoast_head_json":{"title":"Solidaridad Enfermera realiza una actividad sobre cuidados para la salud \u00edntima femenina y masculina - Delegaci\u00f3n de Almer\u00eda","description":"Solidaridad Enfermera realiza una actividad sobre cuidados para la salud \u00edntima femenina y masculina de la mano de la Asociaci\u00f3n El Tim\u00f3n","robots":{"index":"index","follow":"follow","max-snippet":"max-snippet:-1","max-image-preview":"max-image-preview:large","max-video-preview":"max-video-preview:-1"},"canonical":"https:\/\/www.solidaridadenfermera.org\/almeria\/sala-prensa\/solidaridad-enfermera-realiza-una-actividad-sobre-cuidados-para-la-salud-intima-femenina-y-masculina\/","og_locale":"es_ES","og_type":"article","og_title":"Solidaridad Enfermera realiza una actividad sobre cuidados para la salud \u00edntima femenina y masculina - Delegaci\u00f3n de Almer\u00eda","og_description":"Solidaridad Enfermera realiza una actividad sobre cuidados para la salud \u00edntima femenina y masculina de la mano de la Asociaci\u00f3n El Tim\u00f3n","og_url":"https:\/\/www.solidaridadenfermera.org\/almeria\/sala-prensa\/solidaridad-enfermera-realiza-una-actividad-sobre-cuidados-para-la-salud-intima-femenina-y-masculina\/","og_site_name":"Delegaci\u00f3n de Almer\u00eda","article_modified_time":"2025-07-03T10:52:19+00:00","og_image":[{"width":1600,"height":899,"url":"https:\/\/www.solidaridadenfermera.org\/almeria\/wp-content\/uploads\/sites\/75\/2024\/04\/WhatsApp-Image-2024-02-26-at-08.42.14.jpeg","type":"image\/jpeg"}],"twitter_card":"summary_large_image","twitter_misc":{"Tiempo de lectura":"1 minuto"},"schema":{"@context":"https:\/\/schema.org","@graph":[{"@type":"WebPage","@id":"https:\/\/www.solidaridadenfermera.org\/almeria\/sala-prensa\/solidaridad-enfermera-realiza-una-actividad-sobre-cuidados-para-la-salud-intima-femenina-y-masculina\/","url":"https:\/\/www.solidaridadenfermera.org\/almeria\/sala-prensa\/solidaridad-enfermera-realiza-una-actividad-sobre-cuidados-para-la-salud-intima-femenina-y-masculina\/","name":"Solidaridad Enfermera realiza una actividad sobre cuidados para la salud \u00edntima femenina y masculina - Delegaci\u00f3n de Almer\u00eda","isPartOf":{"@id":"https:\/\/www.solidaridadenfermera.org\/almeria\/#website"},"primaryImageOfPage":{"@id":"https:\/\/www.solidaridadenfermera.org\/almeria\/sala-prensa\/solidaridad-enfermera-realiza-una-actividad-sobre-cuidados-para-la-salud-intima-femenina-y-masculina\/#primaryimage"},"image":{"@id":"https:\/\/www.solidaridadenfermera.org\/almeria\/sala-prensa\/solidaridad-enfermera-realiza-una-actividad-sobre-cuidados-para-la-salud-intima-femenina-y-masculina\/#primaryimage"},"thumbnailUrl":"https:\/\/www.solidaridadenfermera.org\/almeria\/wp-content\/uploads\/sites\/75\/2024\/04\/WhatsApp-Image-2024-02-26-at-08.42.14.jpeg","datePublished":"2024-04-01T09:21:02+00:00","dateModified":"2025-07-03T10:52:19+00:00","description":"Solidaridad Enfermera realiza una actividad sobre cuidados para la salud \u00edntima femenina y masculina de la mano de la Asociaci\u00f3n El Tim\u00f3n","breadcrumb":{"@id":"https:\/\/www.solidaridadenfermera.org\/almeria\/sala-prensa\/solidaridad-enfermera-realiza-una-actividad-sobre-cuidados-para-la-salud-intima-femenina-y-masculina\/#breadcrumb"},"inLanguage":"es","potentialAction":[{"@type":"ReadAction","target":["https:\/\/www.solidaridadenfermera.org\/almeria\/sala-prensa\/solidaridad-enfermera-realiza-una-actividad-sobre-cuidados-para-la-salud-intima-femenina-y-masculina\/"]}]},{"@type":"ImageObject","inLanguage":"es","@id":"https:\/\/www.solidaridadenfermera.org\/almeria\/sala-prensa\/solidaridad-enfermera-realiza-una-actividad-sobre-cuidados-para-la-salud-intima-femenina-y-masculina\/#primaryimage","url":"https:\/\/www.solidaridadenfermera.org\/almeria\/wp-content\/uploads\/sites\/75\/2024\/04\/WhatsApp-Image-2024-02-26-at-08.42.14.jpeg","contentUrl":"https:\/\/www.solidaridadenfermera.org\/almeria\/wp-content\/uploads\/sites\/75\/2024\/04\/WhatsApp-Image-2024-02-26-at-08.42.14.jpeg","width":1600,"height":899},{"@type":"BreadcrumbList","@id":"https:\/\/www.solidaridadenfermera.org\/almeria\/sala-prensa\/solidaridad-enfermera-realiza-una-actividad-sobre-cuidados-para-la-salud-intima-femenina-y-masculina\/#breadcrumb","itemListElement":[{"@type":"ListItem","position":1,"name":"Inicio","item":"https:\/\/www.solidaridadenfermera.org\/almeria\/"},{"@type":"ListItem","position":2,"name":"Sala De Prensa","item":"https:\/\/www.solidaridadenfermera.org\/almeria\/sala-prensa\/"},{"@type":"ListItem","position":3,"name":"Solidaridad Enfermera realiza una actividad sobre cuidados para la salud \u00edntima femenina y masculina"}]},{"@type":"WebSite","@id":"https:\/\/www.solidaridadenfermera.org\/almeria\/#website","url":"https:\/\/www.solidaridadenfermera.org\/almeria\/","name":"Delegaci\u00f3n de Almer\u00eda","description":"Consejo General de Enfermer\u00eda (CGE) es una organizaci\u00f3n profesional con m\u00e1s 100 a\u00f1os de historia, que en base a los fines y funciones que le atribuye su Estatuto Aprobado por Real Decreto 1231, de 8 de noviembre de 2001, se constituye como el referente para la profesi\u00f3n de enfermer\u00eda, representando a un colectivo de doscientos mil colegiados.","publisher":{"@id":"https:\/\/www.solidaridadenfermera.org\/almeria\/#organization"},"potentialAction":[{"@type":"SearchAction","target":{"@type":"EntryPoint","urlTemplate":"https:\/\/www.solidaridadenfermera.org\/almeria\/?s={search_term_string}"},"query-input":{"@type":"PropertyValueSpecification","valueRequired":true,"valueName":"search_term_string"}}],"inLanguage":"es"},{"@type":"Organization","@id":"https:\/\/www.solidaridadenfermera.org\/almeria\/#organization","name":"Delegaci\u00f3n de Almer\u00eda","url":"https:\/\/www.solidaridadenfermera.org\/almeria\/","logo":{"@type":"ImageObject","inLanguage":"es","@id":"https:\/\/www.solidaridadenfermera.org\/almeria\/#\/schema\/logo\/image\/","url":"https:\/\/www.solidaridadenfermera.org\/almeria\/wp-content\/uploads\/sites\/75\/2021\/05\/Logo-SE-Almeria.png","contentUrl":"https:\/\/www.solidaridadenfermera.org\/almeria\/wp-content\/uploads\/sites\/75\/2021\/05\/Logo-SE-Almeria.png","width":578,"height":771,"caption":"Delegaci\u00f3n de Almer\u00eda"},"image":{"@id":"https:\/\/www.solidaridadenfermera.org\/almeria\/#\/schema\/logo\/image\/"}}]}},"_links":{"self":[{"href":"https:\/\/www.solidaridadenfermera.org\/almeria\/wp-json\/wp\/v2\/news\/1347","targetHints":{"allow":["GET"]}}],"collection":[{"href":"https:\/\/www.solidaridadenfermera.org\/almeria\/wp-json\/wp\/v2\/news"}],"about":[{"href":"https:\/\/www.solidaridadenfermera.org\/almeria\/wp-json\/wp\/v2\/types\/news"}],"wp:featuredmedia":[{"embeddable":true,"href":"https:\/\/www.solidaridadenfermera.org\/almeria\/wp-json\/wp\/v2\/media\/1348"}],"wp:attachment":[{"href":"https:\/\/www.solidaridadenfermera.org\/almeria\/wp-json\/wp\/v2\/media?parent=1347"}],"wp:term":[{"taxonomy":"news_category","embeddable":true,"href":"https:\/\/www.solidaridadenfermera.org\/almeria\/wp-json\/wp\/v2\/news_category?post=1347"},{"taxonomy":"news_tag","embeddable":true,"href":"https:\/\/www.solidaridadenfermera.org\/almeria\/wp-json\/wp\/v2\/news_tag?post=1347"}],"curies":[{"name":"wp","href":"https:\/\/api.w.org\/{rel}","templated":true}]}}