{"id":1327,"date":"2021-01-28T12:11:00","date_gmt":"2021-01-28T12:11:00","guid":{"rendered":"https:\/\/www.solidaridadenfermera.org\/almeria\/?post_type=news&#038;p=1327"},"modified":"2024-01-31T10:54:17","modified_gmt":"2024-01-31T10:54:17","slug":"alianza-para-trabajar-por-la-salud-de-las-personas-mas-vulnerables-en-almeria-2","status":"publish","type":"news","link":"https:\/\/www.solidaridadenfermera.org\/almeria\/sala-prensa\/alianza-para-trabajar-por-la-salud-de-las-personas-mas-vulnerables-en-almeria-2\/","title":{"rendered":"Alianza para trabajar por la salud de las personas m\u00e1s vulnerables en Almer\u00eda"},"content":{"rendered":"\n<div class=\"wp-block-cge-blocks-news-content container\">\n<p class=\"has-text-align-center news-subtitle\">Solidaridad Enfermera Almer\u00eda ha firmado un acuerdo de colaboraci\u00f3n con C\u00e1ritas Diocesana de la provincia, con el objetivo com\u00fan de contribuir a mejorar la salud y la calidad de vida de las personas que m\u00e1s lo necesitan en estos momentos.<\/p>\n\n\n\n<p><strong>Almer\u00eda, 28 de enero de 2021.- <\/strong>Solidaridad Enfermera Almer\u00eda ha firmado un acuerdo de colaboraci\u00f3n con C\u00e1ritas Diocesana de la provincia, con el objetivo com\u00fan de contribuir a mejorar la salud y la calidad de vida de las personas que m\u00e1s lo necesitan en estos momentos.<\/p>\n\n\n\n<p>La pandemia de COVID-19 est\u00e1 ocasionando que muchas personas y familias de Almer\u00eda se vean abocadas a una situaci\u00f3n de pobreza sobrevenida y ha empeorado la situaci\u00f3n de las que ya eran especialmente vulnerables antes de que el coronavirus irrumpiera en nuestra sociedad. Muchas de estas personas no tienen la capacidad o no pueden acceder a la informaci\u00f3n y educaci\u00f3n necesaria para no poner en riesgo su salud o la de las personas de su entorno. Por ello se hace necesario articular respuestas adaptadas a las necesidades de la poblaci\u00f3n, involucrando a todos los actores sociales.<\/p>\n\n\n\n<p>C\u00e1ritas Diocesana de Almer\u00eda se dedica espec\u00edficamente a la promoci\u00f3n humana y al desarrollo integral de todas las personas, especialmente las m\u00e1s desfavorecidas, por lo que el prop\u00f3sito de Solidaridad Enfermera Almer\u00eda es complementar este trabajo desde el \u00e1mbito de la salud y de la enfermer\u00eda ya que cuenta con las herramientas y recursos necesarios para alcanzar objetivos comunes.<\/p>\n\n\n\n<p>Para M.\u00aa del Mar Garc\u00eda, presidenta del Colegio de Enfermer\u00eda de Almer\u00eda, este acuerdo \u201cdemuestra lo importante que es ayudar a las personas vulnerables en unos momentos en que no paran de aumentar. Como presidenta de las enfermeras almerienses me siento muy orgullosa de mi profesi\u00f3n, pues en la situaci\u00f3n tan dura que estamos viviendo, con las enfermeras en un estado de agotamiento atroz, siguen sacando tiempo, esfuerzo e ilusi\u00f3n para ayudar a los dem\u00e1s, compagin\u00e1ndolo con su actividad asistencial\u201d, ha destacado.<\/p>\n\n\n\n<p>Por su parte, Luis Mar\u00eda Flores Lara, director de C\u00e1ritas Diocesana de Almer\u00eda, ha se\u00f1alado que \u00abdesde la labor de acompa\u00f1amiento que realizan los voluntarios y voluntarias de los equipos de C\u00e1ritas parroquiales se demanda formaci\u00f3n sanitaria espec\u00edfica que facilite la inserci\u00f3n sociolaboral de las personas a las que acompa\u00f1amos. Gracias a la firma del convenio entre C\u00e1ritas Diocesana de Almer\u00eda y Solidaridad Enfermera damos respuesta a dichas demandas y comenzamos una v\u00eda de trabajo en equipo donde todos nos enriquecemos\u201d.<\/p>\n\n\n\n<p><strong>El acuerdo<\/strong><\/p>\n\n\n\n<p>En el marco de este acuerdo las enfermeras y enfermeros voluntarios de Solidaridad Enfermera identificar\u00e1n, junto al equipo de C\u00e1ritas Diocesana, los grupos y personas m\u00e1s necesitadas de apoyo en salud y desarrollar\u00e1n actividades dirigidas a paliar las carencias detectadas.<\/p>\n\n\n\n<p>\u201cInicialmente se priorizar\u00e1 la educaci\u00f3n y prevenci\u00f3n del COVID 19 en poblaci\u00f3n vulnerable (migrantes, personas mayores, mujeres\u2026) pero tambi\u00e9n se abordar\u00e1n otros aspectos en materia de salud en base a las necesidades sociosanitarias detectadas. Tambi\u00e9n apoyaremos a profesionales y voluntarios que se dedican a estos colectivos\u201d, destaca Inmaculada Mart\u00ednez Jim\u00e9nez, delegada de Solidaridad Enfermera Almer\u00eda. \u201cEn breve comenzaremos con las actividades. Nuestro equipo de voluntariado est\u00e1 muy motivado y est\u00e1 deseando iniciar los proyectos para mejorar la salud de las personas en situaci\u00f3n de vulnerabilidad de Almer\u00eda\u201d.<\/p>\n\n\n\n<p>En la firma del convenio han estado presentes Luis Mar\u00eda Flores Lara (director de C\u00e1ritas Diocesana de Almer\u00eda), Josefa Jurado L\u00f3pez (subdirectora y Coordinadora, a la derecha en la imagen), Noelia Camacho Mart\u00ednez (voluntaria del equipo organizativo de Solidaridad Enfermera de Almer\u00eda, a la izquierda en la imagen) e Inmaculada Mart\u00ednez Jim\u00e9nez (delegada de Solidaridad Enfermera de Almer\u00eda).<\/p>\n\n\n\n<figure class=\"wp-block-gallery has-nested-images columns-default is-cropped wp-block-gallery-1 is-layout-flex wp-block-gallery-is-layout-flex\">\n<figure class=\"wp-block-image size-large\"><img loading=\"lazy\" decoding=\"async\" width=\"1024\" height=\"683\" data-id=\"1051\" src=\"https:\/\/www.solidaridadenfermera.org\/almeria\/wp-content\/uploads\/sites\/75\/2021\/04\/firma_acuerdo_c__ritas_almer__a_se_2-min-1-1024x683.jpg\" alt=\"\" class=\"wp-image-1051\" srcset=\"https:\/\/www.solidaridadenfermera.org\/almeria\/wp-content\/uploads\/sites\/75\/2021\/04\/firma_acuerdo_c__ritas_almer__a_se_2-min-1-1024x683.jpg 1024w, https:\/\/www.solidaridadenfermera.org\/almeria\/wp-content\/uploads\/sites\/75\/2021\/04\/firma_acuerdo_c__ritas_almer__a_se_2-min-1-300x200.jpg 300w, https:\/\/www.solidaridadenfermera.org\/almeria\/wp-content\/uploads\/sites\/75\/2021\/04\/firma_acuerdo_c__ritas_almer__a_se_2-min-1-768x512.jpg 768w, https:\/\/www.solidaridadenfermera.org\/almeria\/wp-content\/uploads\/sites\/75\/2021\/04\/firma_acuerdo_c__ritas_almer__a_se_2-min-1-1536x1024.jpg 1536w, https:\/\/www.solidaridadenfermera.org\/almeria\/wp-content\/uploads\/sites\/75\/2021\/04\/firma_acuerdo_c__ritas_almer__a_se_2-min-1-2048x1365.jpg 2048w\" sizes=\"auto, (max-width: 1024px) 100vw, 1024px\" \/><\/figure>\n<\/figure>\n\n\n\n<p><\/p>\n\n\n<\/div>\n\n\n\n<div class=\"wp-block-columns row-sections-home is-layout-flex wp-container-core-columns-is-layout-9d6595d7 wp-block-columns-is-layout-flex\">\n<div class=\"wp-block-column is-layout-flow wp-block-column-is-layout-flow\">\n<div class=\"wp-block-cover has-background-dim\" style=\"background-image:url(https:\/\/www.solidaridadenfermera.org\/delegacion-de-almeria\/wp-content\/uploads\/sites\/75\/2020\/03\/imagenes-resol-10.png)\"><div class=\"wp-block-cover__inner-container is-layout-flow wp-block-cover-is-layout-flow\">\n<h3 class=\"small-title wp-block-heading\">Empleo<\/h3>\n\n\n\n<p>Lorem ipsum dolor sit amet, consectetur adipiscing elit. Integer malesuada fermentum ante<\/p>\n\n\n\n<div class=\"wp-block-buttons aligncenter is-layout-flex wp-block-buttons-is-layout-flex\">\n<div class=\"wp-block-button\"><a class=\"wp-block-button__link\">Lorem ipsum<\/a><\/div>\n<\/div>\n\n\n\n<p><\/p>\n<\/div><\/div>\n\n\n\n<p><\/p>\n<\/div>\n\n\n\n<div class=\"wp-block-column is-layout-flow wp-block-column-is-layout-flow\">\n<div class=\"wp-block-cover has-background-dim\" style=\"background-image:url(https:\/\/www.solidaridadenfermera.org\/delegacion-de-almeria\/wp-content\/uploads\/sites\/75\/2020\/03\/imagenes-resol-11.png)\"><div class=\"wp-block-cover__inner-container is-layout-flow wp-block-cover-is-layout-flow\">\n<h3 class=\"small-title wp-block-heading\">Formaci\u00f3n<\/h3>\n\n\n\n<p>Lorem ipsum dolor sit amet, consectetur adipiscing elit. Integer malesuada fermentum ante<\/p>\n\n\n\n<div class=\"wp-block-buttons aligncenter is-layout-flex wp-block-buttons-is-layout-flex\">\n<div class=\"wp-block-button\"><a class=\"wp-block-button__link\">Lorem ipsum<\/a><\/div>\n<\/div>\n\n\n\n<p><\/p>\n<\/div><\/div>\n<\/div>\n\n\n\n<div class=\"wp-block-column is-layout-flow wp-block-column-is-layout-flow\">\n<div class=\"wp-block-cover has-background-dim\" style=\"background-image:url(https:\/\/www.solidaridadenfermera.org\/delegacion-de-almeria\/wp-content\/uploads\/sites\/75\/2020\/03\/imagenes-resol-12.png)\"><div class=\"wp-block-cover__inner-container is-layout-flow wp-block-cover-is-layout-flow\">\n<h3 class=\"small-title wp-block-heading\">Becas<\/h3>\n\n\n\n<p>Lorem ipsum dolor sit amet, consectetur adipiscing elit. Integer malesuada fermentum ante<\/p>\n\n\n\n<div class=\"wp-block-buttons aligncenter is-layout-flex wp-block-buttons-is-layout-flex\">\n<div class=\"wp-block-button\"><a class=\"wp-block-button__link\">Lorem ipsum<\/a><\/div>\n<\/div>\n\n\n\n<p><\/p>\n<\/div><\/div>\n<\/div>\n\n\n\n<div class=\"wp-block-column is-layout-flow wp-block-column-is-layout-flow\">\n<div class=\"wp-block-cover has-background-dim\" style=\"background-image:url(https:\/\/www.solidaridadenfermera.org\/delegacion-de-almeria\/wp-content\/uploads\/sites\/75\/2020\/03\/imagenes-resol-13.png)\"><div class=\"wp-block-cover__inner-container is-layout-flow wp-block-cover-is-layout-flow\">\n<h3 class=\"small-title wp-block-heading\">Agenda<\/h3>\n\n\n\n<p>Lorem ipsum dolor sit amet, consectetur adipiscing elit. Integer malesuada fermentum ante<\/p>\n\n\n\n<div class=\"wp-block-buttons is-layout-flex wp-block-buttons-is-layout-flex\">\n<div class=\"wp-block-button\"><a class=\"wp-block-button__link\">Lorem ipsum<\/a><\/div>\n<\/div>\n\n\n\n<p><\/p>\n<\/div><\/div>\n<\/div>\n<\/div>\n\n\n\n<p><\/p>\n\n\n\n<div class=\"wp-block-cge-blocks-nested-related undefined row-nested-news\"><div class=\"container\">\n<h2 class=\"wp-block-heading\">Noticias relacionadas<\/h2>\n\n\n<div class=\"row\">\n\n\t\n\t\t\n            <div class=\"col-lg-3 view-cards\">\n                <a href=\"https:\/\/www.solidaridadenfermera.org\/almeria\/sala-prensa\/solidaridad-enfermeria-almeria-imparte-un-taller-para-la-higiene-intima-femenina-y-autocuidados-en-roquetas-de-mar\/\">\n                    <div class=\"card h-100\">\n                        <div class=\"image\">\n                            <div class=\"inner\">\n                                                                    <div class=\"card-image\"\n                                         style=\"background-image:url(https:\/\/www.solidaridadenfermera.org\/almeria\/wp-content\/uploads\/sites\/75\/2026\/02\/stella-maris.jpg);background-repeat: no-repeat;background-position: center;border-radius:18px\">\n                                        &nbsp;\n                                    <\/div>\n                                                            <\/div>\n                        <\/div>\n\n                        <div class=\"content\">\n                            <div class=\"date\">\n                                <p><i class=\"far fa-calendar\" style=\"color: var(--color-primary);\"><\/i>17 de febrero de 2026<\/p>\n                            <\/div>\n                            <div class=\"news-title\">\n                                <h3 class=\"title\">Solidaridad Enfermer\u00eda Almer\u00eda imparte un taller para la higiene \u00edntima femenina y autocuidados en Roquetas&hellip;<\/h3>\n                            <\/div>\n                            <p class=\"news-p\" style=\"\">Solidaridad Enfermera Almer\u00eda ha llevado a cabo la actividad \u201cSalud \u00edntima femenina, autocuidados\u201d en colaboraci\u00f3n con la Asociaci\u00f3n de Mujeres Estella Maris de Roquetas de Mar, celebrada el pasado 20&hellip;<\/p>\n                        <\/div>\n                    <\/div>\n                <\/a>\n            <\/div>\n\n    \t    \n\t\t\n            <div class=\"col-lg-3 view-cards\">\n                <a href=\"https:\/\/www.solidaridadenfermera.org\/almeria\/sala-prensa\/solidaridad-enfermera-organiza-en-huecija-un-taller-sobre-salud-intima-femenina\/\">\n                    <div class=\"card h-100\">\n                        <div class=\"image\">\n                            <div class=\"inner\">\n                                                                    <div class=\"card-image\"\n                                         style=\"background-image:url(https:\/\/www.solidaridadenfermera.org\/almeria\/wp-content\/uploads\/sites\/75\/2025\/12\/Imagen-de-WhatsApp-2025-11-28-a-las-07.47.56_fa979350.jpg);background-repeat: no-repeat;background-position: center;border-radius:18px\">\n                                        &nbsp;\n                                    <\/div>\n                                                            <\/div>\n                        <\/div>\n\n                        <div class=\"content\">\n                            <div class=\"date\">\n                                <p><i class=\"far fa-calendar\" style=\"color: var(--color-primary);\"><\/i>1 de diciembre de 2025<\/p>\n                            <\/div>\n                            <div class=\"news-title\">\n                                <h3 class=\"title\">Solidaridad Enfermera organiza en Hu\u00e9cija un taller sobre salud \u00edntima femenina<\/h3>\n                            <\/div>\n                            <p class=\"news-p\" style=\"\">22 mujeres participan en una jornada de formaci\u00f3n y autocuidados impulsada por la ONG en colaboraci\u00f3n con la Asociaci\u00f3n de Mujeres de Hu\u00e9cija. El pasado 19 de noviembre de 2025,&hellip;<\/p>\n                        <\/div>\n                    <\/div>\n                <\/a>\n            <\/div>\n\n    \t    \n\t\t\n            <div class=\"col-lg-3 view-cards\">\n                <a href=\"https:\/\/www.solidaridadenfermera.org\/almeria\/sala-prensa\/solidaridad-enfermera-almeria-y-caritas-desarrollan-un-taller-de-primeros-auxilios-para-personas-en-formacion\/\">\n                    <div class=\"card h-100\">\n                        <div class=\"image\">\n                            <div class=\"inner\">\n                                                                    <div class=\"card-image\"\n                                         style=\"background-image:url(https:\/\/www.solidaridadenfermera.org\/almeria\/wp-content\/uploads\/sites\/75\/2025\/11\/IMG-20251116-WA0005.jpg);background-repeat: no-repeat;background-position: center;border-radius:18px\">\n                                        &nbsp;\n                                    <\/div>\n                                                            <\/div>\n                        <\/div>\n\n                        <div class=\"content\">\n                            <div class=\"date\">\n                                <p><i class=\"far fa-calendar\" style=\"color: var(--color-primary);\"><\/i>26 de noviembre de 2025<\/p>\n                            <\/div>\n                            <div class=\"news-title\">\n                                <h3 class=\"title\">Solidaridad Enfermera Almer\u00eda y C\u00e1ritas desarrollan un Taller de Primeros Auxilios para personas en formaci\u00f3n<\/h3>\n                            <\/div>\n                            <p class=\"news-p\" style=\"\">Solidaridad Enfermera Almer\u00eda, la ONG del Colegio Oficial de Enfermer\u00eda de Almer\u00eda, imparti\u00f3 el pasado 14 de noviembre el Taller de Primeros Auxilios en colaboraci\u00f3n con C\u00e1ritas Almer\u00eda, dirigido a&hellip;<\/p>\n                        <\/div>\n                    <\/div>\n                <\/a>\n            <\/div>\n\n    \t    \n\t\t\n            <div class=\"col-lg-3 view-cards\">\n                <a href=\"https:\/\/www.solidaridadenfermera.org\/almeria\/sala-prensa\/personas-en-riesgo-de-exclusion-se-forman-en-primeros-auxilios-con-solidaridad-enfermera\/\">\n                    <div class=\"card h-100\">\n                        <div class=\"image\">\n                            <div class=\"inner\">\n                                                                    <div class=\"card-image\"\n                                         style=\"background-image:url(https:\/\/www.solidaridadenfermera.org\/almeria\/wp-content\/uploads\/sites\/75\/2025\/07\/IMG-20250701-WA0021.jpg);background-repeat: no-repeat;background-position: center;border-radius:18px\">\n                                        &nbsp;\n                                    <\/div>\n                                                            <\/div>\n                        <\/div>\n\n                        <div class=\"content\">\n                            <div class=\"date\">\n                                <p><i class=\"far fa-calendar\" style=\"color: var(--color-primary);\"><\/i>3 de julio de 2025<\/p>\n                            <\/div>\n                            <div class=\"news-title\">\n                                <h3 class=\"title\">Personas en riesgo de exclusi\u00f3n se forman en primeros auxilios con Solidaridad Enfermera<\/h3>\n                            <\/div>\n                            <p class=\"news-p\" style=\"\">El pasado 26 de junio de 2025 se celebr\u00f3 en Almer\u00eda un Taller de Primeros Auxilios organizado por C\u00e1ritas Almer\u00eda, dirigido a personas en situaci\u00f3n o riesgo de exclusi\u00f3n social&hellip;<\/p>\n                        <\/div>\n                    <\/div>\n                <\/a>\n            <\/div>\n\n    \t        <div class=\"see-more\">\n        <a href=\"https:\/\/www.solidaridadenfermera.org\/almeria\/sala-prensa\/\">Ver todas las noticias<\/a>\n        <\/div>\n<\/div> <!-- Close row -->\n\n<!--<div class=\"related-content-parent related-posts-content\" itemscope itemtype=\"http:\/\/schema.org\/NewsArticle\">-->\n<!--\t<div class=\"related-row related-news\">-->\n<!--\t\t--><!--\t\t\t<div class=\"item\" itemscope itemtype=\"http:\/\/schema.org\/Article\">-->\n<!---->\n<!--\t\t\t\t--><!--\t\t\t\t<div class=\"image --><!--\">-->\n<!--\t\t\t\t\t--><!--\t\t\t\t<\/div>-->\n<!--\t\t\t\t<div class=\"content\">-->\n<!--\t\t\t\t\t<h3>-->\n<!--\t\t\t\t\t\t<a href=\"--><!--\" title=\"--><!--\" itemprop=\"alternativeHeadline\">-->\n<!--\t\t\t\t\t\t--><!--<\/h3>-->\n<!--\t\t\t\t\t<\/a>-->\n<!--\t\t\t\t\t--><!--\t\t\t\t\t\t<p itemprop=\"backstory\">-->\n<!--\t\t\t\t\t\t\t--><!--\t\t\t\t\t\t<\/p>-->\n<!--\t\t\t\t\t--><!---->\n<!--\t\t\t\t\t<a href=\"--><!--\" title=\"--><!--\" class=\"arrow\">-->\n<!--\t\t\t\t\t\t<i class=\"icon-arrow-pointing-to-right\"><\/i>-->\n<!--\t\t\t\t\t<\/a>-->\n<!--\t\t\t\t<\/div>-->\n<!---->\n<!--\t\t\t<\/div>-->\n<!--\t\t--><!---->\n<!--\t\t--><!--\t<\/div>-->\n<!--\t<div class=\"see-more\">-->\n<!--\t\t<a href=\"--><!--\">--><!--<\/a>-->\n<!--\t<\/div>-->\n<!--<\/div>-->\n<\/div><\/div>\n","protected":false},"excerpt":{"rendered":"","protected":false},"featured_media":1051,"template":"","news_category":[],"news_tag":[],"class_list":["post-1327","news","type-news","status-publish","has-post-thumbnail","hentry"],"yoast_head":"<!-- This site is optimized with the Yoast SEO plugin v27.0 - https:\/\/yoast.com\/product\/yoast-seo-wordpress\/ -->\n<title>Alianza para trabajar por la salud de las personas m\u00e1s vulnerables en Almer\u00eda - Delegaci\u00f3n de Almer\u00eda<\/title>\n<meta name=\"robots\" content=\"index, follow, max-snippet:-1, max-image-preview:large, max-video-preview:-1\" \/>\n<link rel=\"canonical\" href=\"https:\/\/www.solidaridadenfermera.org\/almeria\/sala-prensa\/alianza-para-trabajar-por-la-salud-de-las-personas-mas-vulnerables-en-almeria-2\/\" \/>\n<meta property=\"og:locale\" content=\"es_ES\" \/>\n<meta property=\"og:type\" content=\"article\" \/>\n<meta property=\"og:title\" content=\"Alianza para trabajar por la salud de las personas m\u00e1s vulnerables en Almer\u00eda - Delegaci\u00f3n de Almer\u00eda\" \/>\n<meta property=\"og:url\" content=\"https:\/\/www.solidaridadenfermera.org\/almeria\/sala-prensa\/alianza-para-trabajar-por-la-salud-de-las-personas-mas-vulnerables-en-almeria-2\/\" \/>\n<meta property=\"og:site_name\" content=\"Delegaci\u00f3n de Almer\u00eda\" \/>\n<meta property=\"article:modified_time\" content=\"2024-01-31T10:54:17+00:00\" \/>\n<meta property=\"og:image\" content=\"https:\/\/www.solidaridadenfermera.org\/almeria\/wp-content\/uploads\/sites\/75\/2021\/04\/firma_acuerdo_c__ritas_almer__a_se_2-min-1-scaled.jpg\" \/>\n\t<meta property=\"og:image:width\" content=\"2560\" \/>\n\t<meta property=\"og:image:height\" content=\"1707\" \/>\n\t<meta property=\"og:image:type\" content=\"image\/jpeg\" \/>\n<meta name=\"twitter:card\" content=\"summary_large_image\" \/>\n<meta name=\"twitter:label1\" content=\"Tiempo de lectura\" \/>\n\t<meta name=\"twitter:data1\" content=\"3 minutos\" \/>\n<script type=\"application\/ld+json\" class=\"yoast-schema-graph\">{\"@context\":\"https:\/\/schema.org\",\"@graph\":[{\"@type\":\"WebPage\",\"@id\":\"https:\/\/www.solidaridadenfermera.org\/almeria\/sala-prensa\/alianza-para-trabajar-por-la-salud-de-las-personas-mas-vulnerables-en-almeria-2\/\",\"url\":\"https:\/\/www.solidaridadenfermera.org\/almeria\/sala-prensa\/alianza-para-trabajar-por-la-salud-de-las-personas-mas-vulnerables-en-almeria-2\/\",\"name\":\"Alianza para trabajar por la salud de las personas m\u00e1s vulnerables en Almer\u00eda - Delegaci\u00f3n de Almer\u00eda\",\"isPartOf\":{\"@id\":\"https:\/\/www.solidaridadenfermera.org\/almeria\/#website\"},\"primaryImageOfPage\":{\"@id\":\"https:\/\/www.solidaridadenfermera.org\/almeria\/sala-prensa\/alianza-para-trabajar-por-la-salud-de-las-personas-mas-vulnerables-en-almeria-2\/#primaryimage\"},\"image\":{\"@id\":\"https:\/\/www.solidaridadenfermera.org\/almeria\/sala-prensa\/alianza-para-trabajar-por-la-salud-de-las-personas-mas-vulnerables-en-almeria-2\/#primaryimage\"},\"thumbnailUrl\":\"https:\/\/www.solidaridadenfermera.org\/almeria\/wp-content\/uploads\/sites\/75\/2021\/04\/firma_acuerdo_c__ritas_almer__a_se_2-min-1-scaled.jpg\",\"datePublished\":\"2021-01-28T12:11:00+00:00\",\"dateModified\":\"2024-01-31T10:54:17+00:00\",\"breadcrumb\":{\"@id\":\"https:\/\/www.solidaridadenfermera.org\/almeria\/sala-prensa\/alianza-para-trabajar-por-la-salud-de-las-personas-mas-vulnerables-en-almeria-2\/#breadcrumb\"},\"inLanguage\":\"es\",\"potentialAction\":[{\"@type\":\"ReadAction\",\"target\":[\"https:\/\/www.solidaridadenfermera.org\/almeria\/sala-prensa\/alianza-para-trabajar-por-la-salud-de-las-personas-mas-vulnerables-en-almeria-2\/\"]}]},{\"@type\":\"ImageObject\",\"inLanguage\":\"es\",\"@id\":\"https:\/\/www.solidaridadenfermera.org\/almeria\/sala-prensa\/alianza-para-trabajar-por-la-salud-de-las-personas-mas-vulnerables-en-almeria-2\/#primaryimage\",\"url\":\"https:\/\/www.solidaridadenfermera.org\/almeria\/wp-content\/uploads\/sites\/75\/2021\/04\/firma_acuerdo_c__ritas_almer__a_se_2-min-1-scaled.jpg\",\"contentUrl\":\"https:\/\/www.solidaridadenfermera.org\/almeria\/wp-content\/uploads\/sites\/75\/2021\/04\/firma_acuerdo_c__ritas_almer__a_se_2-min-1-scaled.jpg\",\"width\":2560,\"height\":1707},{\"@type\":\"BreadcrumbList\",\"@id\":\"https:\/\/www.solidaridadenfermera.org\/almeria\/sala-prensa\/alianza-para-trabajar-por-la-salud-de-las-personas-mas-vulnerables-en-almeria-2\/#breadcrumb\",\"itemListElement\":[{\"@type\":\"ListItem\",\"position\":1,\"name\":\"Inicio\",\"item\":\"https:\/\/www.solidaridadenfermera.org\/almeria\/\"},{\"@type\":\"ListItem\",\"position\":2,\"name\":\"Sala De Prensa\",\"item\":\"https:\/\/www.solidaridadenfermera.org\/almeria\/sala-prensa\/\"},{\"@type\":\"ListItem\",\"position\":3,\"name\":\"Alianza para trabajar por la salud de las personas m\u00e1s vulnerables en Almer\u00eda\"}]},{\"@type\":\"WebSite\",\"@id\":\"https:\/\/www.solidaridadenfermera.org\/almeria\/#website\",\"url\":\"https:\/\/www.solidaridadenfermera.org\/almeria\/\",\"name\":\"Delegaci\u00f3n de Almer\u00eda\",\"description\":\"Consejo General de Enfermer\u00eda (CGE) es una organizaci\u00f3n profesional con m\u00e1s 100 a\u00f1os de historia, que en base a los fines y funciones que le atribuye su Estatuto Aprobado por Real Decreto 1231, de 8 de noviembre de 2001, se constituye como el referente para la profesi\u00f3n de enfermer\u00eda, representando a un colectivo de doscientos mil colegiados.\",\"publisher\":{\"@id\":\"https:\/\/www.solidaridadenfermera.org\/almeria\/#organization\"},\"potentialAction\":[{\"@type\":\"SearchAction\",\"target\":{\"@type\":\"EntryPoint\",\"urlTemplate\":\"https:\/\/www.solidaridadenfermera.org\/almeria\/?s={search_term_string}\"},\"query-input\":{\"@type\":\"PropertyValueSpecification\",\"valueRequired\":true,\"valueName\":\"search_term_string\"}}],\"inLanguage\":\"es\"},{\"@type\":\"Organization\",\"@id\":\"https:\/\/www.solidaridadenfermera.org\/almeria\/#organization\",\"name\":\"Delegaci\u00f3n de Almer\u00eda\",\"url\":\"https:\/\/www.solidaridadenfermera.org\/almeria\/\",\"logo\":{\"@type\":\"ImageObject\",\"inLanguage\":\"es\",\"@id\":\"https:\/\/www.solidaridadenfermera.org\/almeria\/#\/schema\/logo\/image\/\",\"url\":\"https:\/\/www.solidaridadenfermera.org\/almeria\/wp-content\/uploads\/sites\/75\/2021\/05\/Logo-SE-Almeria.png\",\"contentUrl\":\"https:\/\/www.solidaridadenfermera.org\/almeria\/wp-content\/uploads\/sites\/75\/2021\/05\/Logo-SE-Almeria.png\",\"width\":578,\"height\":771,\"caption\":\"Delegaci\u00f3n de Almer\u00eda\"},\"image\":{\"@id\":\"https:\/\/www.solidaridadenfermera.org\/almeria\/#\/schema\/logo\/image\/\"}}]}<\/script>\n<!-- \/ Yoast SEO plugin. -->","yoast_head_json":{"title":"Alianza para trabajar por la salud de las personas m\u00e1s vulnerables en Almer\u00eda - Delegaci\u00f3n de Almer\u00eda","robots":{"index":"index","follow":"follow","max-snippet":"max-snippet:-1","max-image-preview":"max-image-preview:large","max-video-preview":"max-video-preview:-1"},"canonical":"https:\/\/www.solidaridadenfermera.org\/almeria\/sala-prensa\/alianza-para-trabajar-por-la-salud-de-las-personas-mas-vulnerables-en-almeria-2\/","og_locale":"es_ES","og_type":"article","og_title":"Alianza para trabajar por la salud de las personas m\u00e1s vulnerables en Almer\u00eda - Delegaci\u00f3n de Almer\u00eda","og_url":"https:\/\/www.solidaridadenfermera.org\/almeria\/sala-prensa\/alianza-para-trabajar-por-la-salud-de-las-personas-mas-vulnerables-en-almeria-2\/","og_site_name":"Delegaci\u00f3n de Almer\u00eda","article_modified_time":"2024-01-31T10:54:17+00:00","og_image":[{"width":2560,"height":1707,"url":"https:\/\/www.solidaridadenfermera.org\/almeria\/wp-content\/uploads\/sites\/75\/2021\/04\/firma_acuerdo_c__ritas_almer__a_se_2-min-1-scaled.jpg","type":"image\/jpeg"}],"twitter_card":"summary_large_image","twitter_misc":{"Tiempo de lectura":"3 minutos"},"schema":{"@context":"https:\/\/schema.org","@graph":[{"@type":"WebPage","@id":"https:\/\/www.solidaridadenfermera.org\/almeria\/sala-prensa\/alianza-para-trabajar-por-la-salud-de-las-personas-mas-vulnerables-en-almeria-2\/","url":"https:\/\/www.solidaridadenfermera.org\/almeria\/sala-prensa\/alianza-para-trabajar-por-la-salud-de-las-personas-mas-vulnerables-en-almeria-2\/","name":"Alianza para trabajar por la salud de las personas m\u00e1s vulnerables en Almer\u00eda - Delegaci\u00f3n de Almer\u00eda","isPartOf":{"@id":"https:\/\/www.solidaridadenfermera.org\/almeria\/#website"},"primaryImageOfPage":{"@id":"https:\/\/www.solidaridadenfermera.org\/almeria\/sala-prensa\/alianza-para-trabajar-por-la-salud-de-las-personas-mas-vulnerables-en-almeria-2\/#primaryimage"},"image":{"@id":"https:\/\/www.solidaridadenfermera.org\/almeria\/sala-prensa\/alianza-para-trabajar-por-la-salud-de-las-personas-mas-vulnerables-en-almeria-2\/#primaryimage"},"thumbnailUrl":"https:\/\/www.solidaridadenfermera.org\/almeria\/wp-content\/uploads\/sites\/75\/2021\/04\/firma_acuerdo_c__ritas_almer__a_se_2-min-1-scaled.jpg","datePublished":"2021-01-28T12:11:00+00:00","dateModified":"2024-01-31T10:54:17+00:00","breadcrumb":{"@id":"https:\/\/www.solidaridadenfermera.org\/almeria\/sala-prensa\/alianza-para-trabajar-por-la-salud-de-las-personas-mas-vulnerables-en-almeria-2\/#breadcrumb"},"inLanguage":"es","potentialAction":[{"@type":"ReadAction","target":["https:\/\/www.solidaridadenfermera.org\/almeria\/sala-prensa\/alianza-para-trabajar-por-la-salud-de-las-personas-mas-vulnerables-en-almeria-2\/"]}]},{"@type":"ImageObject","inLanguage":"es","@id":"https:\/\/www.solidaridadenfermera.org\/almeria\/sala-prensa\/alianza-para-trabajar-por-la-salud-de-las-personas-mas-vulnerables-en-almeria-2\/#primaryimage","url":"https:\/\/www.solidaridadenfermera.org\/almeria\/wp-content\/uploads\/sites\/75\/2021\/04\/firma_acuerdo_c__ritas_almer__a_se_2-min-1-scaled.jpg","contentUrl":"https:\/\/www.solidaridadenfermera.org\/almeria\/wp-content\/uploads\/sites\/75\/2021\/04\/firma_acuerdo_c__ritas_almer__a_se_2-min-1-scaled.jpg","width":2560,"height":1707},{"@type":"BreadcrumbList","@id":"https:\/\/www.solidaridadenfermera.org\/almeria\/sala-prensa\/alianza-para-trabajar-por-la-salud-de-las-personas-mas-vulnerables-en-almeria-2\/#breadcrumb","itemListElement":[{"@type":"ListItem","position":1,"name":"Inicio","item":"https:\/\/www.solidaridadenfermera.org\/almeria\/"},{"@type":"ListItem","position":2,"name":"Sala De Prensa","item":"https:\/\/www.solidaridadenfermera.org\/almeria\/sala-prensa\/"},{"@type":"ListItem","position":3,"name":"Alianza para trabajar por la salud de las personas m\u00e1s vulnerables en Almer\u00eda"}]},{"@type":"WebSite","@id":"https:\/\/www.solidaridadenfermera.org\/almeria\/#website","url":"https:\/\/www.solidaridadenfermera.org\/almeria\/","name":"Delegaci\u00f3n de Almer\u00eda","description":"Consejo General de Enfermer\u00eda (CGE) es una organizaci\u00f3n profesional con m\u00e1s 100 a\u00f1os de historia, que en base a los fines y funciones que le atribuye su Estatuto Aprobado por Real Decreto 1231, de 8 de noviembre de 2001, se constituye como el referente para la profesi\u00f3n de enfermer\u00eda, representando a un colectivo de doscientos mil colegiados.","publisher":{"@id":"https:\/\/www.solidaridadenfermera.org\/almeria\/#organization"},"potentialAction":[{"@type":"SearchAction","target":{"@type":"EntryPoint","urlTemplate":"https:\/\/www.solidaridadenfermera.org\/almeria\/?s={search_term_string}"},"query-input":{"@type":"PropertyValueSpecification","valueRequired":true,"valueName":"search_term_string"}}],"inLanguage":"es"},{"@type":"Organization","@id":"https:\/\/www.solidaridadenfermera.org\/almeria\/#organization","name":"Delegaci\u00f3n de Almer\u00eda","url":"https:\/\/www.solidaridadenfermera.org\/almeria\/","logo":{"@type":"ImageObject","inLanguage":"es","@id":"https:\/\/www.solidaridadenfermera.org\/almeria\/#\/schema\/logo\/image\/","url":"https:\/\/www.solidaridadenfermera.org\/almeria\/wp-content\/uploads\/sites\/75\/2021\/05\/Logo-SE-Almeria.png","contentUrl":"https:\/\/www.solidaridadenfermera.org\/almeria\/wp-content\/uploads\/sites\/75\/2021\/05\/Logo-SE-Almeria.png","width":578,"height":771,"caption":"Delegaci\u00f3n de Almer\u00eda"},"image":{"@id":"https:\/\/www.solidaridadenfermera.org\/almeria\/#\/schema\/logo\/image\/"}}]}},"_links":{"self":[{"href":"https:\/\/www.solidaridadenfermera.org\/almeria\/wp-json\/wp\/v2\/news\/1327","targetHints":{"allow":["GET"]}}],"collection":[{"href":"https:\/\/www.solidaridadenfermera.org\/almeria\/wp-json\/wp\/v2\/news"}],"about":[{"href":"https:\/\/www.solidaridadenfermera.org\/almeria\/wp-json\/wp\/v2\/types\/news"}],"wp:featuredmedia":[{"embeddable":true,"href":"https:\/\/www.solidaridadenfermera.org\/almeria\/wp-json\/wp\/v2\/media\/1051"}],"wp:attachment":[{"href":"https:\/\/www.solidaridadenfermera.org\/almeria\/wp-json\/wp\/v2\/media?parent=1327"}],"wp:term":[{"taxonomy":"news_category","embeddable":true,"href":"https:\/\/www.solidaridadenfermera.org\/almeria\/wp-json\/wp\/v2\/news_category?post=1327"},{"taxonomy":"news_tag","embeddable":true,"href":"https:\/\/www.solidaridadenfermera.org\/almeria\/wp-json\/wp\/v2\/news_tag?post=1327"}],"curies":[{"name":"wp","href":"https:\/\/api.w.org\/{rel}","templated":true}]}}