{"id":885,"date":"2021-07-08T15:47:00","date_gmt":"2021-07-08T15:47:00","guid":{"rendered":"https:\/\/www.solidaridadenfermera.org\/alava\/?post_type=news&#038;p=885"},"modified":"2024-01-24T13:10:56","modified_gmt":"2024-01-24T13:10:56","slug":"formacion-en-alava-a-personas-cuidadoras-de-personas-dependientes-sobre-el-sars-cov-19","status":"publish","type":"news","link":"https:\/\/www.solidaridadenfermera.org\/alava\/sala-prensa\/formacion-en-alava-a-personas-cuidadoras-de-personas-dependientes-sobre-el-sars-cov-19\/","title":{"rendered":"Formaci\u00f3n en \u00c1lava a personas cuidadoras de personas dependientes sobre el SARS-COV-19"},"content":{"rendered":"\n<div class=\"wp-block-cge-blocks-news-content container\">\n<p class=\"has-text-align-center news-subtitle\">Solidaridad Enfermera \u00c1lava inicia la formaci\u00f3n en ASCUDEAN para aumentar los conocimientos y solucionar las dudas sobre la transmisi\u00f3n de la COVID-19 y las medidas de prevenci\u00f3n y reforzar la importancia de la inmunizaci\u00f3n.<\/p>\n\n\n\n<p><\/p>\n\n\n\n<p>Solidaridad Enfermera \u00c1lava (la ONG de la <a href=\"https:\/\/www.consejogeneralenfermeria.org\/\">Organizaci\u00f3n Colegial de Enfermer\u00eda<\/a>), en su diagn\u00f3stico de situaci\u00f3n de colectivos vulnerables de su Territorio, identific\u00f3 a la Asociaci\u00f3n Ascudean -Asociaci\u00f3n de Familiares de Cuidadores de Personas Mayores Dependientes- como uno de los colectivos a trabajar ya que la pandemia de COVID-19 ha afectado de manera desproporcionada a las personas dependientes y, adem\u00e1s, tiene un gran impacto en los cuidadores de personas dependientes, no solo dentro de los centros de atenci\u00f3n de larga estancia, sino tambi\u00e9n en contextos familiares.<\/p>\n\n\n\n<p>Por este motivo, se ha iniciado una colaboraci\u00f3n para trabajar de forma conjunta y paliar esta situaci\u00f3n y otras que se puedan dar en el futuro. El objetivo principal es el de reforzar los conocimientos sobre prevenci\u00f3n del COVID 19 para garantizar la seguridad de todas las personas de la unidad familiar. Para ello, se ha comenzado a impartir un <strong>programa formativo <\/strong>basado en talleres te\u00f3rico-pr\u00e1cticos sobre el SARS-CoV-2 al colectivo agrupado en Ascudean, en grupos de un m\u00e1ximo de 12 personas, siguiendo el protocolo COVID-19. Adem\u00e1s, los talleres pueden seguirse a trav\u00e9s de Internet, por las personas que no puedan asistir presencialmente.<\/p>\n\n\n\n<p>Los contenidos abordados han sido agrupados en dos bloques: a) El primero trata aspectos generales: qu\u00e9 son los virus, qu\u00e9 es el SARS-CoV-2 y sus mutaciones, s\u00edntomas y secuelas, las vacunas, la responsabilidad individual como factor clave en la prevenci\u00f3n y las repercusiones sociales de la pandemia, tales como desempleo, problemas econ\u00f3micos en las familias, enfermedades no tratadas por desbordamiento del sistema de salud, etc\u00e9tera, y b) En un segundo bloque se exponen los temas relacionados con la prevenci\u00f3n y protecci\u00f3n: medidas de seguridad para prevenir los contagios y evitar su expansi\u00f3n, distancia social, uso de mascarillas, lavado frecuente de manos, limpieza de superficies, cu\u00e1ndo es necesario el confinamiento en casa y otros temas de inter\u00e9s para las personas dependientes y sus cuidadoras y cuidadores.<\/p>\n\n\n\n<p>ASCUDEAN es una Asociaci\u00f3n creada en 2001 por familias cuidadoras de personas con dependencia, la \u00fanica en Euskadi. Est\u00e1 integrada por familias que, estando al cuidado de personas con dependencia, tienen problemas y necesidades comunes, que buscan estar con otras personas que compartan y comprendan su situaci\u00f3n. Desde el a\u00f1o 2016 ha ampliado su atenci\u00f3n a personas dependientes que est\u00e1n solas o personas menores de 65 a\u00f1os que no encuentran los servicios que necesitan en otras entidades. Los colectivos a atender son familias cuidadoras de personas con dependencia, personas con dependencia y personas \u201camigas\u201d de la entidad\u2026<\/p>\n\n\n\n<p>Entre sus objetivos se encuentran: el asesoramiento y orientaci\u00f3n a la poblaci\u00f3n en general inmersa en situaciones de cuidado; el apoyo e intervenci\u00f3n social en familias cuidadoras, en personas dependientes y con incapacidad temporal; la mejora de la calidad de vida tanto en materia sanitaria como social de las familias cuidadoras y de las personas en situaci\u00f3n de dependencia; el fomento de la econom\u00eda social y defensa de la eliminaci\u00f3n de la econom\u00eda sumergida en el \u00e1mbito laboral; la promoci\u00f3n de las personas en riesgo de exclusi\u00f3n y acompa\u00f1amiento en sus itinerarios tanto sociales como laborales para la consecuci\u00f3n de un empleo en el \u00e1mbito socio-sanitario, sean o no personas migradas, o la creaci\u00f3n de espacios de formaci\u00f3n en temas de dependencia y cuidados abiertos a toda la poblaci\u00f3n.<\/p>\n\n\n\n<p><\/p>\n\n\n\n<figure class=\"wp-block-gallery wp-block-gallery-1 is-layout-flex wp-block-gallery-is-layout-flex\"><ul class=\"blocks-gallery-grid\"><li class=\"blocks-gallery-item\"><figure><a href=\"https:\/\/www.solidaridadenfermera.org\/alava\/wp-content\/uploads\/sites\/71\/2022\/02\/53b7ac75-3065-4f04-8f81-d32e1384a3f0-1024x683.jpg\" data-lightbox=\"849\" data-title=\"\"><img decoding=\"async\" src=\"https:\/\/www.solidaridadenfermera.org\/alava\/wp-content\/uploads\/sites\/71\/2022\/02\/53b7ac75-3065-4f04-8f81-d32e1384a3f0-1024x683.jpg\" alt=\"\" class=\"gallery-item\" data-slide-no=\"0\"\/><\/a><\/figure><\/li><li class=\"blocks-gallery-item\"><figure><a href=\"https:\/\/www.solidaridadenfermera.org\/alava\/wp-content\/uploads\/sites\/71\/2022\/02\/a1e3b5dc-d8e0-402a-8b54-94f92166d865-1024x683.jpg\" data-lightbox=\"849\" data-title=\"\"><img decoding=\"async\" src=\"https:\/\/www.solidaridadenfermera.org\/alava\/wp-content\/uploads\/sites\/71\/2022\/02\/a1e3b5dc-d8e0-402a-8b54-94f92166d865-1024x683.jpg\" alt=\"\" class=\"gallery-item\" data-slide-no=\"1\"\/><\/a><\/figure><\/li><\/ul><\/figure>\n\n\n\n<p><\/p>\n\n\n<\/div>\n\n\n\n<div class=\"wp-block-columns row-sections-home is-layout-flex wp-container-core-columns-is-layout-9d6595d7 wp-block-columns-is-layout-flex\">\n<div class=\"wp-block-column is-layout-flow wp-block-column-is-layout-flow\">\n<div class=\"wp-block-cover has-background-dim\" style=\"background-image:url(https:\/\/www.solidaridadenfermera.org\/delegacion-de-alava\/wp-content\/uploads\/sites\/71\/2020\/03\/imagenes-resol-10.png)\"><div class=\"wp-block-cover__inner-container is-layout-flow wp-block-cover-is-layout-flow\">\n<h3 class=\"small-title wp-block-heading\">Empleo<\/h3>\n\n\n\n<p>Lorem ipsum dolor sit amet, consectetur adipiscing elit. Integer malesuada fermentum ante<\/p>\n\n\n\n<div class=\"wp-block-buttons aligncenter is-layout-flex wp-block-buttons-is-layout-flex\">\n<div class=\"wp-block-button\"><a class=\"wp-block-button__link\">Lorem ipsum<\/a><\/div>\n<\/div>\n\n\n\n<p><\/p>\n<\/div><\/div>\n\n\n\n<p><\/p>\n<\/div>\n\n\n\n<div class=\"wp-block-column is-layout-flow wp-block-column-is-layout-flow\">\n<div class=\"wp-block-cover has-background-dim\" style=\"background-image:url(https:\/\/www.solidaridadenfermera.org\/delegacion-de-alava\/wp-content\/uploads\/sites\/71\/2020\/03\/imagenes-resol-11.png)\"><div class=\"wp-block-cover__inner-container is-layout-flow wp-block-cover-is-layout-flow\">\n<h3 class=\"small-title wp-block-heading\">Formaci\u00f3n<\/h3>\n\n\n\n<p>Lorem ipsum dolor sit amet, consectetur adipiscing elit. Integer malesuada fermentum ante<\/p>\n\n\n\n<div class=\"wp-block-buttons aligncenter is-layout-flex wp-block-buttons-is-layout-flex\">\n<div class=\"wp-block-button\"><a class=\"wp-block-button__link\">Lorem ipsum<\/a><\/div>\n<\/div>\n\n\n\n<p><\/p>\n<\/div><\/div>\n<\/div>\n\n\n\n<div class=\"wp-block-column is-layout-flow wp-block-column-is-layout-flow\">\n<div class=\"wp-block-cover has-background-dim\" style=\"background-image:url(https:\/\/www.solidaridadenfermera.org\/delegacion-de-alava\/wp-content\/uploads\/sites\/71\/2020\/03\/imagenes-resol-12.png)\"><div class=\"wp-block-cover__inner-container is-layout-flow wp-block-cover-is-layout-flow\">\n<h3 class=\"small-title wp-block-heading\">Becas<\/h3>\n\n\n\n<p>Lorem ipsum dolor sit amet, consectetur adipiscing elit. Integer malesuada fermentum ante<\/p>\n\n\n\n<div class=\"wp-block-buttons aligncenter is-layout-flex wp-block-buttons-is-layout-flex\">\n<div class=\"wp-block-button\"><a class=\"wp-block-button__link\">Lorem ipsum<\/a><\/div>\n<\/div>\n\n\n\n<p><\/p>\n<\/div><\/div>\n<\/div>\n\n\n\n<div class=\"wp-block-column is-layout-flow wp-block-column-is-layout-flow\">\n<div class=\"wp-block-cover has-background-dim\" style=\"background-image:url(https:\/\/www.solidaridadenfermera.org\/delegacion-de-alava\/wp-content\/uploads\/sites\/71\/2020\/03\/imagenes-resol-13.png)\"><div class=\"wp-block-cover__inner-container is-layout-flow wp-block-cover-is-layout-flow\">\n<h3 class=\"small-title wp-block-heading\">Agenda<\/h3>\n\n\n\n<p>Lorem ipsum dolor sit amet, consectetur adipiscing elit. Integer malesuada fermentum ante<\/p>\n\n\n\n<div class=\"wp-block-buttons is-layout-flex wp-block-buttons-is-layout-flex\">\n<div class=\"wp-block-button\"><a class=\"wp-block-button__link\">Lorem ipsum<\/a><\/div>\n<\/div>\n\n\n\n<p><\/p>\n<\/div><\/div>\n<\/div>\n<\/div>\n\n\n\n<p><\/p>\n\n\n\n<div class=\"wp-block-cge-blocks-nested-related undefined row-nested-news\"><div class=\"container\">\n<h2 class=\"wp-block-heading\">Noticias relacionadas<\/h2>\n\n\n<div class=\"row\">\n\n\t\n\t\t\n            <div class=\"col-lg-3 view-cards\">\n                <a href=\"https:\/\/www.solidaridadenfermera.org\/alava\/sala-prensa\/la-2-de-tve-prepara-un-reportaje-sobre-la-obra-social-berakah-en-la-que-participa-solidaridad-enfermera-alava\/\">\n                    <div class=\"card h-100\">\n                        <div class=\"image\">\n                            <div class=\"inner\">\n                                                                    <div class=\"card-image\"\n                                         style=\"background-image:url(https:\/\/www.solidaridadenfermera.org\/alava\/wp-content\/uploads\/sites\/71\/2024\/07\/Beraka1-1-1.jpg);background-repeat: no-repeat;background-position: center;border-radius:18px\">\n                                        &nbsp;\n                                    <\/div>\n                                                            <\/div>\n                        <\/div>\n\n                        <div class=\"content\">\n                            <div class=\"date\">\n                                <p><i class=\"far fa-calendar\" style=\"color: var(--color-primary);\"><\/i>9 de julio de 2024<\/p>\n                            <\/div>\n                            <div class=\"news-title\">\n                                <h3 class=\"title\">La 2 de TVE prepara un reportaje sobre la obra social Berakah en la que&hellip;<\/h3>\n                            <\/div>\n                            <p class=\"news-p\" style=\"\">El programa Pueblo de Dios ha estado esta semana grabando las actividades del proyecto que atiende a personas migrantes y en riesgo de exclusi\u00f3n en Vitoria-Gasteiz y en la que&hellip;<\/p>\n                        <\/div>\n                    <\/div>\n                <\/a>\n            <\/div>\n\n    \t    \n\t\t\n            <div class=\"col-lg-3 view-cards\">\n                <a href=\"https:\/\/www.solidaridadenfermera.org\/alava\/sala-prensa\/solidaridad-enfermera-alava-cumple-tres-anos-formando-en-salud-y-cuidados-a-personas-migrantes\/\">\n                    <div class=\"card h-100\">\n                        <div class=\"image\">\n                            <div class=\"inner\">\n                                                                    <div class=\"card-image\"\n                                         style=\"background-image:url(https:\/\/www.solidaridadenfermera.org\/alava\/wp-content\/uploads\/sites\/71\/2024\/06\/Berakah-scaled.jpg);background-repeat: no-repeat;background-position: center;border-radius:18px\">\n                                        &nbsp;\n                                    <\/div>\n                                                            <\/div>\n                        <\/div>\n\n                        <div class=\"content\">\n                            <div class=\"date\">\n                                <p><i class=\"far fa-calendar\" style=\"color: var(--color-primary);\"><\/i>12 de junio de 2024<\/p>\n                            <\/div>\n                            <div class=\"news-title\">\n                                <h3 class=\"title\">Solidaridad Enfermera \u00c1lava cumple tres a\u00f1os formando en salud y cuidados a personas migrantes<\/h3>\n                            <\/div>\n                            <p class=\"news-p\" style=\"\">Junto a la obra social Berakah, y enmarcado en el convenio de colaboraci\u00f3n que ambas organizaciones firmaron en enero de 2022, se han realizado talleres semanales sobre higiene y cuidado&hellip;<\/p>\n                        <\/div>\n                    <\/div>\n                <\/a>\n            <\/div>\n\n    \t    \n\t\t\n            <div class=\"col-lg-3 view-cards\">\n                <a href=\"https:\/\/www.solidaridadenfermera.org\/alava\/sala-prensa\/solidaridad-enfermera-alava-asesora-a-las-personas-mayores-de-vitoria-gasteiz-sobre-cuestiones-sanitarias\/\">\n                    <div class=\"card h-100\">\n                        <div class=\"image\">\n                            <div class=\"inner\">\n                                                                    <div class=\"card-image\"\n                                         style=\"background-image:url(https:\/\/www.solidaridadenfermera.org\/alava\/wp-content\/uploads\/sites\/71\/2024\/05\/Taller-SE-Alava-scaled.jpg);background-repeat: no-repeat;background-position: center;border-radius:18px\">\n                                        &nbsp;\n                                    <\/div>\n                                                            <\/div>\n                        <\/div>\n\n                        <div class=\"content\">\n                            <div class=\"date\">\n                                <p><i class=\"far fa-calendar\" style=\"color: var(--color-primary);\"><\/i>20 de mayo de 2024<\/p>\n                            <\/div>\n                            <div class=\"news-title\">\n                                <h3 class=\"title\">Solidaridad Enfermera \u00c1lava asesora a las personas mayores de Vitoria-Gasteiz sobre cuestiones sanitarias<\/h3>\n                            <\/div>\n                            <p class=\"news-p\" style=\"\">La ONG del Colegio de Enfermer\u00eda de \u00c1lava, creada por iniciativa del Consejo General de Enfermer\u00eda, participa en el programa \u00a1Dale vida a los a\u00f1os! que acompa\u00f1a a las personas&hellip;<\/p>\n                        <\/div>\n                    <\/div>\n                <\/a>\n            <\/div>\n\n    \t    \n\t\t\n            <div class=\"col-lg-3 view-cards\">\n                <a href=\"https:\/\/www.solidaridadenfermera.org\/alava\/sala-prensa\/primer-trimestre-de-actividad-de-solidaridad-enfermera-alava\/\">\n                    <div class=\"card h-100\">\n                        <div class=\"image\">\n                            <div class=\"inner\">\n                                                                    <div class=\"card-image\"\n                                         style=\"background-image:url(https:\/\/www.solidaridadenfermera.org\/alava\/wp-content\/uploads\/sites\/71\/2024\/05\/18.01.2024_copia.jpg);background-repeat: no-repeat;background-position: center;border-radius:18px\">\n                                        &nbsp;\n                                    <\/div>\n                                                            <\/div>\n                        <\/div>\n\n                        <div class=\"content\">\n                            <div class=\"date\">\n                                <p><i class=\"far fa-calendar\" style=\"color: var(--color-primary);\"><\/i>9 de mayo de 2024<\/p>\n                            <\/div>\n                            <div class=\"news-title\">\n                                <h3 class=\"title\">Primer trimestre de actividad de Solidaridad Enfermera \u00c1lava<\/h3>\n                            <\/div>\n                            <p class=\"news-p\" style=\"\">Compromiso constante con colectivos vulnerables Durante el primer trimestre de este a\u00f1o, Solidaridad Enfermera \u00c1lava ha realizado actuaciones centradas fundamentalmente en la promoci\u00f3n de la salud de colectivos en situaci\u00f3n&hellip;<\/p>\n                        <\/div>\n                    <\/div>\n                <\/a>\n            <\/div>\n\n    \t        <div class=\"see-more\">\n        <a href=\"https:\/\/www.solidaridadenfermera.org\/alava\/sala-prensa\/\">Ver todas las noticias<\/a>\n        <\/div>\n<\/div> <!-- Close row -->\n\n<!--<div class=\"related-content-parent related-posts-content\" itemscope itemtype=\"http:\/\/schema.org\/NewsArticle\">-->\n<!--\t<div class=\"related-row related-news\">-->\n<!--\t\t--><!--\t\t\t<div class=\"item\" itemscope itemtype=\"http:\/\/schema.org\/Article\">-->\n<!---->\n<!--\t\t\t\t--><!--\t\t\t\t<div class=\"image --><!--\">-->\n<!--\t\t\t\t\t--><!--\t\t\t\t<\/div>-->\n<!--\t\t\t\t<div class=\"content\">-->\n<!--\t\t\t\t\t<h3>-->\n<!--\t\t\t\t\t\t<a href=\"--><!--\" title=\"--><!--\" itemprop=\"alternativeHeadline\">-->\n<!--\t\t\t\t\t\t--><!--<\/h3>-->\n<!--\t\t\t\t\t<\/a>-->\n<!--\t\t\t\t\t--><!--\t\t\t\t\t\t<p itemprop=\"backstory\">-->\n<!--\t\t\t\t\t\t\t--><!--\t\t\t\t\t\t<\/p>-->\n<!--\t\t\t\t\t--><!---->\n<!--\t\t\t\t\t<a href=\"--><!--\" title=\"--><!--\" class=\"arrow\">-->\n<!--\t\t\t\t\t\t<i class=\"icon-arrow-pointing-to-right\"><\/i>-->\n<!--\t\t\t\t\t<\/a>-->\n<!--\t\t\t\t<\/div>-->\n<!---->\n<!--\t\t\t<\/div>-->\n<!--\t\t--><!---->\n<!--\t\t--><!--\t<\/div>-->\n<!--\t<div class=\"see-more\">-->\n<!--\t\t<a href=\"--><!--\">--><!--<\/a>-->\n<!--\t<\/div>-->\n<!--<\/div>-->\n<\/div><\/div>\n","protected":false},"excerpt":{"rendered":"","protected":false},"featured_media":887,"template":"","news_category":[],"news_tag":[],"class_list":["post-885","news","type-news","status-publish","has-post-thumbnail","hentry"],"yoast_head":"<!-- This site is optimized with the Yoast SEO plugin v27.0 - https:\/\/yoast.com\/product\/yoast-seo-wordpress\/ -->\n<title>Formaci\u00f3n en \u00c1lava a personas cuidadoras de personas dependientes sobre el SARS-COV-19 - Delegaci\u00f3n de \u00c1lava<\/title>\n<meta name=\"robots\" content=\"index, follow, max-snippet:-1, max-image-preview:large, max-video-preview:-1\" \/>\n<link rel=\"canonical\" href=\"https:\/\/www.solidaridadenfermera.org\/alava\/sala-prensa\/formacion-en-alava-a-personas-cuidadoras-de-personas-dependientes-sobre-el-sars-cov-19\/\" \/>\n<meta property=\"og:locale\" content=\"es_ES\" \/>\n<meta property=\"og:type\" content=\"article\" \/>\n<meta property=\"og:title\" content=\"Formaci\u00f3n en \u00c1lava a personas cuidadoras de personas dependientes sobre el SARS-COV-19 - Delegaci\u00f3n de \u00c1lava\" \/>\n<meta property=\"og:url\" content=\"https:\/\/www.solidaridadenfermera.org\/alava\/sala-prensa\/formacion-en-alava-a-personas-cuidadoras-de-personas-dependientes-sobre-el-sars-cov-19\/\" \/>\n<meta property=\"og:site_name\" content=\"Delegaci\u00f3n de \u00c1lava\" \/>\n<meta property=\"article:modified_time\" content=\"2024-01-24T13:10:56+00:00\" \/>\n<meta property=\"og:image\" content=\"https:\/\/www.solidaridadenfermera.org\/alava\/wp-content\/uploads\/sites\/71\/2022\/02\/a1e3b5dc-d8e0-402a-8b54-94f92166d865.jpg\" \/>\n\t<meta property=\"og:image:width\" content=\"2048\" \/>\n\t<meta property=\"og:image:height\" content=\"1365\" \/>\n\t<meta property=\"og:image:type\" content=\"image\/jpeg\" \/>\n<meta name=\"twitter:card\" content=\"summary_large_image\" \/>\n<meta name=\"twitter:label1\" content=\"Tiempo de lectura\" \/>\n\t<meta name=\"twitter:data1\" content=\"4 minutos\" \/>\n<script type=\"application\/ld+json\" class=\"yoast-schema-graph\">{\"@context\":\"https:\/\/schema.org\",\"@graph\":[{\"@type\":\"WebPage\",\"@id\":\"https:\/\/www.solidaridadenfermera.org\/alava\/sala-prensa\/formacion-en-alava-a-personas-cuidadoras-de-personas-dependientes-sobre-el-sars-cov-19\/\",\"url\":\"https:\/\/www.solidaridadenfermera.org\/alava\/sala-prensa\/formacion-en-alava-a-personas-cuidadoras-de-personas-dependientes-sobre-el-sars-cov-19\/\",\"name\":\"Formaci\u00f3n en \u00c1lava a personas cuidadoras de personas dependientes sobre el SARS-COV-19 - Delegaci\u00f3n de \u00c1lava\",\"isPartOf\":{\"@id\":\"https:\/\/www.solidaridadenfermera.org\/alava\/#website\"},\"primaryImageOfPage\":{\"@id\":\"https:\/\/www.solidaridadenfermera.org\/alava\/sala-prensa\/formacion-en-alava-a-personas-cuidadoras-de-personas-dependientes-sobre-el-sars-cov-19\/#primaryimage\"},\"image\":{\"@id\":\"https:\/\/www.solidaridadenfermera.org\/alava\/sala-prensa\/formacion-en-alava-a-personas-cuidadoras-de-personas-dependientes-sobre-el-sars-cov-19\/#primaryimage\"},\"thumbnailUrl\":\"https:\/\/www.solidaridadenfermera.org\/alava\/wp-content\/uploads\/sites\/71\/2022\/02\/a1e3b5dc-d8e0-402a-8b54-94f92166d865.jpg\",\"datePublished\":\"2021-07-08T15:47:00+00:00\",\"dateModified\":\"2024-01-24T13:10:56+00:00\",\"breadcrumb\":{\"@id\":\"https:\/\/www.solidaridadenfermera.org\/alava\/sala-prensa\/formacion-en-alava-a-personas-cuidadoras-de-personas-dependientes-sobre-el-sars-cov-19\/#breadcrumb\"},\"inLanguage\":\"es\",\"potentialAction\":[{\"@type\":\"ReadAction\",\"target\":[\"https:\/\/www.solidaridadenfermera.org\/alava\/sala-prensa\/formacion-en-alava-a-personas-cuidadoras-de-personas-dependientes-sobre-el-sars-cov-19\/\"]}]},{\"@type\":\"ImageObject\",\"inLanguage\":\"es\",\"@id\":\"https:\/\/www.solidaridadenfermera.org\/alava\/sala-prensa\/formacion-en-alava-a-personas-cuidadoras-de-personas-dependientes-sobre-el-sars-cov-19\/#primaryimage\",\"url\":\"https:\/\/www.solidaridadenfermera.org\/alava\/wp-content\/uploads\/sites\/71\/2022\/02\/a1e3b5dc-d8e0-402a-8b54-94f92166d865.jpg\",\"contentUrl\":\"https:\/\/www.solidaridadenfermera.org\/alava\/wp-content\/uploads\/sites\/71\/2022\/02\/a1e3b5dc-d8e0-402a-8b54-94f92166d865.jpg\",\"width\":2048,\"height\":1365},{\"@type\":\"BreadcrumbList\",\"@id\":\"https:\/\/www.solidaridadenfermera.org\/alava\/sala-prensa\/formacion-en-alava-a-personas-cuidadoras-de-personas-dependientes-sobre-el-sars-cov-19\/#breadcrumb\",\"itemListElement\":[{\"@type\":\"ListItem\",\"position\":1,\"name\":\"Inicio\",\"item\":\"https:\/\/www.solidaridadenfermera.org\/alava\/\"},{\"@type\":\"ListItem\",\"position\":2,\"name\":\"Sala De Prensa\",\"item\":\"https:\/\/www.solidaridadenfermera.org\/alava\/sala-prensa\/\"},{\"@type\":\"ListItem\",\"position\":3,\"name\":\"Formaci\u00f3n en \u00c1lava a personas cuidadoras de personas dependientes sobre el SARS-COV-19\"}]},{\"@type\":\"WebSite\",\"@id\":\"https:\/\/www.solidaridadenfermera.org\/alava\/#website\",\"url\":\"https:\/\/www.solidaridadenfermera.org\/alava\/\",\"name\":\"Delegaci\u00f3n de \u00c1lava\",\"description\":\"Consejo General de Enfermer\u00eda (CGE) es una organizaci\u00f3n profesional con m\u00e1s 100 a\u00f1os de historia, que en base a los fines y funciones que le atribuye su Estatuto Aprobado por Real Decreto 1231, de 8 de noviembre de 2001, se constituye como el referente para la profesi\u00f3n de enfermer\u00eda, representando a un colectivo de doscientos mil colegiados.\",\"publisher\":{\"@id\":\"https:\/\/www.solidaridadenfermera.org\/alava\/#organization\"},\"potentialAction\":[{\"@type\":\"SearchAction\",\"target\":{\"@type\":\"EntryPoint\",\"urlTemplate\":\"https:\/\/www.solidaridadenfermera.org\/alava\/?s={search_term_string}\"},\"query-input\":{\"@type\":\"PropertyValueSpecification\",\"valueRequired\":true,\"valueName\":\"search_term_string\"}}],\"inLanguage\":\"es\"},{\"@type\":\"Organization\",\"@id\":\"https:\/\/www.solidaridadenfermera.org\/alava\/#organization\",\"name\":\"Delegaci\u00f3n de \u00c1lava\",\"url\":\"https:\/\/www.solidaridadenfermera.org\/alava\/\",\"logo\":{\"@type\":\"ImageObject\",\"inLanguage\":\"es\",\"@id\":\"https:\/\/www.solidaridadenfermera.org\/alava\/#\/schema\/logo\/image\/\",\"url\":\"https:\/\/www.solidaridadenfermera.org\/alava\/wp-content\/uploads\/sites\/71\/2021\/04\/Logo-SE-A\u0301lava-1.png\",\"contentUrl\":\"https:\/\/www.solidaridadenfermera.org\/alava\/wp-content\/uploads\/sites\/71\/2021\/04\/Logo-SE-A\u0301lava-1.png\",\"width\":774,\"height\":975,\"caption\":\"Delegaci\u00f3n de \u00c1lava\"},\"image\":{\"@id\":\"https:\/\/www.solidaridadenfermera.org\/alava\/#\/schema\/logo\/image\/\"}}]}<\/script>\n<!-- \/ Yoast SEO plugin. -->","yoast_head_json":{"title":"Formaci\u00f3n en \u00c1lava a personas cuidadoras de personas dependientes sobre el SARS-COV-19 - Delegaci\u00f3n de \u00c1lava","robots":{"index":"index","follow":"follow","max-snippet":"max-snippet:-1","max-image-preview":"max-image-preview:large","max-video-preview":"max-video-preview:-1"},"canonical":"https:\/\/www.solidaridadenfermera.org\/alava\/sala-prensa\/formacion-en-alava-a-personas-cuidadoras-de-personas-dependientes-sobre-el-sars-cov-19\/","og_locale":"es_ES","og_type":"article","og_title":"Formaci\u00f3n en \u00c1lava a personas cuidadoras de personas dependientes sobre el SARS-COV-19 - Delegaci\u00f3n de \u00c1lava","og_url":"https:\/\/www.solidaridadenfermera.org\/alava\/sala-prensa\/formacion-en-alava-a-personas-cuidadoras-de-personas-dependientes-sobre-el-sars-cov-19\/","og_site_name":"Delegaci\u00f3n de \u00c1lava","article_modified_time":"2024-01-24T13:10:56+00:00","og_image":[{"width":2048,"height":1365,"url":"https:\/\/www.solidaridadenfermera.org\/alava\/wp-content\/uploads\/sites\/71\/2022\/02\/a1e3b5dc-d8e0-402a-8b54-94f92166d865.jpg","type":"image\/jpeg"}],"twitter_card":"summary_large_image","twitter_misc":{"Tiempo de lectura":"4 minutos"},"schema":{"@context":"https:\/\/schema.org","@graph":[{"@type":"WebPage","@id":"https:\/\/www.solidaridadenfermera.org\/alava\/sala-prensa\/formacion-en-alava-a-personas-cuidadoras-de-personas-dependientes-sobre-el-sars-cov-19\/","url":"https:\/\/www.solidaridadenfermera.org\/alava\/sala-prensa\/formacion-en-alava-a-personas-cuidadoras-de-personas-dependientes-sobre-el-sars-cov-19\/","name":"Formaci\u00f3n en \u00c1lava a personas cuidadoras de personas dependientes sobre el SARS-COV-19 - Delegaci\u00f3n de \u00c1lava","isPartOf":{"@id":"https:\/\/www.solidaridadenfermera.org\/alava\/#website"},"primaryImageOfPage":{"@id":"https:\/\/www.solidaridadenfermera.org\/alava\/sala-prensa\/formacion-en-alava-a-personas-cuidadoras-de-personas-dependientes-sobre-el-sars-cov-19\/#primaryimage"},"image":{"@id":"https:\/\/www.solidaridadenfermera.org\/alava\/sala-prensa\/formacion-en-alava-a-personas-cuidadoras-de-personas-dependientes-sobre-el-sars-cov-19\/#primaryimage"},"thumbnailUrl":"https:\/\/www.solidaridadenfermera.org\/alava\/wp-content\/uploads\/sites\/71\/2022\/02\/a1e3b5dc-d8e0-402a-8b54-94f92166d865.jpg","datePublished":"2021-07-08T15:47:00+00:00","dateModified":"2024-01-24T13:10:56+00:00","breadcrumb":{"@id":"https:\/\/www.solidaridadenfermera.org\/alava\/sala-prensa\/formacion-en-alava-a-personas-cuidadoras-de-personas-dependientes-sobre-el-sars-cov-19\/#breadcrumb"},"inLanguage":"es","potentialAction":[{"@type":"ReadAction","target":["https:\/\/www.solidaridadenfermera.org\/alava\/sala-prensa\/formacion-en-alava-a-personas-cuidadoras-de-personas-dependientes-sobre-el-sars-cov-19\/"]}]},{"@type":"ImageObject","inLanguage":"es","@id":"https:\/\/www.solidaridadenfermera.org\/alava\/sala-prensa\/formacion-en-alava-a-personas-cuidadoras-de-personas-dependientes-sobre-el-sars-cov-19\/#primaryimage","url":"https:\/\/www.solidaridadenfermera.org\/alava\/wp-content\/uploads\/sites\/71\/2022\/02\/a1e3b5dc-d8e0-402a-8b54-94f92166d865.jpg","contentUrl":"https:\/\/www.solidaridadenfermera.org\/alava\/wp-content\/uploads\/sites\/71\/2022\/02\/a1e3b5dc-d8e0-402a-8b54-94f92166d865.jpg","width":2048,"height":1365},{"@type":"BreadcrumbList","@id":"https:\/\/www.solidaridadenfermera.org\/alava\/sala-prensa\/formacion-en-alava-a-personas-cuidadoras-de-personas-dependientes-sobre-el-sars-cov-19\/#breadcrumb","itemListElement":[{"@type":"ListItem","position":1,"name":"Inicio","item":"https:\/\/www.solidaridadenfermera.org\/alava\/"},{"@type":"ListItem","position":2,"name":"Sala De Prensa","item":"https:\/\/www.solidaridadenfermera.org\/alava\/sala-prensa\/"},{"@type":"ListItem","position":3,"name":"Formaci\u00f3n en \u00c1lava a personas cuidadoras de personas dependientes sobre el SARS-COV-19"}]},{"@type":"WebSite","@id":"https:\/\/www.solidaridadenfermera.org\/alava\/#website","url":"https:\/\/www.solidaridadenfermera.org\/alava\/","name":"Delegaci\u00f3n de \u00c1lava","description":"Consejo General de Enfermer\u00eda (CGE) es una organizaci\u00f3n profesional con m\u00e1s 100 a\u00f1os de historia, que en base a los fines y funciones que le atribuye su Estatuto Aprobado por Real Decreto 1231, de 8 de noviembre de 2001, se constituye como el referente para la profesi\u00f3n de enfermer\u00eda, representando a un colectivo de doscientos mil colegiados.","publisher":{"@id":"https:\/\/www.solidaridadenfermera.org\/alava\/#organization"},"potentialAction":[{"@type":"SearchAction","target":{"@type":"EntryPoint","urlTemplate":"https:\/\/www.solidaridadenfermera.org\/alava\/?s={search_term_string}"},"query-input":{"@type":"PropertyValueSpecification","valueRequired":true,"valueName":"search_term_string"}}],"inLanguage":"es"},{"@type":"Organization","@id":"https:\/\/www.solidaridadenfermera.org\/alava\/#organization","name":"Delegaci\u00f3n de \u00c1lava","url":"https:\/\/www.solidaridadenfermera.org\/alava\/","logo":{"@type":"ImageObject","inLanguage":"es","@id":"https:\/\/www.solidaridadenfermera.org\/alava\/#\/schema\/logo\/image\/","url":"https:\/\/www.solidaridadenfermera.org\/alava\/wp-content\/uploads\/sites\/71\/2021\/04\/Logo-SE-A\u0301lava-1.png","contentUrl":"https:\/\/www.solidaridadenfermera.org\/alava\/wp-content\/uploads\/sites\/71\/2021\/04\/Logo-SE-A\u0301lava-1.png","width":774,"height":975,"caption":"Delegaci\u00f3n de \u00c1lava"},"image":{"@id":"https:\/\/www.solidaridadenfermera.org\/alava\/#\/schema\/logo\/image\/"}}]}},"_links":{"self":[{"href":"https:\/\/www.solidaridadenfermera.org\/alava\/wp-json\/wp\/v2\/news\/885","targetHints":{"allow":["GET"]}}],"collection":[{"href":"https:\/\/www.solidaridadenfermera.org\/alava\/wp-json\/wp\/v2\/news"}],"about":[{"href":"https:\/\/www.solidaridadenfermera.org\/alava\/wp-json\/wp\/v2\/types\/news"}],"wp:featuredmedia":[{"embeddable":true,"href":"https:\/\/www.solidaridadenfermera.org\/alava\/wp-json\/wp\/v2\/media\/887"}],"wp:attachment":[{"href":"https:\/\/www.solidaridadenfermera.org\/alava\/wp-json\/wp\/v2\/media?parent=885"}],"wp:term":[{"taxonomy":"news_category","embeddable":true,"href":"https:\/\/www.solidaridadenfermera.org\/alava\/wp-json\/wp\/v2\/news_category?post=885"},{"taxonomy":"news_tag","embeddable":true,"href":"https:\/\/www.solidaridadenfermera.org\/alava\/wp-json\/wp\/v2\/news_tag?post=885"}],"curies":[{"name":"wp","href":"https:\/\/api.w.org\/{rel}","templated":true}]}}