{"id":849,"date":"2021-05-19T17:13:00","date_gmt":"2021-05-19T17:13:00","guid":{"rendered":"https:\/\/www.solidaridadenfermera.org\/alava\/?post_type=news&#038;p=849"},"modified":"2024-01-24T13:10:13","modified_gmt":"2024-01-24T13:10:13","slug":"formacion-en-alava-a-personas-con-baja-vision-sobre-uso-responsable-de-servicios-sanitarios","status":"publish","type":"news","link":"https:\/\/www.solidaridadenfermera.org\/alava\/sala-prensa\/formacion-en-alava-a-personas-con-baja-vision-sobre-uso-responsable-de-servicios-sanitarios\/","title":{"rendered":"Formaci\u00f3n en \u00c1lava a personas con baja visi\u00f3n sobre uso responsable de servicios sanitarios"},"content":{"rendered":"\n<div class=\"wp-block-cge-blocks-news-content container\">\n<p class=\"has-text-align-center news-subtitle\">Solidaridad Enfermera \u00c1lava realiza en Itxaropena \u2013 Asociaci\u00f3n Alavesa de Personas con Baja Visi\u00f3n un taller formativo dirigido a personas asociadas y familiares sobre el \u201cUso responsable de servicios sanitarios\u201d.<\/p>\n\n\n\n<p><\/p>\n\n\n\n<p>Solidaridad Enfermera \u00c1lava es una organizaci\u00f3n no gubernamental que, con el soporte del Consejo General de Enfermer\u00eda, pretende promover una mejor salud y calidad de vida de las personas y grupos m\u00e1s desfavorecidos que viven en el Territorio Hist\u00f3rico de \u00c1lava.<\/p>\n\n\n\n<p>Desde el Colegio Oficial de Enfermer\u00eda, sede de Solidaridad Enfermera \u00c1lava, se impulsan y ponen en marcha actuaciones sanitarias y sociosanitarias dirigidas a grupos vulnerables en toda la provincia.<\/p>\n\n\n\n<p>En el trabajo previo que el grupo de voluntariado de la organizaci\u00f3n ha realizado, identificando y detectando necesidades en el entorno, se prioriz\u00f3 trabajar con las personas m\u00e1s vulnerables, considerando a las Personas con Baja Visi\u00f3n un grupo especialmente vulnerable por sus condiciones f\u00edsicas y sociales.<\/p>\n\n\n\n<p>La COVID-19 ha supuesto un cambio para toda la poblaci\u00f3n, sin embargo hay grupos especialmente vulnerables como es el de las personas con baja visi\u00f3n, ya que para ellas ha supuesto desaf\u00edo en la medida en que este colectivo ha tenido que hacer frente a nuevas \u00f3rdenes para su movilidad, su vida independiente y su salud f\u00edsica y mental. Adem\u00e1s, la pandemia ha supuesto la no asistencia a las citas de control oftalmol\u00f3gico, bien por miedo a contagiarse, bien por anulaci\u00f3n de las citas de control por parte de los servicios sanitarios, con un aumento de la incertidumbre sobre cu\u00e1ndo y por qu\u00e9 acudir o no a los servicios sanitarios de atenci\u00f3n urgente.<\/p>\n\n\n\n<p>As\u00ed, los contenidos han ido dirigidos fundamentalmente a conocer tanto los motivos por los que se debe ir a urgencias como los que no, considerando \u201curgencia\u201d a todas aquellas situaciones que puedan poner en riesgo la vida, tales como: accidentes que hayan provocado un golpe fuerte o una herida; dificultad grave para respirar; dolor intenso en el pecho; dolor intolerable en cualquier otro sitio; sensaci\u00f3n de taquicardia o palpitaciones; mareo fuerte que haya provocado o pueda provocar p\u00e9rdida de consciencia, y p\u00e9rdida de fuerza brusca en un lado del cuerpo o de la vista; y no constituyendo urgencias sanitarias: los padecimientos comunes de corta duraci\u00f3n en personas sanas; la falta de tiempo para ir con cita a su m\u00e9dico o enfermera; los problemas sociales o administrativos que no puedan resolverse en otros estamentos; resfriados, gripes, fiebres, dolores de garganta, dolores de espalda\u2026; solicitud de partes de baja, justificantes, an\u00e1lisis, informes\u2026, y revisiones m\u00e9dicas de enfermedades cr\u00f3nicas y consultas programadas de enfermer\u00eda. <\/p>\n\n\n\n<p>En el taller tambi\u00e9n se ha tratado, brevemente, sobre la importancia de los autocuidados y la automedicaci\u00f3n, y se ha resaltado la importancia de conocer tanto los tel\u00e9fonos de contacto del Centro de Salud, como del de Emergencias -945 244 444- y del de Consejo Sanitario -900 20 30 50- (estos dos \u00faltimos operativos las 24 horas del d\u00eda, los 365 d\u00edas del a\u00f1o), y todos ellos como puntos de referencia en los casos en que sean necesarias recomendaciones o ayuda ante problemas de salud habituales, que no requieran la intervenci\u00f3n presencial profesional sanitaria, y que deban ser resueltas con prontitud y el de Emergencia Vital (112), as\u00ed como la existencia de los PAC (Puntos de Atenci\u00f3n Continuada), como red de centros que atienden urgencias no vitales fuera del horario de atenci\u00f3n del centro de salud o en d\u00edas festivos y que tambi\u00e9n ofrecen atenci\u00f3n a personas enfermas agudas y cr\u00f3nicas seg\u00fan sus necesidades de salud, siempre que sea fuera del horario del centro de salud.<\/p>\n\n\n\n<p>Al taller acudieron 16 personas asociadas, dos miembros de la organizaci\u00f3n y dos miembros de Solidaridad Enfermera \u00c1lava.<\/p>\n\n\n\n<p>La Asociaci\u00f3n Itxaropena es una entidad sin \u00e1nimo de lucro abierta a todas las personas con discapacidad visual del Territorio Hist\u00f3rico de \u00c1lava, creada en 1980 por un grupo de madres y padres que quer\u00edan que sus hijas e hijos peque\u00f1os, con problemas graves de visi\u00f3n, no tuvieran que ir a estudiar a los colegios espec\u00edficos que la ONCE ten\u00eda en Madrid, Alicante o Valencia, con el desarraigo familiar que esto supon\u00eda. El Fin de la Asociaci\u00f3n es: Promover la integraci\u00f3n a nivel familiar, social, escolar y laboral de las personas con discapacidad visual grave, atendiendo a familias con personas con discapacidad visual o a personas individuales afectadas por la misma; su Misi\u00f3n: Ofrecer y gestionar los Servicios y Actividades necesarios, para conseguir cumplir los Fines de la Asociaci\u00f3n, ayudando a integrar a sus Asociadas y Asociados en todos los niveles de la vida; su Visi\u00f3n Ser el referente en \u00c1lava, para que todas las personas con discapacidad visual a partir del 33% puedan satisfacer sus necesidades de ayuda para conseguir tanto mejorar su vida, como su integraci\u00f3n social, mediante la promoci\u00f3n de la integraci\u00f3n a nivel familiar, social, escolar y laboral de las personas con discapacidad visual grave, atendiendo a familias con personas con discapacidad visual personas individuales afectadas por la misma.<\/p>\n\n\n\n<p><\/p>\n\n\n\n<p><\/p>\n\n\n\n<figure class=\"wp-block-gallery wp-block-gallery-1 is-layout-flex wp-block-gallery-is-layout-flex\"><ul class=\"blocks-gallery-grid\"><li class=\"blocks-gallery-item\"><figure><a href=\"https:\/\/www.solidaridadenfermera.org\/alava\/wp-content\/uploads\/sites\/71\/2022\/01\/PHOTO-2021-05-19-17-58-28-768x1024.jpg\" data-lightbox=\"849\" data-title=\"\"><img decoding=\"async\" src=\"https:\/\/www.solidaridadenfermera.org\/alava\/wp-content\/uploads\/sites\/71\/2022\/01\/PHOTO-2021-05-19-17-58-28-768x1024.jpg\" alt=\"\" class=\"gallery-item\" data-slide-no=\"0\"\/><\/a><\/figure><\/li><li class=\"blocks-gallery-item\"><figure><a href=\"https:\/\/www.solidaridadenfermera.org\/alava\/wp-content\/uploads\/sites\/71\/2022\/01\/PHOTO-2021-05-19-18-18-05-768x1024.jpg\" data-lightbox=\"849\" data-title=\"\"><img decoding=\"async\" src=\"https:\/\/www.solidaridadenfermera.org\/alava\/wp-content\/uploads\/sites\/71\/2022\/01\/PHOTO-2021-05-19-18-18-05-768x1024.jpg\" alt=\"\" class=\"gallery-item\" data-slide-no=\"1\"\/><\/a><\/figure><\/li><\/ul><\/figure>\n\n\n\n<p><\/p>\n\n\n<\/div>\n\n\n\n<div class=\"wp-block-columns row-sections-home is-layout-flex wp-container-core-columns-is-layout-9d6595d7 wp-block-columns-is-layout-flex\">\n<div class=\"wp-block-column is-layout-flow wp-block-column-is-layout-flow\">\n<div class=\"wp-block-cover has-background-dim\" style=\"background-image:url(https:\/\/www.solidaridadenfermera.org\/delegacion-de-alava\/wp-content\/uploads\/sites\/71\/2020\/03\/imagenes-resol-10.png)\"><div class=\"wp-block-cover__inner-container is-layout-flow wp-block-cover-is-layout-flow\">\n<h3 class=\"small-title wp-block-heading\">Empleo<\/h3>\n\n\n\n<p>Lorem ipsum dolor sit amet, consectetur adipiscing elit. Integer malesuada fermentum ante<\/p>\n\n\n\n<div class=\"wp-block-buttons aligncenter is-layout-flex wp-block-buttons-is-layout-flex\">\n<div class=\"wp-block-button\"><a class=\"wp-block-button__link\">Lorem ipsum<\/a><\/div>\n<\/div>\n\n\n\n<p><\/p>\n<\/div><\/div>\n\n\n\n<p><\/p>\n<\/div>\n\n\n\n<div class=\"wp-block-column is-layout-flow wp-block-column-is-layout-flow\">\n<div class=\"wp-block-cover has-background-dim\" style=\"background-image:url(https:\/\/www.solidaridadenfermera.org\/delegacion-de-alava\/wp-content\/uploads\/sites\/71\/2020\/03\/imagenes-resol-11.png)\"><div class=\"wp-block-cover__inner-container is-layout-flow wp-block-cover-is-layout-flow\">\n<h3 class=\"small-title wp-block-heading\">Formaci\u00f3n<\/h3>\n\n\n\n<p>Lorem ipsum dolor sit amet, consectetur adipiscing elit. Integer malesuada fermentum ante<\/p>\n\n\n\n<div class=\"wp-block-buttons aligncenter is-layout-flex wp-block-buttons-is-layout-flex\">\n<div class=\"wp-block-button\"><a class=\"wp-block-button__link\">Lorem ipsum<\/a><\/div>\n<\/div>\n\n\n\n<p><\/p>\n<\/div><\/div>\n<\/div>\n\n\n\n<div class=\"wp-block-column is-layout-flow wp-block-column-is-layout-flow\">\n<div class=\"wp-block-cover has-background-dim\" style=\"background-image:url(https:\/\/www.solidaridadenfermera.org\/delegacion-de-alava\/wp-content\/uploads\/sites\/71\/2020\/03\/imagenes-resol-12.png)\"><div class=\"wp-block-cover__inner-container is-layout-flow wp-block-cover-is-layout-flow\">\n<h3 class=\"small-title wp-block-heading\">Becas<\/h3>\n\n\n\n<p>Lorem ipsum dolor sit amet, consectetur adipiscing elit. Integer malesuada fermentum ante<\/p>\n\n\n\n<div class=\"wp-block-buttons aligncenter is-layout-flex wp-block-buttons-is-layout-flex\">\n<div class=\"wp-block-button\"><a class=\"wp-block-button__link\">Lorem ipsum<\/a><\/div>\n<\/div>\n\n\n\n<p><\/p>\n<\/div><\/div>\n<\/div>\n\n\n\n<div class=\"wp-block-column is-layout-flow wp-block-column-is-layout-flow\">\n<div class=\"wp-block-cover has-background-dim\" style=\"background-image:url(https:\/\/www.solidaridadenfermera.org\/delegacion-de-alava\/wp-content\/uploads\/sites\/71\/2020\/03\/imagenes-resol-13.png)\"><div class=\"wp-block-cover__inner-container is-layout-flow wp-block-cover-is-layout-flow\">\n<h3 class=\"small-title wp-block-heading\">Agenda<\/h3>\n\n\n\n<p>Lorem ipsum dolor sit amet, consectetur adipiscing elit. Integer malesuada fermentum ante<\/p>\n\n\n\n<div class=\"wp-block-buttons is-layout-flex wp-block-buttons-is-layout-flex\">\n<div class=\"wp-block-button\"><a class=\"wp-block-button__link\">Lorem ipsum<\/a><\/div>\n<\/div>\n\n\n\n<p><\/p>\n<\/div><\/div>\n<\/div>\n<\/div>\n\n\n\n<p><\/p>\n\n\n\n<div class=\"wp-block-cge-blocks-nested-related undefined row-nested-news\"><div class=\"container\">\n<h2 class=\"wp-block-heading\">Noticias relacionadas<\/h2>\n\n\n<div class=\"row\">\n\n\t\n\t\t\n            <div class=\"col-lg-3 view-cards\">\n                <a href=\"https:\/\/www.solidaridadenfermera.org\/alava\/sala-prensa\/la-2-de-tve-prepara-un-reportaje-sobre-la-obra-social-berakah-en-la-que-participa-solidaridad-enfermera-alava\/\">\n                    <div class=\"card h-100\">\n                        <div class=\"image\">\n                            <div class=\"inner\">\n                                                                    <div class=\"card-image\"\n                                         style=\"background-image:url(https:\/\/www.solidaridadenfermera.org\/alava\/wp-content\/uploads\/sites\/71\/2024\/07\/Beraka1-1-1.jpg);background-repeat: no-repeat;background-position: center;border-radius:18px\">\n                                        &nbsp;\n                                    <\/div>\n                                                            <\/div>\n                        <\/div>\n\n                        <div class=\"content\">\n                            <div class=\"date\">\n                                <p><i class=\"far fa-calendar\" style=\"color: var(--color-primary);\"><\/i>9 de julio de 2024<\/p>\n                            <\/div>\n                            <div class=\"news-title\">\n                                <h3 class=\"title\">La 2 de TVE prepara un reportaje sobre la obra social Berakah en la que&hellip;<\/h3>\n                            <\/div>\n                            <p class=\"news-p\" style=\"\">El programa Pueblo de Dios ha estado esta semana grabando las actividades del proyecto que atiende a personas migrantes y en riesgo de exclusi\u00f3n en Vitoria-Gasteiz y en la que&hellip;<\/p>\n                        <\/div>\n                    <\/div>\n                <\/a>\n            <\/div>\n\n    \t    \n\t\t\n            <div class=\"col-lg-3 view-cards\">\n                <a href=\"https:\/\/www.solidaridadenfermera.org\/alava\/sala-prensa\/solidaridad-enfermera-alava-cumple-tres-anos-formando-en-salud-y-cuidados-a-personas-migrantes\/\">\n                    <div class=\"card h-100\">\n                        <div class=\"image\">\n                            <div class=\"inner\">\n                                                                    <div class=\"card-image\"\n                                         style=\"background-image:url(https:\/\/www.solidaridadenfermera.org\/alava\/wp-content\/uploads\/sites\/71\/2024\/06\/Berakah-scaled.jpg);background-repeat: no-repeat;background-position: center;border-radius:18px\">\n                                        &nbsp;\n                                    <\/div>\n                                                            <\/div>\n                        <\/div>\n\n                        <div class=\"content\">\n                            <div class=\"date\">\n                                <p><i class=\"far fa-calendar\" style=\"color: var(--color-primary);\"><\/i>12 de junio de 2024<\/p>\n                            <\/div>\n                            <div class=\"news-title\">\n                                <h3 class=\"title\">Solidaridad Enfermera \u00c1lava cumple tres a\u00f1os formando en salud y cuidados a personas migrantes<\/h3>\n                            <\/div>\n                            <p class=\"news-p\" style=\"\">Junto a la obra social Berakah, y enmarcado en el convenio de colaboraci\u00f3n que ambas organizaciones firmaron en enero de 2022, se han realizado talleres semanales sobre higiene y cuidado&hellip;<\/p>\n                        <\/div>\n                    <\/div>\n                <\/a>\n            <\/div>\n\n    \t    \n\t\t\n            <div class=\"col-lg-3 view-cards\">\n                <a href=\"https:\/\/www.solidaridadenfermera.org\/alava\/sala-prensa\/solidaridad-enfermera-alava-asesora-a-las-personas-mayores-de-vitoria-gasteiz-sobre-cuestiones-sanitarias\/\">\n                    <div class=\"card h-100\">\n                        <div class=\"image\">\n                            <div class=\"inner\">\n                                                                    <div class=\"card-image\"\n                                         style=\"background-image:url(https:\/\/www.solidaridadenfermera.org\/alava\/wp-content\/uploads\/sites\/71\/2024\/05\/Taller-SE-Alava-scaled.jpg);background-repeat: no-repeat;background-position: center;border-radius:18px\">\n                                        &nbsp;\n                                    <\/div>\n                                                            <\/div>\n                        <\/div>\n\n                        <div class=\"content\">\n                            <div class=\"date\">\n                                <p><i class=\"far fa-calendar\" style=\"color: var(--color-primary);\"><\/i>20 de mayo de 2024<\/p>\n                            <\/div>\n                            <div class=\"news-title\">\n                                <h3 class=\"title\">Solidaridad Enfermera \u00c1lava asesora a las personas mayores de Vitoria-Gasteiz sobre cuestiones sanitarias<\/h3>\n                            <\/div>\n                            <p class=\"news-p\" style=\"\">La ONG del Colegio de Enfermer\u00eda de \u00c1lava, creada por iniciativa del Consejo General de Enfermer\u00eda, participa en el programa \u00a1Dale vida a los a\u00f1os! que acompa\u00f1a a las personas&hellip;<\/p>\n                        <\/div>\n                    <\/div>\n                <\/a>\n            <\/div>\n\n    \t    \n\t\t\n            <div class=\"col-lg-3 view-cards\">\n                <a href=\"https:\/\/www.solidaridadenfermera.org\/alava\/sala-prensa\/primer-trimestre-de-actividad-de-solidaridad-enfermera-alava\/\">\n                    <div class=\"card h-100\">\n                        <div class=\"image\">\n                            <div class=\"inner\">\n                                                                    <div class=\"card-image\"\n                                         style=\"background-image:url(https:\/\/www.solidaridadenfermera.org\/alava\/wp-content\/uploads\/sites\/71\/2024\/05\/18.01.2024_copia.jpg);background-repeat: no-repeat;background-position: center;border-radius:18px\">\n                                        &nbsp;\n                                    <\/div>\n                                                            <\/div>\n                        <\/div>\n\n                        <div class=\"content\">\n                            <div class=\"date\">\n                                <p><i class=\"far fa-calendar\" style=\"color: var(--color-primary);\"><\/i>9 de mayo de 2024<\/p>\n                            <\/div>\n                            <div class=\"news-title\">\n                                <h3 class=\"title\">Primer trimestre de actividad de Solidaridad Enfermera \u00c1lava<\/h3>\n                            <\/div>\n                            <p class=\"news-p\" style=\"\">Compromiso constante con colectivos vulnerables Durante el primer trimestre de este a\u00f1o, Solidaridad Enfermera \u00c1lava ha realizado actuaciones centradas fundamentalmente en la promoci\u00f3n de la salud de colectivos en situaci\u00f3n&hellip;<\/p>\n                        <\/div>\n                    <\/div>\n                <\/a>\n            <\/div>\n\n    \t        <div class=\"see-more\">\n        <a href=\"https:\/\/www.solidaridadenfermera.org\/alava\/sala-prensa\/\">Ver todas las noticias<\/a>\n        <\/div>\n<\/div> <!-- Close row -->\n\n<!--<div class=\"related-content-parent related-posts-content\" itemscope itemtype=\"http:\/\/schema.org\/NewsArticle\">-->\n<!--\t<div class=\"related-row related-news\">-->\n<!--\t\t--><!--\t\t\t<div class=\"item\" itemscope itemtype=\"http:\/\/schema.org\/Article\">-->\n<!---->\n<!--\t\t\t\t--><!--\t\t\t\t<div class=\"image --><!--\">-->\n<!--\t\t\t\t\t--><!--\t\t\t\t<\/div>-->\n<!--\t\t\t\t<div class=\"content\">-->\n<!--\t\t\t\t\t<h3>-->\n<!--\t\t\t\t\t\t<a href=\"--><!--\" title=\"--><!--\" itemprop=\"alternativeHeadline\">-->\n<!--\t\t\t\t\t\t--><!--<\/h3>-->\n<!--\t\t\t\t\t<\/a>-->\n<!--\t\t\t\t\t--><!--\t\t\t\t\t\t<p itemprop=\"backstory\">-->\n<!--\t\t\t\t\t\t\t--><!--\t\t\t\t\t\t<\/p>-->\n<!--\t\t\t\t\t--><!---->\n<!--\t\t\t\t\t<a href=\"--><!--\" title=\"--><!--\" class=\"arrow\">-->\n<!--\t\t\t\t\t\t<i class=\"icon-arrow-pointing-to-right\"><\/i>-->\n<!--\t\t\t\t\t<\/a>-->\n<!--\t\t\t\t<\/div>-->\n<!---->\n<!--\t\t\t<\/div>-->\n<!--\t\t--><!---->\n<!--\t\t--><!--\t<\/div>-->\n<!--\t<div class=\"see-more\">-->\n<!--\t\t<a href=\"--><!--\">--><!--<\/a>-->\n<!--\t<\/div>-->\n<!--<\/div>-->\n<\/div><\/div>\n","protected":false},"excerpt":{"rendered":"","protected":false},"featured_media":852,"template":"","news_category":[],"news_tag":[],"class_list":["post-849","news","type-news","status-publish","has-post-thumbnail","hentry"],"yoast_head":"<!-- This site is optimized with the Yoast SEO plugin v27.0 - https:\/\/yoast.com\/product\/yoast-seo-wordpress\/ -->\n<title>Formaci\u00f3n en \u00c1lava a personas con baja visi\u00f3n sobre uso responsable de servicios sanitarios - Delegaci\u00f3n de \u00c1lava<\/title>\n<meta name=\"robots\" content=\"index, follow, max-snippet:-1, max-image-preview:large, max-video-preview:-1\" \/>\n<link rel=\"canonical\" href=\"https:\/\/www.solidaridadenfermera.org\/alava\/sala-prensa\/formacion-en-alava-a-personas-con-baja-vision-sobre-uso-responsable-de-servicios-sanitarios\/\" \/>\n<meta property=\"og:locale\" content=\"es_ES\" \/>\n<meta property=\"og:type\" content=\"article\" \/>\n<meta property=\"og:title\" content=\"Formaci\u00f3n en \u00c1lava a personas con baja visi\u00f3n sobre uso responsable de servicios sanitarios - Delegaci\u00f3n de \u00c1lava\" \/>\n<meta property=\"og:url\" content=\"https:\/\/www.solidaridadenfermera.org\/alava\/sala-prensa\/formacion-en-alava-a-personas-con-baja-vision-sobre-uso-responsable-de-servicios-sanitarios\/\" \/>\n<meta property=\"og:site_name\" content=\"Delegaci\u00f3n de \u00c1lava\" \/>\n<meta property=\"article:modified_time\" content=\"2024-01-24T13:10:13+00:00\" \/>\n<meta property=\"og:image\" content=\"https:\/\/www.solidaridadenfermera.org\/alava\/wp-content\/uploads\/sites\/71\/2022\/01\/PHOTO-2021-05-19-17-58-28-1.jpg\" \/>\n\t<meta property=\"og:image:width\" content=\"1200\" \/>\n\t<meta property=\"og:image:height\" content=\"1599\" \/>\n\t<meta property=\"og:image:type\" content=\"image\/jpeg\" \/>\n<meta name=\"twitter:card\" content=\"summary_large_image\" \/>\n<meta name=\"twitter:label1\" content=\"Tiempo de lectura\" \/>\n\t<meta name=\"twitter:data1\" content=\"5 minutos\" \/>\n<script type=\"application\/ld+json\" class=\"yoast-schema-graph\">{\"@context\":\"https:\/\/schema.org\",\"@graph\":[{\"@type\":\"WebPage\",\"@id\":\"https:\/\/www.solidaridadenfermera.org\/alava\/sala-prensa\/formacion-en-alava-a-personas-con-baja-vision-sobre-uso-responsable-de-servicios-sanitarios\/\",\"url\":\"https:\/\/www.solidaridadenfermera.org\/alava\/sala-prensa\/formacion-en-alava-a-personas-con-baja-vision-sobre-uso-responsable-de-servicios-sanitarios\/\",\"name\":\"Formaci\u00f3n en \u00c1lava a personas con baja visi\u00f3n sobre uso responsable de servicios sanitarios - Delegaci\u00f3n de \u00c1lava\",\"isPartOf\":{\"@id\":\"https:\/\/www.solidaridadenfermera.org\/alava\/#website\"},\"primaryImageOfPage\":{\"@id\":\"https:\/\/www.solidaridadenfermera.org\/alava\/sala-prensa\/formacion-en-alava-a-personas-con-baja-vision-sobre-uso-responsable-de-servicios-sanitarios\/#primaryimage\"},\"image\":{\"@id\":\"https:\/\/www.solidaridadenfermera.org\/alava\/sala-prensa\/formacion-en-alava-a-personas-con-baja-vision-sobre-uso-responsable-de-servicios-sanitarios\/#primaryimage\"},\"thumbnailUrl\":\"https:\/\/www.solidaridadenfermera.org\/alava\/wp-content\/uploads\/sites\/71\/2022\/01\/PHOTO-2021-05-19-17-58-28-1.jpg\",\"datePublished\":\"2021-05-19T17:13:00+00:00\",\"dateModified\":\"2024-01-24T13:10:13+00:00\",\"breadcrumb\":{\"@id\":\"https:\/\/www.solidaridadenfermera.org\/alava\/sala-prensa\/formacion-en-alava-a-personas-con-baja-vision-sobre-uso-responsable-de-servicios-sanitarios\/#breadcrumb\"},\"inLanguage\":\"es\",\"potentialAction\":[{\"@type\":\"ReadAction\",\"target\":[\"https:\/\/www.solidaridadenfermera.org\/alava\/sala-prensa\/formacion-en-alava-a-personas-con-baja-vision-sobre-uso-responsable-de-servicios-sanitarios\/\"]}]},{\"@type\":\"ImageObject\",\"inLanguage\":\"es\",\"@id\":\"https:\/\/www.solidaridadenfermera.org\/alava\/sala-prensa\/formacion-en-alava-a-personas-con-baja-vision-sobre-uso-responsable-de-servicios-sanitarios\/#primaryimage\",\"url\":\"https:\/\/www.solidaridadenfermera.org\/alava\/wp-content\/uploads\/sites\/71\/2022\/01\/PHOTO-2021-05-19-17-58-28-1.jpg\",\"contentUrl\":\"https:\/\/www.solidaridadenfermera.org\/alava\/wp-content\/uploads\/sites\/71\/2022\/01\/PHOTO-2021-05-19-17-58-28-1.jpg\",\"width\":1200,\"height\":1599},{\"@type\":\"BreadcrumbList\",\"@id\":\"https:\/\/www.solidaridadenfermera.org\/alava\/sala-prensa\/formacion-en-alava-a-personas-con-baja-vision-sobre-uso-responsable-de-servicios-sanitarios\/#breadcrumb\",\"itemListElement\":[{\"@type\":\"ListItem\",\"position\":1,\"name\":\"Inicio\",\"item\":\"https:\/\/www.solidaridadenfermera.org\/alava\/\"},{\"@type\":\"ListItem\",\"position\":2,\"name\":\"Sala De Prensa\",\"item\":\"https:\/\/www.solidaridadenfermera.org\/alava\/sala-prensa\/\"},{\"@type\":\"ListItem\",\"position\":3,\"name\":\"Formaci\u00f3n en \u00c1lava a personas con baja visi\u00f3n sobre uso responsable de servicios sanitarios\"}]},{\"@type\":\"WebSite\",\"@id\":\"https:\/\/www.solidaridadenfermera.org\/alava\/#website\",\"url\":\"https:\/\/www.solidaridadenfermera.org\/alava\/\",\"name\":\"Delegaci\u00f3n de \u00c1lava\",\"description\":\"Consejo General de Enfermer\u00eda (CGE) es una organizaci\u00f3n profesional con m\u00e1s 100 a\u00f1os de historia, que en base a los fines y funciones que le atribuye su Estatuto Aprobado por Real Decreto 1231, de 8 de noviembre de 2001, se constituye como el referente para la profesi\u00f3n de enfermer\u00eda, representando a un colectivo de doscientos mil colegiados.\",\"publisher\":{\"@id\":\"https:\/\/www.solidaridadenfermera.org\/alava\/#organization\"},\"potentialAction\":[{\"@type\":\"SearchAction\",\"target\":{\"@type\":\"EntryPoint\",\"urlTemplate\":\"https:\/\/www.solidaridadenfermera.org\/alava\/?s={search_term_string}\"},\"query-input\":{\"@type\":\"PropertyValueSpecification\",\"valueRequired\":true,\"valueName\":\"search_term_string\"}}],\"inLanguage\":\"es\"},{\"@type\":\"Organization\",\"@id\":\"https:\/\/www.solidaridadenfermera.org\/alava\/#organization\",\"name\":\"Delegaci\u00f3n de \u00c1lava\",\"url\":\"https:\/\/www.solidaridadenfermera.org\/alava\/\",\"logo\":{\"@type\":\"ImageObject\",\"inLanguage\":\"es\",\"@id\":\"https:\/\/www.solidaridadenfermera.org\/alava\/#\/schema\/logo\/image\/\",\"url\":\"https:\/\/www.solidaridadenfermera.org\/alava\/wp-content\/uploads\/sites\/71\/2021\/04\/Logo-SE-A\u0301lava-1.png\",\"contentUrl\":\"https:\/\/www.solidaridadenfermera.org\/alava\/wp-content\/uploads\/sites\/71\/2021\/04\/Logo-SE-A\u0301lava-1.png\",\"width\":774,\"height\":975,\"caption\":\"Delegaci\u00f3n de \u00c1lava\"},\"image\":{\"@id\":\"https:\/\/www.solidaridadenfermera.org\/alava\/#\/schema\/logo\/image\/\"}}]}<\/script>\n<!-- \/ Yoast SEO plugin. -->","yoast_head_json":{"title":"Formaci\u00f3n en \u00c1lava a personas con baja visi\u00f3n sobre uso responsable de servicios sanitarios - Delegaci\u00f3n de \u00c1lava","robots":{"index":"index","follow":"follow","max-snippet":"max-snippet:-1","max-image-preview":"max-image-preview:large","max-video-preview":"max-video-preview:-1"},"canonical":"https:\/\/www.solidaridadenfermera.org\/alava\/sala-prensa\/formacion-en-alava-a-personas-con-baja-vision-sobre-uso-responsable-de-servicios-sanitarios\/","og_locale":"es_ES","og_type":"article","og_title":"Formaci\u00f3n en \u00c1lava a personas con baja visi\u00f3n sobre uso responsable de servicios sanitarios - Delegaci\u00f3n de \u00c1lava","og_url":"https:\/\/www.solidaridadenfermera.org\/alava\/sala-prensa\/formacion-en-alava-a-personas-con-baja-vision-sobre-uso-responsable-de-servicios-sanitarios\/","og_site_name":"Delegaci\u00f3n de \u00c1lava","article_modified_time":"2024-01-24T13:10:13+00:00","og_image":[{"width":1200,"height":1599,"url":"https:\/\/www.solidaridadenfermera.org\/alava\/wp-content\/uploads\/sites\/71\/2022\/01\/PHOTO-2021-05-19-17-58-28-1.jpg","type":"image\/jpeg"}],"twitter_card":"summary_large_image","twitter_misc":{"Tiempo de lectura":"5 minutos"},"schema":{"@context":"https:\/\/schema.org","@graph":[{"@type":"WebPage","@id":"https:\/\/www.solidaridadenfermera.org\/alava\/sala-prensa\/formacion-en-alava-a-personas-con-baja-vision-sobre-uso-responsable-de-servicios-sanitarios\/","url":"https:\/\/www.solidaridadenfermera.org\/alava\/sala-prensa\/formacion-en-alava-a-personas-con-baja-vision-sobre-uso-responsable-de-servicios-sanitarios\/","name":"Formaci\u00f3n en \u00c1lava a personas con baja visi\u00f3n sobre uso responsable de servicios sanitarios - Delegaci\u00f3n de \u00c1lava","isPartOf":{"@id":"https:\/\/www.solidaridadenfermera.org\/alava\/#website"},"primaryImageOfPage":{"@id":"https:\/\/www.solidaridadenfermera.org\/alava\/sala-prensa\/formacion-en-alava-a-personas-con-baja-vision-sobre-uso-responsable-de-servicios-sanitarios\/#primaryimage"},"image":{"@id":"https:\/\/www.solidaridadenfermera.org\/alava\/sala-prensa\/formacion-en-alava-a-personas-con-baja-vision-sobre-uso-responsable-de-servicios-sanitarios\/#primaryimage"},"thumbnailUrl":"https:\/\/www.solidaridadenfermera.org\/alava\/wp-content\/uploads\/sites\/71\/2022\/01\/PHOTO-2021-05-19-17-58-28-1.jpg","datePublished":"2021-05-19T17:13:00+00:00","dateModified":"2024-01-24T13:10:13+00:00","breadcrumb":{"@id":"https:\/\/www.solidaridadenfermera.org\/alava\/sala-prensa\/formacion-en-alava-a-personas-con-baja-vision-sobre-uso-responsable-de-servicios-sanitarios\/#breadcrumb"},"inLanguage":"es","potentialAction":[{"@type":"ReadAction","target":["https:\/\/www.solidaridadenfermera.org\/alava\/sala-prensa\/formacion-en-alava-a-personas-con-baja-vision-sobre-uso-responsable-de-servicios-sanitarios\/"]}]},{"@type":"ImageObject","inLanguage":"es","@id":"https:\/\/www.solidaridadenfermera.org\/alava\/sala-prensa\/formacion-en-alava-a-personas-con-baja-vision-sobre-uso-responsable-de-servicios-sanitarios\/#primaryimage","url":"https:\/\/www.solidaridadenfermera.org\/alava\/wp-content\/uploads\/sites\/71\/2022\/01\/PHOTO-2021-05-19-17-58-28-1.jpg","contentUrl":"https:\/\/www.solidaridadenfermera.org\/alava\/wp-content\/uploads\/sites\/71\/2022\/01\/PHOTO-2021-05-19-17-58-28-1.jpg","width":1200,"height":1599},{"@type":"BreadcrumbList","@id":"https:\/\/www.solidaridadenfermera.org\/alava\/sala-prensa\/formacion-en-alava-a-personas-con-baja-vision-sobre-uso-responsable-de-servicios-sanitarios\/#breadcrumb","itemListElement":[{"@type":"ListItem","position":1,"name":"Inicio","item":"https:\/\/www.solidaridadenfermera.org\/alava\/"},{"@type":"ListItem","position":2,"name":"Sala De Prensa","item":"https:\/\/www.solidaridadenfermera.org\/alava\/sala-prensa\/"},{"@type":"ListItem","position":3,"name":"Formaci\u00f3n en \u00c1lava a personas con baja visi\u00f3n sobre uso responsable de servicios sanitarios"}]},{"@type":"WebSite","@id":"https:\/\/www.solidaridadenfermera.org\/alava\/#website","url":"https:\/\/www.solidaridadenfermera.org\/alava\/","name":"Delegaci\u00f3n de \u00c1lava","description":"Consejo General de Enfermer\u00eda (CGE) es una organizaci\u00f3n profesional con m\u00e1s 100 a\u00f1os de historia, que en base a los fines y funciones que le atribuye su Estatuto Aprobado por Real Decreto 1231, de 8 de noviembre de 2001, se constituye como el referente para la profesi\u00f3n de enfermer\u00eda, representando a un colectivo de doscientos mil colegiados.","publisher":{"@id":"https:\/\/www.solidaridadenfermera.org\/alava\/#organization"},"potentialAction":[{"@type":"SearchAction","target":{"@type":"EntryPoint","urlTemplate":"https:\/\/www.solidaridadenfermera.org\/alava\/?s={search_term_string}"},"query-input":{"@type":"PropertyValueSpecification","valueRequired":true,"valueName":"search_term_string"}}],"inLanguage":"es"},{"@type":"Organization","@id":"https:\/\/www.solidaridadenfermera.org\/alava\/#organization","name":"Delegaci\u00f3n de \u00c1lava","url":"https:\/\/www.solidaridadenfermera.org\/alava\/","logo":{"@type":"ImageObject","inLanguage":"es","@id":"https:\/\/www.solidaridadenfermera.org\/alava\/#\/schema\/logo\/image\/","url":"https:\/\/www.solidaridadenfermera.org\/alava\/wp-content\/uploads\/sites\/71\/2021\/04\/Logo-SE-A\u0301lava-1.png","contentUrl":"https:\/\/www.solidaridadenfermera.org\/alava\/wp-content\/uploads\/sites\/71\/2021\/04\/Logo-SE-A\u0301lava-1.png","width":774,"height":975,"caption":"Delegaci\u00f3n de \u00c1lava"},"image":{"@id":"https:\/\/www.solidaridadenfermera.org\/alava\/#\/schema\/logo\/image\/"}}]}},"_links":{"self":[{"href":"https:\/\/www.solidaridadenfermera.org\/alava\/wp-json\/wp\/v2\/news\/849","targetHints":{"allow":["GET"]}}],"collection":[{"href":"https:\/\/www.solidaridadenfermera.org\/alava\/wp-json\/wp\/v2\/news"}],"about":[{"href":"https:\/\/www.solidaridadenfermera.org\/alava\/wp-json\/wp\/v2\/types\/news"}],"wp:featuredmedia":[{"embeddable":true,"href":"https:\/\/www.solidaridadenfermera.org\/alava\/wp-json\/wp\/v2\/media\/852"}],"wp:attachment":[{"href":"https:\/\/www.solidaridadenfermera.org\/alava\/wp-json\/wp\/v2\/media?parent=849"}],"wp:term":[{"taxonomy":"news_category","embeddable":true,"href":"https:\/\/www.solidaridadenfermera.org\/alava\/wp-json\/wp\/v2\/news_category?post=849"},{"taxonomy":"news_tag","embeddable":true,"href":"https:\/\/www.solidaridadenfermera.org\/alava\/wp-json\/wp\/v2\/news_tag?post=849"}],"curies":[{"name":"wp","href":"https:\/\/api.w.org\/{rel}","templated":true}]}}