{"id":1074,"date":"2024-07-09T14:09:42","date_gmt":"2024-07-09T12:09:42","guid":{"rendered":"https:\/\/www.solidaridadenfermera.org\/alava\/?post_type=news&#038;p=1074"},"modified":"2024-07-09T14:09:42","modified_gmt":"2024-07-09T12:09:42","slug":"la-2-de-tve-prepara-un-reportaje-sobre-la-obra-social-berakah-en-la-que-participa-solidaridad-enfermera-alava","status":"publish","type":"news","link":"https:\/\/www.solidaridadenfermera.org\/alava\/sala-prensa\/la-2-de-tve-prepara-un-reportaje-sobre-la-obra-social-berakah-en-la-que-participa-solidaridad-enfermera-alava\/","title":{"rendered":"La 2 de TVE prepara un reportaje sobre la obra social Berakah en la que participa Solidaridad Enfermera \u00c1lava"},"content":{"rendered":"\n<div class=\"wp-block-cge-blocks-news-content container\">\n<p><strong>El programa Pueblo de Dios ha estado esta semana grabando las actividades del proyecto que atiende a personas migrantes y en riesgo de exclusi\u00f3n en Vitoria-Gasteiz y en la que la ONG del Colegio Oficial de Enfermer\u00eda de \u00c1lava participa desde hace 3 a\u00f1os con talleres sobre salud y cuidados.<\/strong><\/p>\n\n\n\n<p>Las instalaciones que <a href=\"https:\/\/diocesisvitoria.org\/berakah\/\">Berakah<\/a> tiene en el Casco Viejo de Vitoria-Gasteiz han recibido esta semana una visita especial. Un equipo de TVE ha dedicado varios d\u00edas a grabar las actividades que ofrece la obra social que atiende a personas migrantes y en riesgo de exclusi\u00f3n de la ciudad. Entre esas actividades el equipo ha presenciado tambi\u00e9n <a href=\"https:\/\/www.solidaridadenfermera.org\/alava\/sala-prensa\/solidaridad-enfermera-alava-cumple-tres-anos-formando-en-salud-y-cuidados-a-personas-migrantes\/\">una de las clases sobre salud y cuidados que Solidaridad Enfermera \u00c1lava<\/a> ofrece semanalmente desde hace tres a\u00f1os.<\/p>\n\n\n\n<p>El programa <a href=\"https:\/\/www.rtve.es\/television\/pueblo-de-dios\/\">Pueblo de Dios<\/a>, que cada domingo retransmite La 2, ha sido testigo de una clase en la que personas migrantes de distintas nacionalidades han aprendido a entender una hoja de tratamiento y c\u00f3mo organizar la medicaci\u00f3n pautada en un pastillero semanal. Los talleres impartidos por enfermeras voluntarias son fruto de la colaboraci\u00f3n de la delegaci\u00f3n alavesa de <a href=\"https:\/\/www.solidaridadenfermera.org\/\">Solidaridad Enfermera<\/a> y el programa Berakah firmado en enero de 2022.<\/p>\n\n\n\n<p>El reportaje, que se emitir\u00e1 pr\u00f3ximamente, estar\u00e1 dedicado al programa coordinado por las parroquias vitorianas de Santa Mar\u00eda y San Vicente M\u00e1rtir y que ofrece desde 2005 servicio de acogida, ropero, clases de lectura o apoyo a escolares, entre otras actividades de ayuda a las personas migrantes.<\/p>\n\n\n\n<div class=\"wp-block-group\"><div class=\"wp-block-group__inner-container is-layout-constrained wp-block-group-is-layout-constrained\">\n<div class=\"wp-block-columns is-layout-flex wp-container-core-columns-is-layout-9d6595d7 wp-block-columns-is-layout-flex\">\n<div class=\"wp-block-column is-layout-flow wp-block-column-is-layout-flow\">\n<div class=\"wp-block-columns is-layout-flex wp-container-core-columns-is-layout-9d6595d7 wp-block-columns-is-layout-flex\">\n<div class=\"wp-block-column is-layout-flow wp-block-column-is-layout-flow\" style=\"flex-basis:50%\"><div class=\"wp-block-image\">\n<figure class=\"aligncenter size-large is-resized\"><img loading=\"lazy\" decoding=\"async\" width=\"1024\" height=\"719\" src=\"https:\/\/www.solidaridadenfermera.org\/alava\/wp-content\/uploads\/sites\/71\/2024\/07\/Beraka1-1-1024x719.jpg\" alt=\"\" class=\"wp-image-1075\" style=\"aspect-ratio:1.4463276836158192;width:722px;height:auto\" srcset=\"https:\/\/www.solidaridadenfermera.org\/alava\/wp-content\/uploads\/sites\/71\/2024\/07\/Beraka1-1-1024x719.jpg 1024w, https:\/\/www.solidaridadenfermera.org\/alava\/wp-content\/uploads\/sites\/71\/2024\/07\/Beraka1-1-300x211.jpg 300w, https:\/\/www.solidaridadenfermera.org\/alava\/wp-content\/uploads\/sites\/71\/2024\/07\/Beraka1-1-768x539.jpg 768w, https:\/\/www.solidaridadenfermera.org\/alava\/wp-content\/uploads\/sites\/71\/2024\/07\/Beraka1-1-1536x1078.jpg 1536w, https:\/\/www.solidaridadenfermera.org\/alava\/wp-content\/uploads\/sites\/71\/2024\/07\/Beraka1-1-2048x1438.jpg 2048w\" sizes=\"auto, (max-width: 1024px) 100vw, 1024px\" \/><\/figure>\n<\/div><\/div>\n\n\n\n<div class=\"wp-block-column is-layout-flow wp-block-column-is-layout-flow\" style=\"flex-basis:50%\">\n<figure class=\"wp-block-image size-large is-resized\"><img loading=\"lazy\" decoding=\"async\" width=\"1024\" height=\"768\" src=\"https:\/\/www.solidaridadenfermera.org\/alava\/wp-content\/uploads\/sites\/71\/2024\/07\/Beraka-2-1024x768.jpg\" alt=\"\" class=\"wp-image-1077\" style=\"aspect-ratio:1.3333333333333333;width:659px;height:auto\" srcset=\"https:\/\/www.solidaridadenfermera.org\/alava\/wp-content\/uploads\/sites\/71\/2024\/07\/Beraka-2-1024x768.jpg 1024w, https:\/\/www.solidaridadenfermera.org\/alava\/wp-content\/uploads\/sites\/71\/2024\/07\/Beraka-2-300x225.jpg 300w, https:\/\/www.solidaridadenfermera.org\/alava\/wp-content\/uploads\/sites\/71\/2024\/07\/Beraka-2-768x576.jpg 768w, https:\/\/www.solidaridadenfermera.org\/alava\/wp-content\/uploads\/sites\/71\/2024\/07\/Beraka-2-1536x1152.jpg 1536w, https:\/\/www.solidaridadenfermera.org\/alava\/wp-content\/uploads\/sites\/71\/2024\/07\/Beraka-2.jpg 1600w\" sizes=\"auto, (max-width: 1024px) 100vw, 1024px\" \/><\/figure>\n<\/div>\n<\/div>\n<\/div>\n<\/div>\n<\/div><\/div>\n\n\n\n<p><\/p>\n\n\n<\/div>\n\n\n\n<div class=\"wp-block-columns row-sections-home is-layout-flex wp-container-core-columns-is-layout-9d6595d7 wp-block-columns-is-layout-flex\">\n<div class=\"wp-block-column is-layout-flow wp-block-column-is-layout-flow\">\n<div class=\"wp-block-cover has-background-dim\" style=\"background-image:url(https:\/\/www.solidaridadenfermera.org\/delegacion-de-alava\/wp-content\/uploads\/sites\/71\/2020\/03\/imagenes-resol-10.png)\"><div class=\"wp-block-cover__inner-container is-layout-flow wp-block-cover-is-layout-flow\">\n<h3 class=\"small-title wp-block-heading\">Empleo<\/h3>\n\n\n\n<p>Lorem ipsum dolor sit amet, consectetur adipiscing elit. Integer malesuada fermentum ante<\/p>\n\n\n\n<div class=\"wp-block-buttons aligncenter is-layout-flex wp-block-buttons-is-layout-flex\">\n<div class=\"wp-block-button\"><a class=\"wp-block-button__link\">Lorem ipsum<\/a><\/div>\n<\/div>\n\n\n\n<p><\/p>\n<\/div><\/div>\n\n\n\n<p><\/p>\n<\/div>\n\n\n\n<div class=\"wp-block-column is-layout-flow wp-block-column-is-layout-flow\">\n<div class=\"wp-block-cover has-background-dim\" style=\"background-image:url(https:\/\/www.solidaridadenfermera.org\/delegacion-de-alava\/wp-content\/uploads\/sites\/71\/2020\/03\/imagenes-resol-11.png)\"><div class=\"wp-block-cover__inner-container is-layout-flow wp-block-cover-is-layout-flow\">\n<h3 class=\"small-title wp-block-heading\">Formaci\u00f3n<\/h3>\n\n\n\n<p>Lorem ipsum dolor sit amet, consectetur adipiscing elit. Integer malesuada fermentum ante<\/p>\n\n\n\n<div class=\"wp-block-buttons aligncenter is-layout-flex wp-block-buttons-is-layout-flex\">\n<div class=\"wp-block-button\"><a class=\"wp-block-button__link\">Lorem ipsum<\/a><\/div>\n<\/div>\n\n\n\n<p><\/p>\n<\/div><\/div>\n<\/div>\n\n\n\n<div class=\"wp-block-column is-layout-flow wp-block-column-is-layout-flow\">\n<div class=\"wp-block-cover has-background-dim\" style=\"background-image:url(https:\/\/www.solidaridadenfermera.org\/delegacion-de-alava\/wp-content\/uploads\/sites\/71\/2020\/03\/imagenes-resol-12.png)\"><div class=\"wp-block-cover__inner-container is-layout-flow wp-block-cover-is-layout-flow\">\n<h3 class=\"small-title wp-block-heading\">Becas<\/h3>\n\n\n\n<p>Lorem ipsum dolor sit amet, consectetur adipiscing elit. Integer malesuada fermentum ante<\/p>\n\n\n\n<div class=\"wp-block-buttons aligncenter is-layout-flex wp-block-buttons-is-layout-flex\">\n<div class=\"wp-block-button\"><a class=\"wp-block-button__link\">Lorem ipsum<\/a><\/div>\n<\/div>\n\n\n\n<p><\/p>\n<\/div><\/div>\n<\/div>\n\n\n\n<div class=\"wp-block-column is-layout-flow wp-block-column-is-layout-flow\">\n<div class=\"wp-block-cover has-background-dim\" style=\"background-image:url(https:\/\/www.solidaridadenfermera.org\/delegacion-de-alava\/wp-content\/uploads\/sites\/71\/2020\/03\/imagenes-resol-13.png)\"><div class=\"wp-block-cover__inner-container is-layout-flow wp-block-cover-is-layout-flow\">\n<h3 class=\"small-title wp-block-heading\">Agenda<\/h3>\n\n\n\n<p>Lorem ipsum dolor sit amet, consectetur adipiscing elit. Integer malesuada fermentum ante<\/p>\n\n\n\n<div class=\"wp-block-buttons is-layout-flex wp-block-buttons-is-layout-flex\">\n<div class=\"wp-block-button\"><a class=\"wp-block-button__link\">Lorem ipsum<\/a><\/div>\n<\/div>\n\n\n\n<p><\/p>\n<\/div><\/div>\n<\/div>\n<\/div>\n\n\n\n<p><\/p>\n\n\n\n<div class=\"wp-block-cge-blocks-nested-related undefined row-nested-news\"><div class=\"container\">\n<h2 class=\"wp-block-heading\" id=\"noticias-relacionadas\">Noticias relacionadas<\/h2>\n\n\n<div class=\"row\">\n\n\t\n\t\t\n            <div class=\"col-lg-3 view-cards\">\n                <a href=\"https:\/\/www.solidaridadenfermera.org\/alava\/sala-prensa\/solidaridad-enfermera-alava-cumple-tres-anos-formando-en-salud-y-cuidados-a-personas-migrantes\/\">\n                    <div class=\"card h-100\">\n                        <div class=\"image\">\n                            <div class=\"inner\">\n                                                                    <div class=\"card-image\"\n                                         style=\"background-image:url(https:\/\/www.solidaridadenfermera.org\/alava\/wp-content\/uploads\/sites\/71\/2024\/06\/Berakah-scaled.jpg);background-repeat: no-repeat;background-position: center;border-radius:18px\">\n                                        &nbsp;\n                                    <\/div>\n                                                            <\/div>\n                        <\/div>\n\n                        <div class=\"content\">\n                            <div class=\"date\">\n                                <p><i class=\"far fa-calendar\" style=\"color: var(--color-primary);\"><\/i>12 de junio de 2024<\/p>\n                            <\/div>\n                            <div class=\"news-title\">\n                                <h3 class=\"title\">Solidaridad Enfermera \u00c1lava cumple tres a\u00f1os formando en salud y cuidados a personas migrantes<\/h3>\n                            <\/div>\n                            <p class=\"news-p\" style=\"\">Junto a la obra social Berakah, y enmarcado en el convenio de colaboraci\u00f3n que ambas organizaciones firmaron en enero de 2022, se han realizado talleres semanales sobre higiene y cuidado&hellip;<\/p>\n                        <\/div>\n                    <\/div>\n                <\/a>\n            <\/div>\n\n    \t    \n\t\t\n            <div class=\"col-lg-3 view-cards\">\n                <a href=\"https:\/\/www.solidaridadenfermera.org\/alava\/sala-prensa\/solidaridad-enfermera-alava-asesora-a-las-personas-mayores-de-vitoria-gasteiz-sobre-cuestiones-sanitarias\/\">\n                    <div class=\"card h-100\">\n                        <div class=\"image\">\n                            <div class=\"inner\">\n                                                                    <div class=\"card-image\"\n                                         style=\"background-image:url(https:\/\/www.solidaridadenfermera.org\/alava\/wp-content\/uploads\/sites\/71\/2024\/05\/Taller-SE-Alava-scaled.jpg);background-repeat: no-repeat;background-position: center;border-radius:18px\">\n                                        &nbsp;\n                                    <\/div>\n                                                            <\/div>\n                        <\/div>\n\n                        <div class=\"content\">\n                            <div class=\"date\">\n                                <p><i class=\"far fa-calendar\" style=\"color: var(--color-primary);\"><\/i>20 de mayo de 2024<\/p>\n                            <\/div>\n                            <div class=\"news-title\">\n                                <h3 class=\"title\">Solidaridad Enfermera \u00c1lava asesora a las personas mayores de Vitoria-Gasteiz sobre cuestiones sanitarias<\/h3>\n                            <\/div>\n                            <p class=\"news-p\" style=\"\">La ONG del Colegio de Enfermer\u00eda de \u00c1lava, creada por iniciativa del Consejo General de Enfermer\u00eda, participa en el programa \u00a1Dale vida a los a\u00f1os! que acompa\u00f1a a las personas&hellip;<\/p>\n                        <\/div>\n                    <\/div>\n                <\/a>\n            <\/div>\n\n    \t    \n\t\t\n            <div class=\"col-lg-3 view-cards\">\n                <a href=\"https:\/\/www.solidaridadenfermera.org\/alava\/sala-prensa\/primer-trimestre-de-actividad-de-solidaridad-enfermera-alava\/\">\n                    <div class=\"card h-100\">\n                        <div class=\"image\">\n                            <div class=\"inner\">\n                                                                    <div class=\"card-image\"\n                                         style=\"background-image:url(https:\/\/www.solidaridadenfermera.org\/alava\/wp-content\/uploads\/sites\/71\/2024\/05\/18.01.2024_copia.jpg);background-repeat: no-repeat;background-position: center;border-radius:18px\">\n                                        &nbsp;\n                                    <\/div>\n                                                            <\/div>\n                        <\/div>\n\n                        <div class=\"content\">\n                            <div class=\"date\">\n                                <p><i class=\"far fa-calendar\" style=\"color: var(--color-primary);\"><\/i>9 de mayo de 2024<\/p>\n                            <\/div>\n                            <div class=\"news-title\">\n                                <h3 class=\"title\">Primer trimestre de actividad de Solidaridad Enfermera \u00c1lava<\/h3>\n                            <\/div>\n                            <p class=\"news-p\" style=\"\">Compromiso constante con colectivos vulnerables Durante el primer trimestre de este a\u00f1o, Solidaridad Enfermera \u00c1lava ha realizado actuaciones centradas fundamentalmente en la promoci\u00f3n de la salud de colectivos en situaci\u00f3n&hellip;<\/p>\n                        <\/div>\n                    <\/div>\n                <\/a>\n            <\/div>\n\n    \t    \n\t\t\n            <div class=\"col-lg-3 view-cards\">\n                <a href=\"https:\/\/www.solidaridadenfermera.org\/alava\/sala-prensa\/solidaridad-enfermera-alava-y-caritas-aunan-fuerzas-para-mejorar-la-calidad-de-vida-de-las-personas-en-situacion-de-especial-vulnerabilidad\/\">\n                    <div class=\"card h-100\">\n                        <div class=\"image\">\n                            <div class=\"inner\">\n                                                                    <div class=\"card-image\"\n                                         style=\"background-image:url(https:\/\/www.solidaridadenfermera.org\/alava\/wp-content\/uploads\/sites\/71\/2022\/06\/image0-3-scaled.jpeg);background-repeat: no-repeat;background-position: center;border-radius:18px\">\n                                        &nbsp;\n                                    <\/div>\n                                                            <\/div>\n                        <\/div>\n\n                        <div class=\"content\">\n                            <div class=\"date\">\n                                <p><i class=\"far fa-calendar\" style=\"color: var(--color-primary);\"><\/i>2 de junio de 2022<\/p>\n                            <\/div>\n                            <div class=\"news-title\">\n                                <h3 class=\"title\">Solidaridad Enfermera \u00c1lava y C\u00e1ritas a\u00fanan fuerzas para mejorar la calidad de vida de las&hellip;<\/h3>\n                            <\/div>\n                            <p class=\"news-p\" style=\"\">Solidaridad Enfermera \u00c1lava, da un paso m\u00e1s en su compromiso con la salud de las personas. Enfermeras y enfermeros voluntarios pondr\u00e1n sus conocimientos y experiencia al servicio de las personas&hellip;<\/p>\n                        <\/div>\n                    <\/div>\n                <\/a>\n            <\/div>\n\n    \t        <div class=\"see-more\">\n        <a href=\"https:\/\/www.solidaridadenfermera.org\/alava\/sala-prensa\/\">Ver todas las noticias<\/a>\n        <\/div>\n<\/div> <!-- Close row -->\n\n<!--<div class=\"related-content-parent related-posts-content\" itemscope itemtype=\"http:\/\/schema.org\/NewsArticle\">-->\n<!--\t<div class=\"related-row related-news\">-->\n<!--\t\t--><!--\t\t\t<div class=\"item\" itemscope itemtype=\"http:\/\/schema.org\/Article\">-->\n<!---->\n<!--\t\t\t\t--><!--\t\t\t\t<div class=\"image --><!--\">-->\n<!--\t\t\t\t\t--><!--\t\t\t\t<\/div>-->\n<!--\t\t\t\t<div class=\"content\">-->\n<!--\t\t\t\t\t<h3>-->\n<!--\t\t\t\t\t\t<a href=\"--><!--\" title=\"--><!--\" itemprop=\"alternativeHeadline\">-->\n<!--\t\t\t\t\t\t--><!--<\/h3>-->\n<!--\t\t\t\t\t<\/a>-->\n<!--\t\t\t\t\t--><!--\t\t\t\t\t\t<p itemprop=\"backstory\">-->\n<!--\t\t\t\t\t\t\t--><!--\t\t\t\t\t\t<\/p>-->\n<!--\t\t\t\t\t--><!---->\n<!--\t\t\t\t\t<a href=\"--><!--\" title=\"--><!--\" class=\"arrow\">-->\n<!--\t\t\t\t\t\t<i class=\"icon-arrow-pointing-to-right\"><\/i>-->\n<!--\t\t\t\t\t<\/a>-->\n<!--\t\t\t\t<\/div>-->\n<!---->\n<!--\t\t\t<\/div>-->\n<!--\t\t--><!---->\n<!--\t\t--><!--\t<\/div>-->\n<!--\t<div class=\"see-more\">-->\n<!--\t\t<a href=\"--><!--\">--><!--<\/a>-->\n<!--\t<\/div>-->\n<!--<\/div>-->\n<\/div><\/div>\n","protected":false},"excerpt":{"rendered":"","protected":false},"featured_media":1076,"template":"","news_category":[],"news_tag":[],"class_list":["post-1074","news","type-news","status-publish","has-post-thumbnail","hentry"],"yoast_head":"<!-- This site is optimized with the Yoast SEO plugin v27.0 - https:\/\/yoast.com\/product\/yoast-seo-wordpress\/ -->\n<title>La 2 de TVE prepara un reportaje sobre la obra social Berakah en la que participa Solidaridad Enfermera \u00c1lava - Delegaci\u00f3n de \u00c1lava<\/title>\n<meta name=\"robots\" content=\"index, follow, max-snippet:-1, max-image-preview:large, max-video-preview:-1\" \/>\n<link rel=\"canonical\" href=\"https:\/\/www.solidaridadenfermera.org\/alava\/sala-prensa\/la-2-de-tve-prepara-un-reportaje-sobre-la-obra-social-berakah-en-la-que-participa-solidaridad-enfermera-alava\/\" \/>\n<meta property=\"og:locale\" content=\"es_ES\" \/>\n<meta property=\"og:type\" content=\"article\" \/>\n<meta property=\"og:title\" content=\"La 2 de TVE prepara un reportaje sobre la obra social Berakah en la que participa Solidaridad Enfermera \u00c1lava - Delegaci\u00f3n de \u00c1lava\" \/>\n<meta property=\"og:url\" content=\"https:\/\/www.solidaridadenfermera.org\/alava\/sala-prensa\/la-2-de-tve-prepara-un-reportaje-sobre-la-obra-social-berakah-en-la-que-participa-solidaridad-enfermera-alava\/\" \/>\n<meta property=\"og:site_name\" content=\"Delegaci\u00f3n de \u00c1lava\" \/>\n<meta property=\"og:image\" content=\"https:\/\/www.solidaridadenfermera.org\/alava\/wp-content\/uploads\/sites\/71\/2024\/07\/Beraka1-1-1.jpg\" \/>\n\t<meta property=\"og:image:width\" content=\"2500\" \/>\n\t<meta property=\"og:image:height\" content=\"1755\" \/>\n\t<meta property=\"og:image:type\" content=\"image\/jpeg\" \/>\n<meta name=\"twitter:card\" content=\"summary_large_image\" \/>\n<meta name=\"twitter:label1\" content=\"Tiempo de lectura\" \/>\n\t<meta name=\"twitter:data1\" content=\"2 minutos\" \/>\n<script type=\"application\/ld+json\" class=\"yoast-schema-graph\">{\"@context\":\"https:\/\/schema.org\",\"@graph\":[{\"@type\":\"WebPage\",\"@id\":\"https:\/\/www.solidaridadenfermera.org\/alava\/sala-prensa\/la-2-de-tve-prepara-un-reportaje-sobre-la-obra-social-berakah-en-la-que-participa-solidaridad-enfermera-alava\/\",\"url\":\"https:\/\/www.solidaridadenfermera.org\/alava\/sala-prensa\/la-2-de-tve-prepara-un-reportaje-sobre-la-obra-social-berakah-en-la-que-participa-solidaridad-enfermera-alava\/\",\"name\":\"La 2 de TVE prepara un reportaje sobre la obra social Berakah en la que participa Solidaridad Enfermera \u00c1lava - Delegaci\u00f3n de \u00c1lava\",\"isPartOf\":{\"@id\":\"https:\/\/www.solidaridadenfermera.org\/alava\/#website\"},\"primaryImageOfPage\":{\"@id\":\"https:\/\/www.solidaridadenfermera.org\/alava\/sala-prensa\/la-2-de-tve-prepara-un-reportaje-sobre-la-obra-social-berakah-en-la-que-participa-solidaridad-enfermera-alava\/#primaryimage\"},\"image\":{\"@id\":\"https:\/\/www.solidaridadenfermera.org\/alava\/sala-prensa\/la-2-de-tve-prepara-un-reportaje-sobre-la-obra-social-berakah-en-la-que-participa-solidaridad-enfermera-alava\/#primaryimage\"},\"thumbnailUrl\":\"https:\/\/www.solidaridadenfermera.org\/alava\/wp-content\/uploads\/sites\/71\/2024\/07\/Beraka1-1-1.jpg\",\"datePublished\":\"2024-07-09T12:09:42+00:00\",\"breadcrumb\":{\"@id\":\"https:\/\/www.solidaridadenfermera.org\/alava\/sala-prensa\/la-2-de-tve-prepara-un-reportaje-sobre-la-obra-social-berakah-en-la-que-participa-solidaridad-enfermera-alava\/#breadcrumb\"},\"inLanguage\":\"es\",\"potentialAction\":[{\"@type\":\"ReadAction\",\"target\":[\"https:\/\/www.solidaridadenfermera.org\/alava\/sala-prensa\/la-2-de-tve-prepara-un-reportaje-sobre-la-obra-social-berakah-en-la-que-participa-solidaridad-enfermera-alava\/\"]}]},{\"@type\":\"ImageObject\",\"inLanguage\":\"es\",\"@id\":\"https:\/\/www.solidaridadenfermera.org\/alava\/sala-prensa\/la-2-de-tve-prepara-un-reportaje-sobre-la-obra-social-berakah-en-la-que-participa-solidaridad-enfermera-alava\/#primaryimage\",\"url\":\"https:\/\/www.solidaridadenfermera.org\/alava\/wp-content\/uploads\/sites\/71\/2024\/07\/Beraka1-1-1.jpg\",\"contentUrl\":\"https:\/\/www.solidaridadenfermera.org\/alava\/wp-content\/uploads\/sites\/71\/2024\/07\/Beraka1-1-1.jpg\",\"width\":2500,\"height\":1755},{\"@type\":\"BreadcrumbList\",\"@id\":\"https:\/\/www.solidaridadenfermera.org\/alava\/sala-prensa\/la-2-de-tve-prepara-un-reportaje-sobre-la-obra-social-berakah-en-la-que-participa-solidaridad-enfermera-alava\/#breadcrumb\",\"itemListElement\":[{\"@type\":\"ListItem\",\"position\":1,\"name\":\"Inicio\",\"item\":\"https:\/\/www.solidaridadenfermera.org\/alava\/\"},{\"@type\":\"ListItem\",\"position\":2,\"name\":\"Sala De Prensa\",\"item\":\"https:\/\/www.solidaridadenfermera.org\/alava\/sala-prensa\/\"},{\"@type\":\"ListItem\",\"position\":3,\"name\":\"La 2 de TVE prepara un reportaje sobre la obra social Berakah en la que participa Solidaridad Enfermera \u00c1lava\"}]},{\"@type\":\"WebSite\",\"@id\":\"https:\/\/www.solidaridadenfermera.org\/alava\/#website\",\"url\":\"https:\/\/www.solidaridadenfermera.org\/alava\/\",\"name\":\"Delegaci\u00f3n de \u00c1lava\",\"description\":\"Consejo General de Enfermer\u00eda (CGE) es una organizaci\u00f3n profesional con m\u00e1s 100 a\u00f1os de historia, que en base a los fines y funciones que le atribuye su Estatuto Aprobado por Real Decreto 1231, de 8 de noviembre de 2001, se constituye como el referente para la profesi\u00f3n de enfermer\u00eda, representando a un colectivo de doscientos mil colegiados.\",\"publisher\":{\"@id\":\"https:\/\/www.solidaridadenfermera.org\/alava\/#organization\"},\"potentialAction\":[{\"@type\":\"SearchAction\",\"target\":{\"@type\":\"EntryPoint\",\"urlTemplate\":\"https:\/\/www.solidaridadenfermera.org\/alava\/?s={search_term_string}\"},\"query-input\":{\"@type\":\"PropertyValueSpecification\",\"valueRequired\":true,\"valueName\":\"search_term_string\"}}],\"inLanguage\":\"es\"},{\"@type\":\"Organization\",\"@id\":\"https:\/\/www.solidaridadenfermera.org\/alava\/#organization\",\"name\":\"Delegaci\u00f3n de \u00c1lava\",\"url\":\"https:\/\/www.solidaridadenfermera.org\/alava\/\",\"logo\":{\"@type\":\"ImageObject\",\"inLanguage\":\"es\",\"@id\":\"https:\/\/www.solidaridadenfermera.org\/alava\/#\/schema\/logo\/image\/\",\"url\":\"https:\/\/www.solidaridadenfermera.org\/alava\/wp-content\/uploads\/sites\/71\/2021\/04\/Logo-SE-A\u0301lava-1.png\",\"contentUrl\":\"https:\/\/www.solidaridadenfermera.org\/alava\/wp-content\/uploads\/sites\/71\/2021\/04\/Logo-SE-A\u0301lava-1.png\",\"width\":774,\"height\":975,\"caption\":\"Delegaci\u00f3n de \u00c1lava\"},\"image\":{\"@id\":\"https:\/\/www.solidaridadenfermera.org\/alava\/#\/schema\/logo\/image\/\"}}]}<\/script>\n<!-- \/ Yoast SEO plugin. -->","yoast_head_json":{"title":"La 2 de TVE prepara un reportaje sobre la obra social Berakah en la que participa Solidaridad Enfermera \u00c1lava - Delegaci\u00f3n de \u00c1lava","robots":{"index":"index","follow":"follow","max-snippet":"max-snippet:-1","max-image-preview":"max-image-preview:large","max-video-preview":"max-video-preview:-1"},"canonical":"https:\/\/www.solidaridadenfermera.org\/alava\/sala-prensa\/la-2-de-tve-prepara-un-reportaje-sobre-la-obra-social-berakah-en-la-que-participa-solidaridad-enfermera-alava\/","og_locale":"es_ES","og_type":"article","og_title":"La 2 de TVE prepara un reportaje sobre la obra social Berakah en la que participa Solidaridad Enfermera \u00c1lava - Delegaci\u00f3n de \u00c1lava","og_url":"https:\/\/www.solidaridadenfermera.org\/alava\/sala-prensa\/la-2-de-tve-prepara-un-reportaje-sobre-la-obra-social-berakah-en-la-que-participa-solidaridad-enfermera-alava\/","og_site_name":"Delegaci\u00f3n de \u00c1lava","og_image":[{"width":2500,"height":1755,"url":"https:\/\/www.solidaridadenfermera.org\/alava\/wp-content\/uploads\/sites\/71\/2024\/07\/Beraka1-1-1.jpg","type":"image\/jpeg"}],"twitter_card":"summary_large_image","twitter_misc":{"Tiempo de lectura":"2 minutos"},"schema":{"@context":"https:\/\/schema.org","@graph":[{"@type":"WebPage","@id":"https:\/\/www.solidaridadenfermera.org\/alava\/sala-prensa\/la-2-de-tve-prepara-un-reportaje-sobre-la-obra-social-berakah-en-la-que-participa-solidaridad-enfermera-alava\/","url":"https:\/\/www.solidaridadenfermera.org\/alava\/sala-prensa\/la-2-de-tve-prepara-un-reportaje-sobre-la-obra-social-berakah-en-la-que-participa-solidaridad-enfermera-alava\/","name":"La 2 de TVE prepara un reportaje sobre la obra social Berakah en la que participa Solidaridad Enfermera \u00c1lava - Delegaci\u00f3n de \u00c1lava","isPartOf":{"@id":"https:\/\/www.solidaridadenfermera.org\/alava\/#website"},"primaryImageOfPage":{"@id":"https:\/\/www.solidaridadenfermera.org\/alava\/sala-prensa\/la-2-de-tve-prepara-un-reportaje-sobre-la-obra-social-berakah-en-la-que-participa-solidaridad-enfermera-alava\/#primaryimage"},"image":{"@id":"https:\/\/www.solidaridadenfermera.org\/alava\/sala-prensa\/la-2-de-tve-prepara-un-reportaje-sobre-la-obra-social-berakah-en-la-que-participa-solidaridad-enfermera-alava\/#primaryimage"},"thumbnailUrl":"https:\/\/www.solidaridadenfermera.org\/alava\/wp-content\/uploads\/sites\/71\/2024\/07\/Beraka1-1-1.jpg","datePublished":"2024-07-09T12:09:42+00:00","breadcrumb":{"@id":"https:\/\/www.solidaridadenfermera.org\/alava\/sala-prensa\/la-2-de-tve-prepara-un-reportaje-sobre-la-obra-social-berakah-en-la-que-participa-solidaridad-enfermera-alava\/#breadcrumb"},"inLanguage":"es","potentialAction":[{"@type":"ReadAction","target":["https:\/\/www.solidaridadenfermera.org\/alava\/sala-prensa\/la-2-de-tve-prepara-un-reportaje-sobre-la-obra-social-berakah-en-la-que-participa-solidaridad-enfermera-alava\/"]}]},{"@type":"ImageObject","inLanguage":"es","@id":"https:\/\/www.solidaridadenfermera.org\/alava\/sala-prensa\/la-2-de-tve-prepara-un-reportaje-sobre-la-obra-social-berakah-en-la-que-participa-solidaridad-enfermera-alava\/#primaryimage","url":"https:\/\/www.solidaridadenfermera.org\/alava\/wp-content\/uploads\/sites\/71\/2024\/07\/Beraka1-1-1.jpg","contentUrl":"https:\/\/www.solidaridadenfermera.org\/alava\/wp-content\/uploads\/sites\/71\/2024\/07\/Beraka1-1-1.jpg","width":2500,"height":1755},{"@type":"BreadcrumbList","@id":"https:\/\/www.solidaridadenfermera.org\/alava\/sala-prensa\/la-2-de-tve-prepara-un-reportaje-sobre-la-obra-social-berakah-en-la-que-participa-solidaridad-enfermera-alava\/#breadcrumb","itemListElement":[{"@type":"ListItem","position":1,"name":"Inicio","item":"https:\/\/www.solidaridadenfermera.org\/alava\/"},{"@type":"ListItem","position":2,"name":"Sala De Prensa","item":"https:\/\/www.solidaridadenfermera.org\/alava\/sala-prensa\/"},{"@type":"ListItem","position":3,"name":"La 2 de TVE prepara un reportaje sobre la obra social Berakah en la que participa Solidaridad Enfermera \u00c1lava"}]},{"@type":"WebSite","@id":"https:\/\/www.solidaridadenfermera.org\/alava\/#website","url":"https:\/\/www.solidaridadenfermera.org\/alava\/","name":"Delegaci\u00f3n de \u00c1lava","description":"Consejo General de Enfermer\u00eda (CGE) es una organizaci\u00f3n profesional con m\u00e1s 100 a\u00f1os de historia, que en base a los fines y funciones que le atribuye su Estatuto Aprobado por Real Decreto 1231, de 8 de noviembre de 2001, se constituye como el referente para la profesi\u00f3n de enfermer\u00eda, representando a un colectivo de doscientos mil colegiados.","publisher":{"@id":"https:\/\/www.solidaridadenfermera.org\/alava\/#organization"},"potentialAction":[{"@type":"SearchAction","target":{"@type":"EntryPoint","urlTemplate":"https:\/\/www.solidaridadenfermera.org\/alava\/?s={search_term_string}"},"query-input":{"@type":"PropertyValueSpecification","valueRequired":true,"valueName":"search_term_string"}}],"inLanguage":"es"},{"@type":"Organization","@id":"https:\/\/www.solidaridadenfermera.org\/alava\/#organization","name":"Delegaci\u00f3n de \u00c1lava","url":"https:\/\/www.solidaridadenfermera.org\/alava\/","logo":{"@type":"ImageObject","inLanguage":"es","@id":"https:\/\/www.solidaridadenfermera.org\/alava\/#\/schema\/logo\/image\/","url":"https:\/\/www.solidaridadenfermera.org\/alava\/wp-content\/uploads\/sites\/71\/2021\/04\/Logo-SE-A\u0301lava-1.png","contentUrl":"https:\/\/www.solidaridadenfermera.org\/alava\/wp-content\/uploads\/sites\/71\/2021\/04\/Logo-SE-A\u0301lava-1.png","width":774,"height":975,"caption":"Delegaci\u00f3n de \u00c1lava"},"image":{"@id":"https:\/\/www.solidaridadenfermera.org\/alava\/#\/schema\/logo\/image\/"}}]}},"_links":{"self":[{"href":"https:\/\/www.solidaridadenfermera.org\/alava\/wp-json\/wp\/v2\/news\/1074","targetHints":{"allow":["GET"]}}],"collection":[{"href":"https:\/\/www.solidaridadenfermera.org\/alava\/wp-json\/wp\/v2\/news"}],"about":[{"href":"https:\/\/www.solidaridadenfermera.org\/alava\/wp-json\/wp\/v2\/types\/news"}],"wp:featuredmedia":[{"embeddable":true,"href":"https:\/\/www.solidaridadenfermera.org\/alava\/wp-json\/wp\/v2\/media\/1076"}],"wp:attachment":[{"href":"https:\/\/www.solidaridadenfermera.org\/alava\/wp-json\/wp\/v2\/media?parent=1074"}],"wp:term":[{"taxonomy":"news_category","embeddable":true,"href":"https:\/\/www.solidaridadenfermera.org\/alava\/wp-json\/wp\/v2\/news_category?post=1074"},{"taxonomy":"news_tag","embeddable":true,"href":"https:\/\/www.solidaridadenfermera.org\/alava\/wp-json\/wp\/v2\/news_tag?post=1074"}],"curies":[{"name":"wp","href":"https:\/\/api.w.org\/{rel}","templated":true}]}}