{"id":63,"count":2,"description":"","link":"https:\/\/www.solidaridadenfermera.org\/alava\/empleo\/jornada\/jornada-completa-en\/","name":"Jornada completa","slug":"jornada-completa-en","taxonomy":"job_workday","parent":0,"meta":[],"yoast_head":"<!-- This site is optimized with the Yoast SEO plugin v27.0 - https:\/\/yoast.com\/product\/yoast-seo-wordpress\/ -->\n<title>Jornada completa archivos - Delegaci\u00f3n de \u00c1lava<\/title>\n<meta name=\"robots\" content=\"index, follow, max-snippet:-1, max-image-preview:large, max-video-preview:-1\" \/>\n<link rel=\"canonical\" href=\"https:\/\/www.solidaridadenfermera.org\/alava\/empleo\/jornada\/jornada-completa-en\/\" \/>\n<meta property=\"og:locale\" content=\"es_ES\" \/>\n<meta property=\"og:type\" content=\"article\" \/>\n<meta property=\"og:title\" content=\"Jornada completa archivos - Delegaci\u00f3n de \u00c1lava\" \/>\n<meta property=\"og:url\" content=\"https:\/\/www.solidaridadenfermera.org\/alava\/empleo\/jornada\/jornada-completa-en\/\" \/>\n<meta property=\"og:site_name\" content=\"Delegaci\u00f3n de \u00c1lava\" \/>\n<meta name=\"twitter:card\" content=\"summary_large_image\" \/>\n<script type=\"application\/ld+json\" class=\"yoast-schema-graph\">{\"@context\":\"https:\/\/schema.org\",\"@graph\":[{\"@type\":\"CollectionPage\",\"@id\":\"https:\/\/www.solidaridadenfermera.org\/alava\/empleo\/jornada\/jornada-completa-en\/\",\"url\":\"https:\/\/www.solidaridadenfermera.org\/alava\/empleo\/jornada\/jornada-completa-en\/\",\"name\":\"Jornada completa archivos - Delegaci\u00f3n de \u00c1lava\",\"isPartOf\":{\"@id\":\"https:\/\/www.solidaridadenfermera.org\/alava\/#website\"},\"breadcrumb\":{\"@id\":\"https:\/\/www.solidaridadenfermera.org\/alava\/empleo\/jornada\/jornada-completa-en\/#breadcrumb\"},\"inLanguage\":\"es\"},{\"@type\":\"BreadcrumbList\",\"@id\":\"https:\/\/www.solidaridadenfermera.org\/alava\/empleo\/jornada\/jornada-completa-en\/#breadcrumb\",\"itemListElement\":[{\"@type\":\"ListItem\",\"position\":1,\"name\":\"Inicio\",\"item\":\"https:\/\/www.solidaridadenfermera.org\/alava\/\"},{\"@type\":\"ListItem\",\"position\":2,\"name\":\"Jornada completa\"}]},{\"@type\":\"WebSite\",\"@id\":\"https:\/\/www.solidaridadenfermera.org\/alava\/#website\",\"url\":\"https:\/\/www.solidaridadenfermera.org\/alava\/\",\"name\":\"Delegaci\u00f3n de \u00c1lava\",\"description\":\"Consejo General de Enfermer\u00eda (CGE) es una organizaci\u00f3n profesional con m\u00e1s 100 a\u00f1os de historia, que en base a los fines y funciones que le atribuye su Estatuto Aprobado por Real Decreto 1231, de 8 de noviembre de 2001, se constituye como el referente para la profesi\u00f3n de enfermer\u00eda, representando a un colectivo de doscientos mil colegiados.\",\"publisher\":{\"@id\":\"https:\/\/www.solidaridadenfermera.org\/alava\/#organization\"},\"potentialAction\":[{\"@type\":\"SearchAction\",\"target\":{\"@type\":\"EntryPoint\",\"urlTemplate\":\"https:\/\/www.solidaridadenfermera.org\/alava\/?s={search_term_string}\"},\"query-input\":{\"@type\":\"PropertyValueSpecification\",\"valueRequired\":true,\"valueName\":\"search_term_string\"}}],\"inLanguage\":\"es\"},{\"@type\":\"Organization\",\"@id\":\"https:\/\/www.solidaridadenfermera.org\/alava\/#organization\",\"name\":\"Delegaci\u00f3n de \u00c1lava\",\"url\":\"https:\/\/www.solidaridadenfermera.org\/alava\/\",\"logo\":{\"@type\":\"ImageObject\",\"inLanguage\":\"es\",\"@id\":\"https:\/\/www.solidaridadenfermera.org\/alava\/#\/schema\/logo\/image\/\",\"url\":\"https:\/\/www.solidaridadenfermera.org\/alava\/wp-content\/uploads\/sites\/71\/2021\/04\/Logo-SE-A\u0301lava-1.png\",\"contentUrl\":\"https:\/\/www.solidaridadenfermera.org\/alava\/wp-content\/uploads\/sites\/71\/2021\/04\/Logo-SE-A\u0301lava-1.png\",\"width\":774,\"height\":975,\"caption\":\"Delegaci\u00f3n de \u00c1lava\"},\"image\":{\"@id\":\"https:\/\/www.solidaridadenfermera.org\/alava\/#\/schema\/logo\/image\/\"}}]}<\/script>\n<!-- \/ Yoast SEO plugin. -->","yoast_head_json":{"title":"Jornada completa archivos - Delegaci\u00f3n de \u00c1lava","robots":{"index":"index","follow":"follow","max-snippet":"max-snippet:-1","max-image-preview":"max-image-preview:large","max-video-preview":"max-video-preview:-1"},"canonical":"https:\/\/www.solidaridadenfermera.org\/alava\/empleo\/jornada\/jornada-completa-en\/","og_locale":"es_ES","og_type":"article","og_title":"Jornada completa archivos - Delegaci\u00f3n de \u00c1lava","og_url":"https:\/\/www.solidaridadenfermera.org\/alava\/empleo\/jornada\/jornada-completa-en\/","og_site_name":"Delegaci\u00f3n de \u00c1lava","twitter_card":"summary_large_image","schema":{"@context":"https:\/\/schema.org","@graph":[{"@type":"CollectionPage","@id":"https:\/\/www.solidaridadenfermera.org\/alava\/empleo\/jornada\/jornada-completa-en\/","url":"https:\/\/www.solidaridadenfermera.org\/alava\/empleo\/jornada\/jornada-completa-en\/","name":"Jornada completa archivos - Delegaci\u00f3n de \u00c1lava","isPartOf":{"@id":"https:\/\/www.solidaridadenfermera.org\/alava\/#website"},"breadcrumb":{"@id":"https:\/\/www.solidaridadenfermera.org\/alava\/empleo\/jornada\/jornada-completa-en\/#breadcrumb"},"inLanguage":"es"},{"@type":"BreadcrumbList","@id":"https:\/\/www.solidaridadenfermera.org\/alava\/empleo\/jornada\/jornada-completa-en\/#breadcrumb","itemListElement":[{"@type":"ListItem","position":1,"name":"Inicio","item":"https:\/\/www.solidaridadenfermera.org\/alava\/"},{"@type":"ListItem","position":2,"name":"Jornada completa"}]},{"@type":"WebSite","@id":"https:\/\/www.solidaridadenfermera.org\/alava\/#website","url":"https:\/\/www.solidaridadenfermera.org\/alava\/","name":"Delegaci\u00f3n de \u00c1lava","description":"Consejo General de Enfermer\u00eda (CGE) es una organizaci\u00f3n profesional con m\u00e1s 100 a\u00f1os de historia, que en base a los fines y funciones que le atribuye su Estatuto Aprobado por Real Decreto 1231, de 8 de noviembre de 2001, se constituye como el referente para la profesi\u00f3n de enfermer\u00eda, representando a un colectivo de doscientos mil colegiados.","publisher":{"@id":"https:\/\/www.solidaridadenfermera.org\/alava\/#organization"},"potentialAction":[{"@type":"SearchAction","target":{"@type":"EntryPoint","urlTemplate":"https:\/\/www.solidaridadenfermera.org\/alava\/?s={search_term_string}"},"query-input":{"@type":"PropertyValueSpecification","valueRequired":true,"valueName":"search_term_string"}}],"inLanguage":"es"},{"@type":"Organization","@id":"https:\/\/www.solidaridadenfermera.org\/alava\/#organization","name":"Delegaci\u00f3n de \u00c1lava","url":"https:\/\/www.solidaridadenfermera.org\/alava\/","logo":{"@type":"ImageObject","inLanguage":"es","@id":"https:\/\/www.solidaridadenfermera.org\/alava\/#\/schema\/logo\/image\/","url":"https:\/\/www.solidaridadenfermera.org\/alava\/wp-content\/uploads\/sites\/71\/2021\/04\/Logo-SE-A\u0301lava-1.png","contentUrl":"https:\/\/www.solidaridadenfermera.org\/alava\/wp-content\/uploads\/sites\/71\/2021\/04\/Logo-SE-A\u0301lava-1.png","width":774,"height":975,"caption":"Delegaci\u00f3n de \u00c1lava"},"image":{"@id":"https:\/\/www.solidaridadenfermera.org\/alava\/#\/schema\/logo\/image\/"}}]}},"_links":{"self":[{"href":"https:\/\/www.solidaridadenfermera.org\/alava\/wp-json\/wp\/v2\/job_workday\/63","targetHints":{"allow":["GET"]}}],"collection":[{"href":"https:\/\/www.solidaridadenfermera.org\/alava\/wp-json\/wp\/v2\/job_workday"}],"about":[{"href":"https:\/\/www.solidaridadenfermera.org\/alava\/wp-json\/wp\/v2\/taxonomies\/job_workday"}],"wp:post_type":[{"href":"https:\/\/www.solidaridadenfermera.org\/alava\/wp-json\/wp\/v2\/job?job_workday=63"}],"curies":[{"name":"wp","href":"https:\/\/api.w.org\/{rel}","templated":true}]}}